{"id":415920,"date":"2020-02-11T11:49:43","date_gmt":"2020-02-11T10:49:43","guid":{"rendered":"http:\/\/hudo.com\/si\/?p=415920"},"modified":"2020-02-11T11:49:43","modified_gmt":"2020-02-11T10:49:43","slug":"razmere-po-nevihti-ciara-ki-je-prizadela-stevilne-evropske-drzave-se-danes-umirjajo","status":"publish","type":"post","link":"https:\/\/hudo.com\/si\/aktualno\/razmere-po-nevihti-ciara-ki-je-prizadela-stevilne-evropske-drzave-se-danes-umirjajo\/","title":{"rendered":"Razmere po nevihti Ciara, ki je prizadela \u0161tevilne evropske dr\u017eave, se danes umirjajo"},"content":{"rendered":"<p>Ciara je na Korziko prinesla mo\u010dan veter, kjer so dopoldne izmerili hitrost 219 kilometrov na uro. To je nekoliko manj od rekorda iz leta 2018, ki zna\u0161a 225 kilometrov na uro. Nevihta povzro\u010da \u0161tevilne te\u017eave v prometu, prekinjene so letalske in trajektne povezave s celino. Ob tem je na ve\u010d krajih po otoku zagorelo.<\/p>\n<p>Tudi po celinski Franciji \u0161e naprej bele\u017eijo mo\u010dan veter. V departmaju Alpes-Maritimes na jugovzhodu Francije napovedujejo sunke vetra s hitrostjo med 100 in 130 kilometrov na uro. V ve\u010d departmajih \u0161e vedno velja oran\u017eno opozorilo pred mo\u010dnim vetrom in poplavami. Nevihtno vreme naj bi se povsem umirilo v sredo zjutraj.<\/p>\n<p>\u017delezni\u0161ki promet sicer v ve\u010djem delu Francije znova poteka nemoteno. Prav tako ni ve\u010d ve\u010djih te\u017eav na francoskih letali\u0161\u010dih. Brez elektrike je bilo v ponedeljek zve\u010der \u0161e 15.000 gospodinjstev, potem ko jih v ponedeljek zjutraj elektrike ni imelo 130.000 gospodinjstev.<\/p>\n<p>Tudi v Avstriji veter v sunkih \u0161e vedno dosega hitrost med 80 in 100 kilometrov na uro, v gorah pa \u0161e ve\u010d, so navedli avstrijski vremenoslovci. Veter naj bi se po napovedih umiril \u0161ele v \u010detrtek.<\/p>\n<p>Nevihta je te\u017eave v minulih dneh med drugim povzro\u010dala tudi v Skandinaviji, Nem\u010diji, Veliki Britaniji, Belgiji, na \u010ce\u0161kem in Poljskem.<\/p>\n<p>Zahtevala je ve\u010d smrtnih \u017ertev, od tega tri na Poljskem. V ponedeljek zve\u010der je po\u0161kodbam podlegla \u0161e ena \u017eenska, ki se je po\u0161kodovala v poljskem smu\u010darskem letovi\u0161\u010du Bukowina, kjer je veter odpihnil streho z izposojevalnice smu\u010darske opreme. V incidentu sta umrli \u0161e ena \u017eenska in njena h\u010di.<\/p>\n","protected":false},"excerpt":{"rendered":"<p>Dosegla je sicer \u0161e francoski otok Korzika, kjer so zabele\u017eili vetrove s hitrostjo do 220 kilometrov na uro. Iz Poljske medtem poro\u010dajo o \u0161e eni smrtni \u017ertvi nevihte, poro\u010dajo tuje tiskovne agencije.<\/p>\n","protected":false},"author":8,"featured_media":385211,"comment_status":"closed","ping_status":"closed","sticky":false,"template":"","format":"standard","meta":{"footnotes":""},"categories":[1179],"tags":[15730,2149],"source":[4511],"supertag":[6103],"acf":[],"yoast_head":"<!-- This site is optimized with the Yoast SEO plugin v21.3 - https:\/\/yoast.com\/wordpress\/plugins\/seo\/ -->\n<title>Razmere po nevihti Ciara, ki je prizadela \u0161tevilne evropske dr\u017eave, se danes umirjajo - Hudo Slovenija<\/title>\n<meta name=\"robots\" content=\"index, follow, max-snippet:-1, max-image-preview:large, max-video-preview:-1\" \/>\n<link rel=\"canonical\" href=\"https:\/\/hudo.com\/si\/aktualno\/razmere-po-nevihti-ciara-ki-je-prizadela-stevilne-evropske-drzave-se-danes-umirjajo\/\" \/>\n<meta property=\"og:locale\" content=\"sl_SI\" \/>\n<meta property=\"og:type\" content=\"article\" \/>\n<meta property=\"og:title\" content=\"Razmere po nevihti Ciara, ki je prizadela \u0161tevilne evropske dr\u017eave, se danes umirjajo - Hudo Slovenija\" \/>\n<meta property=\"og:description\" content=\"Dosegla je sicer \u0161e francoski otok Korzika, kjer so zabele\u017eili vetrove s hitrostjo do 220 kilometrov na uro. Iz Poljske medtem poro\u010dajo o \u0161e eni smrtni \u017ertvi nevihte, poro\u010dajo tuje tiskovne agencije.\" \/>\n<meta property=\"og:url\" content=\"https:\/\/hudo.com\/si\/aktualno\/razmere-po-nevihti-ciara-ki-je-prizadela-stevilne-evropske-drzave-se-danes-umirjajo\/\" \/>\n<meta property=\"og:site_name\" content=\"Hudo Slovenija\" \/>\n<meta property=\"article:publisher\" content=\"https:\/\/www.facebook.com\/hudo.si\" \/>\n<meta property=\"article:published_time\" content=\"2020-02-11T10:49:43+00:00\" \/>\n<meta property=\"og:image\" content=\"https:\/\/hudo.com\/si\/wp-content\/uploads\/sites\/2\/2019\/01\/profimedia-0317573628.jpg\" \/>\n\t<meta property=\"og:image:width\" content=\"994\" \/>\n\t<meta property=\"og:image:height\" content=\"1250\" \/>\n\t<meta property=\"og:image:type\" content=\"image\/jpeg\" \/>\n<meta name=\"author\" content=\"M. N., STA\" \/>\n<meta name=\"twitter:card\" content=\"summary_large_image\" \/>\n<meta name=\"twitter:creator\" content=\"@hudo_si\" \/>\n<meta name=\"twitter:site\" content=\"@hudo_si\" \/>\n<meta name=\"twitter:label1\" content=\"Written by\" \/>\n\t<meta name=\"twitter:data1\" content=\"M. N., STA\" \/>\n\t<meta name=\"twitter:label2\" content=\"Est. reading time\" \/>\n\t<meta name=\"twitter:data2\" content=\"1 minuta\" \/>\n<script type=\"application\/ld+json\" class=\"yoast-schema-graph\">{\"@context\":\"https:\/\/schema.org\",\"@graph\":[{\"@type\":\"Article\",\"@id\":\"https:\/\/hudo.com\/si\/aktualno\/razmere-po-nevihti-ciara-ki-je-prizadela-stevilne-evropske-drzave-se-danes-umirjajo\/#article\",\"isPartOf\":{\"@id\":\"https:\/\/hudo.com\/si\/aktualno\/razmere-po-nevihti-ciara-ki-je-prizadela-stevilne-evropske-drzave-se-danes-umirjajo\/\"},\"author\":{\"name\":\"M. N., STA\",\"@id\":\"https:\/\/hudo.com\/si\/#\/schema\/person\/c2f10ce65d2e6ede2aeda5be2a0611fa\"},\"headline\":\"Razmere po nevihti Ciara, ki je prizadela \u0161tevilne evropske dr\u017eave, se danes umirjajo\",\"datePublished\":\"2020-02-11T10:49:43+00:00\",\"dateModified\":\"2020-02-11T10:49:43+00:00\",\"mainEntityOfPage\":{\"@id\":\"https:\/\/hudo.com\/si\/aktualno\/razmere-po-nevihti-ciara-ki-je-prizadela-stevilne-evropske-drzave-se-danes-umirjajo\/\"},\"wordCount\":277,\"publisher\":{\"@id\":\"https:\/\/hudo.com\/si\/#organization\"},\"keywords\":[\"nevihta Ciara\",\"vreme\"],\"articleSection\":[\"Aktualno\"],\"inLanguage\":\"sl-SI\"},{\"@type\":\"WebPage\",\"@id\":\"https:\/\/hudo.com\/si\/aktualno\/razmere-po-nevihti-ciara-ki-je-prizadela-stevilne-evropske-drzave-se-danes-umirjajo\/\",\"url\":\"https:\/\/hudo.com\/si\/aktualno\/razmere-po-nevihti-ciara-ki-je-prizadela-stevilne-evropske-drzave-se-danes-umirjajo\/\",\"name\":\"Razmere po nevihti Ciara, ki je prizadela \u0161tevilne evropske dr\u017eave, se danes umirjajo - Hudo Slovenija\",\"isPartOf\":{\"@id\":\"https:\/\/hudo.com\/si\/#website\"},\"datePublished\":\"2020-02-11T10:49:43+00:00\",\"dateModified\":\"2020-02-11T10:49:43+00:00\",\"breadcrumb\":{\"@id\":\"https:\/\/hudo.com\/si\/aktualno\/razmere-po-nevihti-ciara-ki-je-prizadela-stevilne-evropske-drzave-se-danes-umirjajo\/#breadcrumb\"},\"inLanguage\":\"sl-SI\",\"potentialAction\":[{\"@type\":\"ReadAction\",\"target\":[\"https:\/\/hudo.com\/si\/aktualno\/razmere-po-nevihti-ciara-ki-je-prizadela-stevilne-evropske-drzave-se-danes-umirjajo\/\"]}]},{\"@type\":\"BreadcrumbList\",\"@id\":\"https:\/\/hudo.com\/si\/aktualno\/razmere-po-nevihti-ciara-ki-je-prizadela-stevilne-evropske-drzave-se-danes-umirjajo\/#breadcrumb\",\"itemListElement\":[{\"@type\":\"ListItem\",\"position\":1,\"name\":\"Home\",\"item\":\"https:\/\/hudo.com\/si\/\"},{\"@type\":\"ListItem\",\"position\":2,\"name\":\"Razmere po nevihti Ciara, ki je prizadela \u0161tevilne evropske dr\u017eave, se danes umirjajo\"}]},{\"@type\":\"WebSite\",\"@id\":\"https:\/\/hudo.com\/si\/#website\",\"url\":\"https:\/\/hudo.com\/si\/\",\"name\":\"Hudo Slovenija\",\"description\":\"Vse novice iz Slovenije in sveta\",\"publisher\":{\"@id\":\"https:\/\/hudo.com\/si\/#organization\"},\"potentialAction\":[{\"@type\":\"SearchAction\",\"target\":{\"@type\":\"EntryPoint\",\"urlTemplate\":\"https:\/\/hudo.com\/si\/?s={search_term_string}\"},\"query-input\":\"required name=search_term_string\"}],\"inLanguage\":\"sl-SI\"},{\"@type\":\"Organization\",\"@id\":\"https:\/\/hudo.com\/si\/#organization\",\"name\":\"VSN Media\",\"url\":\"https:\/\/hudo.com\/si\/\",\"logo\":{\"@type\":\"ImageObject\",\"inLanguage\":\"sl-SI\",\"@id\":\"https:\/\/hudo.com\/si\/#\/schema\/logo\/image\/\",\"url\":\"https:\/\/hudo.com\/si\/wp-content\/uploads\/sites\/2\/2021\/03\/hudo-app-2.png\",\"contentUrl\":\"https:\/\/hudo.com\/si\/wp-content\/uploads\/sites\/2\/2021\/03\/hudo-app-2.png\",\"width\":2185,\"height\":2167,\"caption\":\"VSN Media\"},\"image\":{\"@id\":\"https:\/\/hudo.com\/si\/#\/schema\/logo\/image\/\"},\"sameAs\":[\"https:\/\/www.facebook.com\/hudo.si\",\"https:\/\/twitter.com\/hudo_si\"]},{\"@type\":\"Person\",\"@id\":\"https:\/\/hudo.com\/si\/#\/schema\/person\/c2f10ce65d2e6ede2aeda5be2a0611fa\",\"name\":\"M. N., STA\",\"image\":{\"@type\":\"ImageObject\",\"inLanguage\":\"sl-SI\",\"@id\":\"https:\/\/hudo.com\/si\/#\/schema\/person\/image\/\",\"url\":\"https:\/\/secure.gravatar.com\/avatar\/f370d38daa10467f755c5c766a4cac20?s=96&d=mm&r=g\",\"contentUrl\":\"https:\/\/secure.gravatar.com\/avatar\/f370d38daa10467f755c5c766a4cac20?s=96&d=mm&r=g\",\"caption\":\"M. N., STA\"},\"url\":\"https:\/\/hudo.com\/si\/author\/mana\/\"}]}<\/script>\n<!-- \/ Yoast SEO plugin. -->","yoast_head_json":{"title":"Razmere po nevihti Ciara, ki je prizadela \u0161tevilne evropske dr\u017eave, se danes umirjajo - Hudo Slovenija","robots":{"index":"index","follow":"follow","max-snippet":"max-snippet:-1","max-image-preview":"max-image-preview:large","max-video-preview":"max-video-preview:-1"},"canonical":"https:\/\/hudo.com\/si\/aktualno\/razmere-po-nevihti-ciara-ki-je-prizadela-stevilne-evropske-drzave-se-danes-umirjajo\/","og_locale":"sl_SI","og_type":"article","og_title":"Razmere po nevihti Ciara, ki je prizadela \u0161tevilne evropske dr\u017eave, se danes umirjajo - Hudo Slovenija","og_description":"Dosegla je sicer \u0161e francoski otok Korzika, kjer so zabele\u017eili vetrove s hitrostjo do 220 kilometrov na uro. Iz Poljske medtem poro\u010dajo o \u0161e eni smrtni \u017ertvi nevihte, poro\u010dajo tuje tiskovne agencije.","og_url":"https:\/\/hudo.com\/si\/aktualno\/razmere-po-nevihti-ciara-ki-je-prizadela-stevilne-evropske-drzave-se-danes-umirjajo\/","og_site_name":"Hudo Slovenija","article_publisher":"https:\/\/www.facebook.com\/hudo.si","article_published_time":"2020-02-11T10:49:43+00:00","og_image":[{"width":994,"height":1250,"url":"https:\/\/hudo.com\/si\/wp-content\/uploads\/sites\/2\/2019\/01\/profimedia-0317573628.jpg","type":"image\/jpeg"}],"author":"M. N., STA","twitter_card":"summary_large_image","twitter_creator":"@hudo_si","twitter_site":"@hudo_si","twitter_misc":{"Written by":"M. N., STA","Est. reading time":"1 minuta"},"schema":{"@context":"https:\/\/schema.org","@graph":[{"@type":"Article","@id":"https:\/\/hudo.com\/si\/aktualno\/razmere-po-nevihti-ciara-ki-je-prizadela-stevilne-evropske-drzave-se-danes-umirjajo\/#article","isPartOf":{"@id":"https:\/\/hudo.com\/si\/aktualno\/razmere-po-nevihti-ciara-ki-je-prizadela-stevilne-evropske-drzave-se-danes-umirjajo\/"},"author":{"name":"M. N., STA","@id":"https:\/\/hudo.com\/si\/#\/schema\/person\/c2f10ce65d2e6ede2aeda5be2a0611fa"},"headline":"Razmere po nevihti Ciara, ki je prizadela \u0161tevilne evropske dr\u017eave, se danes umirjajo","datePublished":"2020-02-11T10:49:43+00:00","dateModified":"2020-02-11T10:49:43+00:00","mainEntityOfPage":{"@id":"https:\/\/hudo.com\/si\/aktualno\/razmere-po-nevihti-ciara-ki-je-prizadela-stevilne-evropske-drzave-se-danes-umirjajo\/"},"wordCount":277,"publisher":{"@id":"https:\/\/hudo.com\/si\/#organization"},"keywords":["nevihta Ciara","vreme"],"articleSection":["Aktualno"],"inLanguage":"sl-SI"},{"@type":"WebPage","@id":"https:\/\/hudo.com\/si\/aktualno\/razmere-po-nevihti-ciara-ki-je-prizadela-stevilne-evropske-drzave-se-danes-umirjajo\/","url":"https:\/\/hudo.com\/si\/aktualno\/razmere-po-nevihti-ciara-ki-je-prizadela-stevilne-evropske-drzave-se-danes-umirjajo\/","name":"Razmere po nevihti Ciara, ki je prizadela \u0161tevilne evropske dr\u017eave, se danes umirjajo - Hudo Slovenija","isPartOf":{"@id":"https:\/\/hudo.com\/si\/#website"},"datePublished":"2020-02-11T10:49:43+00:00","dateModified":"2020-02-11T10:49:43+00:00","breadcrumb":{"@id":"https:\/\/hudo.com\/si\/aktualno\/razmere-po-nevihti-ciara-ki-je-prizadela-stevilne-evropske-drzave-se-danes-umirjajo\/#breadcrumb"},"inLanguage":"sl-SI","potentialAction":[{"@type":"ReadAction","target":["https:\/\/hudo.com\/si\/aktualno\/razmere-po-nevihti-ciara-ki-je-prizadela-stevilne-evropske-drzave-se-danes-umirjajo\/"]}]},{"@type":"BreadcrumbList","@id":"https:\/\/hudo.com\/si\/aktualno\/razmere-po-nevihti-ciara-ki-je-prizadela-stevilne-evropske-drzave-se-danes-umirjajo\/#breadcrumb","itemListElement":[{"@type":"ListItem","position":1,"name":"Home","item":"https:\/\/hudo.com\/si\/"},{"@type":"ListItem","position":2,"name":"Razmere po nevihti Ciara, ki je prizadela \u0161tevilne evropske dr\u017eave, se danes umirjajo"}]},{"@type":"WebSite","@id":"https:\/\/hudo.com\/si\/#website","url":"https:\/\/hudo.com\/si\/","name":"Hudo Slovenija","description":"Vse novice iz Slovenije in sveta","publisher":{"@id":"https:\/\/hudo.com\/si\/#organization"},"potentialAction":[{"@type":"SearchAction","target":{"@type":"EntryPoint","urlTemplate":"https:\/\/hudo.com\/si\/?s={search_term_string}"},"query-input":"required name=search_term_string"}],"inLanguage":"sl-SI"},{"@type":"Organization","@id":"https:\/\/hudo.com\/si\/#organization","name":"VSN Media","url":"https:\/\/hudo.com\/si\/","logo":{"@type":"ImageObject","inLanguage":"sl-SI","@id":"https:\/\/hudo.com\/si\/#\/schema\/logo\/image\/","url":"https:\/\/hudo.com\/si\/wp-content\/uploads\/sites\/2\/2021\/03\/hudo-app-2.png","contentUrl":"https:\/\/hudo.com\/si\/wp-content\/uploads\/sites\/2\/2021\/03\/hudo-app-2.png","width":2185,"height":2167,"caption":"VSN Media"},"image":{"@id":"https:\/\/hudo.com\/si\/#\/schema\/logo\/image\/"},"sameAs":["https:\/\/www.facebook.com\/hudo.si","https:\/\/twitter.com\/hudo_si"]},{"@type":"Person","@id":"https:\/\/hudo.com\/si\/#\/schema\/person\/c2f10ce65d2e6ede2aeda5be2a0611fa","name":"M. N., STA","image":{"@type":"ImageObject","inLanguage":"sl-SI","@id":"https:\/\/hudo.com\/si\/#\/schema\/person\/image\/","url":"https:\/\/secure.gravatar.com\/avatar\/f370d38daa10467f755c5c766a4cac20?s=96&d=mm&r=g","contentUrl":"https:\/\/secure.gravatar.com\/avatar\/f370d38daa10467f755c5c766a4cac20?s=96&d=mm&r=g","caption":"M. N., STA"},"url":"https:\/\/hudo.com\/si\/author\/mana\/"}]}},"amp_enabled":true,"_links":{"self":[{"href":"https:\/\/hudo.com\/si\/wp-json\/wp\/v2\/posts\/415920"}],"collection":[{"href":"https:\/\/hudo.com\/si\/wp-json\/wp\/v2\/posts"}],"about":[{"href":"https:\/\/hudo.com\/si\/wp-json\/wp\/v2\/types\/post"}],"author":[{"embeddable":true,"href":"https:\/\/hudo.com\/si\/wp-json\/wp\/v2\/users\/8"}],"replies":[{"embeddable":true,"href":"https:\/\/hudo.com\/si\/wp-json\/wp\/v2\/comments?post=415920"}],"version-history":[{"count":1,"href":"https:\/\/hudo.com\/si\/wp-json\/wp\/v2\/posts\/415920\/revisions"}],"predecessor-version":[{"id":415921,"href":"https:\/\/hudo.com\/si\/wp-json\/wp\/v2\/posts\/415920\/revisions\/415921"}],"wp:featuredmedia":[{"embeddable":true,"href":"https:\/\/hudo.com\/si\/wp-json\/wp\/v2\/media\/385211"}],"wp:attachment":[{"href":"https:\/\/hudo.com\/si\/wp-json\/wp\/v2\/media?parent=415920"}],"wp:term":[{"taxonomy":"category","embeddable":true,"href":"https:\/\/hudo.com\/si\/wp-json\/wp\/v2\/categories?post=415920"},{"taxonomy":"post_tag","embeddable":true,"href":"https:\/\/hudo.com\/si\/wp-json\/wp\/v2\/tags?post=415920"},{"taxonomy":"source","embeddable":true,"href":"https:\/\/hudo.com\/si\/wp-json\/wp\/v2\/source?post=415920"},{"taxonomy":"supertag","embeddable":true,"href":"https:\/\/hudo.com\/si\/wp-json\/wp\/v2\/supertag?post=415920"}],"curies":[{"name":"wp","href":"https:\/\/api.w.org\/{rel}","templated":true}]}}