{"id":415922,"date":"2020-02-11T11:54:56","date_gmt":"2020-02-11T10:54:56","guid":{"rendered":"http:\/\/hudo.com\/si\/?p=415922"},"modified":"2020-02-11T11:54:56","modified_gmt":"2020-02-11T10:54:56","slug":"po-prvih-podatkih-je-mocan-veter-tokrat-prizanesel-koroskim-gozdovom","status":"publish","type":"post","link":"https:\/\/hudo.com\/si\/aktualno\/po-prvih-podatkih-je-mocan-veter-tokrat-prizanesel-koroskim-gozdovom\/","title":{"rendered":"Po prvih podatkih je mo\u010dan veter tokrat prizanesel koro\u0161kim gozdovom"},"content":{"rendered":"<p>Po podatkih obmo\u010dne enote Zavoda za gozdove Slovenije so bila na Koro\u0161kem v ponedeljek podrta posamezna drevesa predvsem na obmo\u010djih, kjer je bila stabilnost gozdov prizadeta \u017ee v preteklih ujmah. Bolj to\u010dni podatki o koli\u010dini podrtega drevja bodo znani v prihodnjih dneh.<\/p>\n<p>Mo\u010dan veter je v ponedeljek po Koro\u0161ki najve\u010d te\u017eav povzro\u010dal na obmo\u010dju ob\u010din Podvelka, Muta, Me\u017eica in Mislinja. Veter je razkril nekaj streh in podiral drevesa ter posledi\u010dno oviral promet, te\u017eave pri oskrbi z elektriko so bile na nekaterih obmo\u010djih v Radljah ob Dravi in v Me\u017ei\u0161ki dolini.<\/p>\n<p>V Me\u017eici, kjer je bil zaradi divjanja vetra aktiviran ob\u010dinski \u0161tab civilne za\u0161\u010dite, danes pristojni in doma\u010dini odpravljajo oceno nastale \u0161kode na objektih in infrastrukturi. Lokalne ceste, ki so bile zaprte zaradi podrtega drevja, so \u017ee vse odprte in normalno prevozne.<\/p>\n<p>Na me\u017ei\u0161ki osnovni \u0161oli, kjer je veter odkril nekaj stre\u0161ne kritine, danes pouk poteka normalno. Streho si bo danes ogledal krovec in za\u010del s popravili, je za STA pojasnil direktor ob\u010dinske uprave Ob\u010dine Me\u017eica Bla\u017e \u0160aloven. Pojasnil je \u0161e, da je za oceno \u0161kode po ujmi na obmo\u010dju ob\u010dine \u0161e prezgodaj, vendar po prvih ugotovitvah na sre\u010do ni pretirano visoka. &#8220;Verjetno jo bomo lahko merili v nekaj tiso\u010d evrih,&#8221; je dodal \u0160aloven.<\/p>\n<p>Drevo, ki se je v ponedeljek zgodaj zjutraj podrlo na glavno cesto Dravograd-Maribor pri Podvelki, je pod seboj pokopalo 52-letnega doma\u010dina. Cesta je bila za promet zaprta 13 ur, \u0161e vedno pa je tam po podatkih prometno-informacijskega centra za dr\u017eavne ceste zaradi odstranjevanja posledic neurja promet urejen izmeni\u010dno enosmerno.<\/p>\n<p>Tokratni mo\u010dan veter je, kot ka\u017ee, prizanesel gozdovom na Koro\u0161kem. Ni pa bilo tako v vetrolomih decembra 2017, ko je bilo na Koro\u0161kem po\u0161kodovanih ve\u010d kot 390.000 kubi\u010dnih metrov lesa, in v vetrolomu oktobra 2018, ki je na Koro\u0161kem po\u0161kodoval 140.000 kubi\u010dnih metrov drevja, najve\u010d na obmo\u010dju krajevne enote \u010crna na Koro\u0161kem, skoraj 110.000 kubi\u010dnih metrov.<\/p>\n","protected":false},"excerpt":{"rendered":"<p>Po doslej zbranih podatkih mo\u010dan veter, ki je v ponedeljek povzro\u010dal te\u017eave predvsem na severovzhodu dr\u017eave, v gozdovih na Koro\u0161kem ni povzro\u010dil ve\u010dje \u0161kode, je za STA sporo\u010dil vodja slovenjgra\u0161ke obmo\u010dne enote Zavoda za gozdove Slovenije Branko Gradi\u0161nik. Pri Podvelki, kjer je podrto drevo terjalo \u017ertev, je promet urejen izmeni\u010dno enosmerno.<\/p>\n","protected":false},"author":8,"featured_media":307516,"comment_status":"closed","ping_status":"closed","sticky":false,"template":"","format":"standard","meta":{"footnotes":""},"categories":[1179],"tags":[10254,5784,1595,3822],"source":[4511],"supertag":[],"acf":[],"yoast_head":"<!-- This site is optimized with the Yoast SEO plugin v21.3 - https:\/\/yoast.com\/wordpress\/plugins\/seo\/ -->\n<title>Po prvih podatkih je mo\u010dan veter tokrat prizanesel koro\u0161kim gozdovom - Hudo Slovenija<\/title>\n<meta name=\"robots\" content=\"index, follow, max-snippet:-1, max-image-preview:large, max-video-preview:-1\" \/>\n<link rel=\"canonical\" href=\"https:\/\/hudo.com\/si\/aktualno\/po-prvih-podatkih-je-mocan-veter-tokrat-prizanesel-koroskim-gozdovom\/\" \/>\n<meta property=\"og:locale\" content=\"sl_SI\" \/>\n<meta property=\"og:type\" content=\"article\" \/>\n<meta property=\"og:title\" content=\"Po prvih podatkih je mo\u010dan veter tokrat prizanesel koro\u0161kim gozdovom - Hudo Slovenija\" \/>\n<meta property=\"og:description\" content=\"Po doslej zbranih podatkih mo\u010dan veter, ki je v ponedeljek povzro\u010dal te\u017eave predvsem na severovzhodu dr\u017eave, v gozdovih na Koro\u0161kem ni povzro\u010dil ve\u010dje \u0161kode, je za STA sporo\u010dil vodja slovenjgra\u0161ke obmo\u010dne enote Zavoda za gozdove Slovenije Branko Gradi\u0161nik. Pri Podvelki, kjer je podrto drevo terjalo \u017ertev, je promet urejen izmeni\u010dno enosmerno.\" \/>\n<meta property=\"og:url\" content=\"https:\/\/hudo.com\/si\/aktualno\/po-prvih-podatkih-je-mocan-veter-tokrat-prizanesel-koroskim-gozdovom\/\" \/>\n<meta property=\"og:site_name\" content=\"Hudo Slovenija\" \/>\n<meta property=\"article:publisher\" content=\"https:\/\/www.facebook.com\/hudo.si\" \/>\n<meta property=\"article:published_time\" content=\"2020-02-11T10:54:56+00:00\" \/>\n<meta property=\"og:image\" content=\"https:\/\/hudo.com\/si\/wp-content\/uploads\/sites\/2\/2017\/10\/profimedia-0161751631.jpg\" \/>\n\t<meta property=\"og:image:width\" content=\"1250\" \/>\n\t<meta property=\"og:image:height\" content=\"833\" \/>\n\t<meta property=\"og:image:type\" content=\"image\/jpeg\" \/>\n<meta name=\"author\" content=\"M. N., STA\" \/>\n<meta name=\"twitter:card\" content=\"summary_large_image\" \/>\n<meta name=\"twitter:creator\" content=\"@hudo_si\" \/>\n<meta name=\"twitter:site\" content=\"@hudo_si\" \/>\n<meta name=\"twitter:label1\" content=\"Written by\" \/>\n\t<meta name=\"twitter:data1\" content=\"M. N., STA\" \/>\n\t<meta name=\"twitter:label2\" content=\"Est. reading time\" \/>\n\t<meta name=\"twitter:data2\" content=\"2 minuti\" \/>\n<script type=\"application\/ld+json\" class=\"yoast-schema-graph\">{\"@context\":\"https:\/\/schema.org\",\"@graph\":[{\"@type\":\"Article\",\"@id\":\"https:\/\/hudo.com\/si\/aktualno\/po-prvih-podatkih-je-mocan-veter-tokrat-prizanesel-koroskim-gozdovom\/#article\",\"isPartOf\":{\"@id\":\"https:\/\/hudo.com\/si\/aktualno\/po-prvih-podatkih-je-mocan-veter-tokrat-prizanesel-koroskim-gozdovom\/\"},\"author\":{\"name\":\"M. N., STA\",\"@id\":\"https:\/\/hudo.com\/si\/#\/schema\/person\/c2f10ce65d2e6ede2aeda5be2a0611fa\"},\"headline\":\"Po prvih podatkih je mo\u010dan veter tokrat prizanesel koro\u0161kim gozdovom\",\"datePublished\":\"2020-02-11T10:54:56+00:00\",\"dateModified\":\"2020-02-11T10:54:56+00:00\",\"mainEntityOfPage\":{\"@id\":\"https:\/\/hudo.com\/si\/aktualno\/po-prvih-podatkih-je-mocan-veter-tokrat-prizanesel-koroskim-gozdovom\/\"},\"wordCount\":360,\"publisher\":{\"@id\":\"https:\/\/hudo.com\/si\/#organization\"},\"keywords\":[\"gozdovi\",\"koro\u0161ka\",\"Slovenija\",\"veter\"],\"articleSection\":[\"Aktualno\"],\"inLanguage\":\"sl-SI\"},{\"@type\":\"WebPage\",\"@id\":\"https:\/\/hudo.com\/si\/aktualno\/po-prvih-podatkih-je-mocan-veter-tokrat-prizanesel-koroskim-gozdovom\/\",\"url\":\"https:\/\/hudo.com\/si\/aktualno\/po-prvih-podatkih-je-mocan-veter-tokrat-prizanesel-koroskim-gozdovom\/\",\"name\":\"Po prvih podatkih je mo\u010dan veter tokrat prizanesel koro\u0161kim gozdovom - Hudo Slovenija\",\"isPartOf\":{\"@id\":\"https:\/\/hudo.com\/si\/#website\"},\"datePublished\":\"2020-02-11T10:54:56+00:00\",\"dateModified\":\"2020-02-11T10:54:56+00:00\",\"breadcrumb\":{\"@id\":\"https:\/\/hudo.com\/si\/aktualno\/po-prvih-podatkih-je-mocan-veter-tokrat-prizanesel-koroskim-gozdovom\/#breadcrumb\"},\"inLanguage\":\"sl-SI\",\"potentialAction\":[{\"@type\":\"ReadAction\",\"target\":[\"https:\/\/hudo.com\/si\/aktualno\/po-prvih-podatkih-je-mocan-veter-tokrat-prizanesel-koroskim-gozdovom\/\"]}]},{\"@type\":\"BreadcrumbList\",\"@id\":\"https:\/\/hudo.com\/si\/aktualno\/po-prvih-podatkih-je-mocan-veter-tokrat-prizanesel-koroskim-gozdovom\/#breadcrumb\",\"itemListElement\":[{\"@type\":\"ListItem\",\"position\":1,\"name\":\"Home\",\"item\":\"https:\/\/hudo.com\/si\/\"},{\"@type\":\"ListItem\",\"position\":2,\"name\":\"Po prvih podatkih je mo\u010dan veter tokrat prizanesel koro\u0161kim gozdovom\"}]},{\"@type\":\"WebSite\",\"@id\":\"https:\/\/hudo.com\/si\/#website\",\"url\":\"https:\/\/hudo.com\/si\/\",\"name\":\"Hudo Slovenija\",\"description\":\"Vse novice iz Slovenije in sveta\",\"publisher\":{\"@id\":\"https:\/\/hudo.com\/si\/#organization\"},\"potentialAction\":[{\"@type\":\"SearchAction\",\"target\":{\"@type\":\"EntryPoint\",\"urlTemplate\":\"https:\/\/hudo.com\/si\/?s={search_term_string}\"},\"query-input\":\"required name=search_term_string\"}],\"inLanguage\":\"sl-SI\"},{\"@type\":\"Organization\",\"@id\":\"https:\/\/hudo.com\/si\/#organization\",\"name\":\"VSN Media\",\"url\":\"https:\/\/hudo.com\/si\/\",\"logo\":{\"@type\":\"ImageObject\",\"inLanguage\":\"sl-SI\",\"@id\":\"https:\/\/hudo.com\/si\/#\/schema\/logo\/image\/\",\"url\":\"https:\/\/hudo.com\/si\/wp-content\/uploads\/sites\/2\/2021\/03\/hudo-app-2.png\",\"contentUrl\":\"https:\/\/hudo.com\/si\/wp-content\/uploads\/sites\/2\/2021\/03\/hudo-app-2.png\",\"width\":2185,\"height\":2167,\"caption\":\"VSN Media\"},\"image\":{\"@id\":\"https:\/\/hudo.com\/si\/#\/schema\/logo\/image\/\"},\"sameAs\":[\"https:\/\/www.facebook.com\/hudo.si\",\"https:\/\/twitter.com\/hudo_si\"]},{\"@type\":\"Person\",\"@id\":\"https:\/\/hudo.com\/si\/#\/schema\/person\/c2f10ce65d2e6ede2aeda5be2a0611fa\",\"name\":\"M. N., STA\",\"image\":{\"@type\":\"ImageObject\",\"inLanguage\":\"sl-SI\",\"@id\":\"https:\/\/hudo.com\/si\/#\/schema\/person\/image\/\",\"url\":\"https:\/\/secure.gravatar.com\/avatar\/f370d38daa10467f755c5c766a4cac20?s=96&d=mm&r=g\",\"contentUrl\":\"https:\/\/secure.gravatar.com\/avatar\/f370d38daa10467f755c5c766a4cac20?s=96&d=mm&r=g\",\"caption\":\"M. N., STA\"},\"url\":\"https:\/\/hudo.com\/si\/author\/mana\/\"}]}<\/script>\n<!-- \/ Yoast SEO plugin. -->","yoast_head_json":{"title":"Po prvih podatkih je mo\u010dan veter tokrat prizanesel koro\u0161kim gozdovom - Hudo Slovenija","robots":{"index":"index","follow":"follow","max-snippet":"max-snippet:-1","max-image-preview":"max-image-preview:large","max-video-preview":"max-video-preview:-1"},"canonical":"https:\/\/hudo.com\/si\/aktualno\/po-prvih-podatkih-je-mocan-veter-tokrat-prizanesel-koroskim-gozdovom\/","og_locale":"sl_SI","og_type":"article","og_title":"Po prvih podatkih je mo\u010dan veter tokrat prizanesel koro\u0161kim gozdovom - Hudo Slovenija","og_description":"Po doslej zbranih podatkih mo\u010dan veter, ki je v ponedeljek povzro\u010dal te\u017eave predvsem na severovzhodu dr\u017eave, v gozdovih na Koro\u0161kem ni povzro\u010dil ve\u010dje \u0161kode, je za STA sporo\u010dil vodja slovenjgra\u0161ke obmo\u010dne enote Zavoda za gozdove Slovenije Branko Gradi\u0161nik. Pri Podvelki, kjer je podrto drevo terjalo \u017ertev, je promet urejen izmeni\u010dno enosmerno.","og_url":"https:\/\/hudo.com\/si\/aktualno\/po-prvih-podatkih-je-mocan-veter-tokrat-prizanesel-koroskim-gozdovom\/","og_site_name":"Hudo Slovenija","article_publisher":"https:\/\/www.facebook.com\/hudo.si","article_published_time":"2020-02-11T10:54:56+00:00","og_image":[{"width":1250,"height":833,"url":"https:\/\/hudo.com\/si\/wp-content\/uploads\/sites\/2\/2017\/10\/profimedia-0161751631.jpg","type":"image\/jpeg"}],"author":"M. N., STA","twitter_card":"summary_large_image","twitter_creator":"@hudo_si","twitter_site":"@hudo_si","twitter_misc":{"Written by":"M. N., STA","Est. reading time":"2 minuti"},"schema":{"@context":"https:\/\/schema.org","@graph":[{"@type":"Article","@id":"https:\/\/hudo.com\/si\/aktualno\/po-prvih-podatkih-je-mocan-veter-tokrat-prizanesel-koroskim-gozdovom\/#article","isPartOf":{"@id":"https:\/\/hudo.com\/si\/aktualno\/po-prvih-podatkih-je-mocan-veter-tokrat-prizanesel-koroskim-gozdovom\/"},"author":{"name":"M. N., STA","@id":"https:\/\/hudo.com\/si\/#\/schema\/person\/c2f10ce65d2e6ede2aeda5be2a0611fa"},"headline":"Po prvih podatkih je mo\u010dan veter tokrat prizanesel koro\u0161kim gozdovom","datePublished":"2020-02-11T10:54:56+00:00","dateModified":"2020-02-11T10:54:56+00:00","mainEntityOfPage":{"@id":"https:\/\/hudo.com\/si\/aktualno\/po-prvih-podatkih-je-mocan-veter-tokrat-prizanesel-koroskim-gozdovom\/"},"wordCount":360,"publisher":{"@id":"https:\/\/hudo.com\/si\/#organization"},"keywords":["gozdovi","koro\u0161ka","Slovenija","veter"],"articleSection":["Aktualno"],"inLanguage":"sl-SI"},{"@type":"WebPage","@id":"https:\/\/hudo.com\/si\/aktualno\/po-prvih-podatkih-je-mocan-veter-tokrat-prizanesel-koroskim-gozdovom\/","url":"https:\/\/hudo.com\/si\/aktualno\/po-prvih-podatkih-je-mocan-veter-tokrat-prizanesel-koroskim-gozdovom\/","name":"Po prvih podatkih je mo\u010dan veter tokrat prizanesel koro\u0161kim gozdovom - Hudo Slovenija","isPartOf":{"@id":"https:\/\/hudo.com\/si\/#website"},"datePublished":"2020-02-11T10:54:56+00:00","dateModified":"2020-02-11T10:54:56+00:00","breadcrumb":{"@id":"https:\/\/hudo.com\/si\/aktualno\/po-prvih-podatkih-je-mocan-veter-tokrat-prizanesel-koroskim-gozdovom\/#breadcrumb"},"inLanguage":"sl-SI","potentialAction":[{"@type":"ReadAction","target":["https:\/\/hudo.com\/si\/aktualno\/po-prvih-podatkih-je-mocan-veter-tokrat-prizanesel-koroskim-gozdovom\/"]}]},{"@type":"BreadcrumbList","@id":"https:\/\/hudo.com\/si\/aktualno\/po-prvih-podatkih-je-mocan-veter-tokrat-prizanesel-koroskim-gozdovom\/#breadcrumb","itemListElement":[{"@type":"ListItem","position":1,"name":"Home","item":"https:\/\/hudo.com\/si\/"},{"@type":"ListItem","position":2,"name":"Po prvih podatkih je mo\u010dan veter tokrat prizanesel koro\u0161kim gozdovom"}]},{"@type":"WebSite","@id":"https:\/\/hudo.com\/si\/#website","url":"https:\/\/hudo.com\/si\/","name":"Hudo Slovenija","description":"Vse novice iz Slovenije in sveta","publisher":{"@id":"https:\/\/hudo.com\/si\/#organization"},"potentialAction":[{"@type":"SearchAction","target":{"@type":"EntryPoint","urlTemplate":"https:\/\/hudo.com\/si\/?s={search_term_string}"},"query-input":"required name=search_term_string"}],"inLanguage":"sl-SI"},{"@type":"Organization","@id":"https:\/\/hudo.com\/si\/#organization","name":"VSN Media","url":"https:\/\/hudo.com\/si\/","logo":{"@type":"ImageObject","inLanguage":"sl-SI","@id":"https:\/\/hudo.com\/si\/#\/schema\/logo\/image\/","url":"https:\/\/hudo.com\/si\/wp-content\/uploads\/sites\/2\/2021\/03\/hudo-app-2.png","contentUrl":"https:\/\/hudo.com\/si\/wp-content\/uploads\/sites\/2\/2021\/03\/hudo-app-2.png","width":2185,"height":2167,"caption":"VSN Media"},"image":{"@id":"https:\/\/hudo.com\/si\/#\/schema\/logo\/image\/"},"sameAs":["https:\/\/www.facebook.com\/hudo.si","https:\/\/twitter.com\/hudo_si"]},{"@type":"Person","@id":"https:\/\/hudo.com\/si\/#\/schema\/person\/c2f10ce65d2e6ede2aeda5be2a0611fa","name":"M. N., STA","image":{"@type":"ImageObject","inLanguage":"sl-SI","@id":"https:\/\/hudo.com\/si\/#\/schema\/person\/image\/","url":"https:\/\/secure.gravatar.com\/avatar\/f370d38daa10467f755c5c766a4cac20?s=96&d=mm&r=g","contentUrl":"https:\/\/secure.gravatar.com\/avatar\/f370d38daa10467f755c5c766a4cac20?s=96&d=mm&r=g","caption":"M. N., STA"},"url":"https:\/\/hudo.com\/si\/author\/mana\/"}]}},"amp_enabled":true,"_links":{"self":[{"href":"https:\/\/hudo.com\/si\/wp-json\/wp\/v2\/posts\/415922"}],"collection":[{"href":"https:\/\/hudo.com\/si\/wp-json\/wp\/v2\/posts"}],"about":[{"href":"https:\/\/hudo.com\/si\/wp-json\/wp\/v2\/types\/post"}],"author":[{"embeddable":true,"href":"https:\/\/hudo.com\/si\/wp-json\/wp\/v2\/users\/8"}],"replies":[{"embeddable":true,"href":"https:\/\/hudo.com\/si\/wp-json\/wp\/v2\/comments?post=415922"}],"version-history":[{"count":1,"href":"https:\/\/hudo.com\/si\/wp-json\/wp\/v2\/posts\/415922\/revisions"}],"predecessor-version":[{"id":415923,"href":"https:\/\/hudo.com\/si\/wp-json\/wp\/v2\/posts\/415922\/revisions\/415923"}],"wp:featuredmedia":[{"embeddable":true,"href":"https:\/\/hudo.com\/si\/wp-json\/wp\/v2\/media\/307516"}],"wp:attachment":[{"href":"https:\/\/hudo.com\/si\/wp-json\/wp\/v2\/media?parent=415922"}],"wp:term":[{"taxonomy":"category","embeddable":true,"href":"https:\/\/hudo.com\/si\/wp-json\/wp\/v2\/categories?post=415922"},{"taxonomy":"post_tag","embeddable":true,"href":"https:\/\/hudo.com\/si\/wp-json\/wp\/v2\/tags?post=415922"},{"taxonomy":"source","embeddable":true,"href":"https:\/\/hudo.com\/si\/wp-json\/wp\/v2\/source?post=415922"},{"taxonomy":"supertag","embeddable":true,"href":"https:\/\/hudo.com\/si\/wp-json\/wp\/v2\/supertag?post=415922"}],"curies":[{"name":"wp","href":"https:\/\/api.w.org\/{rel}","templated":true}]}}