{"id":416077,"date":"2020-02-13T11:11:56","date_gmt":"2020-02-13T10:11:56","guid":{"rendered":"http:\/\/hudo.com\/si\/?p=416077"},"modified":"2020-02-13T11:11:56","modified_gmt":"2020-02-13T10:11:56","slug":"evropska-komisija-ohranila-napoved-za-slovenski-bdp","status":"publish","type":"post","link":"https:\/\/hudo.com\/si\/aktualno\/evropska-komisija-ohranila-napoved-za-slovenski-bdp\/","title":{"rendered":"Evropska komisija ohranila napoved za slovenski BDP"},"content":{"rendered":"<p>Komisija je ocenila, da bo rast slovenskega bruto doma\u010dega proizvoda (BDP) v letu 2019 dosegla 2,5 odstotka, medtem ko je predlani zna\u0161ala 4,1 odstotka. Rast so v zadnjem \u010dasu poganjali predvsem zunanji dejavniki, gospodarsko razpolo\u017eenje pa se je poslab\u0161evalo in januarja komaj ostalo nad dolgoletnim povpre\u010djem, je povzela.<\/p>\n<p>Stopnja zaposlenosti bo po njenih pri\u010dakovanjih ostala na visoki ravni, ob tem pa se bo nadaljevala tudi rast pla\u010d. &#8220;Zasebna potro\u0161nja bo ob teh predpostavkah rasla tako letos kot prihodnje leto, a bo rast zaradi slab\u0161ega gospodarskega razpolo\u017eenja ni\u017eja kot lani. Ob dvigu cen stanovanj se pri\u010dakuje ve\u010d izdatkov za ta namen. Pove\u010dale naj bi se tudi nalo\u017ebe v poslovne nepremi\u010dnine in javne investicije.<\/p>\n<p>Stopnja inflacije se je v drugi polovici lanskega leta upo\u010dasnila. Inflacija je v povpre\u010dju lani zna\u0161ala 1,7 odstotka, leto prej pa 1,9 odstotka. Letos in prihodnje leto naj bi jo spodbujala rast pla\u010d. Indeks cen \u017eivljenjskih potreb\u0161\u010din naj bi tako letos dosegel 1,9 odstotka, prihodnje leto pa dva odstotka.<\/p>\n<p>Komisija, ki na leto objavi celovito napoved spomladi in jeseni, vmes pa \u0161e zimsko in poletno, ki ne vklju\u010dujeta podatkov o javnih financah, je novembra lani Sloveniji za triletno obdobje poslab\u0161ala napoved, a ta ostaja precej nad povpre\u010djem v obmo\u010dju evra.<\/p>\n","protected":false},"excerpt":{"rendered":"<p>Evropska komisija je za letos in prihodnje leto napoved gospodarske rasti v Sloveniji ohranila pri 2,7 odstotka. Za lani je oceno rasti BDP v primerjavi z lansko jesensko napovedjo poslab\u0161ala za 0,1 odstotno to\u010dko na 2,5 odstotka. &#8220;Izvoz se bo po pri\u010dakovanjih umirjal, uvoz, spodbujen z doma\u010dim povpra\u0161evanjem, pa ostal trden,&#8221; je ocenila komisija.<\/p>\n","protected":false},"author":7,"featured_media":416078,"comment_status":"closed","ping_status":"closed","sticky":false,"template":"","format":"standard","meta":{"footnotes":""},"categories":[1179],"tags":[6426,4545,2391,1595],"source":[4511],"supertag":[7541],"acf":[],"yoast_head":"<!-- This site is optimized with the Yoast SEO plugin v21.3 - https:\/\/yoast.com\/wordpress\/plugins\/seo\/ -->\n<title>Evropska komisija ohranila napoved za slovenski BDP - Hudo Slovenija<\/title>\n<meta name=\"robots\" content=\"index, follow, max-snippet:-1, max-image-preview:large, max-video-preview:-1\" \/>\n<link rel=\"canonical\" href=\"https:\/\/hudo.com\/si\/aktualno\/evropska-komisija-ohranila-napoved-za-slovenski-bdp\/\" \/>\n<meta property=\"og:locale\" content=\"sl_SI\" \/>\n<meta property=\"og:type\" content=\"article\" \/>\n<meta property=\"og:title\" content=\"Evropska komisija ohranila napoved za slovenski BDP - Hudo Slovenija\" \/>\n<meta property=\"og:description\" content=\"Evropska komisija je za letos in prihodnje leto napoved gospodarske rasti v Sloveniji ohranila pri 2,7 odstotka. Za lani je oceno rasti BDP v primerjavi z lansko jesensko napovedjo poslab\u0161ala za 0,1 odstotno to\u010dko na 2,5 odstotka. &quot;Izvoz se bo po pri\u010dakovanjih umirjal, uvoz, spodbujen z doma\u010dim povpra\u0161evanjem, pa ostal trden,&quot; je ocenila komisija.\" \/>\n<meta property=\"og:url\" content=\"https:\/\/hudo.com\/si\/aktualno\/evropska-komisija-ohranila-napoved-za-slovenski-bdp\/\" \/>\n<meta property=\"og:site_name\" content=\"Hudo Slovenija\" \/>\n<meta property=\"article:publisher\" content=\"https:\/\/www.facebook.com\/hudo.si\" \/>\n<meta property=\"article:published_time\" content=\"2020-02-13T10:11:56+00:00\" \/>\n<meta property=\"og:image\" content=\"https:\/\/hudo.com\/si\/wp-content\/uploads\/sites\/2\/2020\/02\/profimedia-0361416153.jpg\" \/>\n\t<meta property=\"og:image:width\" content=\"1250\" \/>\n\t<meta property=\"og:image:height\" content=\"625\" \/>\n\t<meta property=\"og:image:type\" content=\"image\/jpeg\" \/>\n<meta name=\"author\" content=\"A. P., STA\" \/>\n<meta name=\"twitter:card\" content=\"summary_large_image\" \/>\n<meta name=\"twitter:creator\" content=\"@hudo_si\" \/>\n<meta name=\"twitter:site\" content=\"@hudo_si\" \/>\n<meta name=\"twitter:label1\" content=\"Written by\" \/>\n\t<meta name=\"twitter:data1\" content=\"A. P., STA\" \/>\n\t<meta name=\"twitter:label2\" content=\"Est. reading time\" \/>\n\t<meta name=\"twitter:data2\" content=\"1 minuta\" \/>\n<script type=\"application\/ld+json\" class=\"yoast-schema-graph\">{\"@context\":\"https:\/\/schema.org\",\"@graph\":[{\"@type\":\"Article\",\"@id\":\"https:\/\/hudo.com\/si\/aktualno\/evropska-komisija-ohranila-napoved-za-slovenski-bdp\/#article\",\"isPartOf\":{\"@id\":\"https:\/\/hudo.com\/si\/aktualno\/evropska-komisija-ohranila-napoved-za-slovenski-bdp\/\"},\"author\":{\"name\":\"A. P., STA\",\"@id\":\"https:\/\/hudo.com\/si\/#\/schema\/person\/18f09c02475ba9e606e941a565b80cff\"},\"headline\":\"Evropska komisija ohranila napoved za slovenski BDP\",\"datePublished\":\"2020-02-13T10:11:56+00:00\",\"dateModified\":\"2020-02-13T10:11:56+00:00\",\"mainEntityOfPage\":{\"@id\":\"https:\/\/hudo.com\/si\/aktualno\/evropska-komisija-ohranila-napoved-za-slovenski-bdp\/\"},\"wordCount\":225,\"publisher\":{\"@id\":\"https:\/\/hudo.com\/si\/#organization\"},\"keywords\":[\"BDP\",\"Evropska komisija\",\"gospodarstvo\",\"Slovenija\"],\"articleSection\":[\"Aktualno\"],\"inLanguage\":\"sl-SI\"},{\"@type\":\"WebPage\",\"@id\":\"https:\/\/hudo.com\/si\/aktualno\/evropska-komisija-ohranila-napoved-za-slovenski-bdp\/\",\"url\":\"https:\/\/hudo.com\/si\/aktualno\/evropska-komisija-ohranila-napoved-za-slovenski-bdp\/\",\"name\":\"Evropska komisija ohranila napoved za slovenski BDP - Hudo Slovenija\",\"isPartOf\":{\"@id\":\"https:\/\/hudo.com\/si\/#website\"},\"datePublished\":\"2020-02-13T10:11:56+00:00\",\"dateModified\":\"2020-02-13T10:11:56+00:00\",\"breadcrumb\":{\"@id\":\"https:\/\/hudo.com\/si\/aktualno\/evropska-komisija-ohranila-napoved-za-slovenski-bdp\/#breadcrumb\"},\"inLanguage\":\"sl-SI\",\"potentialAction\":[{\"@type\":\"ReadAction\",\"target\":[\"https:\/\/hudo.com\/si\/aktualno\/evropska-komisija-ohranila-napoved-za-slovenski-bdp\/\"]}]},{\"@type\":\"BreadcrumbList\",\"@id\":\"https:\/\/hudo.com\/si\/aktualno\/evropska-komisija-ohranila-napoved-za-slovenski-bdp\/#breadcrumb\",\"itemListElement\":[{\"@type\":\"ListItem\",\"position\":1,\"name\":\"Home\",\"item\":\"https:\/\/hudo.com\/si\/\"},{\"@type\":\"ListItem\",\"position\":2,\"name\":\"Evropska komisija ohranila napoved za slovenski BDP\"}]},{\"@type\":\"WebSite\",\"@id\":\"https:\/\/hudo.com\/si\/#website\",\"url\":\"https:\/\/hudo.com\/si\/\",\"name\":\"Hudo Slovenija\",\"description\":\"Vse novice iz Slovenije in sveta\",\"publisher\":{\"@id\":\"https:\/\/hudo.com\/si\/#organization\"},\"potentialAction\":[{\"@type\":\"SearchAction\",\"target\":{\"@type\":\"EntryPoint\",\"urlTemplate\":\"https:\/\/hudo.com\/si\/?s={search_term_string}\"},\"query-input\":\"required name=search_term_string\"}],\"inLanguage\":\"sl-SI\"},{\"@type\":\"Organization\",\"@id\":\"https:\/\/hudo.com\/si\/#organization\",\"name\":\"VSN Media\",\"url\":\"https:\/\/hudo.com\/si\/\",\"logo\":{\"@type\":\"ImageObject\",\"inLanguage\":\"sl-SI\",\"@id\":\"https:\/\/hudo.com\/si\/#\/schema\/logo\/image\/\",\"url\":\"https:\/\/hudo.com\/si\/wp-content\/uploads\/sites\/2\/2021\/03\/hudo-app-2.png\",\"contentUrl\":\"https:\/\/hudo.com\/si\/wp-content\/uploads\/sites\/2\/2021\/03\/hudo-app-2.png\",\"width\":2185,\"height\":2167,\"caption\":\"VSN Media\"},\"image\":{\"@id\":\"https:\/\/hudo.com\/si\/#\/schema\/logo\/image\/\"},\"sameAs\":[\"https:\/\/www.facebook.com\/hudo.si\",\"https:\/\/twitter.com\/hudo_si\"]},{\"@type\":\"Person\",\"@id\":\"https:\/\/hudo.com\/si\/#\/schema\/person\/18f09c02475ba9e606e941a565b80cff\",\"name\":\"A. P., STA\",\"image\":{\"@type\":\"ImageObject\",\"inLanguage\":\"sl-SI\",\"@id\":\"https:\/\/hudo.com\/si\/#\/schema\/person\/image\/\",\"url\":\"https:\/\/secure.gravatar.com\/avatar\/03eac8e609f5f04383125d80eaeaaf3e?s=96&d=mm&r=g\",\"contentUrl\":\"https:\/\/secure.gravatar.com\/avatar\/03eac8e609f5f04383125d80eaeaaf3e?s=96&d=mm&r=g\",\"caption\":\"A. P., STA\"},\"url\":\"https:\/\/hudo.com\/si\/author\/lubu\/\"}]}<\/script>\n<!-- \/ Yoast SEO plugin. -->","yoast_head_json":{"title":"Evropska komisija ohranila napoved za slovenski BDP - Hudo Slovenija","robots":{"index":"index","follow":"follow","max-snippet":"max-snippet:-1","max-image-preview":"max-image-preview:large","max-video-preview":"max-video-preview:-1"},"canonical":"https:\/\/hudo.com\/si\/aktualno\/evropska-komisija-ohranila-napoved-za-slovenski-bdp\/","og_locale":"sl_SI","og_type":"article","og_title":"Evropska komisija ohranila napoved za slovenski BDP - Hudo Slovenija","og_description":"Evropska komisija je za letos in prihodnje leto napoved gospodarske rasti v Sloveniji ohranila pri 2,7 odstotka. Za lani je oceno rasti BDP v primerjavi z lansko jesensko napovedjo poslab\u0161ala za 0,1 odstotno to\u010dko na 2,5 odstotka. \"Izvoz se bo po pri\u010dakovanjih umirjal, uvoz, spodbujen z doma\u010dim povpra\u0161evanjem, pa ostal trden,\" je ocenila komisija.","og_url":"https:\/\/hudo.com\/si\/aktualno\/evropska-komisija-ohranila-napoved-za-slovenski-bdp\/","og_site_name":"Hudo Slovenija","article_publisher":"https:\/\/www.facebook.com\/hudo.si","article_published_time":"2020-02-13T10:11:56+00:00","og_image":[{"width":1250,"height":625,"url":"https:\/\/hudo.com\/si\/wp-content\/uploads\/sites\/2\/2020\/02\/profimedia-0361416153.jpg","type":"image\/jpeg"}],"author":"A. P., STA","twitter_card":"summary_large_image","twitter_creator":"@hudo_si","twitter_site":"@hudo_si","twitter_misc":{"Written by":"A. P., STA","Est. reading time":"1 minuta"},"schema":{"@context":"https:\/\/schema.org","@graph":[{"@type":"Article","@id":"https:\/\/hudo.com\/si\/aktualno\/evropska-komisija-ohranila-napoved-za-slovenski-bdp\/#article","isPartOf":{"@id":"https:\/\/hudo.com\/si\/aktualno\/evropska-komisija-ohranila-napoved-za-slovenski-bdp\/"},"author":{"name":"A. P., STA","@id":"https:\/\/hudo.com\/si\/#\/schema\/person\/18f09c02475ba9e606e941a565b80cff"},"headline":"Evropska komisija ohranila napoved za slovenski BDP","datePublished":"2020-02-13T10:11:56+00:00","dateModified":"2020-02-13T10:11:56+00:00","mainEntityOfPage":{"@id":"https:\/\/hudo.com\/si\/aktualno\/evropska-komisija-ohranila-napoved-za-slovenski-bdp\/"},"wordCount":225,"publisher":{"@id":"https:\/\/hudo.com\/si\/#organization"},"keywords":["BDP","Evropska komisija","gospodarstvo","Slovenija"],"articleSection":["Aktualno"],"inLanguage":"sl-SI"},{"@type":"WebPage","@id":"https:\/\/hudo.com\/si\/aktualno\/evropska-komisija-ohranila-napoved-za-slovenski-bdp\/","url":"https:\/\/hudo.com\/si\/aktualno\/evropska-komisija-ohranila-napoved-za-slovenski-bdp\/","name":"Evropska komisija ohranila napoved za slovenski BDP - Hudo Slovenija","isPartOf":{"@id":"https:\/\/hudo.com\/si\/#website"},"datePublished":"2020-02-13T10:11:56+00:00","dateModified":"2020-02-13T10:11:56+00:00","breadcrumb":{"@id":"https:\/\/hudo.com\/si\/aktualno\/evropska-komisija-ohranila-napoved-za-slovenski-bdp\/#breadcrumb"},"inLanguage":"sl-SI","potentialAction":[{"@type":"ReadAction","target":["https:\/\/hudo.com\/si\/aktualno\/evropska-komisija-ohranila-napoved-za-slovenski-bdp\/"]}]},{"@type":"BreadcrumbList","@id":"https:\/\/hudo.com\/si\/aktualno\/evropska-komisija-ohranila-napoved-za-slovenski-bdp\/#breadcrumb","itemListElement":[{"@type":"ListItem","position":1,"name":"Home","item":"https:\/\/hudo.com\/si\/"},{"@type":"ListItem","position":2,"name":"Evropska komisija ohranila napoved za slovenski BDP"}]},{"@type":"WebSite","@id":"https:\/\/hudo.com\/si\/#website","url":"https:\/\/hudo.com\/si\/","name":"Hudo Slovenija","description":"Vse novice iz Slovenije in sveta","publisher":{"@id":"https:\/\/hudo.com\/si\/#organization"},"potentialAction":[{"@type":"SearchAction","target":{"@type":"EntryPoint","urlTemplate":"https:\/\/hudo.com\/si\/?s={search_term_string}"},"query-input":"required name=search_term_string"}],"inLanguage":"sl-SI"},{"@type":"Organization","@id":"https:\/\/hudo.com\/si\/#organization","name":"VSN Media","url":"https:\/\/hudo.com\/si\/","logo":{"@type":"ImageObject","inLanguage":"sl-SI","@id":"https:\/\/hudo.com\/si\/#\/schema\/logo\/image\/","url":"https:\/\/hudo.com\/si\/wp-content\/uploads\/sites\/2\/2021\/03\/hudo-app-2.png","contentUrl":"https:\/\/hudo.com\/si\/wp-content\/uploads\/sites\/2\/2021\/03\/hudo-app-2.png","width":2185,"height":2167,"caption":"VSN Media"},"image":{"@id":"https:\/\/hudo.com\/si\/#\/schema\/logo\/image\/"},"sameAs":["https:\/\/www.facebook.com\/hudo.si","https:\/\/twitter.com\/hudo_si"]},{"@type":"Person","@id":"https:\/\/hudo.com\/si\/#\/schema\/person\/18f09c02475ba9e606e941a565b80cff","name":"A. P., STA","image":{"@type":"ImageObject","inLanguage":"sl-SI","@id":"https:\/\/hudo.com\/si\/#\/schema\/person\/image\/","url":"https:\/\/secure.gravatar.com\/avatar\/03eac8e609f5f04383125d80eaeaaf3e?s=96&d=mm&r=g","contentUrl":"https:\/\/secure.gravatar.com\/avatar\/03eac8e609f5f04383125d80eaeaaf3e?s=96&d=mm&r=g","caption":"A. P., STA"},"url":"https:\/\/hudo.com\/si\/author\/lubu\/"}]}},"amp_enabled":true,"_links":{"self":[{"href":"https:\/\/hudo.com\/si\/wp-json\/wp\/v2\/posts\/416077"}],"collection":[{"href":"https:\/\/hudo.com\/si\/wp-json\/wp\/v2\/posts"}],"about":[{"href":"https:\/\/hudo.com\/si\/wp-json\/wp\/v2\/types\/post"}],"author":[{"embeddable":true,"href":"https:\/\/hudo.com\/si\/wp-json\/wp\/v2\/users\/7"}],"replies":[{"embeddable":true,"href":"https:\/\/hudo.com\/si\/wp-json\/wp\/v2\/comments?post=416077"}],"version-history":[{"count":1,"href":"https:\/\/hudo.com\/si\/wp-json\/wp\/v2\/posts\/416077\/revisions"}],"predecessor-version":[{"id":416079,"href":"https:\/\/hudo.com\/si\/wp-json\/wp\/v2\/posts\/416077\/revisions\/416079"}],"wp:featuredmedia":[{"embeddable":true,"href":"https:\/\/hudo.com\/si\/wp-json\/wp\/v2\/media\/416078"}],"wp:attachment":[{"href":"https:\/\/hudo.com\/si\/wp-json\/wp\/v2\/media?parent=416077"}],"wp:term":[{"taxonomy":"category","embeddable":true,"href":"https:\/\/hudo.com\/si\/wp-json\/wp\/v2\/categories?post=416077"},{"taxonomy":"post_tag","embeddable":true,"href":"https:\/\/hudo.com\/si\/wp-json\/wp\/v2\/tags?post=416077"},{"taxonomy":"source","embeddable":true,"href":"https:\/\/hudo.com\/si\/wp-json\/wp\/v2\/source?post=416077"},{"taxonomy":"supertag","embeddable":true,"href":"https:\/\/hudo.com\/si\/wp-json\/wp\/v2\/supertag?post=416077"}],"curies":[{"name":"wp","href":"https:\/\/api.w.org\/{rel}","templated":true}]}}