{"id":416212,"date":"2020-02-14T19:36:05","date_gmt":"2020-02-14T18:36:05","guid":{"rendered":"http:\/\/hudo.com\/si\/?p=416212"},"modified":"2020-02-14T19:36:05","modified_gmt":"2020-02-14T18:36:05","slug":"sarec-v-munchnu-opozoril-na-neucinkovitost-eu","status":"publish","type":"post","link":"https:\/\/hudo.com\/si\/aktualno\/sarec-v-munchnu-opozoril-na-neucinkovitost-eu\/","title":{"rendered":"\u0160arec v M\u00fcnchnu opozoril na neu\u010dinkovitost EU"},"content":{"rendered":"<p>&#8220;Evropska unija se trenutno ne znajde v tem globaliziranem svetu,&#8221; je povedal \u0160arec. Pojasnil je, da je EU obkro\u017eena z velesilami, ki imajo druga\u010dne oblike odlo\u010danja, na primer Kitajska, Rusija in ZDA. EU pa ni enotna tvorba, ampak skupnost dr\u017eav, zaradi \u010desar je odlo\u010danje precej dolgotrajno in naporno, je dodal.<\/p>\n<p>&#8220;To ka\u017ee na neko neu\u010dinkovitost Evropske unije, svet pa je danes izjemno spremenjen. Danes niso ve\u010d mirne razmere, dogaja se marsikaj,&#8221; je nadaljeval. Opozoril je \u0161e, da medtem ko se EU ukvarja sama s seboj, drugi igralci prevzemajo igro. Tako je po njegovem tudi na Zahodnem Balkanu. Prepri\u010dan je, da bi morala EU \u010dim prej za\u010deti s pridru\u017eevanjem teh dr\u017eav, preden bi ta prostor zasedel nekdo drug.<\/p>\n<p>Potem ko so danes predstavniki Srbije in Kosova ob sodelovanju ZDA ob robu varnostne konference podpisali pismo o nameri vzpostavitve avtocestnih in \u017eelezni\u0161kih je \u0160arec opozoril, da si dr\u017eave na Zahodnem Balkanu prizadevajo za re\u0161itve in da ne bodo \u010dakali na EU. Zagotovil je, da si Slovenija v zadnjem \u010dasu prizadeva biti bolj aktivna na tem podro\u010dju in upa, da bo tako tudi v bodo\u010de.<\/p>\n<p>\u0160arec, ki je glede na napoved sodeloval tudi na okrogli mizi o Zahodnem Balkanu, je ponovil stali\u0161\u010de dr\u017eave, da pri\u010dakujemo \u010dim hitrej\u0161i za\u010detek pogajanj EU s Severno Makedonijo in Albanijo. Dodal je, da \u0161e vedno pritiskajo na dr\u017eave \u010dlanice, ki so proti temu in upa, da se bodo zadeve premaknile spomladi, ko bodo dr\u017eave \u010dlanice spet odlo\u010dale o \u0161iritvi.<\/p>\n<p>Poleg \u0160arca se v M\u00fcnchnu danes iz Slovenije mudi tudi zunanji minister, ki opravlja teko\u010de posle, Miro Cerar. Ob robu konference bosta imela tudi ve\u010d dvostranskih sre\u010danj, Cerar se je med drugim \u017ee pogovarjal s \u010de\u0161kim kolegom Toma\u0161em Petri\u010dkom.<\/p>\n<p>V ospredju leto\u0161nje 56. varnostne konference je sicer brezzahodnost oz. zmanj\u0161evanje pomena Zahoda v svetu. O tem bo do nedelje z razli\u010dnimi poudarki razpravljalo okoli 40 voditeljev, 100 ministrov in \u0161tevilni drugi odlo\u010devalci.<\/p>\n","protected":false},"excerpt":{"rendered":"<p>Premier, ki opravlja teko\u010de posle, Marjan \u0160arec je danes ob robu varnostne konference v M\u00fcnchnu ocenil, da Evropska unija po\u010dasi postaja osamljena v svetu, saj da se preve\u010d ukvarja sama s sabo. Pri tem je kot primer navedel, da se ne more dogovoriti niti glede \u0161iritve na Zahodni Balkan.<\/p>\n","protected":false},"author":7,"featured_media":377679,"comment_status":"closed","ping_status":"closed","sticky":false,"template":"","format":"standard","meta":{"footnotes":""},"categories":[1179],"tags":[1910,7810,1595],"source":[4511],"supertag":[],"acf":[],"yoast_head":"<!-- This site is optimized with the Yoast SEO plugin v21.3 - https:\/\/yoast.com\/wordpress\/plugins\/seo\/ -->\n<title>\u0160arec v M\u00fcnchnu opozoril na neu\u010dinkovitost EU - Hudo Slovenija<\/title>\n<meta name=\"robots\" content=\"index, follow, max-snippet:-1, max-image-preview:large, max-video-preview:-1\" \/>\n<link rel=\"canonical\" href=\"https:\/\/hudo.com\/si\/aktualno\/sarec-v-munchnu-opozoril-na-neucinkovitost-eu\/\" \/>\n<meta property=\"og:locale\" content=\"sl_SI\" \/>\n<meta property=\"og:type\" content=\"article\" \/>\n<meta property=\"og:title\" content=\"\u0160arec v M\u00fcnchnu opozoril na neu\u010dinkovitost EU - Hudo Slovenija\" \/>\n<meta property=\"og:description\" content=\"Premier, ki opravlja teko\u010de posle, Marjan \u0160arec je danes ob robu varnostne konference v M\u00fcnchnu ocenil, da Evropska unija po\u010dasi postaja osamljena v svetu, saj da se preve\u010d ukvarja sama s sabo. Pri tem je kot primer navedel, da se ne more dogovoriti niti glede \u0161iritve na Zahodni Balkan.\" \/>\n<meta property=\"og:url\" content=\"https:\/\/hudo.com\/si\/aktualno\/sarec-v-munchnu-opozoril-na-neucinkovitost-eu\/\" \/>\n<meta property=\"og:site_name\" content=\"Hudo Slovenija\" \/>\n<meta property=\"article:publisher\" content=\"https:\/\/www.facebook.com\/hudo.si\" \/>\n<meta property=\"article:published_time\" content=\"2020-02-14T18:36:05+00:00\" \/>\n<meta property=\"og:image\" content=\"https:\/\/hudo.com\/si\/wp-content\/uploads\/sites\/2\/2018\/09\/profimedia-0386633415.jpg\" \/>\n\t<meta property=\"og:image:width\" content=\"1250\" \/>\n\t<meta property=\"og:image:height\" content=\"884\" \/>\n\t<meta property=\"og:image:type\" content=\"image\/jpeg\" \/>\n<meta name=\"author\" content=\"A. P., STA\" \/>\n<meta name=\"twitter:card\" content=\"summary_large_image\" \/>\n<meta name=\"twitter:creator\" content=\"@hudo_si\" \/>\n<meta name=\"twitter:site\" content=\"@hudo_si\" \/>\n<meta name=\"twitter:label1\" content=\"Written by\" \/>\n\t<meta name=\"twitter:data1\" content=\"A. P., STA\" \/>\n\t<meta name=\"twitter:label2\" content=\"Est. reading time\" \/>\n\t<meta name=\"twitter:data2\" content=\"2 minuti\" \/>\n<script type=\"application\/ld+json\" class=\"yoast-schema-graph\">{\"@context\":\"https:\/\/schema.org\",\"@graph\":[{\"@type\":\"Article\",\"@id\":\"https:\/\/hudo.com\/si\/aktualno\/sarec-v-munchnu-opozoril-na-neucinkovitost-eu\/#article\",\"isPartOf\":{\"@id\":\"https:\/\/hudo.com\/si\/aktualno\/sarec-v-munchnu-opozoril-na-neucinkovitost-eu\/\"},\"author\":{\"name\":\"A. P., STA\",\"@id\":\"https:\/\/hudo.com\/si\/#\/schema\/person\/18f09c02475ba9e606e941a565b80cff\"},\"headline\":\"\u0160arec v M\u00fcnchnu opozoril na neu\u010dinkovitost EU\",\"datePublished\":\"2020-02-14T18:36:05+00:00\",\"dateModified\":\"2020-02-14T18:36:05+00:00\",\"mainEntityOfPage\":{\"@id\":\"https:\/\/hudo.com\/si\/aktualno\/sarec-v-munchnu-opozoril-na-neucinkovitost-eu\/\"},\"wordCount\":353,\"publisher\":{\"@id\":\"https:\/\/hudo.com\/si\/#organization\"},\"keywords\":[\"evropska unija\",\"Marjan \u0160arec\",\"Slovenija\"],\"articleSection\":[\"Aktualno\"],\"inLanguage\":\"sl-SI\"},{\"@type\":\"WebPage\",\"@id\":\"https:\/\/hudo.com\/si\/aktualno\/sarec-v-munchnu-opozoril-na-neucinkovitost-eu\/\",\"url\":\"https:\/\/hudo.com\/si\/aktualno\/sarec-v-munchnu-opozoril-na-neucinkovitost-eu\/\",\"name\":\"\u0160arec v M\u00fcnchnu opozoril na neu\u010dinkovitost EU - Hudo Slovenija\",\"isPartOf\":{\"@id\":\"https:\/\/hudo.com\/si\/#website\"},\"datePublished\":\"2020-02-14T18:36:05+00:00\",\"dateModified\":\"2020-02-14T18:36:05+00:00\",\"breadcrumb\":{\"@id\":\"https:\/\/hudo.com\/si\/aktualno\/sarec-v-munchnu-opozoril-na-neucinkovitost-eu\/#breadcrumb\"},\"inLanguage\":\"sl-SI\",\"potentialAction\":[{\"@type\":\"ReadAction\",\"target\":[\"https:\/\/hudo.com\/si\/aktualno\/sarec-v-munchnu-opozoril-na-neucinkovitost-eu\/\"]}]},{\"@type\":\"BreadcrumbList\",\"@id\":\"https:\/\/hudo.com\/si\/aktualno\/sarec-v-munchnu-opozoril-na-neucinkovitost-eu\/#breadcrumb\",\"itemListElement\":[{\"@type\":\"ListItem\",\"position\":1,\"name\":\"Home\",\"item\":\"https:\/\/hudo.com\/si\/\"},{\"@type\":\"ListItem\",\"position\":2,\"name\":\"\u0160arec v M\u00fcnchnu opozoril na neu\u010dinkovitost EU\"}]},{\"@type\":\"WebSite\",\"@id\":\"https:\/\/hudo.com\/si\/#website\",\"url\":\"https:\/\/hudo.com\/si\/\",\"name\":\"Hudo Slovenija\",\"description\":\"Vse novice iz Slovenije in sveta\",\"publisher\":{\"@id\":\"https:\/\/hudo.com\/si\/#organization\"},\"potentialAction\":[{\"@type\":\"SearchAction\",\"target\":{\"@type\":\"EntryPoint\",\"urlTemplate\":\"https:\/\/hudo.com\/si\/?s={search_term_string}\"},\"query-input\":\"required name=search_term_string\"}],\"inLanguage\":\"sl-SI\"},{\"@type\":\"Organization\",\"@id\":\"https:\/\/hudo.com\/si\/#organization\",\"name\":\"VSN Media\",\"url\":\"https:\/\/hudo.com\/si\/\",\"logo\":{\"@type\":\"ImageObject\",\"inLanguage\":\"sl-SI\",\"@id\":\"https:\/\/hudo.com\/si\/#\/schema\/logo\/image\/\",\"url\":\"https:\/\/hudo.com\/si\/wp-content\/uploads\/sites\/2\/2021\/03\/hudo-app-2.png\",\"contentUrl\":\"https:\/\/hudo.com\/si\/wp-content\/uploads\/sites\/2\/2021\/03\/hudo-app-2.png\",\"width\":2185,\"height\":2167,\"caption\":\"VSN Media\"},\"image\":{\"@id\":\"https:\/\/hudo.com\/si\/#\/schema\/logo\/image\/\"},\"sameAs\":[\"https:\/\/www.facebook.com\/hudo.si\",\"https:\/\/twitter.com\/hudo_si\"]},{\"@type\":\"Person\",\"@id\":\"https:\/\/hudo.com\/si\/#\/schema\/person\/18f09c02475ba9e606e941a565b80cff\",\"name\":\"A. P., STA\",\"image\":{\"@type\":\"ImageObject\",\"inLanguage\":\"sl-SI\",\"@id\":\"https:\/\/hudo.com\/si\/#\/schema\/person\/image\/\",\"url\":\"https:\/\/secure.gravatar.com\/avatar\/03eac8e609f5f04383125d80eaeaaf3e?s=96&d=mm&r=g\",\"contentUrl\":\"https:\/\/secure.gravatar.com\/avatar\/03eac8e609f5f04383125d80eaeaaf3e?s=96&d=mm&r=g\",\"caption\":\"A. P., STA\"},\"url\":\"https:\/\/hudo.com\/si\/author\/lubu\/\"}]}<\/script>\n<!-- \/ Yoast SEO plugin. -->","yoast_head_json":{"title":"\u0160arec v M\u00fcnchnu opozoril na neu\u010dinkovitost EU - Hudo Slovenija","robots":{"index":"index","follow":"follow","max-snippet":"max-snippet:-1","max-image-preview":"max-image-preview:large","max-video-preview":"max-video-preview:-1"},"canonical":"https:\/\/hudo.com\/si\/aktualno\/sarec-v-munchnu-opozoril-na-neucinkovitost-eu\/","og_locale":"sl_SI","og_type":"article","og_title":"\u0160arec v M\u00fcnchnu opozoril na neu\u010dinkovitost EU - Hudo Slovenija","og_description":"Premier, ki opravlja teko\u010de posle, Marjan \u0160arec je danes ob robu varnostne konference v M\u00fcnchnu ocenil, da Evropska unija po\u010dasi postaja osamljena v svetu, saj da se preve\u010d ukvarja sama s sabo. Pri tem je kot primer navedel, da se ne more dogovoriti niti glede \u0161iritve na Zahodni Balkan.","og_url":"https:\/\/hudo.com\/si\/aktualno\/sarec-v-munchnu-opozoril-na-neucinkovitost-eu\/","og_site_name":"Hudo Slovenija","article_publisher":"https:\/\/www.facebook.com\/hudo.si","article_published_time":"2020-02-14T18:36:05+00:00","og_image":[{"width":1250,"height":884,"url":"https:\/\/hudo.com\/si\/wp-content\/uploads\/sites\/2\/2018\/09\/profimedia-0386633415.jpg","type":"image\/jpeg"}],"author":"A. P., STA","twitter_card":"summary_large_image","twitter_creator":"@hudo_si","twitter_site":"@hudo_si","twitter_misc":{"Written by":"A. P., STA","Est. reading time":"2 minuti"},"schema":{"@context":"https:\/\/schema.org","@graph":[{"@type":"Article","@id":"https:\/\/hudo.com\/si\/aktualno\/sarec-v-munchnu-opozoril-na-neucinkovitost-eu\/#article","isPartOf":{"@id":"https:\/\/hudo.com\/si\/aktualno\/sarec-v-munchnu-opozoril-na-neucinkovitost-eu\/"},"author":{"name":"A. P., STA","@id":"https:\/\/hudo.com\/si\/#\/schema\/person\/18f09c02475ba9e606e941a565b80cff"},"headline":"\u0160arec v M\u00fcnchnu opozoril na neu\u010dinkovitost EU","datePublished":"2020-02-14T18:36:05+00:00","dateModified":"2020-02-14T18:36:05+00:00","mainEntityOfPage":{"@id":"https:\/\/hudo.com\/si\/aktualno\/sarec-v-munchnu-opozoril-na-neucinkovitost-eu\/"},"wordCount":353,"publisher":{"@id":"https:\/\/hudo.com\/si\/#organization"},"keywords":["evropska unija","Marjan \u0160arec","Slovenija"],"articleSection":["Aktualno"],"inLanguage":"sl-SI"},{"@type":"WebPage","@id":"https:\/\/hudo.com\/si\/aktualno\/sarec-v-munchnu-opozoril-na-neucinkovitost-eu\/","url":"https:\/\/hudo.com\/si\/aktualno\/sarec-v-munchnu-opozoril-na-neucinkovitost-eu\/","name":"\u0160arec v M\u00fcnchnu opozoril na neu\u010dinkovitost EU - Hudo Slovenija","isPartOf":{"@id":"https:\/\/hudo.com\/si\/#website"},"datePublished":"2020-02-14T18:36:05+00:00","dateModified":"2020-02-14T18:36:05+00:00","breadcrumb":{"@id":"https:\/\/hudo.com\/si\/aktualno\/sarec-v-munchnu-opozoril-na-neucinkovitost-eu\/#breadcrumb"},"inLanguage":"sl-SI","potentialAction":[{"@type":"ReadAction","target":["https:\/\/hudo.com\/si\/aktualno\/sarec-v-munchnu-opozoril-na-neucinkovitost-eu\/"]}]},{"@type":"BreadcrumbList","@id":"https:\/\/hudo.com\/si\/aktualno\/sarec-v-munchnu-opozoril-na-neucinkovitost-eu\/#breadcrumb","itemListElement":[{"@type":"ListItem","position":1,"name":"Home","item":"https:\/\/hudo.com\/si\/"},{"@type":"ListItem","position":2,"name":"\u0160arec v M\u00fcnchnu opozoril na neu\u010dinkovitost EU"}]},{"@type":"WebSite","@id":"https:\/\/hudo.com\/si\/#website","url":"https:\/\/hudo.com\/si\/","name":"Hudo Slovenija","description":"Vse novice iz Slovenije in sveta","publisher":{"@id":"https:\/\/hudo.com\/si\/#organization"},"potentialAction":[{"@type":"SearchAction","target":{"@type":"EntryPoint","urlTemplate":"https:\/\/hudo.com\/si\/?s={search_term_string}"},"query-input":"required name=search_term_string"}],"inLanguage":"sl-SI"},{"@type":"Organization","@id":"https:\/\/hudo.com\/si\/#organization","name":"VSN Media","url":"https:\/\/hudo.com\/si\/","logo":{"@type":"ImageObject","inLanguage":"sl-SI","@id":"https:\/\/hudo.com\/si\/#\/schema\/logo\/image\/","url":"https:\/\/hudo.com\/si\/wp-content\/uploads\/sites\/2\/2021\/03\/hudo-app-2.png","contentUrl":"https:\/\/hudo.com\/si\/wp-content\/uploads\/sites\/2\/2021\/03\/hudo-app-2.png","width":2185,"height":2167,"caption":"VSN Media"},"image":{"@id":"https:\/\/hudo.com\/si\/#\/schema\/logo\/image\/"},"sameAs":["https:\/\/www.facebook.com\/hudo.si","https:\/\/twitter.com\/hudo_si"]},{"@type":"Person","@id":"https:\/\/hudo.com\/si\/#\/schema\/person\/18f09c02475ba9e606e941a565b80cff","name":"A. P., STA","image":{"@type":"ImageObject","inLanguage":"sl-SI","@id":"https:\/\/hudo.com\/si\/#\/schema\/person\/image\/","url":"https:\/\/secure.gravatar.com\/avatar\/03eac8e609f5f04383125d80eaeaaf3e?s=96&d=mm&r=g","contentUrl":"https:\/\/secure.gravatar.com\/avatar\/03eac8e609f5f04383125d80eaeaaf3e?s=96&d=mm&r=g","caption":"A. P., STA"},"url":"https:\/\/hudo.com\/si\/author\/lubu\/"}]}},"amp_enabled":true,"_links":{"self":[{"href":"https:\/\/hudo.com\/si\/wp-json\/wp\/v2\/posts\/416212"}],"collection":[{"href":"https:\/\/hudo.com\/si\/wp-json\/wp\/v2\/posts"}],"about":[{"href":"https:\/\/hudo.com\/si\/wp-json\/wp\/v2\/types\/post"}],"author":[{"embeddable":true,"href":"https:\/\/hudo.com\/si\/wp-json\/wp\/v2\/users\/7"}],"replies":[{"embeddable":true,"href":"https:\/\/hudo.com\/si\/wp-json\/wp\/v2\/comments?post=416212"}],"version-history":[{"count":1,"href":"https:\/\/hudo.com\/si\/wp-json\/wp\/v2\/posts\/416212\/revisions"}],"predecessor-version":[{"id":416213,"href":"https:\/\/hudo.com\/si\/wp-json\/wp\/v2\/posts\/416212\/revisions\/416213"}],"wp:featuredmedia":[{"embeddable":true,"href":"https:\/\/hudo.com\/si\/wp-json\/wp\/v2\/media\/377679"}],"wp:attachment":[{"href":"https:\/\/hudo.com\/si\/wp-json\/wp\/v2\/media?parent=416212"}],"wp:term":[{"taxonomy":"category","embeddable":true,"href":"https:\/\/hudo.com\/si\/wp-json\/wp\/v2\/categories?post=416212"},{"taxonomy":"post_tag","embeddable":true,"href":"https:\/\/hudo.com\/si\/wp-json\/wp\/v2\/tags?post=416212"},{"taxonomy":"source","embeddable":true,"href":"https:\/\/hudo.com\/si\/wp-json\/wp\/v2\/source?post=416212"},{"taxonomy":"supertag","embeddable":true,"href":"https:\/\/hudo.com\/si\/wp-json\/wp\/v2\/supertag?post=416212"}],"curies":[{"name":"wp","href":"https:\/\/api.w.org\/{rel}","templated":true}]}}