{"id":416291,"date":"2020-02-17T08:20:03","date_gmt":"2020-02-17T07:20:03","guid":{"rendered":"http:\/\/hudo.com\/si\/?p=416291"},"modified":"2020-02-17T08:35:35","modified_gmt":"2020-02-17T07:35:35","slug":"solarji-iz-zahodne-slovenije-ta-teden-na-zimskih-pocitnicah","status":"publish","type":"post","link":"https:\/\/hudo.com\/si\/aktualno\/solarji-iz-zahodne-slovenije-ta-teden-na-zimskih-pocitnicah\/","title":{"rendered":"\u0160olarji iz zahodne Slovenije ta teden na zimskih po\u010ditnicah"},"content":{"rendered":"<p>Za en teden bodo danes na \u0161olske klopi pozabili u\u010denci in dijaki osrednjeslovenske, gorenjske, gori\u0161ke, notranjsko-kra\u0161ke, obalno-kra\u0161ke in zasavske regije ter Ribnice, Sodra\u017eice, Lo\u0161kega potoka, Ko\u010devja, Osilnice in Kostela.<\/p>\n<p>V prestolnici mlade \u010daka pestro pre\u017eivljanje po\u010ditnic, od avantur z &#8220;zmaji&#8221;, pustolov\u0161\u010din v svetu pravljic, filmov, raznovrstnih delavnic do raziskovalnih izletov, na primer v Notranjskem parku, in pohoda po poteh pastirjev na Veliki planini.<\/p>\n<p>Za vse, ki \u017eelijo, da njihov otrok aktivno pre\u017eivi po\u010ditnice, se ob tem u\u010di in hkrati razvija odgovoren odnos do narave, je tu ljubljanski \u017eivalski vrt, kjer u\u010dencem prve triade nudijo strokovno vodenje, sre\u010danja z \u017eivalmi, hranjenje \u017eivali, ustvarjalne delavnice, topel obrok in pija\u010do.<\/p>\n<p>Ljubitelji drsanja pa se lahko preizkusijo v Hali Tivoli in dvorani Zalog, kjer si lahko izposodijo tudi drsalke.<\/p>\n<p>Pestro po\u010ditni\u0161ko dogajanje bo tudi na Obali. Tako med drugim koprsko dru\u0161tvo prijateljev mladine v sodelovanju z Dru\u0161tvom Pristan &#8211; univerza za 3. \u017eivljenjsko obdobje Koper za u\u010dence od 8. do 12. leta v petek organizira delavnico oblikovanja gline.<\/p>\n<p>Med po\u010ditnicami bo poskrbljeno tudi za varstvo otrok. Ljubljanska ob\u010dina sofinancira programe za vse, ki si ne morejo privo\u0161\u010diti posebnih izdatkov. Programi zato predvidevajo pla\u010dilo do \u0161est evrov na otroka na dan, nekateri pa so brezpla\u010dni.<\/p>\n<p>ZPM &#8211; Ljubljana Moste Polje tudi tokrat organizira po\u010ditni\u0161ko varstvo na Osnovni \u0161oli Ketteja Murna vsak dan od 7. do 16. ure, prispevek star\u0161ev je 25 evrov za ves teden.<\/p>\n<p>\u010cez teden dni pa se bo na zimske po\u010ditnice odpravilo okoli 116.000 u\u010dencev in dijakov z vzhoda Slovenije.<\/p>\n<p>Po pravilniku o \u0161olskem koledarju zimske po\u010ditnice trajajo en teden in so razporejene v dve \u010dasovni obdobji, izmeni\u010dno po obmo\u010djih statisti\u010dnih regij. Prvo obdobje se za\u010dne tretji ponedeljek v februarju, drugo pa naslednji ponedeljek.<\/p>\n","protected":false},"excerpt":{"rendered":"<p>Na te\u017eko pri\u010dakovane zimske \u0161olske po\u010ditnice bo danes od\u0161lo pribli\u017eno 144.000 u\u010dencev in dijakov iz osrednjega in zahodnega dela dr\u017eave. Pred njimi je teden dni zimskega veselja, v katerem jih \u010daka vrsta dejavnosti in programov. Nekateri se bodo ob ugodnem vremenu odpravili tudi na smu\u010di\u0161\u010da.<\/p>\n","protected":false},"author":8,"featured_media":179100,"comment_status":"closed","ping_status":"closed","sticky":false,"template":"","format":"standard","meta":{"footnotes":""},"categories":[1179],"tags":[1595,15756],"source":[4511],"supertag":[],"acf":[],"yoast_head":"<!-- This site is optimized with the Yoast SEO plugin v21.3 - https:\/\/yoast.com\/wordpress\/plugins\/seo\/ -->\n<title>\u0160olarji iz zahodne Slovenije ta teden na zimskih po\u010ditnicah - Hudo Slovenija<\/title>\n<meta name=\"robots\" content=\"index, follow, max-snippet:-1, max-image-preview:large, max-video-preview:-1\" \/>\n<link rel=\"canonical\" href=\"https:\/\/hudo.com\/si\/aktualno\/solarji-iz-zahodne-slovenije-ta-teden-na-zimskih-pocitnicah\/\" \/>\n<meta property=\"og:locale\" content=\"sl_SI\" \/>\n<meta property=\"og:type\" content=\"article\" \/>\n<meta property=\"og:title\" content=\"\u0160olarji iz zahodne Slovenije ta teden na zimskih po\u010ditnicah - Hudo Slovenija\" \/>\n<meta property=\"og:description\" content=\"Na te\u017eko pri\u010dakovane zimske \u0161olske po\u010ditnice bo danes od\u0161lo pribli\u017eno 144.000 u\u010dencev in dijakov iz osrednjega in zahodnega dela dr\u017eave. Pred njimi je teden dni zimskega veselja, v katerem jih \u010daka vrsta dejavnosti in programov. Nekateri se bodo ob ugodnem vremenu odpravili tudi na smu\u010di\u0161\u010da.\" \/>\n<meta property=\"og:url\" content=\"https:\/\/hudo.com\/si\/aktualno\/solarji-iz-zahodne-slovenije-ta-teden-na-zimskih-pocitnicah\/\" \/>\n<meta property=\"og:site_name\" content=\"Hudo Slovenija\" \/>\n<meta property=\"article:publisher\" content=\"https:\/\/www.facebook.com\/hudo.si\" \/>\n<meta property=\"article:published_time\" content=\"2020-02-17T07:20:03+00:00\" \/>\n<meta property=\"article:modified_time\" content=\"2020-02-17T07:35:35+00:00\" \/>\n<meta property=\"og:image\" content=\"https:\/\/hudo.com\/si\/wp-content\/uploads\/sites\/2\/2016\/11\/profimedia-0034953007.jpg\" \/>\n\t<meta property=\"og:image:width\" content=\"1250\" \/>\n\t<meta property=\"og:image:height\" content=\"833\" \/>\n\t<meta property=\"og:image:type\" content=\"image\/jpeg\" \/>\n<meta name=\"author\" content=\"M. N., STA\" \/>\n<meta name=\"twitter:card\" content=\"summary_large_image\" \/>\n<meta name=\"twitter:creator\" content=\"@hudo_si\" \/>\n<meta name=\"twitter:site\" content=\"@hudo_si\" \/>\n<meta name=\"twitter:label1\" content=\"Written by\" \/>\n\t<meta name=\"twitter:data1\" content=\"M. N., STA\" \/>\n\t<meta name=\"twitter:label2\" content=\"Est. reading time\" \/>\n\t<meta name=\"twitter:data2\" content=\"2 minuti\" \/>\n<script type=\"application\/ld+json\" class=\"yoast-schema-graph\">{\"@context\":\"https:\/\/schema.org\",\"@graph\":[{\"@type\":\"Article\",\"@id\":\"https:\/\/hudo.com\/si\/aktualno\/solarji-iz-zahodne-slovenije-ta-teden-na-zimskih-pocitnicah\/#article\",\"isPartOf\":{\"@id\":\"https:\/\/hudo.com\/si\/aktualno\/solarji-iz-zahodne-slovenije-ta-teden-na-zimskih-pocitnicah\/\"},\"author\":{\"name\":\"M. N., STA\",\"@id\":\"https:\/\/hudo.com\/si\/#\/schema\/person\/c2f10ce65d2e6ede2aeda5be2a0611fa\"},\"headline\":\"\u0160olarji iz zahodne Slovenije ta teden na zimskih po\u010ditnicah\",\"datePublished\":\"2020-02-17T07:20:03+00:00\",\"dateModified\":\"2020-02-17T07:35:35+00:00\",\"mainEntityOfPage\":{\"@id\":\"https:\/\/hudo.com\/si\/aktualno\/solarji-iz-zahodne-slovenije-ta-teden-na-zimskih-pocitnicah\/\"},\"wordCount\":321,\"publisher\":{\"@id\":\"https:\/\/hudo.com\/si\/#organization\"},\"keywords\":[\"Slovenija\",\"zimske po\u010ditnice\"],\"articleSection\":[\"Aktualno\"],\"inLanguage\":\"sl-SI\"},{\"@type\":\"WebPage\",\"@id\":\"https:\/\/hudo.com\/si\/aktualno\/solarji-iz-zahodne-slovenije-ta-teden-na-zimskih-pocitnicah\/\",\"url\":\"https:\/\/hudo.com\/si\/aktualno\/solarji-iz-zahodne-slovenije-ta-teden-na-zimskih-pocitnicah\/\",\"name\":\"\u0160olarji iz zahodne Slovenije ta teden na zimskih po\u010ditnicah - Hudo Slovenija\",\"isPartOf\":{\"@id\":\"https:\/\/hudo.com\/si\/#website\"},\"datePublished\":\"2020-02-17T07:20:03+00:00\",\"dateModified\":\"2020-02-17T07:35:35+00:00\",\"breadcrumb\":{\"@id\":\"https:\/\/hudo.com\/si\/aktualno\/solarji-iz-zahodne-slovenije-ta-teden-na-zimskih-pocitnicah\/#breadcrumb\"},\"inLanguage\":\"sl-SI\",\"potentialAction\":[{\"@type\":\"ReadAction\",\"target\":[\"https:\/\/hudo.com\/si\/aktualno\/solarji-iz-zahodne-slovenije-ta-teden-na-zimskih-pocitnicah\/\"]}]},{\"@type\":\"BreadcrumbList\",\"@id\":\"https:\/\/hudo.com\/si\/aktualno\/solarji-iz-zahodne-slovenije-ta-teden-na-zimskih-pocitnicah\/#breadcrumb\",\"itemListElement\":[{\"@type\":\"ListItem\",\"position\":1,\"name\":\"Home\",\"item\":\"https:\/\/hudo.com\/si\/\"},{\"@type\":\"ListItem\",\"position\":2,\"name\":\"\u0160olarji iz zahodne Slovenije ta teden na zimskih po\u010ditnicah\"}]},{\"@type\":\"WebSite\",\"@id\":\"https:\/\/hudo.com\/si\/#website\",\"url\":\"https:\/\/hudo.com\/si\/\",\"name\":\"Hudo Slovenija\",\"description\":\"Vse novice iz Slovenije in sveta\",\"publisher\":{\"@id\":\"https:\/\/hudo.com\/si\/#organization\"},\"potentialAction\":[{\"@type\":\"SearchAction\",\"target\":{\"@type\":\"EntryPoint\",\"urlTemplate\":\"https:\/\/hudo.com\/si\/?s={search_term_string}\"},\"query-input\":\"required name=search_term_string\"}],\"inLanguage\":\"sl-SI\"},{\"@type\":\"Organization\",\"@id\":\"https:\/\/hudo.com\/si\/#organization\",\"name\":\"VSN Media\",\"url\":\"https:\/\/hudo.com\/si\/\",\"logo\":{\"@type\":\"ImageObject\",\"inLanguage\":\"sl-SI\",\"@id\":\"https:\/\/hudo.com\/si\/#\/schema\/logo\/image\/\",\"url\":\"https:\/\/hudo.com\/si\/wp-content\/uploads\/sites\/2\/2021\/03\/hudo-app-2.png\",\"contentUrl\":\"https:\/\/hudo.com\/si\/wp-content\/uploads\/sites\/2\/2021\/03\/hudo-app-2.png\",\"width\":2185,\"height\":2167,\"caption\":\"VSN Media\"},\"image\":{\"@id\":\"https:\/\/hudo.com\/si\/#\/schema\/logo\/image\/\"},\"sameAs\":[\"https:\/\/www.facebook.com\/hudo.si\",\"https:\/\/twitter.com\/hudo_si\"]},{\"@type\":\"Person\",\"@id\":\"https:\/\/hudo.com\/si\/#\/schema\/person\/c2f10ce65d2e6ede2aeda5be2a0611fa\",\"name\":\"M. N., STA\",\"image\":{\"@type\":\"ImageObject\",\"inLanguage\":\"sl-SI\",\"@id\":\"https:\/\/hudo.com\/si\/#\/schema\/person\/image\/\",\"url\":\"https:\/\/secure.gravatar.com\/avatar\/f370d38daa10467f755c5c766a4cac20?s=96&d=mm&r=g\",\"contentUrl\":\"https:\/\/secure.gravatar.com\/avatar\/f370d38daa10467f755c5c766a4cac20?s=96&d=mm&r=g\",\"caption\":\"M. N., STA\"},\"url\":\"https:\/\/hudo.com\/si\/author\/mana\/\"}]}<\/script>\n<!-- \/ Yoast SEO plugin. -->","yoast_head_json":{"title":"\u0160olarji iz zahodne Slovenije ta teden na zimskih po\u010ditnicah - Hudo Slovenija","robots":{"index":"index","follow":"follow","max-snippet":"max-snippet:-1","max-image-preview":"max-image-preview:large","max-video-preview":"max-video-preview:-1"},"canonical":"https:\/\/hudo.com\/si\/aktualno\/solarji-iz-zahodne-slovenije-ta-teden-na-zimskih-pocitnicah\/","og_locale":"sl_SI","og_type":"article","og_title":"\u0160olarji iz zahodne Slovenije ta teden na zimskih po\u010ditnicah - Hudo Slovenija","og_description":"Na te\u017eko pri\u010dakovane zimske \u0161olske po\u010ditnice bo danes od\u0161lo pribli\u017eno 144.000 u\u010dencev in dijakov iz osrednjega in zahodnega dela dr\u017eave. Pred njimi je teden dni zimskega veselja, v katerem jih \u010daka vrsta dejavnosti in programov. Nekateri se bodo ob ugodnem vremenu odpravili tudi na smu\u010di\u0161\u010da.","og_url":"https:\/\/hudo.com\/si\/aktualno\/solarji-iz-zahodne-slovenije-ta-teden-na-zimskih-pocitnicah\/","og_site_name":"Hudo Slovenija","article_publisher":"https:\/\/www.facebook.com\/hudo.si","article_published_time":"2020-02-17T07:20:03+00:00","article_modified_time":"2020-02-17T07:35:35+00:00","og_image":[{"width":1250,"height":833,"url":"https:\/\/hudo.com\/si\/wp-content\/uploads\/sites\/2\/2016\/11\/profimedia-0034953007.jpg","type":"image\/jpeg"}],"author":"M. N., STA","twitter_card":"summary_large_image","twitter_creator":"@hudo_si","twitter_site":"@hudo_si","twitter_misc":{"Written by":"M. N., STA","Est. reading time":"2 minuti"},"schema":{"@context":"https:\/\/schema.org","@graph":[{"@type":"Article","@id":"https:\/\/hudo.com\/si\/aktualno\/solarji-iz-zahodne-slovenije-ta-teden-na-zimskih-pocitnicah\/#article","isPartOf":{"@id":"https:\/\/hudo.com\/si\/aktualno\/solarji-iz-zahodne-slovenije-ta-teden-na-zimskih-pocitnicah\/"},"author":{"name":"M. N., STA","@id":"https:\/\/hudo.com\/si\/#\/schema\/person\/c2f10ce65d2e6ede2aeda5be2a0611fa"},"headline":"\u0160olarji iz zahodne Slovenije ta teden na zimskih po\u010ditnicah","datePublished":"2020-02-17T07:20:03+00:00","dateModified":"2020-02-17T07:35:35+00:00","mainEntityOfPage":{"@id":"https:\/\/hudo.com\/si\/aktualno\/solarji-iz-zahodne-slovenije-ta-teden-na-zimskih-pocitnicah\/"},"wordCount":321,"publisher":{"@id":"https:\/\/hudo.com\/si\/#organization"},"keywords":["Slovenija","zimske po\u010ditnice"],"articleSection":["Aktualno"],"inLanguage":"sl-SI"},{"@type":"WebPage","@id":"https:\/\/hudo.com\/si\/aktualno\/solarji-iz-zahodne-slovenije-ta-teden-na-zimskih-pocitnicah\/","url":"https:\/\/hudo.com\/si\/aktualno\/solarji-iz-zahodne-slovenije-ta-teden-na-zimskih-pocitnicah\/","name":"\u0160olarji iz zahodne Slovenije ta teden na zimskih po\u010ditnicah - Hudo Slovenija","isPartOf":{"@id":"https:\/\/hudo.com\/si\/#website"},"datePublished":"2020-02-17T07:20:03+00:00","dateModified":"2020-02-17T07:35:35+00:00","breadcrumb":{"@id":"https:\/\/hudo.com\/si\/aktualno\/solarji-iz-zahodne-slovenije-ta-teden-na-zimskih-pocitnicah\/#breadcrumb"},"inLanguage":"sl-SI","potentialAction":[{"@type":"ReadAction","target":["https:\/\/hudo.com\/si\/aktualno\/solarji-iz-zahodne-slovenije-ta-teden-na-zimskih-pocitnicah\/"]}]},{"@type":"BreadcrumbList","@id":"https:\/\/hudo.com\/si\/aktualno\/solarji-iz-zahodne-slovenije-ta-teden-na-zimskih-pocitnicah\/#breadcrumb","itemListElement":[{"@type":"ListItem","position":1,"name":"Home","item":"https:\/\/hudo.com\/si\/"},{"@type":"ListItem","position":2,"name":"\u0160olarji iz zahodne Slovenije ta teden na zimskih po\u010ditnicah"}]},{"@type":"WebSite","@id":"https:\/\/hudo.com\/si\/#website","url":"https:\/\/hudo.com\/si\/","name":"Hudo Slovenija","description":"Vse novice iz Slovenije in sveta","publisher":{"@id":"https:\/\/hudo.com\/si\/#organization"},"potentialAction":[{"@type":"SearchAction","target":{"@type":"EntryPoint","urlTemplate":"https:\/\/hudo.com\/si\/?s={search_term_string}"},"query-input":"required name=search_term_string"}],"inLanguage":"sl-SI"},{"@type":"Organization","@id":"https:\/\/hudo.com\/si\/#organization","name":"VSN Media","url":"https:\/\/hudo.com\/si\/","logo":{"@type":"ImageObject","inLanguage":"sl-SI","@id":"https:\/\/hudo.com\/si\/#\/schema\/logo\/image\/","url":"https:\/\/hudo.com\/si\/wp-content\/uploads\/sites\/2\/2021\/03\/hudo-app-2.png","contentUrl":"https:\/\/hudo.com\/si\/wp-content\/uploads\/sites\/2\/2021\/03\/hudo-app-2.png","width":2185,"height":2167,"caption":"VSN Media"},"image":{"@id":"https:\/\/hudo.com\/si\/#\/schema\/logo\/image\/"},"sameAs":["https:\/\/www.facebook.com\/hudo.si","https:\/\/twitter.com\/hudo_si"]},{"@type":"Person","@id":"https:\/\/hudo.com\/si\/#\/schema\/person\/c2f10ce65d2e6ede2aeda5be2a0611fa","name":"M. N., STA","image":{"@type":"ImageObject","inLanguage":"sl-SI","@id":"https:\/\/hudo.com\/si\/#\/schema\/person\/image\/","url":"https:\/\/secure.gravatar.com\/avatar\/f370d38daa10467f755c5c766a4cac20?s=96&d=mm&r=g","contentUrl":"https:\/\/secure.gravatar.com\/avatar\/f370d38daa10467f755c5c766a4cac20?s=96&d=mm&r=g","caption":"M. N., STA"},"url":"https:\/\/hudo.com\/si\/author\/mana\/"}]}},"amp_enabled":true,"_links":{"self":[{"href":"https:\/\/hudo.com\/si\/wp-json\/wp\/v2\/posts\/416291"}],"collection":[{"href":"https:\/\/hudo.com\/si\/wp-json\/wp\/v2\/posts"}],"about":[{"href":"https:\/\/hudo.com\/si\/wp-json\/wp\/v2\/types\/post"}],"author":[{"embeddable":true,"href":"https:\/\/hudo.com\/si\/wp-json\/wp\/v2\/users\/8"}],"replies":[{"embeddable":true,"href":"https:\/\/hudo.com\/si\/wp-json\/wp\/v2\/comments?post=416291"}],"version-history":[{"count":1,"href":"https:\/\/hudo.com\/si\/wp-json\/wp\/v2\/posts\/416291\/revisions"}],"predecessor-version":[{"id":416292,"href":"https:\/\/hudo.com\/si\/wp-json\/wp\/v2\/posts\/416291\/revisions\/416292"}],"wp:featuredmedia":[{"embeddable":true,"href":"https:\/\/hudo.com\/si\/wp-json\/wp\/v2\/media\/179100"}],"wp:attachment":[{"href":"https:\/\/hudo.com\/si\/wp-json\/wp\/v2\/media?parent=416291"}],"wp:term":[{"taxonomy":"category","embeddable":true,"href":"https:\/\/hudo.com\/si\/wp-json\/wp\/v2\/categories?post=416291"},{"taxonomy":"post_tag","embeddable":true,"href":"https:\/\/hudo.com\/si\/wp-json\/wp\/v2\/tags?post=416291"},{"taxonomy":"source","embeddable":true,"href":"https:\/\/hudo.com\/si\/wp-json\/wp\/v2\/source?post=416291"},{"taxonomy":"supertag","embeddable":true,"href":"https:\/\/hudo.com\/si\/wp-json\/wp\/v2\/supertag?post=416291"}],"curies":[{"name":"wp","href":"https:\/\/api.w.org\/{rel}","templated":true}]}}