{"id":416615,"date":"2020-02-21T08:43:31","date_gmt":"2020-02-21T07:43:31","guid":{"rendered":"http:\/\/hudo.com\/si\/?p=416615"},"modified":"2020-02-21T08:43:31","modified_gmt":"2020-02-21T07:43:31","slug":"evropski-potniki-med-njimi-tudi-dva-slovenca-z-ladje-diamond-princess-predvidoma-danes-proti-domu","status":"publish","type":"post","link":"https:\/\/hudo.com\/si\/aktualno\/evropski-potniki-med-njimi-tudi-dva-slovenca-z-ladje-diamond-princess-predvidoma-danes-proti-domu\/","title":{"rendered":"Evropski potniki, med njimi tudi dva Slovenca, z ladje Diamond Princess predvidoma danes proti domu"},"content":{"rendered":"<p>Na letalu naj bi bilo 56 ali 57 potnikov z ladje, je povedal namestnik italijanskega ministra za zdravje Pierpaolo Sileri. Od tega jih je okoli 30 Italijanov, ostali pa iz drugih evropskih dr\u017eav, med njimi Nizozemske, Nem\u010dije, Romunije, Gr\u010dije, Hrva\u0161ke in Slovenije. Med njimi naj bi bili tudi dr\u017eavljani Srbije in \u010crne gore, je poro\u010dala italijanska tiskovna agencija Ansa.<\/p>\n<p>Letalo naj bi se vrnilo na letali\u0161\u010de v Rimu. Pred tem naj bi se ustavilo \u0161e v Berlinu, kjer naj bi izkrcali nekatere potnike. Vsaka dr\u017eava pa naj bi nato organizirala prevoz svojih dr\u017eavljanov v svoje domovine.<\/p>\n<p>Tovrsten na\u010drt so potrdili tudi predstavniki slovenskih oblasti. Napovedali so tudi, da repatriirance \u010daka 14-dnevna karantena.<\/p>\n<p>Dva od skupno \u0161estih slovenskih potnikov na ladji Diamond Princess, ki nista oku\u017eena z novim koronavirusom, sta se medtem \u017ee vrnila v Slovenijo, in sicer s komercialnim letom. Kljub temu, da testi niso pokazali oku\u017ebe, so za njiju uvedli preventivno 14-dnevno karanteno na njunem domu.<\/p>\n<p>Pri dveh slovenskih potnikih na ladji pa je test pokazal prisotnost virusa. Premestili so ju v bolni\u0161nico na Japonskem, kjer bosta \u010dakala na nadaljnji razvoj dogodkov. Zaenkrat ne ka\u017eeta simptomov oku\u017ebe in se po\u010dutita dobro, so v \u010detrtek povedali v Ljubljani.<\/p>\n","protected":false},"excerpt":{"rendered":"<p>Italijansko voja\u0161ko letalo naj bi danes iz japonske Jokohame odpeljalo dr\u017eavljane \u010dlanic Evropske unije, ki so bili potniki kri\u017earke Diamond Princess in ki niso oku\u017eeni z novim koronavirusom. Po napovedih naj bi letalo poletelo popoldne, v Evropo pa prispelo v soboto. Na njem naj bi bila tudi dva slovenska dr\u017eavljana.<\/p>\n","protected":false},"author":8,"featured_media":415659,"comment_status":"closed","ping_status":"closed","sticky":false,"template":"","format":"standard","meta":{"footnotes":""},"categories":[1179],"tags":[15721,15632,15619,1595],"source":[4511],"supertag":[],"acf":[],"yoast_head":"<!-- This site is optimized with the Yoast SEO plugin v21.3 - https:\/\/yoast.com\/wordpress\/plugins\/seo\/ -->\n<title>Evropski potniki, med njimi tudi dva Slovenca, z ladje Diamond Princess predvidoma danes proti domu - Hudo Slovenija<\/title>\n<meta name=\"robots\" content=\"index, follow, max-snippet:-1, max-image-preview:large, max-video-preview:-1\" \/>\n<link rel=\"canonical\" href=\"https:\/\/hudo.com\/si\/aktualno\/evropski-potniki-med-njimi-tudi-dva-slovenca-z-ladje-diamond-princess-predvidoma-danes-proti-domu\/\" \/>\n<meta property=\"og:locale\" content=\"sl_SI\" \/>\n<meta property=\"og:type\" content=\"article\" \/>\n<meta property=\"og:title\" content=\"Evropski potniki, med njimi tudi dva Slovenca, z ladje Diamond Princess predvidoma danes proti domu - Hudo Slovenija\" \/>\n<meta property=\"og:description\" content=\"Italijansko voja\u0161ko letalo naj bi danes iz japonske Jokohame odpeljalo dr\u017eavljane \u010dlanic Evropske unije, ki so bili potniki kri\u017earke Diamond Princess in ki niso oku\u017eeni z novim koronavirusom. Po napovedih naj bi letalo poletelo popoldne, v Evropo pa prispelo v soboto. Na njem naj bi bila tudi dva slovenska dr\u017eavljana.\" \/>\n<meta property=\"og:url\" content=\"https:\/\/hudo.com\/si\/aktualno\/evropski-potniki-med-njimi-tudi-dva-slovenca-z-ladje-diamond-princess-predvidoma-danes-proti-domu\/\" \/>\n<meta property=\"og:site_name\" content=\"Hudo Slovenija\" \/>\n<meta property=\"article:publisher\" content=\"https:\/\/www.facebook.com\/hudo.si\" \/>\n<meta property=\"article:published_time\" content=\"2020-02-21T07:43:31+00:00\" \/>\n<meta property=\"og:image\" content=\"https:\/\/hudo.com\/si\/wp-content\/uploads\/sites\/2\/2020\/02\/profimedia-0496795656.jpg\" \/>\n\t<meta property=\"og:image:width\" content=\"1250\" \/>\n\t<meta property=\"og:image:height\" content=\"833\" \/>\n\t<meta property=\"og:image:type\" content=\"image\/jpeg\" \/>\n<meta name=\"author\" content=\"M. N., STA\" \/>\n<meta name=\"twitter:card\" content=\"summary_large_image\" \/>\n<meta name=\"twitter:creator\" content=\"@hudo_si\" \/>\n<meta name=\"twitter:site\" content=\"@hudo_si\" \/>\n<meta name=\"twitter:label1\" content=\"Written by\" \/>\n\t<meta name=\"twitter:data1\" content=\"M. N., STA\" \/>\n\t<meta name=\"twitter:label2\" content=\"Est. reading time\" \/>\n\t<meta name=\"twitter:data2\" content=\"1 minuta\" \/>\n<script type=\"application\/ld+json\" class=\"yoast-schema-graph\">{\"@context\":\"https:\/\/schema.org\",\"@graph\":[{\"@type\":\"Article\",\"@id\":\"https:\/\/hudo.com\/si\/aktualno\/evropski-potniki-med-njimi-tudi-dva-slovenca-z-ladje-diamond-princess-predvidoma-danes-proti-domu\/#article\",\"isPartOf\":{\"@id\":\"https:\/\/hudo.com\/si\/aktualno\/evropski-potniki-med-njimi-tudi-dva-slovenca-z-ladje-diamond-princess-predvidoma-danes-proti-domu\/\"},\"author\":{\"name\":\"M. N., STA\",\"@id\":\"https:\/\/hudo.com\/si\/#\/schema\/person\/c2f10ce65d2e6ede2aeda5be2a0611fa\"},\"headline\":\"Evropski potniki, med njimi tudi dva Slovenca, z ladje Diamond Princess predvidoma danes proti domu\",\"datePublished\":\"2020-02-21T07:43:31+00:00\",\"dateModified\":\"2020-02-21T07:43:31+00:00\",\"mainEntityOfPage\":{\"@id\":\"https:\/\/hudo.com\/si\/aktualno\/evropski-potniki-med-njimi-tudi-dva-slovenca-z-ladje-diamond-princess-predvidoma-danes-proti-domu\/\"},\"wordCount\":226,\"publisher\":{\"@id\":\"https:\/\/hudo.com\/si\/#organization\"},\"keywords\":[\"Diamond Princess\",\"koronavirus\",\"novi koronavirus\",\"Slovenija\"],\"articleSection\":[\"Aktualno\"],\"inLanguage\":\"sl-SI\"},{\"@type\":\"WebPage\",\"@id\":\"https:\/\/hudo.com\/si\/aktualno\/evropski-potniki-med-njimi-tudi-dva-slovenca-z-ladje-diamond-princess-predvidoma-danes-proti-domu\/\",\"url\":\"https:\/\/hudo.com\/si\/aktualno\/evropski-potniki-med-njimi-tudi-dva-slovenca-z-ladje-diamond-princess-predvidoma-danes-proti-domu\/\",\"name\":\"Evropski potniki, med njimi tudi dva Slovenca, z ladje Diamond Princess predvidoma danes proti domu - Hudo Slovenija\",\"isPartOf\":{\"@id\":\"https:\/\/hudo.com\/si\/#website\"},\"datePublished\":\"2020-02-21T07:43:31+00:00\",\"dateModified\":\"2020-02-21T07:43:31+00:00\",\"breadcrumb\":{\"@id\":\"https:\/\/hudo.com\/si\/aktualno\/evropski-potniki-med-njimi-tudi-dva-slovenca-z-ladje-diamond-princess-predvidoma-danes-proti-domu\/#breadcrumb\"},\"inLanguage\":\"sl-SI\",\"potentialAction\":[{\"@type\":\"ReadAction\",\"target\":[\"https:\/\/hudo.com\/si\/aktualno\/evropski-potniki-med-njimi-tudi-dva-slovenca-z-ladje-diamond-princess-predvidoma-danes-proti-domu\/\"]}]},{\"@type\":\"BreadcrumbList\",\"@id\":\"https:\/\/hudo.com\/si\/aktualno\/evropski-potniki-med-njimi-tudi-dva-slovenca-z-ladje-diamond-princess-predvidoma-danes-proti-domu\/#breadcrumb\",\"itemListElement\":[{\"@type\":\"ListItem\",\"position\":1,\"name\":\"Home\",\"item\":\"https:\/\/hudo.com\/si\/\"},{\"@type\":\"ListItem\",\"position\":2,\"name\":\"Evropski potniki, med njimi tudi dva Slovenca, z ladje Diamond Princess predvidoma danes proti domu\"}]},{\"@type\":\"WebSite\",\"@id\":\"https:\/\/hudo.com\/si\/#website\",\"url\":\"https:\/\/hudo.com\/si\/\",\"name\":\"Hudo Slovenija\",\"description\":\"Vse novice iz Slovenije in sveta\",\"publisher\":{\"@id\":\"https:\/\/hudo.com\/si\/#organization\"},\"potentialAction\":[{\"@type\":\"SearchAction\",\"target\":{\"@type\":\"EntryPoint\",\"urlTemplate\":\"https:\/\/hudo.com\/si\/?s={search_term_string}\"},\"query-input\":\"required name=search_term_string\"}],\"inLanguage\":\"sl-SI\"},{\"@type\":\"Organization\",\"@id\":\"https:\/\/hudo.com\/si\/#organization\",\"name\":\"VSN Media\",\"url\":\"https:\/\/hudo.com\/si\/\",\"logo\":{\"@type\":\"ImageObject\",\"inLanguage\":\"sl-SI\",\"@id\":\"https:\/\/hudo.com\/si\/#\/schema\/logo\/image\/\",\"url\":\"https:\/\/hudo.com\/si\/wp-content\/uploads\/sites\/2\/2021\/03\/hudo-app-2.png\",\"contentUrl\":\"https:\/\/hudo.com\/si\/wp-content\/uploads\/sites\/2\/2021\/03\/hudo-app-2.png\",\"width\":2185,\"height\":2167,\"caption\":\"VSN Media\"},\"image\":{\"@id\":\"https:\/\/hudo.com\/si\/#\/schema\/logo\/image\/\"},\"sameAs\":[\"https:\/\/www.facebook.com\/hudo.si\",\"https:\/\/twitter.com\/hudo_si\"]},{\"@type\":\"Person\",\"@id\":\"https:\/\/hudo.com\/si\/#\/schema\/person\/c2f10ce65d2e6ede2aeda5be2a0611fa\",\"name\":\"M. N., STA\",\"image\":{\"@type\":\"ImageObject\",\"inLanguage\":\"sl-SI\",\"@id\":\"https:\/\/hudo.com\/si\/#\/schema\/person\/image\/\",\"url\":\"https:\/\/secure.gravatar.com\/avatar\/f370d38daa10467f755c5c766a4cac20?s=96&d=mm&r=g\",\"contentUrl\":\"https:\/\/secure.gravatar.com\/avatar\/f370d38daa10467f755c5c766a4cac20?s=96&d=mm&r=g\",\"caption\":\"M. N., STA\"},\"url\":\"https:\/\/hudo.com\/si\/author\/mana\/\"}]}<\/script>\n<!-- \/ Yoast SEO plugin. -->","yoast_head_json":{"title":"Evropski potniki, med njimi tudi dva Slovenca, z ladje Diamond Princess predvidoma danes proti domu - Hudo Slovenija","robots":{"index":"index","follow":"follow","max-snippet":"max-snippet:-1","max-image-preview":"max-image-preview:large","max-video-preview":"max-video-preview:-1"},"canonical":"https:\/\/hudo.com\/si\/aktualno\/evropski-potniki-med-njimi-tudi-dva-slovenca-z-ladje-diamond-princess-predvidoma-danes-proti-domu\/","og_locale":"sl_SI","og_type":"article","og_title":"Evropski potniki, med njimi tudi dva Slovenca, z ladje Diamond Princess predvidoma danes proti domu - Hudo Slovenija","og_description":"Italijansko voja\u0161ko letalo naj bi danes iz japonske Jokohame odpeljalo dr\u017eavljane \u010dlanic Evropske unije, ki so bili potniki kri\u017earke Diamond Princess in ki niso oku\u017eeni z novim koronavirusom. Po napovedih naj bi letalo poletelo popoldne, v Evropo pa prispelo v soboto. Na njem naj bi bila tudi dva slovenska dr\u017eavljana.","og_url":"https:\/\/hudo.com\/si\/aktualno\/evropski-potniki-med-njimi-tudi-dva-slovenca-z-ladje-diamond-princess-predvidoma-danes-proti-domu\/","og_site_name":"Hudo Slovenija","article_publisher":"https:\/\/www.facebook.com\/hudo.si","article_published_time":"2020-02-21T07:43:31+00:00","og_image":[{"width":1250,"height":833,"url":"https:\/\/hudo.com\/si\/wp-content\/uploads\/sites\/2\/2020\/02\/profimedia-0496795656.jpg","type":"image\/jpeg"}],"author":"M. N., STA","twitter_card":"summary_large_image","twitter_creator":"@hudo_si","twitter_site":"@hudo_si","twitter_misc":{"Written by":"M. N., STA","Est. reading time":"1 minuta"},"schema":{"@context":"https:\/\/schema.org","@graph":[{"@type":"Article","@id":"https:\/\/hudo.com\/si\/aktualno\/evropski-potniki-med-njimi-tudi-dva-slovenca-z-ladje-diamond-princess-predvidoma-danes-proti-domu\/#article","isPartOf":{"@id":"https:\/\/hudo.com\/si\/aktualno\/evropski-potniki-med-njimi-tudi-dva-slovenca-z-ladje-diamond-princess-predvidoma-danes-proti-domu\/"},"author":{"name":"M. N., STA","@id":"https:\/\/hudo.com\/si\/#\/schema\/person\/c2f10ce65d2e6ede2aeda5be2a0611fa"},"headline":"Evropski potniki, med njimi tudi dva Slovenca, z ladje Diamond Princess predvidoma danes proti domu","datePublished":"2020-02-21T07:43:31+00:00","dateModified":"2020-02-21T07:43:31+00:00","mainEntityOfPage":{"@id":"https:\/\/hudo.com\/si\/aktualno\/evropski-potniki-med-njimi-tudi-dva-slovenca-z-ladje-diamond-princess-predvidoma-danes-proti-domu\/"},"wordCount":226,"publisher":{"@id":"https:\/\/hudo.com\/si\/#organization"},"keywords":["Diamond Princess","koronavirus","novi koronavirus","Slovenija"],"articleSection":["Aktualno"],"inLanguage":"sl-SI"},{"@type":"WebPage","@id":"https:\/\/hudo.com\/si\/aktualno\/evropski-potniki-med-njimi-tudi-dva-slovenca-z-ladje-diamond-princess-predvidoma-danes-proti-domu\/","url":"https:\/\/hudo.com\/si\/aktualno\/evropski-potniki-med-njimi-tudi-dva-slovenca-z-ladje-diamond-princess-predvidoma-danes-proti-domu\/","name":"Evropski potniki, med njimi tudi dva Slovenca, z ladje Diamond Princess predvidoma danes proti domu - Hudo Slovenija","isPartOf":{"@id":"https:\/\/hudo.com\/si\/#website"},"datePublished":"2020-02-21T07:43:31+00:00","dateModified":"2020-02-21T07:43:31+00:00","breadcrumb":{"@id":"https:\/\/hudo.com\/si\/aktualno\/evropski-potniki-med-njimi-tudi-dva-slovenca-z-ladje-diamond-princess-predvidoma-danes-proti-domu\/#breadcrumb"},"inLanguage":"sl-SI","potentialAction":[{"@type":"ReadAction","target":["https:\/\/hudo.com\/si\/aktualno\/evropski-potniki-med-njimi-tudi-dva-slovenca-z-ladje-diamond-princess-predvidoma-danes-proti-domu\/"]}]},{"@type":"BreadcrumbList","@id":"https:\/\/hudo.com\/si\/aktualno\/evropski-potniki-med-njimi-tudi-dva-slovenca-z-ladje-diamond-princess-predvidoma-danes-proti-domu\/#breadcrumb","itemListElement":[{"@type":"ListItem","position":1,"name":"Home","item":"https:\/\/hudo.com\/si\/"},{"@type":"ListItem","position":2,"name":"Evropski potniki, med njimi tudi dva Slovenca, z ladje Diamond Princess predvidoma danes proti domu"}]},{"@type":"WebSite","@id":"https:\/\/hudo.com\/si\/#website","url":"https:\/\/hudo.com\/si\/","name":"Hudo Slovenija","description":"Vse novice iz Slovenije in sveta","publisher":{"@id":"https:\/\/hudo.com\/si\/#organization"},"potentialAction":[{"@type":"SearchAction","target":{"@type":"EntryPoint","urlTemplate":"https:\/\/hudo.com\/si\/?s={search_term_string}"},"query-input":"required name=search_term_string"}],"inLanguage":"sl-SI"},{"@type":"Organization","@id":"https:\/\/hudo.com\/si\/#organization","name":"VSN Media","url":"https:\/\/hudo.com\/si\/","logo":{"@type":"ImageObject","inLanguage":"sl-SI","@id":"https:\/\/hudo.com\/si\/#\/schema\/logo\/image\/","url":"https:\/\/hudo.com\/si\/wp-content\/uploads\/sites\/2\/2021\/03\/hudo-app-2.png","contentUrl":"https:\/\/hudo.com\/si\/wp-content\/uploads\/sites\/2\/2021\/03\/hudo-app-2.png","width":2185,"height":2167,"caption":"VSN Media"},"image":{"@id":"https:\/\/hudo.com\/si\/#\/schema\/logo\/image\/"},"sameAs":["https:\/\/www.facebook.com\/hudo.si","https:\/\/twitter.com\/hudo_si"]},{"@type":"Person","@id":"https:\/\/hudo.com\/si\/#\/schema\/person\/c2f10ce65d2e6ede2aeda5be2a0611fa","name":"M. N., STA","image":{"@type":"ImageObject","inLanguage":"sl-SI","@id":"https:\/\/hudo.com\/si\/#\/schema\/person\/image\/","url":"https:\/\/secure.gravatar.com\/avatar\/f370d38daa10467f755c5c766a4cac20?s=96&d=mm&r=g","contentUrl":"https:\/\/secure.gravatar.com\/avatar\/f370d38daa10467f755c5c766a4cac20?s=96&d=mm&r=g","caption":"M. N., STA"},"url":"https:\/\/hudo.com\/si\/author\/mana\/"}]}},"amp_enabled":true,"_links":{"self":[{"href":"https:\/\/hudo.com\/si\/wp-json\/wp\/v2\/posts\/416615"}],"collection":[{"href":"https:\/\/hudo.com\/si\/wp-json\/wp\/v2\/posts"}],"about":[{"href":"https:\/\/hudo.com\/si\/wp-json\/wp\/v2\/types\/post"}],"author":[{"embeddable":true,"href":"https:\/\/hudo.com\/si\/wp-json\/wp\/v2\/users\/8"}],"replies":[{"embeddable":true,"href":"https:\/\/hudo.com\/si\/wp-json\/wp\/v2\/comments?post=416615"}],"version-history":[{"count":1,"href":"https:\/\/hudo.com\/si\/wp-json\/wp\/v2\/posts\/416615\/revisions"}],"predecessor-version":[{"id":416616,"href":"https:\/\/hudo.com\/si\/wp-json\/wp\/v2\/posts\/416615\/revisions\/416616"}],"wp:featuredmedia":[{"embeddable":true,"href":"https:\/\/hudo.com\/si\/wp-json\/wp\/v2\/media\/415659"}],"wp:attachment":[{"href":"https:\/\/hudo.com\/si\/wp-json\/wp\/v2\/media?parent=416615"}],"wp:term":[{"taxonomy":"category","embeddable":true,"href":"https:\/\/hudo.com\/si\/wp-json\/wp\/v2\/categories?post=416615"},{"taxonomy":"post_tag","embeddable":true,"href":"https:\/\/hudo.com\/si\/wp-json\/wp\/v2\/tags?post=416615"},{"taxonomy":"source","embeddable":true,"href":"https:\/\/hudo.com\/si\/wp-json\/wp\/v2\/source?post=416615"},{"taxonomy":"supertag","embeddable":true,"href":"https:\/\/hudo.com\/si\/wp-json\/wp\/v2\/supertag?post=416615"}],"curies":[{"name":"wp","href":"https:\/\/api.w.org\/{rel}","templated":true}]}}