{"id":417195,"date":"2020-02-29T09:10:26","date_gmt":"2020-02-29T08:10:26","guid":{"rendered":"http:\/\/hudo.com\/si\/?p=417195"},"modified":"2020-02-29T09:10:26","modified_gmt":"2020-02-29T08:10:26","slug":"vreme-oblacno-bo-v-severovzhodnih-krajih-bo-pihal-okrepljen-veter","status":"publish","type":"post","link":"https:\/\/hudo.com\/si\/aktualno\/vreme-oblacno-bo-v-severovzhodnih-krajih-bo-pihal-okrepljen-veter\/","title":{"rendered":"Vreme: Obla\u010dno bo, v severovzhodnih krajih bo pihal okrepljen veter"},"content":{"rendered":"<p>V nedeljo bo obla\u010dno, padavine bodo od zahoda \u010dez dan postopno zajele vso Slovenijo. Meja sne\u017eenja bo ve\u010dinoma nad 1200 metri, na severozahodu in severu lahko do okoli 900 metrov nadmorske vi\u0161ine. Pihal bo jugozahodnik, ob morju jugo. Najni\u017eje jutranje temperature bodo od 0 do 8, ob morju 10, najvi\u0161je dnevne od 7 do 13, na severozahodu od 1 do 4 stopinj.<\/p>\n<p>Opozorilo: Popoldne in zve\u010der bo pihal okrepljen jugozahodnik, ki bo zve\u010der predvsem v severovzhodnih krajih v sunkih presegal hitrost 70 kilometrov na uro. Slabel bo v drugi polovici no\u010di na nedeljo.<\/p>\n<p>Obeti: V no\u010di na ponedeljek bodo padavine prehodno ponehale, tudi veter bo prehodno oslabel. V ponedeljek bo na vzhodu zmerno, ob\u010dasno prete\u017eno obla\u010dno, drugod pa ve\u010dinoma obla\u010dno. Spet bo zapihal jugozahodnik. Dopoldne se bodo padavine pojavljale v zahodnih krajih, popoldne se bodo po\u010dasi \u0161irile proti vzhodu. V torek bo obla\u010dno in de\u017eevno, de\u017e bo \u010dez dan slabel. Nekoliko hladneje bo.<\/p>\n<p>Vremenska slika: Obmo\u010dje visokega zra\u010dnega tlaka nad srednjo Evropo in severnim Sredozemljem po\u010dasi slabi. Vremenska fronta se pomika \u010dez zahodno Evropo proti Alpam. Nad na\u0161e kraje od jugozahoda doteka vse bolj vla\u017een in nekoliko toplej\u0161i zrak.<\/p>\n<p>Napoved za sosednje pokrajine: Danes bo v krajih vzhodno od nas deloma son\u010dno, drugod se bo \u010dez dan od zahoda poobla\u010dilo. Zapihal bo jugozahodnik, ob severnem Jadranu jugo. V nedeljo bo prevladovalo obla\u010dno vreme. V krajih zahodno od nas bo dopoldne de\u017eevalo, \u010dez dan se bodo padavine po\u010dasi \u0161irile prti vzhodu. Pihal bo jugozahodnik, ob severnem Jadranu jugo.<\/p>\n<p>Napoved vpliva vremena na po\u010dutje: Danes se pri\u010dakuje zmerna obremenitev zaradi vremena, ki se bo kazala s pove\u010danim notranjim nemirom, razdra\u017eljivostjo, z manj\u0161imi motnjami v spanju in utrujenostjo. V nedeljo bo vremensko obremenitev ob\u010dutilo veliko ljudi. Pojavljala se bo v obliki slabega po\u010dutja, s pove\u010danim notranjim nemirom, razdra\u017eljivostjo, z motnjami v spanju, utrujenostjo in potrtostjo.<\/p>\n","protected":false},"excerpt":{"rendered":"<p>Danes bo na vzhodu delno jasno z ob\u010dasno pove\u010dano obla\u010dnostjo, drugod se bo od zahoda poobla\u010dilo. \u010cez dan bo zapihal jugozahodnik, ob morju jugo. Najvi\u0161je dnevne temperature bodo v Gornjesavski dolini okoli 6, drugod od 8 do 13 stopinj Celzija, je zapisano na spletnih straneh Agencije RS za okolje.<\/p>\n","protected":false},"author":8,"featured_media":416462,"comment_status":"closed","ping_status":"closed","sticky":false,"template":"","format":"standard","meta":{"footnotes":""},"categories":[1179],"tags":[1595,2149],"source":[4511],"supertag":[],"acf":[],"yoast_head":"<!-- This site is optimized with the Yoast SEO plugin v21.3 - https:\/\/yoast.com\/wordpress\/plugins\/seo\/ -->\n<title>Vreme: Obla\u010dno bo, v severovzhodnih krajih bo pihal okrepljen veter - Hudo Slovenija<\/title>\n<meta name=\"robots\" content=\"index, follow, max-snippet:-1, max-image-preview:large, max-video-preview:-1\" \/>\n<link rel=\"canonical\" href=\"https:\/\/hudo.com\/si\/aktualno\/vreme-oblacno-bo-v-severovzhodnih-krajih-bo-pihal-okrepljen-veter\/\" \/>\n<meta property=\"og:locale\" content=\"sl_SI\" \/>\n<meta property=\"og:type\" content=\"article\" \/>\n<meta property=\"og:title\" content=\"Vreme: Obla\u010dno bo, v severovzhodnih krajih bo pihal okrepljen veter - Hudo Slovenija\" \/>\n<meta property=\"og:description\" content=\"Danes bo na vzhodu delno jasno z ob\u010dasno pove\u010dano obla\u010dnostjo, drugod se bo od zahoda poobla\u010dilo. \u010cez dan bo zapihal jugozahodnik, ob morju jugo. Najvi\u0161je dnevne temperature bodo v Gornjesavski dolini okoli 6, drugod od 8 do 13 stopinj Celzija, je zapisano na spletnih straneh Agencije RS za okolje.\" \/>\n<meta property=\"og:url\" content=\"https:\/\/hudo.com\/si\/aktualno\/vreme-oblacno-bo-v-severovzhodnih-krajih-bo-pihal-okrepljen-veter\/\" \/>\n<meta property=\"og:site_name\" content=\"Hudo Slovenija\" \/>\n<meta property=\"article:publisher\" content=\"https:\/\/www.facebook.com\/hudo.si\" \/>\n<meta property=\"article:published_time\" content=\"2020-02-29T08:10:26+00:00\" \/>\n<meta property=\"og:image\" content=\"https:\/\/hudo.com\/si\/wp-content\/uploads\/sites\/2\/2020\/02\/profimedia-0039243427.jpg\" \/>\n\t<meta property=\"og:image:width\" content=\"1250\" \/>\n\t<meta property=\"og:image:height\" content=\"831\" \/>\n\t<meta property=\"og:image:type\" content=\"image\/jpeg\" \/>\n<meta name=\"author\" content=\"M. N., STA\" \/>\n<meta name=\"twitter:card\" content=\"summary_large_image\" \/>\n<meta name=\"twitter:creator\" content=\"@hudo_si\" \/>\n<meta name=\"twitter:site\" content=\"@hudo_si\" \/>\n<meta name=\"twitter:label1\" content=\"Written by\" \/>\n\t<meta name=\"twitter:data1\" content=\"M. N., STA\" \/>\n\t<meta name=\"twitter:label2\" content=\"Est. reading time\" \/>\n\t<meta name=\"twitter:data2\" content=\"2 minuti\" \/>\n<script type=\"application\/ld+json\" class=\"yoast-schema-graph\">{\"@context\":\"https:\/\/schema.org\",\"@graph\":[{\"@type\":\"Article\",\"@id\":\"https:\/\/hudo.com\/si\/aktualno\/vreme-oblacno-bo-v-severovzhodnih-krajih-bo-pihal-okrepljen-veter\/#article\",\"isPartOf\":{\"@id\":\"https:\/\/hudo.com\/si\/aktualno\/vreme-oblacno-bo-v-severovzhodnih-krajih-bo-pihal-okrepljen-veter\/\"},\"author\":{\"name\":\"M. N., STA\",\"@id\":\"https:\/\/hudo.com\/si\/#\/schema\/person\/c2f10ce65d2e6ede2aeda5be2a0611fa\"},\"headline\":\"Vreme: Obla\u010dno bo, v severovzhodnih krajih bo pihal okrepljen veter\",\"datePublished\":\"2020-02-29T08:10:26+00:00\",\"dateModified\":\"2020-02-29T08:10:26+00:00\",\"mainEntityOfPage\":{\"@id\":\"https:\/\/hudo.com\/si\/aktualno\/vreme-oblacno-bo-v-severovzhodnih-krajih-bo-pihal-okrepljen-veter\/\"},\"wordCount\":341,\"publisher\":{\"@id\":\"https:\/\/hudo.com\/si\/#organization\"},\"keywords\":[\"Slovenija\",\"vreme\"],\"articleSection\":[\"Aktualno\"],\"inLanguage\":\"sl-SI\"},{\"@type\":\"WebPage\",\"@id\":\"https:\/\/hudo.com\/si\/aktualno\/vreme-oblacno-bo-v-severovzhodnih-krajih-bo-pihal-okrepljen-veter\/\",\"url\":\"https:\/\/hudo.com\/si\/aktualno\/vreme-oblacno-bo-v-severovzhodnih-krajih-bo-pihal-okrepljen-veter\/\",\"name\":\"Vreme: Obla\u010dno bo, v severovzhodnih krajih bo pihal okrepljen veter - Hudo Slovenija\",\"isPartOf\":{\"@id\":\"https:\/\/hudo.com\/si\/#website\"},\"datePublished\":\"2020-02-29T08:10:26+00:00\",\"dateModified\":\"2020-02-29T08:10:26+00:00\",\"breadcrumb\":{\"@id\":\"https:\/\/hudo.com\/si\/aktualno\/vreme-oblacno-bo-v-severovzhodnih-krajih-bo-pihal-okrepljen-veter\/#breadcrumb\"},\"inLanguage\":\"sl-SI\",\"potentialAction\":[{\"@type\":\"ReadAction\",\"target\":[\"https:\/\/hudo.com\/si\/aktualno\/vreme-oblacno-bo-v-severovzhodnih-krajih-bo-pihal-okrepljen-veter\/\"]}]},{\"@type\":\"BreadcrumbList\",\"@id\":\"https:\/\/hudo.com\/si\/aktualno\/vreme-oblacno-bo-v-severovzhodnih-krajih-bo-pihal-okrepljen-veter\/#breadcrumb\",\"itemListElement\":[{\"@type\":\"ListItem\",\"position\":1,\"name\":\"Home\",\"item\":\"https:\/\/hudo.com\/si\/\"},{\"@type\":\"ListItem\",\"position\":2,\"name\":\"Vreme: Obla\u010dno bo, v severovzhodnih krajih bo pihal okrepljen veter\"}]},{\"@type\":\"WebSite\",\"@id\":\"https:\/\/hudo.com\/si\/#website\",\"url\":\"https:\/\/hudo.com\/si\/\",\"name\":\"Hudo Slovenija\",\"description\":\"Vse novice iz Slovenije in sveta\",\"publisher\":{\"@id\":\"https:\/\/hudo.com\/si\/#organization\"},\"potentialAction\":[{\"@type\":\"SearchAction\",\"target\":{\"@type\":\"EntryPoint\",\"urlTemplate\":\"https:\/\/hudo.com\/si\/?s={search_term_string}\"},\"query-input\":\"required name=search_term_string\"}],\"inLanguage\":\"sl-SI\"},{\"@type\":\"Organization\",\"@id\":\"https:\/\/hudo.com\/si\/#organization\",\"name\":\"VSN Media\",\"url\":\"https:\/\/hudo.com\/si\/\",\"logo\":{\"@type\":\"ImageObject\",\"inLanguage\":\"sl-SI\",\"@id\":\"https:\/\/hudo.com\/si\/#\/schema\/logo\/image\/\",\"url\":\"https:\/\/hudo.com\/si\/wp-content\/uploads\/sites\/2\/2021\/03\/hudo-app-2.png\",\"contentUrl\":\"https:\/\/hudo.com\/si\/wp-content\/uploads\/sites\/2\/2021\/03\/hudo-app-2.png\",\"width\":2185,\"height\":2167,\"caption\":\"VSN Media\"},\"image\":{\"@id\":\"https:\/\/hudo.com\/si\/#\/schema\/logo\/image\/\"},\"sameAs\":[\"https:\/\/www.facebook.com\/hudo.si\",\"https:\/\/twitter.com\/hudo_si\"]},{\"@type\":\"Person\",\"@id\":\"https:\/\/hudo.com\/si\/#\/schema\/person\/c2f10ce65d2e6ede2aeda5be2a0611fa\",\"name\":\"M. N., STA\",\"image\":{\"@type\":\"ImageObject\",\"inLanguage\":\"sl-SI\",\"@id\":\"https:\/\/hudo.com\/si\/#\/schema\/person\/image\/\",\"url\":\"https:\/\/secure.gravatar.com\/avatar\/f370d38daa10467f755c5c766a4cac20?s=96&d=mm&r=g\",\"contentUrl\":\"https:\/\/secure.gravatar.com\/avatar\/f370d38daa10467f755c5c766a4cac20?s=96&d=mm&r=g\",\"caption\":\"M. N., STA\"},\"url\":\"https:\/\/hudo.com\/si\/author\/mana\/\"}]}<\/script>\n<!-- \/ Yoast SEO plugin. -->","yoast_head_json":{"title":"Vreme: Obla\u010dno bo, v severovzhodnih krajih bo pihal okrepljen veter - Hudo Slovenija","robots":{"index":"index","follow":"follow","max-snippet":"max-snippet:-1","max-image-preview":"max-image-preview:large","max-video-preview":"max-video-preview:-1"},"canonical":"https:\/\/hudo.com\/si\/aktualno\/vreme-oblacno-bo-v-severovzhodnih-krajih-bo-pihal-okrepljen-veter\/","og_locale":"sl_SI","og_type":"article","og_title":"Vreme: Obla\u010dno bo, v severovzhodnih krajih bo pihal okrepljen veter - Hudo Slovenija","og_description":"Danes bo na vzhodu delno jasno z ob\u010dasno pove\u010dano obla\u010dnostjo, drugod se bo od zahoda poobla\u010dilo. \u010cez dan bo zapihal jugozahodnik, ob morju jugo. Najvi\u0161je dnevne temperature bodo v Gornjesavski dolini okoli 6, drugod od 8 do 13 stopinj Celzija, je zapisano na spletnih straneh Agencije RS za okolje.","og_url":"https:\/\/hudo.com\/si\/aktualno\/vreme-oblacno-bo-v-severovzhodnih-krajih-bo-pihal-okrepljen-veter\/","og_site_name":"Hudo Slovenija","article_publisher":"https:\/\/www.facebook.com\/hudo.si","article_published_time":"2020-02-29T08:10:26+00:00","og_image":[{"width":1250,"height":831,"url":"https:\/\/hudo.com\/si\/wp-content\/uploads\/sites\/2\/2020\/02\/profimedia-0039243427.jpg","type":"image\/jpeg"}],"author":"M. N., STA","twitter_card":"summary_large_image","twitter_creator":"@hudo_si","twitter_site":"@hudo_si","twitter_misc":{"Written by":"M. N., STA","Est. reading time":"2 minuti"},"schema":{"@context":"https:\/\/schema.org","@graph":[{"@type":"Article","@id":"https:\/\/hudo.com\/si\/aktualno\/vreme-oblacno-bo-v-severovzhodnih-krajih-bo-pihal-okrepljen-veter\/#article","isPartOf":{"@id":"https:\/\/hudo.com\/si\/aktualno\/vreme-oblacno-bo-v-severovzhodnih-krajih-bo-pihal-okrepljen-veter\/"},"author":{"name":"M. N., STA","@id":"https:\/\/hudo.com\/si\/#\/schema\/person\/c2f10ce65d2e6ede2aeda5be2a0611fa"},"headline":"Vreme: Obla\u010dno bo, v severovzhodnih krajih bo pihal okrepljen veter","datePublished":"2020-02-29T08:10:26+00:00","dateModified":"2020-02-29T08:10:26+00:00","mainEntityOfPage":{"@id":"https:\/\/hudo.com\/si\/aktualno\/vreme-oblacno-bo-v-severovzhodnih-krajih-bo-pihal-okrepljen-veter\/"},"wordCount":341,"publisher":{"@id":"https:\/\/hudo.com\/si\/#organization"},"keywords":["Slovenija","vreme"],"articleSection":["Aktualno"],"inLanguage":"sl-SI"},{"@type":"WebPage","@id":"https:\/\/hudo.com\/si\/aktualno\/vreme-oblacno-bo-v-severovzhodnih-krajih-bo-pihal-okrepljen-veter\/","url":"https:\/\/hudo.com\/si\/aktualno\/vreme-oblacno-bo-v-severovzhodnih-krajih-bo-pihal-okrepljen-veter\/","name":"Vreme: Obla\u010dno bo, v severovzhodnih krajih bo pihal okrepljen veter - Hudo Slovenija","isPartOf":{"@id":"https:\/\/hudo.com\/si\/#website"},"datePublished":"2020-02-29T08:10:26+00:00","dateModified":"2020-02-29T08:10:26+00:00","breadcrumb":{"@id":"https:\/\/hudo.com\/si\/aktualno\/vreme-oblacno-bo-v-severovzhodnih-krajih-bo-pihal-okrepljen-veter\/#breadcrumb"},"inLanguage":"sl-SI","potentialAction":[{"@type":"ReadAction","target":["https:\/\/hudo.com\/si\/aktualno\/vreme-oblacno-bo-v-severovzhodnih-krajih-bo-pihal-okrepljen-veter\/"]}]},{"@type":"BreadcrumbList","@id":"https:\/\/hudo.com\/si\/aktualno\/vreme-oblacno-bo-v-severovzhodnih-krajih-bo-pihal-okrepljen-veter\/#breadcrumb","itemListElement":[{"@type":"ListItem","position":1,"name":"Home","item":"https:\/\/hudo.com\/si\/"},{"@type":"ListItem","position":2,"name":"Vreme: Obla\u010dno bo, v severovzhodnih krajih bo pihal okrepljen veter"}]},{"@type":"WebSite","@id":"https:\/\/hudo.com\/si\/#website","url":"https:\/\/hudo.com\/si\/","name":"Hudo Slovenija","description":"Vse novice iz Slovenije in sveta","publisher":{"@id":"https:\/\/hudo.com\/si\/#organization"},"potentialAction":[{"@type":"SearchAction","target":{"@type":"EntryPoint","urlTemplate":"https:\/\/hudo.com\/si\/?s={search_term_string}"},"query-input":"required name=search_term_string"}],"inLanguage":"sl-SI"},{"@type":"Organization","@id":"https:\/\/hudo.com\/si\/#organization","name":"VSN Media","url":"https:\/\/hudo.com\/si\/","logo":{"@type":"ImageObject","inLanguage":"sl-SI","@id":"https:\/\/hudo.com\/si\/#\/schema\/logo\/image\/","url":"https:\/\/hudo.com\/si\/wp-content\/uploads\/sites\/2\/2021\/03\/hudo-app-2.png","contentUrl":"https:\/\/hudo.com\/si\/wp-content\/uploads\/sites\/2\/2021\/03\/hudo-app-2.png","width":2185,"height":2167,"caption":"VSN Media"},"image":{"@id":"https:\/\/hudo.com\/si\/#\/schema\/logo\/image\/"},"sameAs":["https:\/\/www.facebook.com\/hudo.si","https:\/\/twitter.com\/hudo_si"]},{"@type":"Person","@id":"https:\/\/hudo.com\/si\/#\/schema\/person\/c2f10ce65d2e6ede2aeda5be2a0611fa","name":"M. N., STA","image":{"@type":"ImageObject","inLanguage":"sl-SI","@id":"https:\/\/hudo.com\/si\/#\/schema\/person\/image\/","url":"https:\/\/secure.gravatar.com\/avatar\/f370d38daa10467f755c5c766a4cac20?s=96&d=mm&r=g","contentUrl":"https:\/\/secure.gravatar.com\/avatar\/f370d38daa10467f755c5c766a4cac20?s=96&d=mm&r=g","caption":"M. N., STA"},"url":"https:\/\/hudo.com\/si\/author\/mana\/"}]}},"amp_enabled":true,"_links":{"self":[{"href":"https:\/\/hudo.com\/si\/wp-json\/wp\/v2\/posts\/417195"}],"collection":[{"href":"https:\/\/hudo.com\/si\/wp-json\/wp\/v2\/posts"}],"about":[{"href":"https:\/\/hudo.com\/si\/wp-json\/wp\/v2\/types\/post"}],"author":[{"embeddable":true,"href":"https:\/\/hudo.com\/si\/wp-json\/wp\/v2\/users\/8"}],"replies":[{"embeddable":true,"href":"https:\/\/hudo.com\/si\/wp-json\/wp\/v2\/comments?post=417195"}],"version-history":[{"count":1,"href":"https:\/\/hudo.com\/si\/wp-json\/wp\/v2\/posts\/417195\/revisions"}],"predecessor-version":[{"id":417196,"href":"https:\/\/hudo.com\/si\/wp-json\/wp\/v2\/posts\/417195\/revisions\/417196"}],"wp:featuredmedia":[{"embeddable":true,"href":"https:\/\/hudo.com\/si\/wp-json\/wp\/v2\/media\/416462"}],"wp:attachment":[{"href":"https:\/\/hudo.com\/si\/wp-json\/wp\/v2\/media?parent=417195"}],"wp:term":[{"taxonomy":"category","embeddable":true,"href":"https:\/\/hudo.com\/si\/wp-json\/wp\/v2\/categories?post=417195"},{"taxonomy":"post_tag","embeddable":true,"href":"https:\/\/hudo.com\/si\/wp-json\/wp\/v2\/tags?post=417195"},{"taxonomy":"source","embeddable":true,"href":"https:\/\/hudo.com\/si\/wp-json\/wp\/v2\/source?post=417195"},{"taxonomy":"supertag","embeddable":true,"href":"https:\/\/hudo.com\/si\/wp-json\/wp\/v2\/supertag?post=417195"}],"curies":[{"name":"wp","href":"https:\/\/api.w.org\/{rel}","templated":true}]}}