{"id":417206,"date":"2020-02-29T11:54:13","date_gmt":"2020-02-29T10:54:13","guid":{"rendered":"http:\/\/hudo.com\/si\/?p=417206"},"modified":"2020-02-29T11:54:13","modified_gmt":"2020-02-29T10:54:13","slug":"erdogan-migrantom-pusca-prosto-pot-proti-evropi","status":"publish","type":"post","link":"https:\/\/hudo.com\/si\/aktualno\/erdogan-migrantom-pusca-prosto-pot-proti-evropi\/","title":{"rendered":"Erdogan migrantom pu\u0161\u010da prosto pot proti Evropi"},"content":{"rendered":"<p>&#8220;Kaj smo naredili v petek? Odprli smo vrata,&#8221; je dejal Erdogan v prvi izjavi, potem ko je bilo v Tur\u010diji v \u010detrtek ubitih 33 tur\u0161kih vojakov. &#8220;Teh vrat ne bomo zaprli, ker mora Evropska unija dr\u017eati svoje obljube,&#8221; je dodal.<\/p>\n<p>Da so tur\u0161ke oblasti odprle mejo z Evropo, je ve\u010d tur\u0161kih medijev poro\u010dalo \u017ee v petek. A na zunanjem ministrstvu v Ankari so te navedbe zavrnili.<\/p>\n<p>Po besedah tur\u0161kega predsednika se je na mejah Tur\u010dije z dr\u017eavami Evropske unije od petka nakopi\u010dilo 18.000 migrantov. Danes bi njihovo \u0161tevilo lahko doseglo \u017ee 30.000, je \u0161e dejal Erdogan.<\/p>\n<p>Gr\u010dija je potrdila, da na tur\u0161ko-gr\u0161ko mejo prihaja vse ve\u010d migrantov, ki jim sku\u0161ajo prepre\u010diti vstop v dr\u017eavo in s tem v EU.<\/p>\n<p>Gr\u0161ka vlada se je zaradi vse ve\u010djega \u0161tevila migrantov, ki prihajajo na gr\u0161ko-tur\u0161ko mejo, danes dopoldne se\u0161la na kriznem zasedanju. Tiskovni predstavnik gr\u0161ke vlade je po sre\u010danju sporo\u010dil, da je Gr\u010dija 4000 migrantom, ki so pri\u0161li iz Tur\u010dije, prepre\u010dila, da bi nezakonito vstopili na njeno ozemlje.<\/p>\n<p>Gr\u0161ki minister za obrambo Nikos Panagiotopulos je danes za gr\u0161ki radio Skai zatrdil, da bo Gr\u010dija \u0161e naprej okrepljeno nadzorovala mejo s Tur\u010dijo ter vztrajala pri prepovedi nezakonitih migracij v Evropo. Minister Ioanis Plakiotakis, pristojen za obalno stra\u017eo, pa je sporo\u010dil, da je Gr\u010dija poostrila tudi nadzor v Egejskem morju v o\u017eini blizu obale Tur\u010dije.<\/p>\n<p>Iz province Idlib na severu Sirije je v zadnjih dneh pred nasiljem zbe\u017ealo ve\u010d sto tiso\u010d beguncev, ki so se napotili proti meji s Tur\u010dijo. Ta sicer \u017ee gosti 3,6 milijona sirskih beguncev, kar predstavlja okoli \u0161tiri odstotke celotne prebivalstva v Tur\u010diji.<\/p>\n<p>Erdogan je v preteklosti \u017ee ve\u010dkrat zagrozil, da bo sirskim beguncem odprl meje z Evropo, \u010de ne bo pridobil zadostne podpore mednarodne skupnosti.<\/p>\n<p>EU je marca 2016 po dolgih in te\u017ekih pogajanjih s Tur\u010dijo sklenila dogovor o zajezitvi toka nezakonitih migracij v zameno za finan\u010dno pomo\u010d. V skladu z dogovorom je mogo\u010de vse nezakonite migrante, ki pridejo na gr\u0161ke otoke iz Tur\u010dije, vrniti nazaj v Tur\u010dijo. Za vsakega Sirca, ki ga vrnejo v Tur\u010dijo z gr\u0161kih otokov, lahko drugega Sirca zakonito preselijo iz Tur\u010dije v unijo.<\/p>\n","protected":false},"excerpt":{"rendered":"<p>Tur\u0161ki predsednik Recep Tayyip Erdogan je danes sporo\u010dil, da bo migrantom, ki so trenutno v Tur\u010diji, pustil potovati proti Evropi. Kot je poudaril v Istanbulu, Tur\u010dija ne zmore ve\u010d pritiska novega migrantskega vala iz Sirije, poro\u010da francoska tiskovna agencija AFP.<\/p>\n","protected":false},"author":8,"featured_media":414352,"comment_status":"closed","ping_status":"closed","sticky":false,"template":"","format":"standard","meta":{"footnotes":""},"categories":[1179],"tags":[15851,8878,1887],"source":[4511],"supertag":[6103],"acf":[],"yoast_head":"<!-- This site is optimized with the Yoast SEO plugin v21.3 - https:\/\/yoast.com\/wordpress\/plugins\/seo\/ -->\n<title>Erdogan migrantom pu\u0161\u010da prosto pot proti Evropi - Hudo Slovenija<\/title>\n<meta name=\"robots\" content=\"index, follow, max-snippet:-1, max-image-preview:large, max-video-preview:-1\" \/>\n<link rel=\"canonical\" href=\"https:\/\/hudo.com\/si\/aktualno\/erdogan-migrantom-pusca-prosto-pot-proti-evropi\/\" \/>\n<meta property=\"og:locale\" content=\"sl_SI\" \/>\n<meta property=\"og:type\" content=\"article\" \/>\n<meta property=\"og:title\" content=\"Erdogan migrantom pu\u0161\u010da prosto pot proti Evropi - Hudo Slovenija\" \/>\n<meta property=\"og:description\" content=\"Tur\u0161ki predsednik Recep Tayyip Erdogan je danes sporo\u010dil, da bo migrantom, ki so trenutno v Tur\u010diji, pustil potovati proti Evropi. Kot je poudaril v Istanbulu, Tur\u010dija ne zmore ve\u010d pritiska novega migrantskega vala iz Sirije, poro\u010da francoska tiskovna agencija AFP.\" \/>\n<meta property=\"og:url\" content=\"https:\/\/hudo.com\/si\/aktualno\/erdogan-migrantom-pusca-prosto-pot-proti-evropi\/\" \/>\n<meta property=\"og:site_name\" content=\"Hudo Slovenija\" \/>\n<meta property=\"article:publisher\" content=\"https:\/\/www.facebook.com\/hudo.si\" \/>\n<meta property=\"article:published_time\" content=\"2020-02-29T10:54:13+00:00\" \/>\n<meta property=\"og:image\" content=\"https:\/\/hudo.com\/si\/wp-content\/uploads\/sites\/2\/2020\/01\/profimedia-0493244700.jpg\" \/>\n\t<meta property=\"og:image:width\" content=\"1250\" \/>\n\t<meta property=\"og:image:height\" content=\"908\" \/>\n\t<meta property=\"og:image:type\" content=\"image\/jpeg\" \/>\n<meta name=\"author\" content=\"M. N., STA\" \/>\n<meta name=\"twitter:card\" content=\"summary_large_image\" \/>\n<meta name=\"twitter:creator\" content=\"@hudo_si\" \/>\n<meta name=\"twitter:site\" content=\"@hudo_si\" \/>\n<meta name=\"twitter:label1\" content=\"Written by\" \/>\n\t<meta name=\"twitter:data1\" content=\"M. N., STA\" \/>\n\t<meta name=\"twitter:label2\" content=\"Est. reading time\" \/>\n\t<meta name=\"twitter:data2\" content=\"2 minuti\" \/>\n<script type=\"application\/ld+json\" class=\"yoast-schema-graph\">{\"@context\":\"https:\/\/schema.org\",\"@graph\":[{\"@type\":\"Article\",\"@id\":\"https:\/\/hudo.com\/si\/aktualno\/erdogan-migrantom-pusca-prosto-pot-proti-evropi\/#article\",\"isPartOf\":{\"@id\":\"https:\/\/hudo.com\/si\/aktualno\/erdogan-migrantom-pusca-prosto-pot-proti-evropi\/\"},\"author\":{\"name\":\"M. N., STA\",\"@id\":\"https:\/\/hudo.com\/si\/#\/schema\/person\/c2f10ce65d2e6ede2aeda5be2a0611fa\"},\"headline\":\"Erdogan migrantom pu\u0161\u010da prosto pot proti Evropi\",\"datePublished\":\"2020-02-29T10:54:13+00:00\",\"dateModified\":\"2020-02-29T10:54:13+00:00\",\"mainEntityOfPage\":{\"@id\":\"https:\/\/hudo.com\/si\/aktualno\/erdogan-migrantom-pusca-prosto-pot-proti-evropi\/\"},\"wordCount\":401,\"publisher\":{\"@id\":\"https:\/\/hudo.com\/si\/#organization\"},\"keywords\":[\"imigranti\",\"Recep Tayyip Erdogan\",\"tur\u010dija\"],\"articleSection\":[\"Aktualno\"],\"inLanguage\":\"sl-SI\"},{\"@type\":\"WebPage\",\"@id\":\"https:\/\/hudo.com\/si\/aktualno\/erdogan-migrantom-pusca-prosto-pot-proti-evropi\/\",\"url\":\"https:\/\/hudo.com\/si\/aktualno\/erdogan-migrantom-pusca-prosto-pot-proti-evropi\/\",\"name\":\"Erdogan migrantom pu\u0161\u010da prosto pot proti Evropi - Hudo Slovenija\",\"isPartOf\":{\"@id\":\"https:\/\/hudo.com\/si\/#website\"},\"datePublished\":\"2020-02-29T10:54:13+00:00\",\"dateModified\":\"2020-02-29T10:54:13+00:00\",\"breadcrumb\":{\"@id\":\"https:\/\/hudo.com\/si\/aktualno\/erdogan-migrantom-pusca-prosto-pot-proti-evropi\/#breadcrumb\"},\"inLanguage\":\"sl-SI\",\"potentialAction\":[{\"@type\":\"ReadAction\",\"target\":[\"https:\/\/hudo.com\/si\/aktualno\/erdogan-migrantom-pusca-prosto-pot-proti-evropi\/\"]}]},{\"@type\":\"BreadcrumbList\",\"@id\":\"https:\/\/hudo.com\/si\/aktualno\/erdogan-migrantom-pusca-prosto-pot-proti-evropi\/#breadcrumb\",\"itemListElement\":[{\"@type\":\"ListItem\",\"position\":1,\"name\":\"Home\",\"item\":\"https:\/\/hudo.com\/si\/\"},{\"@type\":\"ListItem\",\"position\":2,\"name\":\"Erdogan migrantom pu\u0161\u010da prosto pot proti Evropi\"}]},{\"@type\":\"WebSite\",\"@id\":\"https:\/\/hudo.com\/si\/#website\",\"url\":\"https:\/\/hudo.com\/si\/\",\"name\":\"Hudo Slovenija\",\"description\":\"Vse novice iz Slovenije in sveta\",\"publisher\":{\"@id\":\"https:\/\/hudo.com\/si\/#organization\"},\"potentialAction\":[{\"@type\":\"SearchAction\",\"target\":{\"@type\":\"EntryPoint\",\"urlTemplate\":\"https:\/\/hudo.com\/si\/?s={search_term_string}\"},\"query-input\":\"required name=search_term_string\"}],\"inLanguage\":\"sl-SI\"},{\"@type\":\"Organization\",\"@id\":\"https:\/\/hudo.com\/si\/#organization\",\"name\":\"VSN Media\",\"url\":\"https:\/\/hudo.com\/si\/\",\"logo\":{\"@type\":\"ImageObject\",\"inLanguage\":\"sl-SI\",\"@id\":\"https:\/\/hudo.com\/si\/#\/schema\/logo\/image\/\",\"url\":\"https:\/\/hudo.com\/si\/wp-content\/uploads\/sites\/2\/2021\/03\/hudo-app-2.png\",\"contentUrl\":\"https:\/\/hudo.com\/si\/wp-content\/uploads\/sites\/2\/2021\/03\/hudo-app-2.png\",\"width\":2185,\"height\":2167,\"caption\":\"VSN Media\"},\"image\":{\"@id\":\"https:\/\/hudo.com\/si\/#\/schema\/logo\/image\/\"},\"sameAs\":[\"https:\/\/www.facebook.com\/hudo.si\",\"https:\/\/twitter.com\/hudo_si\"]},{\"@type\":\"Person\",\"@id\":\"https:\/\/hudo.com\/si\/#\/schema\/person\/c2f10ce65d2e6ede2aeda5be2a0611fa\",\"name\":\"M. N., STA\",\"image\":{\"@type\":\"ImageObject\",\"inLanguage\":\"sl-SI\",\"@id\":\"https:\/\/hudo.com\/si\/#\/schema\/person\/image\/\",\"url\":\"https:\/\/secure.gravatar.com\/avatar\/f370d38daa10467f755c5c766a4cac20?s=96&d=mm&r=g\",\"contentUrl\":\"https:\/\/secure.gravatar.com\/avatar\/f370d38daa10467f755c5c766a4cac20?s=96&d=mm&r=g\",\"caption\":\"M. N., STA\"},\"url\":\"https:\/\/hudo.com\/si\/author\/mana\/\"}]}<\/script>\n<!-- \/ Yoast SEO plugin. -->","yoast_head_json":{"title":"Erdogan migrantom pu\u0161\u010da prosto pot proti Evropi - Hudo Slovenija","robots":{"index":"index","follow":"follow","max-snippet":"max-snippet:-1","max-image-preview":"max-image-preview:large","max-video-preview":"max-video-preview:-1"},"canonical":"https:\/\/hudo.com\/si\/aktualno\/erdogan-migrantom-pusca-prosto-pot-proti-evropi\/","og_locale":"sl_SI","og_type":"article","og_title":"Erdogan migrantom pu\u0161\u010da prosto pot proti Evropi - Hudo Slovenija","og_description":"Tur\u0161ki predsednik Recep Tayyip Erdogan je danes sporo\u010dil, da bo migrantom, ki so trenutno v Tur\u010diji, pustil potovati proti Evropi. Kot je poudaril v Istanbulu, Tur\u010dija ne zmore ve\u010d pritiska novega migrantskega vala iz Sirije, poro\u010da francoska tiskovna agencija AFP.","og_url":"https:\/\/hudo.com\/si\/aktualno\/erdogan-migrantom-pusca-prosto-pot-proti-evropi\/","og_site_name":"Hudo Slovenija","article_publisher":"https:\/\/www.facebook.com\/hudo.si","article_published_time":"2020-02-29T10:54:13+00:00","og_image":[{"width":1250,"height":908,"url":"https:\/\/hudo.com\/si\/wp-content\/uploads\/sites\/2\/2020\/01\/profimedia-0493244700.jpg","type":"image\/jpeg"}],"author":"M. N., STA","twitter_card":"summary_large_image","twitter_creator":"@hudo_si","twitter_site":"@hudo_si","twitter_misc":{"Written by":"M. N., STA","Est. reading time":"2 minuti"},"schema":{"@context":"https:\/\/schema.org","@graph":[{"@type":"Article","@id":"https:\/\/hudo.com\/si\/aktualno\/erdogan-migrantom-pusca-prosto-pot-proti-evropi\/#article","isPartOf":{"@id":"https:\/\/hudo.com\/si\/aktualno\/erdogan-migrantom-pusca-prosto-pot-proti-evropi\/"},"author":{"name":"M. N., STA","@id":"https:\/\/hudo.com\/si\/#\/schema\/person\/c2f10ce65d2e6ede2aeda5be2a0611fa"},"headline":"Erdogan migrantom pu\u0161\u010da prosto pot proti Evropi","datePublished":"2020-02-29T10:54:13+00:00","dateModified":"2020-02-29T10:54:13+00:00","mainEntityOfPage":{"@id":"https:\/\/hudo.com\/si\/aktualno\/erdogan-migrantom-pusca-prosto-pot-proti-evropi\/"},"wordCount":401,"publisher":{"@id":"https:\/\/hudo.com\/si\/#organization"},"keywords":["imigranti","Recep Tayyip Erdogan","tur\u010dija"],"articleSection":["Aktualno"],"inLanguage":"sl-SI"},{"@type":"WebPage","@id":"https:\/\/hudo.com\/si\/aktualno\/erdogan-migrantom-pusca-prosto-pot-proti-evropi\/","url":"https:\/\/hudo.com\/si\/aktualno\/erdogan-migrantom-pusca-prosto-pot-proti-evropi\/","name":"Erdogan migrantom pu\u0161\u010da prosto pot proti Evropi - Hudo Slovenija","isPartOf":{"@id":"https:\/\/hudo.com\/si\/#website"},"datePublished":"2020-02-29T10:54:13+00:00","dateModified":"2020-02-29T10:54:13+00:00","breadcrumb":{"@id":"https:\/\/hudo.com\/si\/aktualno\/erdogan-migrantom-pusca-prosto-pot-proti-evropi\/#breadcrumb"},"inLanguage":"sl-SI","potentialAction":[{"@type":"ReadAction","target":["https:\/\/hudo.com\/si\/aktualno\/erdogan-migrantom-pusca-prosto-pot-proti-evropi\/"]}]},{"@type":"BreadcrumbList","@id":"https:\/\/hudo.com\/si\/aktualno\/erdogan-migrantom-pusca-prosto-pot-proti-evropi\/#breadcrumb","itemListElement":[{"@type":"ListItem","position":1,"name":"Home","item":"https:\/\/hudo.com\/si\/"},{"@type":"ListItem","position":2,"name":"Erdogan migrantom pu\u0161\u010da prosto pot proti Evropi"}]},{"@type":"WebSite","@id":"https:\/\/hudo.com\/si\/#website","url":"https:\/\/hudo.com\/si\/","name":"Hudo Slovenija","description":"Vse novice iz Slovenije in sveta","publisher":{"@id":"https:\/\/hudo.com\/si\/#organization"},"potentialAction":[{"@type":"SearchAction","target":{"@type":"EntryPoint","urlTemplate":"https:\/\/hudo.com\/si\/?s={search_term_string}"},"query-input":"required name=search_term_string"}],"inLanguage":"sl-SI"},{"@type":"Organization","@id":"https:\/\/hudo.com\/si\/#organization","name":"VSN Media","url":"https:\/\/hudo.com\/si\/","logo":{"@type":"ImageObject","inLanguage":"sl-SI","@id":"https:\/\/hudo.com\/si\/#\/schema\/logo\/image\/","url":"https:\/\/hudo.com\/si\/wp-content\/uploads\/sites\/2\/2021\/03\/hudo-app-2.png","contentUrl":"https:\/\/hudo.com\/si\/wp-content\/uploads\/sites\/2\/2021\/03\/hudo-app-2.png","width":2185,"height":2167,"caption":"VSN Media"},"image":{"@id":"https:\/\/hudo.com\/si\/#\/schema\/logo\/image\/"},"sameAs":["https:\/\/www.facebook.com\/hudo.si","https:\/\/twitter.com\/hudo_si"]},{"@type":"Person","@id":"https:\/\/hudo.com\/si\/#\/schema\/person\/c2f10ce65d2e6ede2aeda5be2a0611fa","name":"M. N., STA","image":{"@type":"ImageObject","inLanguage":"sl-SI","@id":"https:\/\/hudo.com\/si\/#\/schema\/person\/image\/","url":"https:\/\/secure.gravatar.com\/avatar\/f370d38daa10467f755c5c766a4cac20?s=96&d=mm&r=g","contentUrl":"https:\/\/secure.gravatar.com\/avatar\/f370d38daa10467f755c5c766a4cac20?s=96&d=mm&r=g","caption":"M. N., STA"},"url":"https:\/\/hudo.com\/si\/author\/mana\/"}]}},"amp_enabled":true,"_links":{"self":[{"href":"https:\/\/hudo.com\/si\/wp-json\/wp\/v2\/posts\/417206"}],"collection":[{"href":"https:\/\/hudo.com\/si\/wp-json\/wp\/v2\/posts"}],"about":[{"href":"https:\/\/hudo.com\/si\/wp-json\/wp\/v2\/types\/post"}],"author":[{"embeddable":true,"href":"https:\/\/hudo.com\/si\/wp-json\/wp\/v2\/users\/8"}],"replies":[{"embeddable":true,"href":"https:\/\/hudo.com\/si\/wp-json\/wp\/v2\/comments?post=417206"}],"version-history":[{"count":1,"href":"https:\/\/hudo.com\/si\/wp-json\/wp\/v2\/posts\/417206\/revisions"}],"predecessor-version":[{"id":417207,"href":"https:\/\/hudo.com\/si\/wp-json\/wp\/v2\/posts\/417206\/revisions\/417207"}],"wp:featuredmedia":[{"embeddable":true,"href":"https:\/\/hudo.com\/si\/wp-json\/wp\/v2\/media\/414352"}],"wp:attachment":[{"href":"https:\/\/hudo.com\/si\/wp-json\/wp\/v2\/media?parent=417206"}],"wp:term":[{"taxonomy":"category","embeddable":true,"href":"https:\/\/hudo.com\/si\/wp-json\/wp\/v2\/categories?post=417206"},{"taxonomy":"post_tag","embeddable":true,"href":"https:\/\/hudo.com\/si\/wp-json\/wp\/v2\/tags?post=417206"},{"taxonomy":"source","embeddable":true,"href":"https:\/\/hudo.com\/si\/wp-json\/wp\/v2\/source?post=417206"},{"taxonomy":"supertag","embeddable":true,"href":"https:\/\/hudo.com\/si\/wp-json\/wp\/v2\/supertag?post=417206"}],"curies":[{"name":"wp","href":"https:\/\/api.w.org\/{rel}","templated":true}]}}