{"id":417274,"date":"2020-03-02T09:20:20","date_gmt":"2020-03-02T08:20:20","guid":{"rendered":"http:\/\/hudo.com\/si\/?p=417274"},"modified":"2020-03-02T09:20:20","modified_gmt":"2020-03-02T08:20:20","slug":"vreme-dopoldne-povecini-soncno-popoldne-na-zahodu-dezevno","status":"publish","type":"post","link":"https:\/\/hudo.com\/si\/aktualno\/vreme-dopoldne-povecini-soncno-popoldne-na-zahodu-dezevno\/","title":{"rendered":"Vreme: Dopoldne pove\u010dini son\u010dno, popoldne na zahodu de\u017eevno"},"content":{"rendered":"<p>Najvi\u0161je dnevne temperature bodo od 10 do 15, v alpskih dolinah okoli 5 stopinj Celzija. Zve\u010der se bodo padavine na zahodu okrepile in pono\u010di raz\u0161irile nad ve\u010dji del Slovenije, na zahodu so mo\u017ene tudi nevihte. Meja sne\u017eenja bo na nadmorski vi\u0161ini okoli 1300 metrov. Ob morju bo pihal okrepljen jugo. Jutranje temperature bodo v alpskih dolinah okoli 0, drugod od 5 do 9, ob morju okoli 11 stopinj Celzija. V torek bo prete\u017eno obla\u010dno, pojavljale se bodo krajevne padavine, deloma plohe. Najvi\u0161je dnevne temperature bodo od 9 do 15, v alpskih dolinah okoli 4 stopinje Celzija. Popoldne se bo ohladilo.<\/p>\n<p>Obeti: V sredo bo spremenljivo obla\u010dno, padavine bodo zjutraj ponehale, popoldne se bo jasnilo. Na Primorskem bo zapihala \u0161ibka do zmerna burja. Tudi v \u010detrtek bo suho vreme.<\/p>\n<p>Vremenska slika: Nad Evropo je ve\u010d ciklonskih obmo\u010dij. Nova vremenska fronta se prek severnega Sredozemlja bli\u017ea Sloveniji. Pred njo k nam od jugozahoda priteka razmeroma topel in vla\u017een zrak.<\/p>\n<p>Napoved za sosednje pokrajine: V krajih vzhodno od nas se bo delno zjasnilo, drugod bo prete\u017eno obla\u010dno. Popoldne bo na severu Italije spet pri\u010delo de\u017eevati. Pihal bo jugozahodni veter, ob severnem Jadranu se bo zve\u010der okrepil jugo. V torek bo spremenljivo do prete\u017eno obla\u010dno s krajevnimi padavinami, tudi plohami.<\/p>\n<p>Biovreme: Dopoldne bo vpliv vremena na po\u010dutje ljudi ve\u010dinoma ugoden, popoldne pa zmerno obremenilen. V torek bo vpliv vremena na po\u010dutje obremenilen.<\/p>\n","protected":false},"excerpt":{"rendered":"<p>Danes bo sprva nastala \u0161e kak\u0161na ploha, zjutraj in dopoldne pa se bo ponekod delno razjasnilo. Popoldne se bo od zahoda spet poobla\u010dilo in predvsem v zahodnih krajih bo za\u010delo de\u017eevati. Pihal bo jugozahodni veter, ob morju se bo zve\u010der krepil jugo, je zapisano na spletnih straneh Agencije RS za okolje.<\/p>\n","protected":false},"author":5,"featured_media":416462,"comment_status":"closed","ping_status":"closed","sticky":false,"template":"","format":"standard","meta":{"footnotes":""},"categories":[1179],"tags":[1595,2149],"source":[4511],"supertag":[],"acf":[],"yoast_head":"<!-- This site is optimized with the Yoast SEO plugin v21.3 - https:\/\/yoast.com\/wordpress\/plugins\/seo\/ -->\n<title>Vreme: Dopoldne pove\u010dini son\u010dno, popoldne na zahodu de\u017eevno - Hudo Slovenija<\/title>\n<meta name=\"robots\" content=\"index, follow, max-snippet:-1, max-image-preview:large, max-video-preview:-1\" \/>\n<link rel=\"canonical\" href=\"https:\/\/hudo.com\/si\/aktualno\/vreme-dopoldne-povecini-soncno-popoldne-na-zahodu-dezevno\/\" \/>\n<meta property=\"og:locale\" content=\"sl_SI\" \/>\n<meta property=\"og:type\" content=\"article\" \/>\n<meta property=\"og:title\" content=\"Vreme: Dopoldne pove\u010dini son\u010dno, popoldne na zahodu de\u017eevno - Hudo Slovenija\" \/>\n<meta property=\"og:description\" content=\"Danes bo sprva nastala \u0161e kak\u0161na ploha, zjutraj in dopoldne pa se bo ponekod delno razjasnilo. Popoldne se bo od zahoda spet poobla\u010dilo in predvsem v zahodnih krajih bo za\u010delo de\u017eevati. Pihal bo jugozahodni veter, ob morju se bo zve\u010der krepil jugo, je zapisano na spletnih straneh Agencije RS za okolje.\" \/>\n<meta property=\"og:url\" content=\"https:\/\/hudo.com\/si\/aktualno\/vreme-dopoldne-povecini-soncno-popoldne-na-zahodu-dezevno\/\" \/>\n<meta property=\"og:site_name\" content=\"Hudo Slovenija\" \/>\n<meta property=\"article:publisher\" content=\"https:\/\/www.facebook.com\/hudo.si\" \/>\n<meta property=\"article:published_time\" content=\"2020-03-02T08:20:20+00:00\" \/>\n<meta property=\"og:image\" content=\"https:\/\/hudo.com\/si\/wp-content\/uploads\/sites\/2\/2020\/02\/profimedia-0039243427.jpg\" \/>\n\t<meta property=\"og:image:width\" content=\"1250\" \/>\n\t<meta property=\"og:image:height\" content=\"831\" \/>\n\t<meta property=\"og:image:type\" content=\"image\/jpeg\" \/>\n<meta name=\"author\" content=\"A. G., STA\" \/>\n<meta name=\"twitter:card\" content=\"summary_large_image\" \/>\n<meta name=\"twitter:creator\" content=\"@hudo_si\" \/>\n<meta name=\"twitter:site\" content=\"@hudo_si\" \/>\n<meta name=\"twitter:label1\" content=\"Written by\" \/>\n\t<meta name=\"twitter:data1\" content=\"A. G., STA\" \/>\n\t<meta name=\"twitter:label2\" content=\"Est. reading time\" \/>\n\t<meta name=\"twitter:data2\" content=\"1 minuta\" \/>\n<script type=\"application\/ld+json\" class=\"yoast-schema-graph\">{\"@context\":\"https:\/\/schema.org\",\"@graph\":[{\"@type\":\"Article\",\"@id\":\"https:\/\/hudo.com\/si\/aktualno\/vreme-dopoldne-povecini-soncno-popoldne-na-zahodu-dezevno\/#article\",\"isPartOf\":{\"@id\":\"https:\/\/hudo.com\/si\/aktualno\/vreme-dopoldne-povecini-soncno-popoldne-na-zahodu-dezevno\/\"},\"author\":{\"name\":\"A. G., STA\",\"@id\":\"https:\/\/hudo.com\/si\/#\/schema\/person\/2391667a63ea075ba94f2f2dc6b77537\"},\"headline\":\"Vreme: Dopoldne pove\u010dini son\u010dno, popoldne na zahodu de\u017eevno\",\"datePublished\":\"2020-03-02T08:20:20+00:00\",\"dateModified\":\"2020-03-02T08:20:20+00:00\",\"mainEntityOfPage\":{\"@id\":\"https:\/\/hudo.com\/si\/aktualno\/vreme-dopoldne-povecini-soncno-popoldne-na-zahodu-dezevno\/\"},\"wordCount\":253,\"publisher\":{\"@id\":\"https:\/\/hudo.com\/si\/#organization\"},\"keywords\":[\"Slovenija\",\"vreme\"],\"articleSection\":[\"Aktualno\"],\"inLanguage\":\"sl-SI\"},{\"@type\":\"WebPage\",\"@id\":\"https:\/\/hudo.com\/si\/aktualno\/vreme-dopoldne-povecini-soncno-popoldne-na-zahodu-dezevno\/\",\"url\":\"https:\/\/hudo.com\/si\/aktualno\/vreme-dopoldne-povecini-soncno-popoldne-na-zahodu-dezevno\/\",\"name\":\"Vreme: Dopoldne pove\u010dini son\u010dno, popoldne na zahodu de\u017eevno - Hudo Slovenija\",\"isPartOf\":{\"@id\":\"https:\/\/hudo.com\/si\/#website\"},\"datePublished\":\"2020-03-02T08:20:20+00:00\",\"dateModified\":\"2020-03-02T08:20:20+00:00\",\"breadcrumb\":{\"@id\":\"https:\/\/hudo.com\/si\/aktualno\/vreme-dopoldne-povecini-soncno-popoldne-na-zahodu-dezevno\/#breadcrumb\"},\"inLanguage\":\"sl-SI\",\"potentialAction\":[{\"@type\":\"ReadAction\",\"target\":[\"https:\/\/hudo.com\/si\/aktualno\/vreme-dopoldne-povecini-soncno-popoldne-na-zahodu-dezevno\/\"]}]},{\"@type\":\"BreadcrumbList\",\"@id\":\"https:\/\/hudo.com\/si\/aktualno\/vreme-dopoldne-povecini-soncno-popoldne-na-zahodu-dezevno\/#breadcrumb\",\"itemListElement\":[{\"@type\":\"ListItem\",\"position\":1,\"name\":\"Home\",\"item\":\"https:\/\/hudo.com\/si\/\"},{\"@type\":\"ListItem\",\"position\":2,\"name\":\"Vreme: Dopoldne pove\u010dini son\u010dno, popoldne na zahodu de\u017eevno\"}]},{\"@type\":\"WebSite\",\"@id\":\"https:\/\/hudo.com\/si\/#website\",\"url\":\"https:\/\/hudo.com\/si\/\",\"name\":\"Hudo Slovenija\",\"description\":\"Vse novice iz Slovenije in sveta\",\"publisher\":{\"@id\":\"https:\/\/hudo.com\/si\/#organization\"},\"potentialAction\":[{\"@type\":\"SearchAction\",\"target\":{\"@type\":\"EntryPoint\",\"urlTemplate\":\"https:\/\/hudo.com\/si\/?s={search_term_string}\"},\"query-input\":\"required name=search_term_string\"}],\"inLanguage\":\"sl-SI\"},{\"@type\":\"Organization\",\"@id\":\"https:\/\/hudo.com\/si\/#organization\",\"name\":\"VSN Media\",\"url\":\"https:\/\/hudo.com\/si\/\",\"logo\":{\"@type\":\"ImageObject\",\"inLanguage\":\"sl-SI\",\"@id\":\"https:\/\/hudo.com\/si\/#\/schema\/logo\/image\/\",\"url\":\"https:\/\/hudo.com\/si\/wp-content\/uploads\/sites\/2\/2021\/03\/hudo-app-2.png\",\"contentUrl\":\"https:\/\/hudo.com\/si\/wp-content\/uploads\/sites\/2\/2021\/03\/hudo-app-2.png\",\"width\":2185,\"height\":2167,\"caption\":\"VSN Media\"},\"image\":{\"@id\":\"https:\/\/hudo.com\/si\/#\/schema\/logo\/image\/\"},\"sameAs\":[\"https:\/\/www.facebook.com\/hudo.si\",\"https:\/\/twitter.com\/hudo_si\"]},{\"@type\":\"Person\",\"@id\":\"https:\/\/hudo.com\/si\/#\/schema\/person\/2391667a63ea075ba94f2f2dc6b77537\",\"name\":\"A. G., STA\",\"image\":{\"@type\":\"ImageObject\",\"inLanguage\":\"sl-SI\",\"@id\":\"https:\/\/hudo.com\/si\/#\/schema\/person\/image\/\",\"url\":\"https:\/\/secure.gravatar.com\/avatar\/e13d22ac3e442658d5025fbbe6238a79?s=96&d=mm&r=g\",\"contentUrl\":\"https:\/\/secure.gravatar.com\/avatar\/e13d22ac3e442658d5025fbbe6238a79?s=96&d=mm&r=g\",\"caption\":\"A. G., STA\"},\"url\":\"https:\/\/hudo.com\/si\/author\/alenka\/\"}]}<\/script>\n<!-- \/ Yoast SEO plugin. -->","yoast_head_json":{"title":"Vreme: Dopoldne pove\u010dini son\u010dno, popoldne na zahodu de\u017eevno - Hudo Slovenija","robots":{"index":"index","follow":"follow","max-snippet":"max-snippet:-1","max-image-preview":"max-image-preview:large","max-video-preview":"max-video-preview:-1"},"canonical":"https:\/\/hudo.com\/si\/aktualno\/vreme-dopoldne-povecini-soncno-popoldne-na-zahodu-dezevno\/","og_locale":"sl_SI","og_type":"article","og_title":"Vreme: Dopoldne pove\u010dini son\u010dno, popoldne na zahodu de\u017eevno - Hudo Slovenija","og_description":"Danes bo sprva nastala \u0161e kak\u0161na ploha, zjutraj in dopoldne pa se bo ponekod delno razjasnilo. Popoldne se bo od zahoda spet poobla\u010dilo in predvsem v zahodnih krajih bo za\u010delo de\u017eevati. Pihal bo jugozahodni veter, ob morju se bo zve\u010der krepil jugo, je zapisano na spletnih straneh Agencije RS za okolje.","og_url":"https:\/\/hudo.com\/si\/aktualno\/vreme-dopoldne-povecini-soncno-popoldne-na-zahodu-dezevno\/","og_site_name":"Hudo Slovenija","article_publisher":"https:\/\/www.facebook.com\/hudo.si","article_published_time":"2020-03-02T08:20:20+00:00","og_image":[{"width":1250,"height":831,"url":"https:\/\/hudo.com\/si\/wp-content\/uploads\/sites\/2\/2020\/02\/profimedia-0039243427.jpg","type":"image\/jpeg"}],"author":"A. G., STA","twitter_card":"summary_large_image","twitter_creator":"@hudo_si","twitter_site":"@hudo_si","twitter_misc":{"Written by":"A. G., STA","Est. reading time":"1 minuta"},"schema":{"@context":"https:\/\/schema.org","@graph":[{"@type":"Article","@id":"https:\/\/hudo.com\/si\/aktualno\/vreme-dopoldne-povecini-soncno-popoldne-na-zahodu-dezevno\/#article","isPartOf":{"@id":"https:\/\/hudo.com\/si\/aktualno\/vreme-dopoldne-povecini-soncno-popoldne-na-zahodu-dezevno\/"},"author":{"name":"A. G., STA","@id":"https:\/\/hudo.com\/si\/#\/schema\/person\/2391667a63ea075ba94f2f2dc6b77537"},"headline":"Vreme: Dopoldne pove\u010dini son\u010dno, popoldne na zahodu de\u017eevno","datePublished":"2020-03-02T08:20:20+00:00","dateModified":"2020-03-02T08:20:20+00:00","mainEntityOfPage":{"@id":"https:\/\/hudo.com\/si\/aktualno\/vreme-dopoldne-povecini-soncno-popoldne-na-zahodu-dezevno\/"},"wordCount":253,"publisher":{"@id":"https:\/\/hudo.com\/si\/#organization"},"keywords":["Slovenija","vreme"],"articleSection":["Aktualno"],"inLanguage":"sl-SI"},{"@type":"WebPage","@id":"https:\/\/hudo.com\/si\/aktualno\/vreme-dopoldne-povecini-soncno-popoldne-na-zahodu-dezevno\/","url":"https:\/\/hudo.com\/si\/aktualno\/vreme-dopoldne-povecini-soncno-popoldne-na-zahodu-dezevno\/","name":"Vreme: Dopoldne pove\u010dini son\u010dno, popoldne na zahodu de\u017eevno - Hudo Slovenija","isPartOf":{"@id":"https:\/\/hudo.com\/si\/#website"},"datePublished":"2020-03-02T08:20:20+00:00","dateModified":"2020-03-02T08:20:20+00:00","breadcrumb":{"@id":"https:\/\/hudo.com\/si\/aktualno\/vreme-dopoldne-povecini-soncno-popoldne-na-zahodu-dezevno\/#breadcrumb"},"inLanguage":"sl-SI","potentialAction":[{"@type":"ReadAction","target":["https:\/\/hudo.com\/si\/aktualno\/vreme-dopoldne-povecini-soncno-popoldne-na-zahodu-dezevno\/"]}]},{"@type":"BreadcrumbList","@id":"https:\/\/hudo.com\/si\/aktualno\/vreme-dopoldne-povecini-soncno-popoldne-na-zahodu-dezevno\/#breadcrumb","itemListElement":[{"@type":"ListItem","position":1,"name":"Home","item":"https:\/\/hudo.com\/si\/"},{"@type":"ListItem","position":2,"name":"Vreme: Dopoldne pove\u010dini son\u010dno, popoldne na zahodu de\u017eevno"}]},{"@type":"WebSite","@id":"https:\/\/hudo.com\/si\/#website","url":"https:\/\/hudo.com\/si\/","name":"Hudo Slovenija","description":"Vse novice iz Slovenije in sveta","publisher":{"@id":"https:\/\/hudo.com\/si\/#organization"},"potentialAction":[{"@type":"SearchAction","target":{"@type":"EntryPoint","urlTemplate":"https:\/\/hudo.com\/si\/?s={search_term_string}"},"query-input":"required name=search_term_string"}],"inLanguage":"sl-SI"},{"@type":"Organization","@id":"https:\/\/hudo.com\/si\/#organization","name":"VSN Media","url":"https:\/\/hudo.com\/si\/","logo":{"@type":"ImageObject","inLanguage":"sl-SI","@id":"https:\/\/hudo.com\/si\/#\/schema\/logo\/image\/","url":"https:\/\/hudo.com\/si\/wp-content\/uploads\/sites\/2\/2021\/03\/hudo-app-2.png","contentUrl":"https:\/\/hudo.com\/si\/wp-content\/uploads\/sites\/2\/2021\/03\/hudo-app-2.png","width":2185,"height":2167,"caption":"VSN Media"},"image":{"@id":"https:\/\/hudo.com\/si\/#\/schema\/logo\/image\/"},"sameAs":["https:\/\/www.facebook.com\/hudo.si","https:\/\/twitter.com\/hudo_si"]},{"@type":"Person","@id":"https:\/\/hudo.com\/si\/#\/schema\/person\/2391667a63ea075ba94f2f2dc6b77537","name":"A. G., STA","image":{"@type":"ImageObject","inLanguage":"sl-SI","@id":"https:\/\/hudo.com\/si\/#\/schema\/person\/image\/","url":"https:\/\/secure.gravatar.com\/avatar\/e13d22ac3e442658d5025fbbe6238a79?s=96&d=mm&r=g","contentUrl":"https:\/\/secure.gravatar.com\/avatar\/e13d22ac3e442658d5025fbbe6238a79?s=96&d=mm&r=g","caption":"A. G., STA"},"url":"https:\/\/hudo.com\/si\/author\/alenka\/"}]}},"amp_enabled":true,"_links":{"self":[{"href":"https:\/\/hudo.com\/si\/wp-json\/wp\/v2\/posts\/417274"}],"collection":[{"href":"https:\/\/hudo.com\/si\/wp-json\/wp\/v2\/posts"}],"about":[{"href":"https:\/\/hudo.com\/si\/wp-json\/wp\/v2\/types\/post"}],"author":[{"embeddable":true,"href":"https:\/\/hudo.com\/si\/wp-json\/wp\/v2\/users\/5"}],"replies":[{"embeddable":true,"href":"https:\/\/hudo.com\/si\/wp-json\/wp\/v2\/comments?post=417274"}],"version-history":[{"count":1,"href":"https:\/\/hudo.com\/si\/wp-json\/wp\/v2\/posts\/417274\/revisions"}],"predecessor-version":[{"id":417275,"href":"https:\/\/hudo.com\/si\/wp-json\/wp\/v2\/posts\/417274\/revisions\/417275"}],"wp:featuredmedia":[{"embeddable":true,"href":"https:\/\/hudo.com\/si\/wp-json\/wp\/v2\/media\/416462"}],"wp:attachment":[{"href":"https:\/\/hudo.com\/si\/wp-json\/wp\/v2\/media?parent=417274"}],"wp:term":[{"taxonomy":"category","embeddable":true,"href":"https:\/\/hudo.com\/si\/wp-json\/wp\/v2\/categories?post=417274"},{"taxonomy":"post_tag","embeddable":true,"href":"https:\/\/hudo.com\/si\/wp-json\/wp\/v2\/tags?post=417274"},{"taxonomy":"source","embeddable":true,"href":"https:\/\/hudo.com\/si\/wp-json\/wp\/v2\/source?post=417274"},{"taxonomy":"supertag","embeddable":true,"href":"https:\/\/hudo.com\/si\/wp-json\/wp\/v2\/supertag?post=417274"}],"curies":[{"name":"wp","href":"https:\/\/api.w.org\/{rel}","templated":true}]}}