{"id":417308,"date":"2020-03-02T11:12:21","date_gmt":"2020-03-02T10:12:21","guid":{"rendered":"https:\/\/hudo.com\/si\/2020\/03\/02\/mala-evropska-drzavica-je-kot-prva-na-svetu-uvedla-brezplacen-javni-prevoz\/"},"modified":"2020-03-02T11:12:21","modified_gmt":"2020-03-02T10:12:21","slug":"mala-evropska-drzavica-je-kot-prva-na-svetu-uvedla-brezplacen-javni-prevoz","status":"publish","type":"post","link":"https:\/\/hudo.com\/si\/lifestyle\/mala-evropska-drzavica-je-kot-prva-na-svetu-uvedla-brezplacen-javni-prevoz\/","title":{"rendered":"Mala evropska dr\u017eavica je kot prva na svetu uvedla brezpla\u010den javni prevoz"},"content":{"rendered":"<figure>\n\t\t\t\t\t<img loading=\"lazy\" decoding=\"async\" width=\"660\" height=\"320\" src=\"image\/gif;base64,R0lGODlhAQABAAAAACH5BAEKAAEALAAAAAABAAEAAAICTAEAOw==\" class=\"lazyload\" \/><figcaption>foto:Profimedia<\/figcaption><\/figure>\n<p>Ukrep, ki je za\u010del veljati v soboto, je v prvi vrsti namenjen zmanj\u0161anju gostote prometa, ki v Luksemburgu velja za zelo problemati\u010dno. Luksembur\u017eani se na poslovne poti v 47 odstotkih primerov odpravijo z avtomobilom, v prostem \u010dasu pa s tem prevoznim sredstvom opravijo 71 odstotkov poti.<\/p>\n<p>Gne\u010da je \u0161e posebej velika v prestolnici te majhne dr\u017eave, kjer razmere dodatno poslab\u0161uje dejstvo, da prebivalci \u017ee leta \u010dakajo na vzpostavitev tramvajskega omre\u017eja.<\/p>\n<p>Brezpla\u010dni javni prevoz so doslej \u017ee uvedla nekatera mesta, v luksembur\u0161kem primeru pa gre po navedbah tamkaj\u0161njega ministrstva za promet za prvo tovrstno potezo na ravni dr\u017eave.<\/p>\n<p>V Luksemburgu je vozovnica za javni promet doslej stala dva evra. \u0160e naprej bodo pla\u010dljive vozovnice za vo\u017enjo v prvem razredu vlakov in na nekaterih no\u010dnih linijah avtobusov.<\/p>\n","protected":false},"excerpt":{"rendered":"<p>Luksemburg je postal prva dr\u017eava na svetu z brezpla\u010dnim javnim prevozom. Ukrep je del na\u010drta za zmanj\u0161anje gostote prometa, imel pa bo tudi socialne u\u010dinke, saj naj bi gospodinjstvom letno prihranil okoli 100 evrov, je poro\u010dala francoska tiskovna agencija AFP.<\/p>\n","protected":false},"author":1,"featured_media":417309,"comment_status":"closed","ping_status":"closed","sticky":false,"template":"","format":"standard","meta":{"footnotes":""},"categories":[1091],"tags":[2171,6660,4432],"source":[1522,7312,1518],"supertag":[],"acf":[],"yoast_head":"<!-- This site is optimized with the Yoast SEO plugin v21.3 - https:\/\/yoast.com\/wordpress\/plugins\/seo\/ -->\n<title>Mala evropska dr\u017eavica je kot prva na svetu uvedla brezpla\u010den javni prevoz - Hudo Slovenija<\/title>\n<meta name=\"robots\" content=\"index, follow, max-snippet:-1, max-image-preview:large, max-video-preview:-1\" \/>\n<link rel=\"canonical\" href=\"https:\/\/hudo.com\/si\/lifestyle\/mala-evropska-drzavica-je-kot-prva-na-svetu-uvedla-brezplacen-javni-prevoz\/\" \/>\n<meta property=\"og:locale\" content=\"sl_SI\" \/>\n<meta property=\"og:type\" content=\"article\" \/>\n<meta property=\"og:title\" content=\"Mala evropska dr\u017eavica je kot prva na svetu uvedla brezpla\u010den javni prevoz - Hudo Slovenija\" \/>\n<meta property=\"og:description\" content=\"Luksemburg je postal prva dr\u017eava na svetu z brezpla\u010dnim javnim prevozom. Ukrep je del na\u010drta za zmanj\u0161anje gostote prometa, imel pa bo tudi socialne u\u010dinke, saj naj bi gospodinjstvom letno prihranil okoli 100 evrov, je poro\u010dala francoska tiskovna agencija AFP.\" \/>\n<meta property=\"og:url\" content=\"https:\/\/hudo.com\/si\/lifestyle\/mala-evropska-drzavica-je-kot-prva-na-svetu-uvedla-brezplacen-javni-prevoz\/\" \/>\n<meta property=\"og:site_name\" content=\"Hudo Slovenija\" \/>\n<meta property=\"article:publisher\" content=\"https:\/\/www.facebook.com\/hudo.si\" \/>\n<meta property=\"article:published_time\" content=\"2020-03-02T10:12:21+00:00\" \/>\n<meta property=\"og:image\" content=\"https:\/\/hudo.com\/si\/wp-content\/uploads\/sites\/2\/2020\/03\/profimedia-0081959925.jpg\" \/>\n\t<meta property=\"og:image:width\" content=\"1250\" \/>\n\t<meta property=\"og:image:height\" content=\"833\" \/>\n\t<meta property=\"og:image:type\" content=\"image\/jpeg\" \/>\n<meta name=\"author\" content=\"hudo\" \/>\n<meta name=\"twitter:card\" content=\"summary_large_image\" \/>\n<meta name=\"twitter:creator\" content=\"@hudo_si\" \/>\n<meta name=\"twitter:site\" content=\"@hudo_si\" \/>\n<meta name=\"twitter:label1\" content=\"Written by\" \/>\n\t<meta name=\"twitter:data1\" content=\"hudo\" \/>\n\t<meta name=\"twitter:label2\" content=\"Est. reading time\" \/>\n\t<meta name=\"twitter:data2\" content=\"1 minuta\" \/>\n<script type=\"application\/ld+json\" class=\"yoast-schema-graph\">{\"@context\":\"https:\/\/schema.org\",\"@graph\":[{\"@type\":\"Article\",\"@id\":\"https:\/\/hudo.com\/si\/lifestyle\/mala-evropska-drzavica-je-kot-prva-na-svetu-uvedla-brezplacen-javni-prevoz\/#article\",\"isPartOf\":{\"@id\":\"https:\/\/hudo.com\/si\/lifestyle\/mala-evropska-drzavica-je-kot-prva-na-svetu-uvedla-brezplacen-javni-prevoz\/\"},\"author\":{\"name\":\"hudo\",\"@id\":\"https:\/\/hudo.com\/si\/#\/schema\/person\/601cf3379633985b20f7e50f2bb47707\"},\"headline\":\"Mala evropska dr\u017eavica je kot prva na svetu uvedla brezpla\u010den javni prevoz\",\"datePublished\":\"2020-03-02T10:12:21+00:00\",\"dateModified\":\"2020-03-02T10:12:21+00:00\",\"mainEntityOfPage\":{\"@id\":\"https:\/\/hudo.com\/si\/lifestyle\/mala-evropska-drzavica-je-kot-prva-na-svetu-uvedla-brezplacen-javni-prevoz\/\"},\"wordCount\":154,\"publisher\":{\"@id\":\"https:\/\/hudo.com\/si\/#organization\"},\"keywords\":[\"ekologija\",\"luksemburg\",\"promet\"],\"articleSection\":[\"Lifestyle\"],\"inLanguage\":\"sl-SI\"},{\"@type\":\"WebPage\",\"@id\":\"https:\/\/hudo.com\/si\/lifestyle\/mala-evropska-drzavica-je-kot-prva-na-svetu-uvedla-brezplacen-javni-prevoz\/\",\"url\":\"https:\/\/hudo.com\/si\/lifestyle\/mala-evropska-drzavica-je-kot-prva-na-svetu-uvedla-brezplacen-javni-prevoz\/\",\"name\":\"Mala evropska dr\u017eavica je kot prva na svetu uvedla brezpla\u010den javni prevoz - Hudo Slovenija\",\"isPartOf\":{\"@id\":\"https:\/\/hudo.com\/si\/#website\"},\"datePublished\":\"2020-03-02T10:12:21+00:00\",\"dateModified\":\"2020-03-02T10:12:21+00:00\",\"breadcrumb\":{\"@id\":\"https:\/\/hudo.com\/si\/lifestyle\/mala-evropska-drzavica-je-kot-prva-na-svetu-uvedla-brezplacen-javni-prevoz\/#breadcrumb\"},\"inLanguage\":\"sl-SI\",\"potentialAction\":[{\"@type\":\"ReadAction\",\"target\":[\"https:\/\/hudo.com\/si\/lifestyle\/mala-evropska-drzavica-je-kot-prva-na-svetu-uvedla-brezplacen-javni-prevoz\/\"]}]},{\"@type\":\"BreadcrumbList\",\"@id\":\"https:\/\/hudo.com\/si\/lifestyle\/mala-evropska-drzavica-je-kot-prva-na-svetu-uvedla-brezplacen-javni-prevoz\/#breadcrumb\",\"itemListElement\":[{\"@type\":\"ListItem\",\"position\":1,\"name\":\"Home\",\"item\":\"https:\/\/hudo.com\/si\/\"},{\"@type\":\"ListItem\",\"position\":2,\"name\":\"Mala evropska dr\u017eavica je kot prva na svetu uvedla brezpla\u010den javni prevoz\"}]},{\"@type\":\"WebSite\",\"@id\":\"https:\/\/hudo.com\/si\/#website\",\"url\":\"https:\/\/hudo.com\/si\/\",\"name\":\"Hudo Slovenija\",\"description\":\"Vse novice iz Slovenije in sveta\",\"publisher\":{\"@id\":\"https:\/\/hudo.com\/si\/#organization\"},\"potentialAction\":[{\"@type\":\"SearchAction\",\"target\":{\"@type\":\"EntryPoint\",\"urlTemplate\":\"https:\/\/hudo.com\/si\/?s={search_term_string}\"},\"query-input\":\"required name=search_term_string\"}],\"inLanguage\":\"sl-SI\"},{\"@type\":\"Organization\",\"@id\":\"https:\/\/hudo.com\/si\/#organization\",\"name\":\"VSN Media\",\"url\":\"https:\/\/hudo.com\/si\/\",\"logo\":{\"@type\":\"ImageObject\",\"inLanguage\":\"sl-SI\",\"@id\":\"https:\/\/hudo.com\/si\/#\/schema\/logo\/image\/\",\"url\":\"https:\/\/hudo.com\/si\/wp-content\/uploads\/sites\/2\/2021\/03\/hudo-app-2.png\",\"contentUrl\":\"https:\/\/hudo.com\/si\/wp-content\/uploads\/sites\/2\/2021\/03\/hudo-app-2.png\",\"width\":2185,\"height\":2167,\"caption\":\"VSN Media\"},\"image\":{\"@id\":\"https:\/\/hudo.com\/si\/#\/schema\/logo\/image\/\"},\"sameAs\":[\"https:\/\/www.facebook.com\/hudo.si\",\"https:\/\/twitter.com\/hudo_si\"]},{\"@type\":\"Person\",\"@id\":\"https:\/\/hudo.com\/si\/#\/schema\/person\/601cf3379633985b20f7e50f2bb47707\",\"name\":\"hudo\",\"image\":{\"@type\":\"ImageObject\",\"inLanguage\":\"sl-SI\",\"@id\":\"https:\/\/hudo.com\/si\/#\/schema\/person\/image\/\",\"url\":\"https:\/\/secure.gravatar.com\/avatar\/c4ca25fa72cace7a696b52ff5db9e095?s=96&d=mm&r=g\",\"contentUrl\":\"https:\/\/secure.gravatar.com\/avatar\/c4ca25fa72cace7a696b52ff5db9e095?s=96&d=mm&r=g\",\"caption\":\"hudo\"},\"url\":\"https:\/\/hudo.com\/si\/author\/hudo\/\"}]}<\/script>\n<!-- \/ Yoast SEO plugin. -->","yoast_head_json":{"title":"Mala evropska dr\u017eavica je kot prva na svetu uvedla brezpla\u010den javni prevoz - Hudo Slovenija","robots":{"index":"index","follow":"follow","max-snippet":"max-snippet:-1","max-image-preview":"max-image-preview:large","max-video-preview":"max-video-preview:-1"},"canonical":"https:\/\/hudo.com\/si\/lifestyle\/mala-evropska-drzavica-je-kot-prva-na-svetu-uvedla-brezplacen-javni-prevoz\/","og_locale":"sl_SI","og_type":"article","og_title":"Mala evropska dr\u017eavica je kot prva na svetu uvedla brezpla\u010den javni prevoz - Hudo Slovenija","og_description":"Luksemburg je postal prva dr\u017eava na svetu z brezpla\u010dnim javnim prevozom. Ukrep je del na\u010drta za zmanj\u0161anje gostote prometa, imel pa bo tudi socialne u\u010dinke, saj naj bi gospodinjstvom letno prihranil okoli 100 evrov, je poro\u010dala francoska tiskovna agencija AFP.","og_url":"https:\/\/hudo.com\/si\/lifestyle\/mala-evropska-drzavica-je-kot-prva-na-svetu-uvedla-brezplacen-javni-prevoz\/","og_site_name":"Hudo Slovenija","article_publisher":"https:\/\/www.facebook.com\/hudo.si","article_published_time":"2020-03-02T10:12:21+00:00","og_image":[{"width":1250,"height":833,"url":"https:\/\/hudo.com\/si\/wp-content\/uploads\/sites\/2\/2020\/03\/profimedia-0081959925.jpg","type":"image\/jpeg"}],"author":"hudo","twitter_card":"summary_large_image","twitter_creator":"@hudo_si","twitter_site":"@hudo_si","twitter_misc":{"Written by":"hudo","Est. reading time":"1 minuta"},"schema":{"@context":"https:\/\/schema.org","@graph":[{"@type":"Article","@id":"https:\/\/hudo.com\/si\/lifestyle\/mala-evropska-drzavica-je-kot-prva-na-svetu-uvedla-brezplacen-javni-prevoz\/#article","isPartOf":{"@id":"https:\/\/hudo.com\/si\/lifestyle\/mala-evropska-drzavica-je-kot-prva-na-svetu-uvedla-brezplacen-javni-prevoz\/"},"author":{"name":"hudo","@id":"https:\/\/hudo.com\/si\/#\/schema\/person\/601cf3379633985b20f7e50f2bb47707"},"headline":"Mala evropska dr\u017eavica je kot prva na svetu uvedla brezpla\u010den javni prevoz","datePublished":"2020-03-02T10:12:21+00:00","dateModified":"2020-03-02T10:12:21+00:00","mainEntityOfPage":{"@id":"https:\/\/hudo.com\/si\/lifestyle\/mala-evropska-drzavica-je-kot-prva-na-svetu-uvedla-brezplacen-javni-prevoz\/"},"wordCount":154,"publisher":{"@id":"https:\/\/hudo.com\/si\/#organization"},"keywords":["ekologija","luksemburg","promet"],"articleSection":["Lifestyle"],"inLanguage":"sl-SI"},{"@type":"WebPage","@id":"https:\/\/hudo.com\/si\/lifestyle\/mala-evropska-drzavica-je-kot-prva-na-svetu-uvedla-brezplacen-javni-prevoz\/","url":"https:\/\/hudo.com\/si\/lifestyle\/mala-evropska-drzavica-je-kot-prva-na-svetu-uvedla-brezplacen-javni-prevoz\/","name":"Mala evropska dr\u017eavica je kot prva na svetu uvedla brezpla\u010den javni prevoz - Hudo Slovenija","isPartOf":{"@id":"https:\/\/hudo.com\/si\/#website"},"datePublished":"2020-03-02T10:12:21+00:00","dateModified":"2020-03-02T10:12:21+00:00","breadcrumb":{"@id":"https:\/\/hudo.com\/si\/lifestyle\/mala-evropska-drzavica-je-kot-prva-na-svetu-uvedla-brezplacen-javni-prevoz\/#breadcrumb"},"inLanguage":"sl-SI","potentialAction":[{"@type":"ReadAction","target":["https:\/\/hudo.com\/si\/lifestyle\/mala-evropska-drzavica-je-kot-prva-na-svetu-uvedla-brezplacen-javni-prevoz\/"]}]},{"@type":"BreadcrumbList","@id":"https:\/\/hudo.com\/si\/lifestyle\/mala-evropska-drzavica-je-kot-prva-na-svetu-uvedla-brezplacen-javni-prevoz\/#breadcrumb","itemListElement":[{"@type":"ListItem","position":1,"name":"Home","item":"https:\/\/hudo.com\/si\/"},{"@type":"ListItem","position":2,"name":"Mala evropska dr\u017eavica je kot prva na svetu uvedla brezpla\u010den javni prevoz"}]},{"@type":"WebSite","@id":"https:\/\/hudo.com\/si\/#website","url":"https:\/\/hudo.com\/si\/","name":"Hudo Slovenija","description":"Vse novice iz Slovenije in sveta","publisher":{"@id":"https:\/\/hudo.com\/si\/#organization"},"potentialAction":[{"@type":"SearchAction","target":{"@type":"EntryPoint","urlTemplate":"https:\/\/hudo.com\/si\/?s={search_term_string}"},"query-input":"required name=search_term_string"}],"inLanguage":"sl-SI"},{"@type":"Organization","@id":"https:\/\/hudo.com\/si\/#organization","name":"VSN Media","url":"https:\/\/hudo.com\/si\/","logo":{"@type":"ImageObject","inLanguage":"sl-SI","@id":"https:\/\/hudo.com\/si\/#\/schema\/logo\/image\/","url":"https:\/\/hudo.com\/si\/wp-content\/uploads\/sites\/2\/2021\/03\/hudo-app-2.png","contentUrl":"https:\/\/hudo.com\/si\/wp-content\/uploads\/sites\/2\/2021\/03\/hudo-app-2.png","width":2185,"height":2167,"caption":"VSN Media"},"image":{"@id":"https:\/\/hudo.com\/si\/#\/schema\/logo\/image\/"},"sameAs":["https:\/\/www.facebook.com\/hudo.si","https:\/\/twitter.com\/hudo_si"]},{"@type":"Person","@id":"https:\/\/hudo.com\/si\/#\/schema\/person\/601cf3379633985b20f7e50f2bb47707","name":"hudo","image":{"@type":"ImageObject","inLanguage":"sl-SI","@id":"https:\/\/hudo.com\/si\/#\/schema\/person\/image\/","url":"https:\/\/secure.gravatar.com\/avatar\/c4ca25fa72cace7a696b52ff5db9e095?s=96&d=mm&r=g","contentUrl":"https:\/\/secure.gravatar.com\/avatar\/c4ca25fa72cace7a696b52ff5db9e095?s=96&d=mm&r=g","caption":"hudo"},"url":"https:\/\/hudo.com\/si\/author\/hudo\/"}]}},"amp_enabled":true,"_links":{"self":[{"href":"https:\/\/hudo.com\/si\/wp-json\/wp\/v2\/posts\/417308"}],"collection":[{"href":"https:\/\/hudo.com\/si\/wp-json\/wp\/v2\/posts"}],"about":[{"href":"https:\/\/hudo.com\/si\/wp-json\/wp\/v2\/types\/post"}],"author":[{"embeddable":true,"href":"https:\/\/hudo.com\/si\/wp-json\/wp\/v2\/users\/1"}],"replies":[{"embeddable":true,"href":"https:\/\/hudo.com\/si\/wp-json\/wp\/v2\/comments?post=417308"}],"version-history":[{"count":0,"href":"https:\/\/hudo.com\/si\/wp-json\/wp\/v2\/posts\/417308\/revisions"}],"wp:featuredmedia":[{"embeddable":true,"href":"https:\/\/hudo.com\/si\/wp-json\/wp\/v2\/media\/417309"}],"wp:attachment":[{"href":"https:\/\/hudo.com\/si\/wp-json\/wp\/v2\/media?parent=417308"}],"wp:term":[{"taxonomy":"category","embeddable":true,"href":"https:\/\/hudo.com\/si\/wp-json\/wp\/v2\/categories?post=417308"},{"taxonomy":"post_tag","embeddable":true,"href":"https:\/\/hudo.com\/si\/wp-json\/wp\/v2\/tags?post=417308"},{"taxonomy":"source","embeddable":true,"href":"https:\/\/hudo.com\/si\/wp-json\/wp\/v2\/source?post=417308"},{"taxonomy":"supertag","embeddable":true,"href":"https:\/\/hudo.com\/si\/wp-json\/wp\/v2\/supertag?post=417308"}],"curies":[{"name":"wp","href":"https:\/\/api.w.org\/{rel}","templated":true}]}}