{"id":417323,"date":"2020-03-02T17:38:33","date_gmt":"2020-03-02T16:38:33","guid":{"rendered":"http:\/\/hudo.com\/si\/?p=417323"},"modified":"2020-03-02T17:38:33","modified_gmt":"2020-03-02T16:38:33","slug":"smc-od-stranke-mira-cerarja-stranke-brez-mira-cerarja","status":"publish","type":"post","link":"https:\/\/hudo.com\/si\/aktualno\/smc-od-stranke-mira-cerarja-stranke-brez-mira-cerarja\/","title":{"rendered":"SMC: Od Stranke Mira Cerarja do stranke brez Mira Cerarja"},"content":{"rendered":"<p>Cerar, ki je tedaj kot pravni strokovnjak v javnosti u\u017eival velik ugled, je kot &#8220;nov obraz&#8221; na politi\u010dni parket stopil leta 2014 po odstopu vlade Alenke Bratu\u0161ek. Stranka Mira Cerarja je z obljubo o novih, bolj demokrati\u010dnih in eti\u010dnih praksah v politiki nastala dober mesec pred dr\u017eavnozborskimi volitvami, junija 2014. Na volitvah je dosegla rekorden izid in si s skoraj 35 odstotki volilnih glasov zagotovila 36 poslanskih mandatov. Cerar je bil izvoljen za predsednika vlade, ki sta jo poleg njegove stranke sestavljali \u0161e SD in DeSUS.<\/p>\n<h2><b>Razkol med strujami v stranki \u017ee kmalu po ustanovitvi<\/b><\/h2>\n<p>A so stranko \u017ee kmalu po volitvah za\u010deli pretresati notranji spori. Po razkolu med razli\u010dnimi strujami v stranki jo je zapustil nekdanji generalni sekretar LDS Peter Jamnikar, ki je imel pomembno vlogo pri gradnji terenske mre\u017ee SMC. Kmalu je iz stranke in njene poslanske skupine od\u0161el \u0161e eden bolj prepoznavnih poslancev SMC Bojan Dobov\u0161ek. Ta je skupaj z Jamnikarjem ustanovil stranko Dobra dr\u017eava, iz katere so danes sporo\u010dili, da bi bil izstop Cerarja iz SMC potreben \u017ee po volitvah leta 2014, saj da je tedaj skrenil iz osnovnih usmeritev stranke.<\/p>\n<p>Pozneje se je Cerar raz\u0161el \u0161e z nekaterimi politi\u010dnimi sopotniki, po volitvah 2018 denimo tudi z nekdanjim podpredsednikom SMC in nekdanjim predsednikom DZ Milanom Brglezom. Oktobra 2018 je iz stranke izstopila tudi nekdanja ministrica za notranje zadeve Vesna Gy\u00f6rk\u00f6s \u017dnidar. Je pa po drugi strani strank privabila tudi nekatere nove \u010dlane. Sredi prej\u0161njega mandata je v poslansko skupino vstopil Jani M\u00f6derndorfer, ki je danes edini \u010dlan sveta in poslanske skupine, ki javno nasprotuje vstopu SMC v Jan\u0161evo vlado.<\/p>\n<p>SMC, ki se je leto po nastanku preimenovala v Stranko modernega centra, se je ves \u010das spopadala z notranjimi nesoglasji, Cerarju pa so mnogi o\u010ditali neodlo\u010dnost in pomanjkanje avtoritete pri vodenju vlade. Javnomnenjska podpora stranki in vladi je kopnela, delo vlade pa so zaznamovali tudi spori s koalicijskimi partnerji ter pritiski razli\u010dnih dru\u017ebenih skupin. Tudi to naj bi botrovalo Cerarjevemu odstopu z mesta predsednika vlade tik pred iztekom mandata leta 2018, \u010deprav je Cerar odstop utemeljeval z razveljavitvijo referenduma o drugem tiru, ki je bil eden klju\u010dnih projektov njegove vlade.<\/p>\n<p>Na naslednjih volitvah leta 2018 je SMC dosegla precej slab\u0161i rezultat kot \u0161tiri leta prej, saj je osvojila zgolj deset poslanskih mest, a \u0161e vedno ve\u010d, kot so ji napovedovale javnomnenjske raziskave. Stranka je vstopila v koalicijo pod vodstvom predsednika LM\u0160 Marjana \u0160arca, Cerar pa je zasedel funkcijo zunanjega ministra.<\/p>\n<p>\u0160e slab\u0161i izid je SMC pod Cerarjevim vodstvom zabele\u017eila na lanskih volitvah v Evropski parlament, ko je dobila le 1,6 odstotka glasov, kar jo je uvrstilo na 12. mesto med 14 strankami in hkrati najslab\u0161e med parlamentarnimi strankami. Ob tako slabem izidu je Cerar napovedal svoj odhod z vrha SMC, \u017ee tedaj pa so se pojavila namigovanja, da ga bo nasledil Po\u010dival\u0161ek.<\/p>\n<h2><b>Odlo\u010ditev o vstopu v Jan\u0161evo vlado povod za Cerarjev izstop<\/b><\/h2>\n<p>To je se je zgodilo na kongresu septembra lani, ko so delegati Po\u010dival\u0161ka soglasno izvolili za novega predsednika stranke, Cerar pa je postal njen \u010dastni predsednik. A so se njune poti raz\u0161le po odlo\u010ditvi novega vodstva SMC, da vstopi v vlado pod vodstvom predsednika SDS Janeza Jan\u0161e.<\/p>\n<p>Danes je tako Cerar sporo\u010dil, da iz stranke izstopa, saj ne \u017eeli biti \u010dlan, kaj \u0161ele \u010dastni predsednik stranke, ki je ostala brez \u010dasti. Pozval je poslance SMC, naj za\u010dnejo misliti s svojo glavo. \u010ce se to ne zgodi, pa poziva \u010dlane SMC, ki \u017eelijo ostati zvesti ustanovnim vrednotam SMC, da teh vrednot ne izdajo in izstopijo iz stranke, &#8220;ki si ne zaslu\u017ei imena Stranka modernega centra&#8221;.<\/p>\n<p>Po\u010dival\u0161ek pa je Cerarjevo odlo\u010ditev danes pospremil z besedami, da stranke ne morejo konsolidirati, \u010de se vedno znova vra\u010dajo nazaj. Zato Cerarja, tudi \u010de bi ostal v SMC, ne bi predlagal za predsednika DZ v novih koalicijskih razmerjih, o \u010demer se je dolgo ugibalo. Odlo\u010ditev je bila te\u017eka, a nujna, ker moramo iti naprej, je povedal Po\u010dival\u0161ek.<\/p>\n<p>Odlo\u010ditev o vstopu v vlado pod Jan\u0161evim vodstvom je razburila tudi nekatere druge Cerarjeve politi\u010dne sopotnike. \u017de v \u010dasu koalicijskih pogajanj je iz stranke izstopila ministrica za delo in podpredsednica SMC Ksenija Klampfer. Eden od ustanovnih \u010dlanov SMC in nekdanji poslanec Dragan Mati\u0107 pa je opozoril, da stranka vstopa v zavezni\u0161tvo s politikom, &#8220;ki je antipod vsem dosedanjim vrednotam SMC&#8221;. \u010clane, ki ne podpirajo vstopa v vlado, je danes na dru\u017ebenem omre\u017eju Facebook pozval, naj iz stranke ne izstopajo posami\u010dno, pa\u010d pa naj skupaj pretehtajo nadaljnje korake.<\/p>\n","protected":false},"excerpt":{"rendered":"<p>SMC v koalicijo pod vodstvom prvaka SDS Janeza Jan\u0161e vstopa brez svojega ustanovitelja Mira Cerarja, ki je za stranko ob njenem nastanku zastavil svoje ime. Stranka se je prakti\u010dno od svoje ustanovitve spopadala z notranjimi nesoglasji, od rekordnega volilnega uspeha leta 2014 pa ji je tudi skopnela podpora javnosti.<\/p>\n","protected":false},"author":5,"featured_media":372770,"comment_status":"closed","ping_status":"closed","sticky":false,"template":"","format":"standard","meta":{"footnotes":""},"categories":[1179],"tags":[5580,2173,1595,4629],"source":[4511],"supertag":[],"acf":[],"yoast_head":"<!-- This site is optimized with the Yoast SEO plugin v21.3 - https:\/\/yoast.com\/wordpress\/plugins\/seo\/ -->\n<title>SMC: Od Stranke Mira Cerarja do stranke brez Mira Cerarja<\/title>\n<meta name=\"description\" content=\"SMC v koalicijo pod vodstvom prvaka SDS Janeza Jan\u0161e vstopa brez svojega ustanovitelja Mira Cerarja, ki je za stranko ob njenem nastanku zastavil svoje ime.\" \/>\n<meta name=\"robots\" content=\"index, follow, max-snippet:-1, max-image-preview:large, max-video-preview:-1\" \/>\n<link rel=\"canonical\" href=\"https:\/\/hudo.com\/si\/aktualno\/smc-od-stranke-mira-cerarja-stranke-brez-mira-cerarja\/\" \/>\n<meta property=\"og:locale\" content=\"sl_SI\" \/>\n<meta property=\"og:type\" content=\"article\" \/>\n<meta property=\"og:title\" content=\"SMC: Od Stranke Mira Cerarja do stranke brez Mira Cerarja\" \/>\n<meta property=\"og:description\" content=\"SMC v koalicijo pod vodstvom prvaka SDS Janeza Jan\u0161e vstopa brez svojega ustanovitelja Mira Cerarja, ki je za stranko ob njenem nastanku zastavil svoje ime.\" \/>\n<meta property=\"og:url\" content=\"https:\/\/hudo.com\/si\/aktualno\/smc-od-stranke-mira-cerarja-stranke-brez-mira-cerarja\/\" \/>\n<meta property=\"og:site_name\" content=\"Hudo Slovenija\" \/>\n<meta property=\"article:publisher\" content=\"https:\/\/www.facebook.com\/hudo.si\" \/>\n<meta property=\"article:published_time\" content=\"2020-03-02T16:38:33+00:00\" \/>\n<meta property=\"og:image\" content=\"https:\/\/hudo.com\/si\/wp-content\/uploads\/sites\/2\/2018\/06\/profimedia-0373743324.jpg\" \/>\n\t<meta property=\"og:image:width\" content=\"1250\" \/>\n\t<meta property=\"og:image:height\" content=\"833\" \/>\n\t<meta property=\"og:image:type\" content=\"image\/jpeg\" \/>\n<meta name=\"author\" content=\"A. G., STA\" \/>\n<meta name=\"twitter:card\" content=\"summary_large_image\" \/>\n<meta name=\"twitter:creator\" content=\"@hudo_si\" \/>\n<meta name=\"twitter:site\" content=\"@hudo_si\" \/>\n<meta name=\"twitter:label1\" content=\"Written by\" \/>\n\t<meta name=\"twitter:data1\" content=\"A. G., STA\" \/>\n\t<meta name=\"twitter:label2\" content=\"Est. reading time\" \/>\n\t<meta name=\"twitter:data2\" content=\"4 minute\" \/>\n<script type=\"application\/ld+json\" class=\"yoast-schema-graph\">{\"@context\":\"https:\/\/schema.org\",\"@graph\":[{\"@type\":\"Article\",\"@id\":\"https:\/\/hudo.com\/si\/aktualno\/smc-od-stranke-mira-cerarja-stranke-brez-mira-cerarja\/#article\",\"isPartOf\":{\"@id\":\"https:\/\/hudo.com\/si\/aktualno\/smc-od-stranke-mira-cerarja-stranke-brez-mira-cerarja\/\"},\"author\":{\"name\":\"A. G., STA\",\"@id\":\"https:\/\/hudo.com\/si\/#\/schema\/person\/2391667a63ea075ba94f2f2dc6b77537\"},\"headline\":\"SMC: Od Stranke Mira Cerarja do stranke brez Mira Cerarja\",\"datePublished\":\"2020-03-02T16:38:33+00:00\",\"dateModified\":\"2020-03-02T16:38:33+00:00\",\"mainEntityOfPage\":{\"@id\":\"https:\/\/hudo.com\/si\/aktualno\/smc-od-stranke-mira-cerarja-stranke-brez-mira-cerarja\/\"},\"wordCount\":787,\"publisher\":{\"@id\":\"https:\/\/hudo.com\/si\/#organization\"},\"keywords\":[\"izstop\",\"Miro Cerar\",\"Slovenija\",\"SMC\"],\"articleSection\":[\"Aktualno\"],\"inLanguage\":\"sl-SI\"},{\"@type\":\"WebPage\",\"@id\":\"https:\/\/hudo.com\/si\/aktualno\/smc-od-stranke-mira-cerarja-stranke-brez-mira-cerarja\/\",\"url\":\"https:\/\/hudo.com\/si\/aktualno\/smc-od-stranke-mira-cerarja-stranke-brez-mira-cerarja\/\",\"name\":\"SMC: Od Stranke Mira Cerarja do stranke brez Mira Cerarja\",\"isPartOf\":{\"@id\":\"https:\/\/hudo.com\/si\/#website\"},\"datePublished\":\"2020-03-02T16:38:33+00:00\",\"dateModified\":\"2020-03-02T16:38:33+00:00\",\"description\":\"SMC v koalicijo pod vodstvom prvaka SDS Janeza Jan\u0161e vstopa brez svojega ustanovitelja Mira Cerarja, ki je za stranko ob njenem nastanku zastavil svoje ime.\",\"breadcrumb\":{\"@id\":\"https:\/\/hudo.com\/si\/aktualno\/smc-od-stranke-mira-cerarja-stranke-brez-mira-cerarja\/#breadcrumb\"},\"inLanguage\":\"sl-SI\",\"potentialAction\":[{\"@type\":\"ReadAction\",\"target\":[\"https:\/\/hudo.com\/si\/aktualno\/smc-od-stranke-mira-cerarja-stranke-brez-mira-cerarja\/\"]}]},{\"@type\":\"BreadcrumbList\",\"@id\":\"https:\/\/hudo.com\/si\/aktualno\/smc-od-stranke-mira-cerarja-stranke-brez-mira-cerarja\/#breadcrumb\",\"itemListElement\":[{\"@type\":\"ListItem\",\"position\":1,\"name\":\"Home\",\"item\":\"https:\/\/hudo.com\/si\/\"},{\"@type\":\"ListItem\",\"position\":2,\"name\":\"SMC: Od Stranke Mira Cerarja do stranke brez Mira Cerarja\"}]},{\"@type\":\"WebSite\",\"@id\":\"https:\/\/hudo.com\/si\/#website\",\"url\":\"https:\/\/hudo.com\/si\/\",\"name\":\"Hudo Slovenija\",\"description\":\"Vse novice iz Slovenije in sveta\",\"publisher\":{\"@id\":\"https:\/\/hudo.com\/si\/#organization\"},\"potentialAction\":[{\"@type\":\"SearchAction\",\"target\":{\"@type\":\"EntryPoint\",\"urlTemplate\":\"https:\/\/hudo.com\/si\/?s={search_term_string}\"},\"query-input\":\"required name=search_term_string\"}],\"inLanguage\":\"sl-SI\"},{\"@type\":\"Organization\",\"@id\":\"https:\/\/hudo.com\/si\/#organization\",\"name\":\"VSN Media\",\"url\":\"https:\/\/hudo.com\/si\/\",\"logo\":{\"@type\":\"ImageObject\",\"inLanguage\":\"sl-SI\",\"@id\":\"https:\/\/hudo.com\/si\/#\/schema\/logo\/image\/\",\"url\":\"https:\/\/hudo.com\/si\/wp-content\/uploads\/sites\/2\/2021\/03\/hudo-app-2.png\",\"contentUrl\":\"https:\/\/hudo.com\/si\/wp-content\/uploads\/sites\/2\/2021\/03\/hudo-app-2.png\",\"width\":2185,\"height\":2167,\"caption\":\"VSN Media\"},\"image\":{\"@id\":\"https:\/\/hudo.com\/si\/#\/schema\/logo\/image\/\"},\"sameAs\":[\"https:\/\/www.facebook.com\/hudo.si\",\"https:\/\/twitter.com\/hudo_si\"]},{\"@type\":\"Person\",\"@id\":\"https:\/\/hudo.com\/si\/#\/schema\/person\/2391667a63ea075ba94f2f2dc6b77537\",\"name\":\"A. G., STA\",\"image\":{\"@type\":\"ImageObject\",\"inLanguage\":\"sl-SI\",\"@id\":\"https:\/\/hudo.com\/si\/#\/schema\/person\/image\/\",\"url\":\"https:\/\/secure.gravatar.com\/avatar\/e13d22ac3e442658d5025fbbe6238a79?s=96&d=mm&r=g\",\"contentUrl\":\"https:\/\/secure.gravatar.com\/avatar\/e13d22ac3e442658d5025fbbe6238a79?s=96&d=mm&r=g\",\"caption\":\"A. G., STA\"},\"url\":\"https:\/\/hudo.com\/si\/author\/alenka\/\"}]}<\/script>\n<!-- \/ Yoast SEO plugin. -->","yoast_head_json":{"title":"SMC: Od Stranke Mira Cerarja do stranke brez Mira Cerarja","description":"SMC v koalicijo pod vodstvom prvaka SDS Janeza Jan\u0161e vstopa brez svojega ustanovitelja Mira Cerarja, ki je za stranko ob njenem nastanku zastavil svoje ime.","robots":{"index":"index","follow":"follow","max-snippet":"max-snippet:-1","max-image-preview":"max-image-preview:large","max-video-preview":"max-video-preview:-1"},"canonical":"https:\/\/hudo.com\/si\/aktualno\/smc-od-stranke-mira-cerarja-stranke-brez-mira-cerarja\/","og_locale":"sl_SI","og_type":"article","og_title":"SMC: Od Stranke Mira Cerarja do stranke brez Mira Cerarja","og_description":"SMC v koalicijo pod vodstvom prvaka SDS Janeza Jan\u0161e vstopa brez svojega ustanovitelja Mira Cerarja, ki je za stranko ob njenem nastanku zastavil svoje ime.","og_url":"https:\/\/hudo.com\/si\/aktualno\/smc-od-stranke-mira-cerarja-stranke-brez-mira-cerarja\/","og_site_name":"Hudo Slovenija","article_publisher":"https:\/\/www.facebook.com\/hudo.si","article_published_time":"2020-03-02T16:38:33+00:00","og_image":[{"width":1250,"height":833,"url":"https:\/\/hudo.com\/si\/wp-content\/uploads\/sites\/2\/2018\/06\/profimedia-0373743324.jpg","type":"image\/jpeg"}],"author":"A. G., STA","twitter_card":"summary_large_image","twitter_creator":"@hudo_si","twitter_site":"@hudo_si","twitter_misc":{"Written by":"A. G., STA","Est. reading time":"4 minute"},"schema":{"@context":"https:\/\/schema.org","@graph":[{"@type":"Article","@id":"https:\/\/hudo.com\/si\/aktualno\/smc-od-stranke-mira-cerarja-stranke-brez-mira-cerarja\/#article","isPartOf":{"@id":"https:\/\/hudo.com\/si\/aktualno\/smc-od-stranke-mira-cerarja-stranke-brez-mira-cerarja\/"},"author":{"name":"A. G., STA","@id":"https:\/\/hudo.com\/si\/#\/schema\/person\/2391667a63ea075ba94f2f2dc6b77537"},"headline":"SMC: Od Stranke Mira Cerarja do stranke brez Mira Cerarja","datePublished":"2020-03-02T16:38:33+00:00","dateModified":"2020-03-02T16:38:33+00:00","mainEntityOfPage":{"@id":"https:\/\/hudo.com\/si\/aktualno\/smc-od-stranke-mira-cerarja-stranke-brez-mira-cerarja\/"},"wordCount":787,"publisher":{"@id":"https:\/\/hudo.com\/si\/#organization"},"keywords":["izstop","Miro Cerar","Slovenija","SMC"],"articleSection":["Aktualno"],"inLanguage":"sl-SI"},{"@type":"WebPage","@id":"https:\/\/hudo.com\/si\/aktualno\/smc-od-stranke-mira-cerarja-stranke-brez-mira-cerarja\/","url":"https:\/\/hudo.com\/si\/aktualno\/smc-od-stranke-mira-cerarja-stranke-brez-mira-cerarja\/","name":"SMC: Od Stranke Mira Cerarja do stranke brez Mira Cerarja","isPartOf":{"@id":"https:\/\/hudo.com\/si\/#website"},"datePublished":"2020-03-02T16:38:33+00:00","dateModified":"2020-03-02T16:38:33+00:00","description":"SMC v koalicijo pod vodstvom prvaka SDS Janeza Jan\u0161e vstopa brez svojega ustanovitelja Mira Cerarja, ki je za stranko ob njenem nastanku zastavil svoje ime.","breadcrumb":{"@id":"https:\/\/hudo.com\/si\/aktualno\/smc-od-stranke-mira-cerarja-stranke-brez-mira-cerarja\/#breadcrumb"},"inLanguage":"sl-SI","potentialAction":[{"@type":"ReadAction","target":["https:\/\/hudo.com\/si\/aktualno\/smc-od-stranke-mira-cerarja-stranke-brez-mira-cerarja\/"]}]},{"@type":"BreadcrumbList","@id":"https:\/\/hudo.com\/si\/aktualno\/smc-od-stranke-mira-cerarja-stranke-brez-mira-cerarja\/#breadcrumb","itemListElement":[{"@type":"ListItem","position":1,"name":"Home","item":"https:\/\/hudo.com\/si\/"},{"@type":"ListItem","position":2,"name":"SMC: Od Stranke Mira Cerarja do stranke brez Mira Cerarja"}]},{"@type":"WebSite","@id":"https:\/\/hudo.com\/si\/#website","url":"https:\/\/hudo.com\/si\/","name":"Hudo Slovenija","description":"Vse novice iz Slovenije in sveta","publisher":{"@id":"https:\/\/hudo.com\/si\/#organization"},"potentialAction":[{"@type":"SearchAction","target":{"@type":"EntryPoint","urlTemplate":"https:\/\/hudo.com\/si\/?s={search_term_string}"},"query-input":"required name=search_term_string"}],"inLanguage":"sl-SI"},{"@type":"Organization","@id":"https:\/\/hudo.com\/si\/#organization","name":"VSN Media","url":"https:\/\/hudo.com\/si\/","logo":{"@type":"ImageObject","inLanguage":"sl-SI","@id":"https:\/\/hudo.com\/si\/#\/schema\/logo\/image\/","url":"https:\/\/hudo.com\/si\/wp-content\/uploads\/sites\/2\/2021\/03\/hudo-app-2.png","contentUrl":"https:\/\/hudo.com\/si\/wp-content\/uploads\/sites\/2\/2021\/03\/hudo-app-2.png","width":2185,"height":2167,"caption":"VSN Media"},"image":{"@id":"https:\/\/hudo.com\/si\/#\/schema\/logo\/image\/"},"sameAs":["https:\/\/www.facebook.com\/hudo.si","https:\/\/twitter.com\/hudo_si"]},{"@type":"Person","@id":"https:\/\/hudo.com\/si\/#\/schema\/person\/2391667a63ea075ba94f2f2dc6b77537","name":"A. G., STA","image":{"@type":"ImageObject","inLanguage":"sl-SI","@id":"https:\/\/hudo.com\/si\/#\/schema\/person\/image\/","url":"https:\/\/secure.gravatar.com\/avatar\/e13d22ac3e442658d5025fbbe6238a79?s=96&d=mm&r=g","contentUrl":"https:\/\/secure.gravatar.com\/avatar\/e13d22ac3e442658d5025fbbe6238a79?s=96&d=mm&r=g","caption":"A. G., STA"},"url":"https:\/\/hudo.com\/si\/author\/alenka\/"}]}},"amp_enabled":true,"_links":{"self":[{"href":"https:\/\/hudo.com\/si\/wp-json\/wp\/v2\/posts\/417323"}],"collection":[{"href":"https:\/\/hudo.com\/si\/wp-json\/wp\/v2\/posts"}],"about":[{"href":"https:\/\/hudo.com\/si\/wp-json\/wp\/v2\/types\/post"}],"author":[{"embeddable":true,"href":"https:\/\/hudo.com\/si\/wp-json\/wp\/v2\/users\/5"}],"replies":[{"embeddable":true,"href":"https:\/\/hudo.com\/si\/wp-json\/wp\/v2\/comments?post=417323"}],"version-history":[{"count":1,"href":"https:\/\/hudo.com\/si\/wp-json\/wp\/v2\/posts\/417323\/revisions"}],"predecessor-version":[{"id":417324,"href":"https:\/\/hudo.com\/si\/wp-json\/wp\/v2\/posts\/417323\/revisions\/417324"}],"wp:featuredmedia":[{"embeddable":true,"href":"https:\/\/hudo.com\/si\/wp-json\/wp\/v2\/media\/372770"}],"wp:attachment":[{"href":"https:\/\/hudo.com\/si\/wp-json\/wp\/v2\/media?parent=417323"}],"wp:term":[{"taxonomy":"category","embeddable":true,"href":"https:\/\/hudo.com\/si\/wp-json\/wp\/v2\/categories?post=417323"},{"taxonomy":"post_tag","embeddable":true,"href":"https:\/\/hudo.com\/si\/wp-json\/wp\/v2\/tags?post=417323"},{"taxonomy":"source","embeddable":true,"href":"https:\/\/hudo.com\/si\/wp-json\/wp\/v2\/source?post=417323"},{"taxonomy":"supertag","embeddable":true,"href":"https:\/\/hudo.com\/si\/wp-json\/wp\/v2\/supertag?post=417323"}],"curies":[{"name":"wp","href":"https:\/\/api.w.org\/{rel}","templated":true}]}}