{"id":417327,"date":"2020-03-02T19:30:43","date_gmt":"2020-03-02T18:30:43","guid":{"rendered":"http:\/\/hudo.com\/si\/?p=417327"},"modified":"2020-03-02T19:31:28","modified_gmt":"2020-03-02T18:31:28","slug":"eu-dvignila-oceno-tveganja-zaradi-koronavirusa-na-visoko","status":"publish","type":"post","link":"https:\/\/hudo.com\/si\/aktualno\/eu-dvignila-oceno-tveganja-zaradi-koronavirusa-na-visoko\/","title":{"rendered":"EU dvignila oceno tveganja zaradi koronavirusa na visoko"},"content":{"rendered":"<p>ECDC je splo\u0161no oceno tveganja za celotno EU dvignil z &#8220;nizke do zmerne&#8221; na &#8220;zmerno do visoko&#8221;. \u017de nekaj \u010dasa pa sicer velja ocena &#8220;zmernega do visokega&#8221; tveganja pojava \u017eari\u0161\u010d, kakr\u0161na so v Italiji, po celotni EU.<\/p>\n<p>Evropska komisija je ob tem vzpostavila ekipo za odzivanje na koronavirus in zagnala novo spletno stran. Sestavljajo jo komisar za krizno upravljanje Janez Lenar\u010di\u010d, komisarka za zdravje Stella Kiriakides, komisarka za notranje zadeve Ylva Johansson, komisarka za promet Adina Valean in komisar za gospodarstvo Paolo Gentiloni.<\/p>\n<p>Lenar\u010di\u010d je znova izpostavil pomen usklajevanja in sodelovanja na evropski in globalni ravni, zagotovitve ustrezne ravni pripravljenosti in solidarnosti. Znova je poudaril tudi, da se ne smemo prepustiti paniki, a se obenem zavedati, da se bo polo\u017eaj verjetno \u0161e poslab\u0161al, zato je vsesplo\u0161na pripravljenost nujna.<\/p>\n<p>Kariakidesova je tudi spomnila na pismo, v katerem je minuli teden vse ministre za zdravje pozvala, naj zagotovijo ustrezne vire v zdravstvu, zmogljivosti v laboratorijih in na vstopnih to\u010dkah ter ustrezno obve\u0161\u010danje.<\/p>\n<p>Komisarka za notranje zadeve je potrdila, da doslej nobena \u010dlanica unije ni izrazila namere uvedbe za\u010dasnega nadzora na notranjih mejah v schengnu zaradi novega virusa.<\/p>\n<p>\u017de ob predstavitvi zimske gospodarske napovedi prej\u0161nji mesec je komisija ocenila, da je novi virus tveganje za evropsko gospodarstvo, zlasti turizem in promet, in ta tveganja se \u017ee udejanjajo, je opozoril Gentiloni. Opozoril je tudi, da se lahko ideja verjetnega okrevanja v obliki \u010drke V, torej zelo hitre upo\u010dasnitve in zelo hitrega ponovnega okrevanja, izka\u017ee za optimisti\u010dno.<\/p>\n<p>Organizacija za gospodarsko sodelovanje in razvoj (OECD) je medtem zaradi \u0161irjenja koronavirusa zni\u017eala napoved leto\u0161nje svetovne gospodarske rasti s prej\u0161njih 2,9 na 2,4 odstotka. \u010ce bo izbruh trajal dlje \u010dasa, kot je trenutno pri\u010dakovano, pa bi se lahko rast upo\u010dasnila na 1,5 odstotka, Japonska in obmo\u010dje z evrom pa bi lahko zdrsnila v recesijo.<\/p>\n<p>Novi koronavirus je doslej v svetu zahteval ve\u010d kot 3000 \u017eivljenj, raz\u0161iril pa se je \u017ee v 60 dr\u017eav. V Italiji se je v nedeljo \u0161tevilo oku\u017eenih pove\u010dalo na 1694, virus je zahteval 41 \u017eivljenj, pozdravilo pa se je 83 ljudi. \u0160tevilo oku\u017eenih v de\u017eeli Furlanija &#8211; Julijska krajina se je pove\u010dalo na devet.<\/p>\n<p>Na severu Italije so znova odprli muzeje, ki so bili zaprti zaradi novega koronavirusa. Znova je odprta tudi milanska stolnica.<\/p>\n<p>Virus se \u0161iri tudi v drugih dr\u017eavah v Evropi. O prvih primerih oku\u017eb poro\u010dajo iz Portugalske in Andore. V Franciji, kjer je oku\u017eenih 130 ljudi, so zabele\u017eili tretjo smrtno \u017ertev virusa. Eno smrt je zahteval tudi v San Marinu.<\/p>\n<p>Na Hrva\u0161kem so potrdili \u0161e eno oku\u017ebo, kar pomeni, da so doslej v sosednji dr\u017eavi potrdili osem oku\u017eb z novim koronavirusom.<\/p>\n<p>V ZDA, kjer so doslej potrdili najmanj 60 primerov oku\u017eb, je novi koronavirus zahteval drugo smrtno \u017ertev.<\/p>\n<p>V Iranu je v zadnjih 24 urah za posledicami bolezni covid-19 umrlo \u0161e 12 ljudi, s \u010dimer se je \u0161tevilo povzpelo na 66. Oku\u017een je 1501 \u010dlovek. 291 ljudi je \u017ee ozdravelo.<\/p>\n<p>V Ju\u017eni Koreji je zaradi bolezni covid-19 doslej umrlo 26 ljudi, potrjeno oku\u017eenih pa je 4335. Od tega so 446 novih primerov oku\u017ebe danes zabele\u017eili v provinci Severni Gyeongsang, kjer se je virus raz\u0161iril med pripadniki verske sekte.<\/p>\n<p>To\u017eilstvo v Seulu je proti vodji sekte Lee Man-heeju in 12 njegovim privr\u017eencem vlo\u017eilo obto\u017enico, ki jih med drugim bremeni umora, ker so ovirali prizadevanja za prepre\u010ditev \u0161irjenja virusa.<\/p>\n<p>Na Kitajskem, kjer je virus izbruhnil, so danes zabele\u017eili 42 novih smrtnih primerov in 202 novi oku\u017ebi, kar je najni\u017eje \u0161tevilo oku\u017eenih v enem dnevu od konca januarja. Vse nove \u017ertve na Kitajskem so zabele\u017eili v provinci Hubei, kjer je epicenter izbruha, je sporo\u010dila kitajska zdravstvena komisija.<\/p>\n<p>Na Kitajskem je zaradi bolezni covid-19 umrlo 2912 ljudi, oku\u017eilo pa se jih je ve\u010d kot 80.000 Tam sicer \u0161tevilo novih primerov postopoma upada. Zunaj province Hubei so poro\u010dali o samo \u0161estih novih oku\u017ebah.<\/p>\n<p>Prve primere oku\u017eb so danes zabele\u017eili \u0161e v Savdski Arabiji, Tuniziji, Jordaniji in Indoneziji.<\/p>\n<p>V Sloveniji pristojne oblasti \u0161e vedno niso potrdile oku\u017ebe s koronavirusom. Do danes do 12. ure so opravili 218 testiranj. Mo\u017eno je sicer, da je virus \u017ee v Sloveniji, a tudi \u010de je, so znaki o\u010ditno tako blagi, da ne povzro\u010da te\u017eav, je na novinarski konferenci pojasnila direktorica Nacionalnega in\u0161tituta za javno zdravje (NIJZ) Nina Pirnat.<\/p>\n<p>Predstojnik ljubljanskega in\u0161tituta za mikrobiologijo in imunologijo Miroslav Petrovec je medtem kot &#8220;\u010disto natolcevanje in dezinformiranje javnosti&#8221; ozna\u010dil &#8220;\u0161pekulacije o tem, da primerov pri nas ni, ker bi imeli slabe teste&#8221;. Slovenija ima na voljo enake teste za novi koronavirus kot ostale evropske dr\u017eave, je zagotovil.<\/p>\n<p>Petrovec, ki je tudi koordinator laboratorijske diagnostike za novi koronavirus, je \u0161e poudaril, da od prej\u0161njega ponedeljka, ko so ustanovili koordinacijsko skupino, imajo tudi popoln pregled nad testiranjem. Zagotovil je, da bo vsak dr\u017eavljan, za katerega bo postavljen klini\u010dni sum na novi koronavirus, testiran s testom vrhunske kakovosti. Za vse \u017eivljenjsko ogro\u017eene bolnike s simptomi oku\u017ebe z novim koronavirus so zagotovili 24-urno testiranje, za ostale pa so testi na voljo 14 ur na dan.<\/p>\n<p>Predsednik vlade Marjan \u0160arec, ki opravlja teko\u010de posle, je medtem v odgovoru na poslansko vpra\u0161anje zavrnil o\u010ditke, da vlada ni ukrepala pravo\u010dasno ob gro\u017enjah, da se lahko v Sloveniji pojavi oku\u017eba z novim koronavirusom.<\/p>\n<p>Poslanci pa so na nadaljevanju seje odbora DZ za zdravstvo o pripravljenosti Slovenije na morebitni izbruh oku\u017eb znova izpostavili vpra\u0161anja ustreznosti sprejetih preventivnih ukrepov na terenu ter obravnave oseb s sumom na oku\u017ebo, ali tistih, ki so se vrnili z obmo\u010dij, kjer virus \u017ee imajo.<\/p>\n<p>Zdravni\u0161ka zbornica Slovenije je medtem zavrnila o\u010ditke nekaterih politikov in drugih posameznikov, da naj bi \u0161irila negotovost in strah v zvezi z novim koronavirusom. Ob tem v zbornici ob\u017ealujejo, \u010de je zaradi pomanjkljive komunikacije pri\u0161lo do napa\u010dnega razumevanja njihovega delovanja.<\/p>\n","protected":false},"excerpt":{"rendered":"<p>Novi koronavirus se \u0161e naprej \u0161iri po svetu, doslej se je oku\u017eilo \u017ee skoraj 90.000 ljudi, ve\u010d kot 3000 pa jih je umrlo. Evropski center za prepre\u010devanje in obvladovanje bolezni (ECDC) je ob tem dvignil oceno tveganja za EU zaradi virusa z nizke do zmerne na zmerno do visoko. V Sloveniji \u0161e vedno ni primera oku\u017ebe.<\/p>\n","protected":false},"author":5,"featured_media":415409,"comment_status":"closed","ping_status":"closed","sticky":false,"template":"","format":"standard","meta":{"footnotes":""},"categories":[1179],"tags":[15632],"source":[4511],"supertag":[],"acf":[],"yoast_head":"<!-- This site is optimized with the Yoast SEO plugin v21.3 - https:\/\/yoast.com\/wordpress\/plugins\/seo\/ -->\n<title>EU dvignila oceno tveganja zaradi koronavirusa na visoko - Hudo Slovenija<\/title>\n<meta name=\"robots\" content=\"index, follow, max-snippet:-1, max-image-preview:large, max-video-preview:-1\" \/>\n<link rel=\"canonical\" href=\"https:\/\/hudo.com\/si\/aktualno\/eu-dvignila-oceno-tveganja-zaradi-koronavirusa-na-visoko\/\" \/>\n<meta property=\"og:locale\" content=\"sl_SI\" \/>\n<meta property=\"og:type\" content=\"article\" \/>\n<meta property=\"og:title\" content=\"EU dvignila oceno tveganja zaradi koronavirusa na visoko - Hudo Slovenija\" \/>\n<meta property=\"og:description\" content=\"Novi koronavirus se \u0161e naprej \u0161iri po svetu, doslej se je oku\u017eilo \u017ee skoraj 90.000 ljudi, ve\u010d kot 3000 pa jih je umrlo. Evropski center za prepre\u010devanje in obvladovanje bolezni (ECDC) je ob tem dvignil oceno tveganja za EU zaradi virusa z nizke do zmerne na zmerno do visoko. V Sloveniji \u0161e vedno ni primera oku\u017ebe.\" \/>\n<meta property=\"og:url\" content=\"https:\/\/hudo.com\/si\/aktualno\/eu-dvignila-oceno-tveganja-zaradi-koronavirusa-na-visoko\/\" \/>\n<meta property=\"og:site_name\" content=\"Hudo Slovenija\" \/>\n<meta property=\"article:publisher\" content=\"https:\/\/www.facebook.com\/hudo.si\" \/>\n<meta property=\"article:published_time\" content=\"2020-03-02T18:30:43+00:00\" \/>\n<meta property=\"article:modified_time\" content=\"2020-03-02T18:31:28+00:00\" \/>\n<meta property=\"og:image\" content=\"https:\/\/hudo.com\/si\/wp-content\/uploads\/sites\/2\/2020\/02\/profimedia-0496319041.jpg\" \/>\n\t<meta property=\"og:image:width\" content=\"1250\" \/>\n\t<meta property=\"og:image:height\" content=\"783\" \/>\n\t<meta property=\"og:image:type\" content=\"image\/jpeg\" \/>\n<meta name=\"author\" content=\"A. G., STA\" \/>\n<meta name=\"twitter:card\" content=\"summary_large_image\" \/>\n<meta name=\"twitter:creator\" content=\"@hudo_si\" \/>\n<meta name=\"twitter:site\" content=\"@hudo_si\" \/>\n<meta name=\"twitter:label1\" content=\"Written by\" \/>\n\t<meta name=\"twitter:data1\" content=\"A. G., STA\" \/>\n\t<meta name=\"twitter:label2\" content=\"Est. reading time\" \/>\n\t<meta name=\"twitter:data2\" content=\"5 minut\" \/>\n<script type=\"application\/ld+json\" class=\"yoast-schema-graph\">{\"@context\":\"https:\/\/schema.org\",\"@graph\":[{\"@type\":\"Article\",\"@id\":\"https:\/\/hudo.com\/si\/aktualno\/eu-dvignila-oceno-tveganja-zaradi-koronavirusa-na-visoko\/#article\",\"isPartOf\":{\"@id\":\"https:\/\/hudo.com\/si\/aktualno\/eu-dvignila-oceno-tveganja-zaradi-koronavirusa-na-visoko\/\"},\"author\":{\"name\":\"A. G., STA\",\"@id\":\"https:\/\/hudo.com\/si\/#\/schema\/person\/2391667a63ea075ba94f2f2dc6b77537\"},\"headline\":\"EU dvignila oceno tveganja zaradi koronavirusa na visoko\",\"datePublished\":\"2020-03-02T18:30:43+00:00\",\"dateModified\":\"2020-03-02T18:31:28+00:00\",\"mainEntityOfPage\":{\"@id\":\"https:\/\/hudo.com\/si\/aktualno\/eu-dvignila-oceno-tveganja-zaradi-koronavirusa-na-visoko\/\"},\"wordCount\":1006,\"publisher\":{\"@id\":\"https:\/\/hudo.com\/si\/#organization\"},\"keywords\":[\"koronavirus\"],\"articleSection\":[\"Aktualno\"],\"inLanguage\":\"sl-SI\"},{\"@type\":\"WebPage\",\"@id\":\"https:\/\/hudo.com\/si\/aktualno\/eu-dvignila-oceno-tveganja-zaradi-koronavirusa-na-visoko\/\",\"url\":\"https:\/\/hudo.com\/si\/aktualno\/eu-dvignila-oceno-tveganja-zaradi-koronavirusa-na-visoko\/\",\"name\":\"EU dvignila oceno tveganja zaradi koronavirusa na visoko - Hudo Slovenija\",\"isPartOf\":{\"@id\":\"https:\/\/hudo.com\/si\/#website\"},\"datePublished\":\"2020-03-02T18:30:43+00:00\",\"dateModified\":\"2020-03-02T18:31:28+00:00\",\"breadcrumb\":{\"@id\":\"https:\/\/hudo.com\/si\/aktualno\/eu-dvignila-oceno-tveganja-zaradi-koronavirusa-na-visoko\/#breadcrumb\"},\"inLanguage\":\"sl-SI\",\"potentialAction\":[{\"@type\":\"ReadAction\",\"target\":[\"https:\/\/hudo.com\/si\/aktualno\/eu-dvignila-oceno-tveganja-zaradi-koronavirusa-na-visoko\/\"]}]},{\"@type\":\"BreadcrumbList\",\"@id\":\"https:\/\/hudo.com\/si\/aktualno\/eu-dvignila-oceno-tveganja-zaradi-koronavirusa-na-visoko\/#breadcrumb\",\"itemListElement\":[{\"@type\":\"ListItem\",\"position\":1,\"name\":\"Home\",\"item\":\"https:\/\/hudo.com\/si\/\"},{\"@type\":\"ListItem\",\"position\":2,\"name\":\"EU dvignila oceno tveganja zaradi koronavirusa na visoko\"}]},{\"@type\":\"WebSite\",\"@id\":\"https:\/\/hudo.com\/si\/#website\",\"url\":\"https:\/\/hudo.com\/si\/\",\"name\":\"Hudo Slovenija\",\"description\":\"Vse novice iz Slovenije in sveta\",\"publisher\":{\"@id\":\"https:\/\/hudo.com\/si\/#organization\"},\"potentialAction\":[{\"@type\":\"SearchAction\",\"target\":{\"@type\":\"EntryPoint\",\"urlTemplate\":\"https:\/\/hudo.com\/si\/?s={search_term_string}\"},\"query-input\":\"required name=search_term_string\"}],\"inLanguage\":\"sl-SI\"},{\"@type\":\"Organization\",\"@id\":\"https:\/\/hudo.com\/si\/#organization\",\"name\":\"VSN Media\",\"url\":\"https:\/\/hudo.com\/si\/\",\"logo\":{\"@type\":\"ImageObject\",\"inLanguage\":\"sl-SI\",\"@id\":\"https:\/\/hudo.com\/si\/#\/schema\/logo\/image\/\",\"url\":\"https:\/\/hudo.com\/si\/wp-content\/uploads\/sites\/2\/2021\/03\/hudo-app-2.png\",\"contentUrl\":\"https:\/\/hudo.com\/si\/wp-content\/uploads\/sites\/2\/2021\/03\/hudo-app-2.png\",\"width\":2185,\"height\":2167,\"caption\":\"VSN Media\"},\"image\":{\"@id\":\"https:\/\/hudo.com\/si\/#\/schema\/logo\/image\/\"},\"sameAs\":[\"https:\/\/www.facebook.com\/hudo.si\",\"https:\/\/twitter.com\/hudo_si\"]},{\"@type\":\"Person\",\"@id\":\"https:\/\/hudo.com\/si\/#\/schema\/person\/2391667a63ea075ba94f2f2dc6b77537\",\"name\":\"A. G., STA\",\"image\":{\"@type\":\"ImageObject\",\"inLanguage\":\"sl-SI\",\"@id\":\"https:\/\/hudo.com\/si\/#\/schema\/person\/image\/\",\"url\":\"https:\/\/secure.gravatar.com\/avatar\/e13d22ac3e442658d5025fbbe6238a79?s=96&d=mm&r=g\",\"contentUrl\":\"https:\/\/secure.gravatar.com\/avatar\/e13d22ac3e442658d5025fbbe6238a79?s=96&d=mm&r=g\",\"caption\":\"A. G., STA\"},\"url\":\"https:\/\/hudo.com\/si\/author\/alenka\/\"}]}<\/script>\n<!-- \/ Yoast SEO plugin. -->","yoast_head_json":{"title":"EU dvignila oceno tveganja zaradi koronavirusa na visoko - Hudo Slovenija","robots":{"index":"index","follow":"follow","max-snippet":"max-snippet:-1","max-image-preview":"max-image-preview:large","max-video-preview":"max-video-preview:-1"},"canonical":"https:\/\/hudo.com\/si\/aktualno\/eu-dvignila-oceno-tveganja-zaradi-koronavirusa-na-visoko\/","og_locale":"sl_SI","og_type":"article","og_title":"EU dvignila oceno tveganja zaradi koronavirusa na visoko - Hudo Slovenija","og_description":"Novi koronavirus se \u0161e naprej \u0161iri po svetu, doslej se je oku\u017eilo \u017ee skoraj 90.000 ljudi, ve\u010d kot 3000 pa jih je umrlo. Evropski center za prepre\u010devanje in obvladovanje bolezni (ECDC) je ob tem dvignil oceno tveganja za EU zaradi virusa z nizke do zmerne na zmerno do visoko. V Sloveniji \u0161e vedno ni primera oku\u017ebe.","og_url":"https:\/\/hudo.com\/si\/aktualno\/eu-dvignila-oceno-tveganja-zaradi-koronavirusa-na-visoko\/","og_site_name":"Hudo Slovenija","article_publisher":"https:\/\/www.facebook.com\/hudo.si","article_published_time":"2020-03-02T18:30:43+00:00","article_modified_time":"2020-03-02T18:31:28+00:00","og_image":[{"width":1250,"height":783,"url":"https:\/\/hudo.com\/si\/wp-content\/uploads\/sites\/2\/2020\/02\/profimedia-0496319041.jpg","type":"image\/jpeg"}],"author":"A. G., STA","twitter_card":"summary_large_image","twitter_creator":"@hudo_si","twitter_site":"@hudo_si","twitter_misc":{"Written by":"A. G., STA","Est. reading time":"5 minut"},"schema":{"@context":"https:\/\/schema.org","@graph":[{"@type":"Article","@id":"https:\/\/hudo.com\/si\/aktualno\/eu-dvignila-oceno-tveganja-zaradi-koronavirusa-na-visoko\/#article","isPartOf":{"@id":"https:\/\/hudo.com\/si\/aktualno\/eu-dvignila-oceno-tveganja-zaradi-koronavirusa-na-visoko\/"},"author":{"name":"A. G., STA","@id":"https:\/\/hudo.com\/si\/#\/schema\/person\/2391667a63ea075ba94f2f2dc6b77537"},"headline":"EU dvignila oceno tveganja zaradi koronavirusa na visoko","datePublished":"2020-03-02T18:30:43+00:00","dateModified":"2020-03-02T18:31:28+00:00","mainEntityOfPage":{"@id":"https:\/\/hudo.com\/si\/aktualno\/eu-dvignila-oceno-tveganja-zaradi-koronavirusa-na-visoko\/"},"wordCount":1006,"publisher":{"@id":"https:\/\/hudo.com\/si\/#organization"},"keywords":["koronavirus"],"articleSection":["Aktualno"],"inLanguage":"sl-SI"},{"@type":"WebPage","@id":"https:\/\/hudo.com\/si\/aktualno\/eu-dvignila-oceno-tveganja-zaradi-koronavirusa-na-visoko\/","url":"https:\/\/hudo.com\/si\/aktualno\/eu-dvignila-oceno-tveganja-zaradi-koronavirusa-na-visoko\/","name":"EU dvignila oceno tveganja zaradi koronavirusa na visoko - Hudo Slovenija","isPartOf":{"@id":"https:\/\/hudo.com\/si\/#website"},"datePublished":"2020-03-02T18:30:43+00:00","dateModified":"2020-03-02T18:31:28+00:00","breadcrumb":{"@id":"https:\/\/hudo.com\/si\/aktualno\/eu-dvignila-oceno-tveganja-zaradi-koronavirusa-na-visoko\/#breadcrumb"},"inLanguage":"sl-SI","potentialAction":[{"@type":"ReadAction","target":["https:\/\/hudo.com\/si\/aktualno\/eu-dvignila-oceno-tveganja-zaradi-koronavirusa-na-visoko\/"]}]},{"@type":"BreadcrumbList","@id":"https:\/\/hudo.com\/si\/aktualno\/eu-dvignila-oceno-tveganja-zaradi-koronavirusa-na-visoko\/#breadcrumb","itemListElement":[{"@type":"ListItem","position":1,"name":"Home","item":"https:\/\/hudo.com\/si\/"},{"@type":"ListItem","position":2,"name":"EU dvignila oceno tveganja zaradi koronavirusa na visoko"}]},{"@type":"WebSite","@id":"https:\/\/hudo.com\/si\/#website","url":"https:\/\/hudo.com\/si\/","name":"Hudo Slovenija","description":"Vse novice iz Slovenije in sveta","publisher":{"@id":"https:\/\/hudo.com\/si\/#organization"},"potentialAction":[{"@type":"SearchAction","target":{"@type":"EntryPoint","urlTemplate":"https:\/\/hudo.com\/si\/?s={search_term_string}"},"query-input":"required name=search_term_string"}],"inLanguage":"sl-SI"},{"@type":"Organization","@id":"https:\/\/hudo.com\/si\/#organization","name":"VSN Media","url":"https:\/\/hudo.com\/si\/","logo":{"@type":"ImageObject","inLanguage":"sl-SI","@id":"https:\/\/hudo.com\/si\/#\/schema\/logo\/image\/","url":"https:\/\/hudo.com\/si\/wp-content\/uploads\/sites\/2\/2021\/03\/hudo-app-2.png","contentUrl":"https:\/\/hudo.com\/si\/wp-content\/uploads\/sites\/2\/2021\/03\/hudo-app-2.png","width":2185,"height":2167,"caption":"VSN Media"},"image":{"@id":"https:\/\/hudo.com\/si\/#\/schema\/logo\/image\/"},"sameAs":["https:\/\/www.facebook.com\/hudo.si","https:\/\/twitter.com\/hudo_si"]},{"@type":"Person","@id":"https:\/\/hudo.com\/si\/#\/schema\/person\/2391667a63ea075ba94f2f2dc6b77537","name":"A. G., STA","image":{"@type":"ImageObject","inLanguage":"sl-SI","@id":"https:\/\/hudo.com\/si\/#\/schema\/person\/image\/","url":"https:\/\/secure.gravatar.com\/avatar\/e13d22ac3e442658d5025fbbe6238a79?s=96&d=mm&r=g","contentUrl":"https:\/\/secure.gravatar.com\/avatar\/e13d22ac3e442658d5025fbbe6238a79?s=96&d=mm&r=g","caption":"A. G., STA"},"url":"https:\/\/hudo.com\/si\/author\/alenka\/"}]}},"amp_enabled":true,"_links":{"self":[{"href":"https:\/\/hudo.com\/si\/wp-json\/wp\/v2\/posts\/417327"}],"collection":[{"href":"https:\/\/hudo.com\/si\/wp-json\/wp\/v2\/posts"}],"about":[{"href":"https:\/\/hudo.com\/si\/wp-json\/wp\/v2\/types\/post"}],"author":[{"embeddable":true,"href":"https:\/\/hudo.com\/si\/wp-json\/wp\/v2\/users\/5"}],"replies":[{"embeddable":true,"href":"https:\/\/hudo.com\/si\/wp-json\/wp\/v2\/comments?post=417327"}],"version-history":[{"count":1,"href":"https:\/\/hudo.com\/si\/wp-json\/wp\/v2\/posts\/417327\/revisions"}],"predecessor-version":[{"id":417328,"href":"https:\/\/hudo.com\/si\/wp-json\/wp\/v2\/posts\/417327\/revisions\/417328"}],"wp:featuredmedia":[{"embeddable":true,"href":"https:\/\/hudo.com\/si\/wp-json\/wp\/v2\/media\/415409"}],"wp:attachment":[{"href":"https:\/\/hudo.com\/si\/wp-json\/wp\/v2\/media?parent=417327"}],"wp:term":[{"taxonomy":"category","embeddable":true,"href":"https:\/\/hudo.com\/si\/wp-json\/wp\/v2\/categories?post=417327"},{"taxonomy":"post_tag","embeddable":true,"href":"https:\/\/hudo.com\/si\/wp-json\/wp\/v2\/tags?post=417327"},{"taxonomy":"source","embeddable":true,"href":"https:\/\/hudo.com\/si\/wp-json\/wp\/v2\/source?post=417327"},{"taxonomy":"supertag","embeddable":true,"href":"https:\/\/hudo.com\/si\/wp-json\/wp\/v2\/supertag?post=417327"}],"curies":[{"name":"wp","href":"https:\/\/api.w.org\/{rel}","templated":true}]}}