{"id":417333,"date":"2020-03-03T09:20:37","date_gmt":"2020-03-03T08:20:37","guid":{"rendered":"http:\/\/hudo.com\/si\/?p=417333"},"modified":"2020-03-03T09:20:37","modified_gmt":"2020-03-03T08:20:37","slug":"vreme-danes-spremenljivo-pretezno-oblacno","status":"publish","type":"post","link":"https:\/\/hudo.com\/si\/aktualno\/vreme-danes-spremenljivo-pretezno-oblacno\/","title":{"rendered":"Vreme: Danes spremenljivo do prete\u017eno obla\u010dno"},"content":{"rendered":"<p>Meja sne\u017eenja se bo spustila do okoli 700 metrov nadmorske vi\u0161ine. bo sprva prete\u017eno obla\u010dno, padavine bodo dopoldne povsod ponehale. Popoldne se bo delno zjasnilo. Burja na Primorskem bo popoldne ponehala. Najni\u017eje jutranje temperature bodo od -2 do 4, na Primorskem okoli 7, najvi\u0161je dnevne od 4 do 10, na Primorskem do 13 stopinj Celzija.<\/p>\n<p>Opozorilo: Predvsem v visokogorju zahodnih Julijskih Alp je velika nevarnost sne\u017enih plazov.<\/p>\n<p>Obeti: V \u010detrtek bo sprva prete\u017eno jasno in ponekod po ni\u017einah megleno. Popoldne se bo od zahoda poobla\u010dilo. Zapihal bo jugozahodni veter. V petek bo obla\u010dno z ob\u010dasnimi padavinami.<\/p>\n<p>Vremenska slika: Nad severno Italijo in severnim Jadranom je ciklonsko obmo\u010dje z vremensko fronto, ki se pomika prek Slovenije proti vzhodu. V vi\u0161inah priteka nad na\u0161e kraje z vetrovi ju\u017enih smeri vla\u017een zrak.<\/p>\n<p>Napoved za sosednje pokrajine: Danes bo spremenljivo do prete\u017eno obla\u010dno s krajevnimi padavinami, deloma plohami. V sredo bo sprva zmerno do prete\u017eno obla\u010dno, padavine bodo dopoldne ve\u010dinoma ponehale. Popoldne se bo od zahoda jasnilo. Ob severnem Jadranu bo pihala \u0161ibka do zmerna burja.<\/p>\n<p>Biovreme: V torek bo vpliv vremena na po\u010dutje in razpolo\u017eenje ljudi obremenilen. Veliko ljudi bo imelo z vremenom povezane te\u017eave. Moteno bo spanje v no\u010di na sredo. V sredo bo vremenska obremenitev postopoma slabela.<\/p>\n","protected":false},"excerpt":{"rendered":"<p>Pojavljale se bodo krajevne padavine, deloma plohe. Ponekod bo zapihal severni veter, na Primorskem zve\u010der burja. Najvi\u0161je dnevne temperature bodo od 9 do 14, v alpskih dolinah okoli 5 stopinj Celzija. Pono\u010di bo obla\u010dno z ob\u010dasnimi padavinami, je zapisano na spletnih straneh Agencije RS za okolje.<\/p>\n","protected":false},"author":5,"featured_media":411173,"comment_status":"closed","ping_status":"closed","sticky":false,"template":"","format":"standard","meta":{"footnotes":""},"categories":[1179],"tags":[1595,2149],"source":[4511],"supertag":[],"acf":[],"yoast_head":"<!-- This site is optimized with the Yoast SEO plugin v21.3 - https:\/\/yoast.com\/wordpress\/plugins\/seo\/ -->\n<title>Vreme: Danes spremenljivo do prete\u017eno obla\u010dno - Hudo Slovenija<\/title>\n<meta name=\"robots\" content=\"index, follow, max-snippet:-1, max-image-preview:large, max-video-preview:-1\" \/>\n<link rel=\"canonical\" href=\"https:\/\/hudo.com\/si\/aktualno\/vreme-danes-spremenljivo-pretezno-oblacno\/\" \/>\n<meta property=\"og:locale\" content=\"sl_SI\" \/>\n<meta property=\"og:type\" content=\"article\" \/>\n<meta property=\"og:title\" content=\"Vreme: Danes spremenljivo do prete\u017eno obla\u010dno - Hudo Slovenija\" \/>\n<meta property=\"og:description\" content=\"Pojavljale se bodo krajevne padavine, deloma plohe. Ponekod bo zapihal severni veter, na Primorskem zve\u010der burja. Najvi\u0161je dnevne temperature bodo od 9 do 14, v alpskih dolinah okoli 5 stopinj Celzija. Pono\u010di bo obla\u010dno z ob\u010dasnimi padavinami, je zapisano na spletnih straneh Agencije RS za okolje.\" \/>\n<meta property=\"og:url\" content=\"https:\/\/hudo.com\/si\/aktualno\/vreme-danes-spremenljivo-pretezno-oblacno\/\" \/>\n<meta property=\"og:site_name\" content=\"Hudo Slovenija\" \/>\n<meta property=\"article:publisher\" content=\"https:\/\/www.facebook.com\/hudo.si\" \/>\n<meta property=\"article:published_time\" content=\"2020-03-03T08:20:37+00:00\" \/>\n<meta property=\"og:image\" content=\"https:\/\/hudo.com\/si\/wp-content\/uploads\/sites\/2\/2019\/11\/profimedia-0387857232.jpg\" \/>\n\t<meta property=\"og:image:width\" content=\"1250\" \/>\n\t<meta property=\"og:image:height\" content=\"833\" \/>\n\t<meta property=\"og:image:type\" content=\"image\/jpeg\" \/>\n<meta name=\"author\" content=\"A. G., STA\" \/>\n<meta name=\"twitter:card\" content=\"summary_large_image\" \/>\n<meta name=\"twitter:creator\" content=\"@hudo_si\" \/>\n<meta name=\"twitter:site\" content=\"@hudo_si\" \/>\n<meta name=\"twitter:label1\" content=\"Written by\" \/>\n\t<meta name=\"twitter:data1\" content=\"A. G., STA\" \/>\n\t<meta name=\"twitter:label2\" content=\"Est. reading time\" \/>\n\t<meta name=\"twitter:data2\" content=\"1 minuta\" \/>\n<script type=\"application\/ld+json\" class=\"yoast-schema-graph\">{\"@context\":\"https:\/\/schema.org\",\"@graph\":[{\"@type\":\"Article\",\"@id\":\"https:\/\/hudo.com\/si\/aktualno\/vreme-danes-spremenljivo-pretezno-oblacno\/#article\",\"isPartOf\":{\"@id\":\"https:\/\/hudo.com\/si\/aktualno\/vreme-danes-spremenljivo-pretezno-oblacno\/\"},\"author\":{\"name\":\"A. G., STA\",\"@id\":\"https:\/\/hudo.com\/si\/#\/schema\/person\/2391667a63ea075ba94f2f2dc6b77537\"},\"headline\":\"Vreme: Danes spremenljivo do prete\u017eno obla\u010dno\",\"datePublished\":\"2020-03-03T08:20:37+00:00\",\"dateModified\":\"2020-03-03T08:20:37+00:00\",\"mainEntityOfPage\":{\"@id\":\"https:\/\/hudo.com\/si\/aktualno\/vreme-danes-spremenljivo-pretezno-oblacno\/\"},\"wordCount\":234,\"publisher\":{\"@id\":\"https:\/\/hudo.com\/si\/#organization\"},\"keywords\":[\"Slovenija\",\"vreme\"],\"articleSection\":[\"Aktualno\"],\"inLanguage\":\"sl-SI\"},{\"@type\":\"WebPage\",\"@id\":\"https:\/\/hudo.com\/si\/aktualno\/vreme-danes-spremenljivo-pretezno-oblacno\/\",\"url\":\"https:\/\/hudo.com\/si\/aktualno\/vreme-danes-spremenljivo-pretezno-oblacno\/\",\"name\":\"Vreme: Danes spremenljivo do prete\u017eno obla\u010dno - Hudo Slovenija\",\"isPartOf\":{\"@id\":\"https:\/\/hudo.com\/si\/#website\"},\"datePublished\":\"2020-03-03T08:20:37+00:00\",\"dateModified\":\"2020-03-03T08:20:37+00:00\",\"breadcrumb\":{\"@id\":\"https:\/\/hudo.com\/si\/aktualno\/vreme-danes-spremenljivo-pretezno-oblacno\/#breadcrumb\"},\"inLanguage\":\"sl-SI\",\"potentialAction\":[{\"@type\":\"ReadAction\",\"target\":[\"https:\/\/hudo.com\/si\/aktualno\/vreme-danes-spremenljivo-pretezno-oblacno\/\"]}]},{\"@type\":\"BreadcrumbList\",\"@id\":\"https:\/\/hudo.com\/si\/aktualno\/vreme-danes-spremenljivo-pretezno-oblacno\/#breadcrumb\",\"itemListElement\":[{\"@type\":\"ListItem\",\"position\":1,\"name\":\"Home\",\"item\":\"https:\/\/hudo.com\/si\/\"},{\"@type\":\"ListItem\",\"position\":2,\"name\":\"Vreme: Danes spremenljivo do prete\u017eno obla\u010dno\"}]},{\"@type\":\"WebSite\",\"@id\":\"https:\/\/hudo.com\/si\/#website\",\"url\":\"https:\/\/hudo.com\/si\/\",\"name\":\"Hudo Slovenija\",\"description\":\"Vse novice iz Slovenije in sveta\",\"publisher\":{\"@id\":\"https:\/\/hudo.com\/si\/#organization\"},\"potentialAction\":[{\"@type\":\"SearchAction\",\"target\":{\"@type\":\"EntryPoint\",\"urlTemplate\":\"https:\/\/hudo.com\/si\/?s={search_term_string}\"},\"query-input\":\"required name=search_term_string\"}],\"inLanguage\":\"sl-SI\"},{\"@type\":\"Organization\",\"@id\":\"https:\/\/hudo.com\/si\/#organization\",\"name\":\"VSN Media\",\"url\":\"https:\/\/hudo.com\/si\/\",\"logo\":{\"@type\":\"ImageObject\",\"inLanguage\":\"sl-SI\",\"@id\":\"https:\/\/hudo.com\/si\/#\/schema\/logo\/image\/\",\"url\":\"https:\/\/hudo.com\/si\/wp-content\/uploads\/sites\/2\/2021\/03\/hudo-app-2.png\",\"contentUrl\":\"https:\/\/hudo.com\/si\/wp-content\/uploads\/sites\/2\/2021\/03\/hudo-app-2.png\",\"width\":2185,\"height\":2167,\"caption\":\"VSN Media\"},\"image\":{\"@id\":\"https:\/\/hudo.com\/si\/#\/schema\/logo\/image\/\"},\"sameAs\":[\"https:\/\/www.facebook.com\/hudo.si\",\"https:\/\/twitter.com\/hudo_si\"]},{\"@type\":\"Person\",\"@id\":\"https:\/\/hudo.com\/si\/#\/schema\/person\/2391667a63ea075ba94f2f2dc6b77537\",\"name\":\"A. G., STA\",\"image\":{\"@type\":\"ImageObject\",\"inLanguage\":\"sl-SI\",\"@id\":\"https:\/\/hudo.com\/si\/#\/schema\/person\/image\/\",\"url\":\"https:\/\/secure.gravatar.com\/avatar\/e13d22ac3e442658d5025fbbe6238a79?s=96&d=mm&r=g\",\"contentUrl\":\"https:\/\/secure.gravatar.com\/avatar\/e13d22ac3e442658d5025fbbe6238a79?s=96&d=mm&r=g\",\"caption\":\"A. G., STA\"},\"url\":\"https:\/\/hudo.com\/si\/author\/alenka\/\"}]}<\/script>\n<!-- \/ Yoast SEO plugin. -->","yoast_head_json":{"title":"Vreme: Danes spremenljivo do prete\u017eno obla\u010dno - Hudo Slovenija","robots":{"index":"index","follow":"follow","max-snippet":"max-snippet:-1","max-image-preview":"max-image-preview:large","max-video-preview":"max-video-preview:-1"},"canonical":"https:\/\/hudo.com\/si\/aktualno\/vreme-danes-spremenljivo-pretezno-oblacno\/","og_locale":"sl_SI","og_type":"article","og_title":"Vreme: Danes spremenljivo do prete\u017eno obla\u010dno - Hudo Slovenija","og_description":"Pojavljale se bodo krajevne padavine, deloma plohe. Ponekod bo zapihal severni veter, na Primorskem zve\u010der burja. Najvi\u0161je dnevne temperature bodo od 9 do 14, v alpskih dolinah okoli 5 stopinj Celzija. Pono\u010di bo obla\u010dno z ob\u010dasnimi padavinami, je zapisano na spletnih straneh Agencije RS za okolje.","og_url":"https:\/\/hudo.com\/si\/aktualno\/vreme-danes-spremenljivo-pretezno-oblacno\/","og_site_name":"Hudo Slovenija","article_publisher":"https:\/\/www.facebook.com\/hudo.si","article_published_time":"2020-03-03T08:20:37+00:00","og_image":[{"width":1250,"height":833,"url":"https:\/\/hudo.com\/si\/wp-content\/uploads\/sites\/2\/2019\/11\/profimedia-0387857232.jpg","type":"image\/jpeg"}],"author":"A. G., STA","twitter_card":"summary_large_image","twitter_creator":"@hudo_si","twitter_site":"@hudo_si","twitter_misc":{"Written by":"A. G., STA","Est. reading time":"1 minuta"},"schema":{"@context":"https:\/\/schema.org","@graph":[{"@type":"Article","@id":"https:\/\/hudo.com\/si\/aktualno\/vreme-danes-spremenljivo-pretezno-oblacno\/#article","isPartOf":{"@id":"https:\/\/hudo.com\/si\/aktualno\/vreme-danes-spremenljivo-pretezno-oblacno\/"},"author":{"name":"A. G., STA","@id":"https:\/\/hudo.com\/si\/#\/schema\/person\/2391667a63ea075ba94f2f2dc6b77537"},"headline":"Vreme: Danes spremenljivo do prete\u017eno obla\u010dno","datePublished":"2020-03-03T08:20:37+00:00","dateModified":"2020-03-03T08:20:37+00:00","mainEntityOfPage":{"@id":"https:\/\/hudo.com\/si\/aktualno\/vreme-danes-spremenljivo-pretezno-oblacno\/"},"wordCount":234,"publisher":{"@id":"https:\/\/hudo.com\/si\/#organization"},"keywords":["Slovenija","vreme"],"articleSection":["Aktualno"],"inLanguage":"sl-SI"},{"@type":"WebPage","@id":"https:\/\/hudo.com\/si\/aktualno\/vreme-danes-spremenljivo-pretezno-oblacno\/","url":"https:\/\/hudo.com\/si\/aktualno\/vreme-danes-spremenljivo-pretezno-oblacno\/","name":"Vreme: Danes spremenljivo do prete\u017eno obla\u010dno - Hudo Slovenija","isPartOf":{"@id":"https:\/\/hudo.com\/si\/#website"},"datePublished":"2020-03-03T08:20:37+00:00","dateModified":"2020-03-03T08:20:37+00:00","breadcrumb":{"@id":"https:\/\/hudo.com\/si\/aktualno\/vreme-danes-spremenljivo-pretezno-oblacno\/#breadcrumb"},"inLanguage":"sl-SI","potentialAction":[{"@type":"ReadAction","target":["https:\/\/hudo.com\/si\/aktualno\/vreme-danes-spremenljivo-pretezno-oblacno\/"]}]},{"@type":"BreadcrumbList","@id":"https:\/\/hudo.com\/si\/aktualno\/vreme-danes-spremenljivo-pretezno-oblacno\/#breadcrumb","itemListElement":[{"@type":"ListItem","position":1,"name":"Home","item":"https:\/\/hudo.com\/si\/"},{"@type":"ListItem","position":2,"name":"Vreme: Danes spremenljivo do prete\u017eno obla\u010dno"}]},{"@type":"WebSite","@id":"https:\/\/hudo.com\/si\/#website","url":"https:\/\/hudo.com\/si\/","name":"Hudo Slovenija","description":"Vse novice iz Slovenije in sveta","publisher":{"@id":"https:\/\/hudo.com\/si\/#organization"},"potentialAction":[{"@type":"SearchAction","target":{"@type":"EntryPoint","urlTemplate":"https:\/\/hudo.com\/si\/?s={search_term_string}"},"query-input":"required name=search_term_string"}],"inLanguage":"sl-SI"},{"@type":"Organization","@id":"https:\/\/hudo.com\/si\/#organization","name":"VSN Media","url":"https:\/\/hudo.com\/si\/","logo":{"@type":"ImageObject","inLanguage":"sl-SI","@id":"https:\/\/hudo.com\/si\/#\/schema\/logo\/image\/","url":"https:\/\/hudo.com\/si\/wp-content\/uploads\/sites\/2\/2021\/03\/hudo-app-2.png","contentUrl":"https:\/\/hudo.com\/si\/wp-content\/uploads\/sites\/2\/2021\/03\/hudo-app-2.png","width":2185,"height":2167,"caption":"VSN Media"},"image":{"@id":"https:\/\/hudo.com\/si\/#\/schema\/logo\/image\/"},"sameAs":["https:\/\/www.facebook.com\/hudo.si","https:\/\/twitter.com\/hudo_si"]},{"@type":"Person","@id":"https:\/\/hudo.com\/si\/#\/schema\/person\/2391667a63ea075ba94f2f2dc6b77537","name":"A. G., STA","image":{"@type":"ImageObject","inLanguage":"sl-SI","@id":"https:\/\/hudo.com\/si\/#\/schema\/person\/image\/","url":"https:\/\/secure.gravatar.com\/avatar\/e13d22ac3e442658d5025fbbe6238a79?s=96&d=mm&r=g","contentUrl":"https:\/\/secure.gravatar.com\/avatar\/e13d22ac3e442658d5025fbbe6238a79?s=96&d=mm&r=g","caption":"A. G., STA"},"url":"https:\/\/hudo.com\/si\/author\/alenka\/"}]}},"amp_enabled":true,"_links":{"self":[{"href":"https:\/\/hudo.com\/si\/wp-json\/wp\/v2\/posts\/417333"}],"collection":[{"href":"https:\/\/hudo.com\/si\/wp-json\/wp\/v2\/posts"}],"about":[{"href":"https:\/\/hudo.com\/si\/wp-json\/wp\/v2\/types\/post"}],"author":[{"embeddable":true,"href":"https:\/\/hudo.com\/si\/wp-json\/wp\/v2\/users\/5"}],"replies":[{"embeddable":true,"href":"https:\/\/hudo.com\/si\/wp-json\/wp\/v2\/comments?post=417333"}],"version-history":[{"count":1,"href":"https:\/\/hudo.com\/si\/wp-json\/wp\/v2\/posts\/417333\/revisions"}],"predecessor-version":[{"id":417334,"href":"https:\/\/hudo.com\/si\/wp-json\/wp\/v2\/posts\/417333\/revisions\/417334"}],"wp:featuredmedia":[{"embeddable":true,"href":"https:\/\/hudo.com\/si\/wp-json\/wp\/v2\/media\/411173"}],"wp:attachment":[{"href":"https:\/\/hudo.com\/si\/wp-json\/wp\/v2\/media?parent=417333"}],"wp:term":[{"taxonomy":"category","embeddable":true,"href":"https:\/\/hudo.com\/si\/wp-json\/wp\/v2\/categories?post=417333"},{"taxonomy":"post_tag","embeddable":true,"href":"https:\/\/hudo.com\/si\/wp-json\/wp\/v2\/tags?post=417333"},{"taxonomy":"source","embeddable":true,"href":"https:\/\/hudo.com\/si\/wp-json\/wp\/v2\/source?post=417333"},{"taxonomy":"supertag","embeddable":true,"href":"https:\/\/hudo.com\/si\/wp-json\/wp\/v2\/supertag?post=417333"}],"curies":[{"name":"wp","href":"https:\/\/api.w.org\/{rel}","templated":true}]}}