{"id":417491,"date":"2020-03-04T14:57:48","date_gmt":"2020-03-04T13:57:48","guid":{"rendered":"http:\/\/hudo.com\/si\/?p=417491"},"modified":"2020-03-04T14:57:48","modified_gmt":"2020-03-04T13:57:48","slug":"poletni-vozni-red-na-brniskem-letaliscu-od-29-marca-naprej-prinasa-stevilne-novosti","status":"publish","type":"post","link":"https:\/\/hudo.com\/si\/aktualno\/poletni-vozni-red-na-brniskem-letaliscu-od-29-marca-naprej-prinasa-stevilne-novosti\/","title":{"rendered":"Poletni vozni red na brni\u0161kem letali\u0161\u010du od 29. marca naprej prina\u0161a \u0161tevilne novosti"},"content":{"rendered":"<p>Prva od novosti bodo leti v Kijev, ki jih bo od konca aprila dvakrat tedensko izvajala ukrajinska letalska dru\u017eba Windrose. V vrhuncu poletne sezone bo z Brnika v Tel Aviv redno letel izraelski Israir Airlines, in sicer vsak torek in soboto, so sporo\u010dili iz dru\u017ebe Fraport Slovenija.<\/p>\n<p>Konec julija na brni\u0161ko letali\u0161\u010de prihaja \u0161panski prevoznik Iberia, ki bo vzpostavil nove lete v Madrid. V \u0161pansko prestolnico bo letel \u0161tirikrat tedensko.<\/p>\n<p>Po zimskem premoru se na ljubljansko letali\u0161\u010de vra\u010da British Airways z leti na londonski Heathrow, ki bo v primerjavi z lanskim letom letenje podalj\u0161al za en mesec (do konca septembra) in podvojil njegov obseg. V britansko prestolnico bodo potniki lahko leteli \u0161tirikrat tedensko.<\/p>\n<p>Svojo ponudbo letov z ljubljanskega letali\u0161\u010da v London &#8211; trenutno leti na Stansted in Gatwick &#8211; bo raz\u0161iril Easyjet, in sicer z vzpostavitvijo povezave do letali\u0161\u010da Luton, kamor bo letel \u0161tirikrat tedensko, in z dodatno frekvenco pri letih na Gatwick, kamor bo letel petkrat tedensko.<\/p>\n<p>Skupaj bo potnikom tako z Brnika na voljo 23 tedenskih letov v britansko prestolnico, kar jo po navedbah Fraport Slovenija ume\u0161\u010da na vrh lestvice povezav z najve\u010djo frekvenco letov in kapaciteto potni\u0161kih sede\u017eev.<\/p>\n<p>Skupina Lufthansa, ki je lani v zimskem voznem redu vzpostavila lete do vozli\u0161\u010d v Frankfurtu, M\u00fcnchnu, Bruslju in Z\u00fcrichu, pod okriljem prevoznikov Lufthansa, Swiss Airlines in Brussels Airlines ohranja obseg letenja. Ob tem bo izbolj\u0161ala urnik letov v Frankfurt, saj bo jutranji let tja na sporedu ob 7. uri.<\/p>\n<p>S poletnim voznim redom bodo ponovno na voljo tudi leti v Helsinke s Finnairom, ki bo povezavo okrepil z dodatnima dvema frekvencama in ponudil dnevne lete na Finsko. Ruski prevoznik Aeroflot bo lete z ljubljanskega letali\u0161\u010da podvojil ter bo slovensko in rusko prestolnico povezoval dvakrat dnevno. Prevoznik Turkish Airlines pa bo na istanbulsko letali\u0161\u010de letel dvakrat dnevno. V vrhuncu sezone bo kapaciteto povezave okrepil za ve\u010d kot 20 odstotkov.<\/p>\n<p>V Podgorico bodo potniki s prevoznikom Montenegro Airlines lahko po novem leteli vsak dan. Poljski LOT Polish Airlines bo v Var\u0161avo ponujal deset letov na teden, kar predstavlja dve dodatni frekvenci v primerjavi z lansko poletno sezono. Prevoznik Air France, ki je letenje v zimskem voznem redu podvojil, bo v Pariz vsak dan v tednu ponujal dva leta. Air Serbia bo v Srbijo ponujala skupaj 19 letov tedensko, dvakrat na teden bo letela v Ni\u0161, 17-krat pa v Beograd.<\/p>\n<p>V poletnem voznem redu bodo potnikom z ljubljanskega letali\u0161\u010da na voljo tudi dodatne povezave nizkocenovnih prevoznikov: Easyjeta v Berlin, Wizz Aira v Bruselj in Transavie v Amsterdam.<\/p>\n<p>Za poletni vozni red je lete z brni\u0161kega letali\u0161\u010da napovedalo osem \u010darterskih prevoznikov. V sodelovanju s turisti\u010dnimi agencijami bodo ponujali lete na predvidoma 21 po\u010ditni\u0161kih destinacij v Gr\u010diji, Tur\u010diji, Egiptu, Tuniziji, \u0160paniji, Izraelu in na Cipru. Obseg \u010darterskega prometa bo primerljiv lanskemu.<\/p>\n<p>&#8220;Skupni obseg letenja tujih prevoznikov se v primerjavi z lanskim pove\u010duje za 34 odstotkov, kar je jasen znak konkuren\u010dnosti ljubljanskega letali\u0161\u010da in nara\u0161\u010danja privla\u010dnosti destinacije na tujih trgih. Na\u0161i napori bodo \u0161e naprej usmerjeni v bogatitev mre\u017ee poletov z Brnika in v optimizacijo voznega reda obstoje\u010dih povezav,&#8221; je dejal vodja letali\u0161kih storitev v Fraportu Slovenija Janez Kra\u0161nja.<\/p>\n<p>Letos na Letali\u0161\u010du Jo\u017eeta Pu\u010dnika Ljubljana pri\u010dakujejo vsaj 1,5 milijona potnikov. Gradijo tudi nov potni\u0161ki terminal, dela bodo predvidoma zaklju\u010dena prihodnje poletje.<\/p>\n","protected":false},"excerpt":{"rendered":"<p>Poletni vozni red, ki bo v letalskem prometu v veljavo stopil 29. marca, na brni\u0161kem letali\u0161\u010du prina\u0161a ve\u010d novosti. Obstoje\u010dim 12 rednim prevoznikom se bo pridru\u017eilo pet novih, nekatere povezave dobivajo dodatne frekvence. Skupaj bo potnikom na voljo 22 destinacij v 15 dr\u017eavah z ve\u010d kot 160 leti na teden.<\/p>\n","protected":false},"author":8,"featured_media":142144,"comment_status":"closed","ping_status":"closed","sticky":false,"template":"","format":"standard","meta":{"footnotes":""},"categories":[1179],"tags":[3797,1770,1595],"source":[4511],"supertag":[],"acf":[],"yoast_head":"<!-- This site is optimized with the Yoast SEO plugin v21.3 - https:\/\/yoast.com\/wordpress\/plugins\/seo\/ -->\n<title>Poletni vozni red na brni\u0161kem letali\u0161\u010du od 29. marca naprej prina\u0161a \u0161tevilne novosti - Hudo Slovenija<\/title>\n<meta name=\"robots\" content=\"index, follow, max-snippet:-1, max-image-preview:large, max-video-preview:-1\" \/>\n<link rel=\"canonical\" href=\"https:\/\/hudo.com\/si\/aktualno\/poletni-vozni-red-na-brniskem-letaliscu-od-29-marca-naprej-prinasa-stevilne-novosti\/\" \/>\n<meta property=\"og:locale\" content=\"sl_SI\" \/>\n<meta property=\"og:type\" content=\"article\" \/>\n<meta property=\"og:title\" content=\"Poletni vozni red na brni\u0161kem letali\u0161\u010du od 29. marca naprej prina\u0161a \u0161tevilne novosti - Hudo Slovenija\" \/>\n<meta property=\"og:description\" content=\"Poletni vozni red, ki bo v letalskem prometu v veljavo stopil 29. marca, na brni\u0161kem letali\u0161\u010du prina\u0161a ve\u010d novosti. Obstoje\u010dim 12 rednim prevoznikom se bo pridru\u017eilo pet novih, nekatere povezave dobivajo dodatne frekvence. Skupaj bo potnikom na voljo 22 destinacij v 15 dr\u017eavah z ve\u010d kot 160 leti na teden.\" \/>\n<meta property=\"og:url\" content=\"https:\/\/hudo.com\/si\/aktualno\/poletni-vozni-red-na-brniskem-letaliscu-od-29-marca-naprej-prinasa-stevilne-novosti\/\" \/>\n<meta property=\"og:site_name\" content=\"Hudo Slovenija\" \/>\n<meta property=\"article:publisher\" content=\"https:\/\/www.facebook.com\/hudo.si\" \/>\n<meta property=\"article:published_time\" content=\"2020-03-04T13:57:48+00:00\" \/>\n<meta property=\"og:image\" content=\"https:\/\/hudo.com\/si\/wp-content\/uploads\/sites\/2\/2016\/09\/profimedia-0261591564.jpg\" \/>\n\t<meta property=\"og:image:width\" content=\"1250\" \/>\n\t<meta property=\"og:image:height\" content=\"833\" \/>\n\t<meta property=\"og:image:type\" content=\"image\/jpeg\" \/>\n<meta name=\"author\" content=\"M. N., STA\" \/>\n<meta name=\"twitter:card\" content=\"summary_large_image\" \/>\n<meta name=\"twitter:creator\" content=\"@hudo_si\" \/>\n<meta name=\"twitter:site\" content=\"@hudo_si\" \/>\n<meta name=\"twitter:label1\" content=\"Written by\" \/>\n\t<meta name=\"twitter:data1\" content=\"M. N., STA\" \/>\n\t<meta name=\"twitter:label2\" content=\"Est. reading time\" \/>\n\t<meta name=\"twitter:data2\" content=\"3 minute\" \/>\n<script type=\"application\/ld+json\" class=\"yoast-schema-graph\">{\"@context\":\"https:\/\/schema.org\",\"@graph\":[{\"@type\":\"Article\",\"@id\":\"https:\/\/hudo.com\/si\/aktualno\/poletni-vozni-red-na-brniskem-letaliscu-od-29-marca-naprej-prinasa-stevilne-novosti\/#article\",\"isPartOf\":{\"@id\":\"https:\/\/hudo.com\/si\/aktualno\/poletni-vozni-red-na-brniskem-letaliscu-od-29-marca-naprej-prinasa-stevilne-novosti\/\"},\"author\":{\"name\":\"M. N., STA\",\"@id\":\"https:\/\/hudo.com\/si\/#\/schema\/person\/c2f10ce65d2e6ede2aeda5be2a0611fa\"},\"headline\":\"Poletni vozni red na brni\u0161kem letali\u0161\u010du od 29. marca naprej prina\u0161a \u0161tevilne novosti\",\"datePublished\":\"2020-03-04T13:57:48+00:00\",\"dateModified\":\"2020-03-04T13:57:48+00:00\",\"mainEntityOfPage\":{\"@id\":\"https:\/\/hudo.com\/si\/aktualno\/poletni-vozni-red-na-brniskem-letaliscu-od-29-marca-naprej-prinasa-stevilne-novosti\/\"},\"wordCount\":589,\"publisher\":{\"@id\":\"https:\/\/hudo.com\/si\/#organization\"},\"keywords\":[\"letali\u0161\u010de jo\u017eeta pu\u010dnika\",\"letalski promet\",\"Slovenija\"],\"articleSection\":[\"Aktualno\"],\"inLanguage\":\"sl-SI\"},{\"@type\":\"WebPage\",\"@id\":\"https:\/\/hudo.com\/si\/aktualno\/poletni-vozni-red-na-brniskem-letaliscu-od-29-marca-naprej-prinasa-stevilne-novosti\/\",\"url\":\"https:\/\/hudo.com\/si\/aktualno\/poletni-vozni-red-na-brniskem-letaliscu-od-29-marca-naprej-prinasa-stevilne-novosti\/\",\"name\":\"Poletni vozni red na brni\u0161kem letali\u0161\u010du od 29. marca naprej prina\u0161a \u0161tevilne novosti - Hudo Slovenija\",\"isPartOf\":{\"@id\":\"https:\/\/hudo.com\/si\/#website\"},\"datePublished\":\"2020-03-04T13:57:48+00:00\",\"dateModified\":\"2020-03-04T13:57:48+00:00\",\"breadcrumb\":{\"@id\":\"https:\/\/hudo.com\/si\/aktualno\/poletni-vozni-red-na-brniskem-letaliscu-od-29-marca-naprej-prinasa-stevilne-novosti\/#breadcrumb\"},\"inLanguage\":\"sl-SI\",\"potentialAction\":[{\"@type\":\"ReadAction\",\"target\":[\"https:\/\/hudo.com\/si\/aktualno\/poletni-vozni-red-na-brniskem-letaliscu-od-29-marca-naprej-prinasa-stevilne-novosti\/\"]}]},{\"@type\":\"BreadcrumbList\",\"@id\":\"https:\/\/hudo.com\/si\/aktualno\/poletni-vozni-red-na-brniskem-letaliscu-od-29-marca-naprej-prinasa-stevilne-novosti\/#breadcrumb\",\"itemListElement\":[{\"@type\":\"ListItem\",\"position\":1,\"name\":\"Home\",\"item\":\"https:\/\/hudo.com\/si\/\"},{\"@type\":\"ListItem\",\"position\":2,\"name\":\"Poletni vozni red na brni\u0161kem letali\u0161\u010du od 29. marca naprej prina\u0161a \u0161tevilne novosti\"}]},{\"@type\":\"WebSite\",\"@id\":\"https:\/\/hudo.com\/si\/#website\",\"url\":\"https:\/\/hudo.com\/si\/\",\"name\":\"Hudo Slovenija\",\"description\":\"Vse novice iz Slovenije in sveta\",\"publisher\":{\"@id\":\"https:\/\/hudo.com\/si\/#organization\"},\"potentialAction\":[{\"@type\":\"SearchAction\",\"target\":{\"@type\":\"EntryPoint\",\"urlTemplate\":\"https:\/\/hudo.com\/si\/?s={search_term_string}\"},\"query-input\":\"required name=search_term_string\"}],\"inLanguage\":\"sl-SI\"},{\"@type\":\"Organization\",\"@id\":\"https:\/\/hudo.com\/si\/#organization\",\"name\":\"VSN Media\",\"url\":\"https:\/\/hudo.com\/si\/\",\"logo\":{\"@type\":\"ImageObject\",\"inLanguage\":\"sl-SI\",\"@id\":\"https:\/\/hudo.com\/si\/#\/schema\/logo\/image\/\",\"url\":\"https:\/\/hudo.com\/si\/wp-content\/uploads\/sites\/2\/2021\/03\/hudo-app-2.png\",\"contentUrl\":\"https:\/\/hudo.com\/si\/wp-content\/uploads\/sites\/2\/2021\/03\/hudo-app-2.png\",\"width\":2185,\"height\":2167,\"caption\":\"VSN Media\"},\"image\":{\"@id\":\"https:\/\/hudo.com\/si\/#\/schema\/logo\/image\/\"},\"sameAs\":[\"https:\/\/www.facebook.com\/hudo.si\",\"https:\/\/twitter.com\/hudo_si\"]},{\"@type\":\"Person\",\"@id\":\"https:\/\/hudo.com\/si\/#\/schema\/person\/c2f10ce65d2e6ede2aeda5be2a0611fa\",\"name\":\"M. N., STA\",\"image\":{\"@type\":\"ImageObject\",\"inLanguage\":\"sl-SI\",\"@id\":\"https:\/\/hudo.com\/si\/#\/schema\/person\/image\/\",\"url\":\"https:\/\/secure.gravatar.com\/avatar\/f370d38daa10467f755c5c766a4cac20?s=96&d=mm&r=g\",\"contentUrl\":\"https:\/\/secure.gravatar.com\/avatar\/f370d38daa10467f755c5c766a4cac20?s=96&d=mm&r=g\",\"caption\":\"M. N., STA\"},\"url\":\"https:\/\/hudo.com\/si\/author\/mana\/\"}]}<\/script>\n<!-- \/ Yoast SEO plugin. -->","yoast_head_json":{"title":"Poletni vozni red na brni\u0161kem letali\u0161\u010du od 29. marca naprej prina\u0161a \u0161tevilne novosti - Hudo Slovenija","robots":{"index":"index","follow":"follow","max-snippet":"max-snippet:-1","max-image-preview":"max-image-preview:large","max-video-preview":"max-video-preview:-1"},"canonical":"https:\/\/hudo.com\/si\/aktualno\/poletni-vozni-red-na-brniskem-letaliscu-od-29-marca-naprej-prinasa-stevilne-novosti\/","og_locale":"sl_SI","og_type":"article","og_title":"Poletni vozni red na brni\u0161kem letali\u0161\u010du od 29. marca naprej prina\u0161a \u0161tevilne novosti - Hudo Slovenija","og_description":"Poletni vozni red, ki bo v letalskem prometu v veljavo stopil 29. marca, na brni\u0161kem letali\u0161\u010du prina\u0161a ve\u010d novosti. Obstoje\u010dim 12 rednim prevoznikom se bo pridru\u017eilo pet novih, nekatere povezave dobivajo dodatne frekvence. Skupaj bo potnikom na voljo 22 destinacij v 15 dr\u017eavah z ve\u010d kot 160 leti na teden.","og_url":"https:\/\/hudo.com\/si\/aktualno\/poletni-vozni-red-na-brniskem-letaliscu-od-29-marca-naprej-prinasa-stevilne-novosti\/","og_site_name":"Hudo Slovenija","article_publisher":"https:\/\/www.facebook.com\/hudo.si","article_published_time":"2020-03-04T13:57:48+00:00","og_image":[{"width":1250,"height":833,"url":"https:\/\/hudo.com\/si\/wp-content\/uploads\/sites\/2\/2016\/09\/profimedia-0261591564.jpg","type":"image\/jpeg"}],"author":"M. N., STA","twitter_card":"summary_large_image","twitter_creator":"@hudo_si","twitter_site":"@hudo_si","twitter_misc":{"Written by":"M. N., STA","Est. reading time":"3 minute"},"schema":{"@context":"https:\/\/schema.org","@graph":[{"@type":"Article","@id":"https:\/\/hudo.com\/si\/aktualno\/poletni-vozni-red-na-brniskem-letaliscu-od-29-marca-naprej-prinasa-stevilne-novosti\/#article","isPartOf":{"@id":"https:\/\/hudo.com\/si\/aktualno\/poletni-vozni-red-na-brniskem-letaliscu-od-29-marca-naprej-prinasa-stevilne-novosti\/"},"author":{"name":"M. N., STA","@id":"https:\/\/hudo.com\/si\/#\/schema\/person\/c2f10ce65d2e6ede2aeda5be2a0611fa"},"headline":"Poletni vozni red na brni\u0161kem letali\u0161\u010du od 29. marca naprej prina\u0161a \u0161tevilne novosti","datePublished":"2020-03-04T13:57:48+00:00","dateModified":"2020-03-04T13:57:48+00:00","mainEntityOfPage":{"@id":"https:\/\/hudo.com\/si\/aktualno\/poletni-vozni-red-na-brniskem-letaliscu-od-29-marca-naprej-prinasa-stevilne-novosti\/"},"wordCount":589,"publisher":{"@id":"https:\/\/hudo.com\/si\/#organization"},"keywords":["letali\u0161\u010de jo\u017eeta pu\u010dnika","letalski promet","Slovenija"],"articleSection":["Aktualno"],"inLanguage":"sl-SI"},{"@type":"WebPage","@id":"https:\/\/hudo.com\/si\/aktualno\/poletni-vozni-red-na-brniskem-letaliscu-od-29-marca-naprej-prinasa-stevilne-novosti\/","url":"https:\/\/hudo.com\/si\/aktualno\/poletni-vozni-red-na-brniskem-letaliscu-od-29-marca-naprej-prinasa-stevilne-novosti\/","name":"Poletni vozni red na brni\u0161kem letali\u0161\u010du od 29. marca naprej prina\u0161a \u0161tevilne novosti - Hudo Slovenija","isPartOf":{"@id":"https:\/\/hudo.com\/si\/#website"},"datePublished":"2020-03-04T13:57:48+00:00","dateModified":"2020-03-04T13:57:48+00:00","breadcrumb":{"@id":"https:\/\/hudo.com\/si\/aktualno\/poletni-vozni-red-na-brniskem-letaliscu-od-29-marca-naprej-prinasa-stevilne-novosti\/#breadcrumb"},"inLanguage":"sl-SI","potentialAction":[{"@type":"ReadAction","target":["https:\/\/hudo.com\/si\/aktualno\/poletni-vozni-red-na-brniskem-letaliscu-od-29-marca-naprej-prinasa-stevilne-novosti\/"]}]},{"@type":"BreadcrumbList","@id":"https:\/\/hudo.com\/si\/aktualno\/poletni-vozni-red-na-brniskem-letaliscu-od-29-marca-naprej-prinasa-stevilne-novosti\/#breadcrumb","itemListElement":[{"@type":"ListItem","position":1,"name":"Home","item":"https:\/\/hudo.com\/si\/"},{"@type":"ListItem","position":2,"name":"Poletni vozni red na brni\u0161kem letali\u0161\u010du od 29. marca naprej prina\u0161a \u0161tevilne novosti"}]},{"@type":"WebSite","@id":"https:\/\/hudo.com\/si\/#website","url":"https:\/\/hudo.com\/si\/","name":"Hudo Slovenija","description":"Vse novice iz Slovenije in sveta","publisher":{"@id":"https:\/\/hudo.com\/si\/#organization"},"potentialAction":[{"@type":"SearchAction","target":{"@type":"EntryPoint","urlTemplate":"https:\/\/hudo.com\/si\/?s={search_term_string}"},"query-input":"required name=search_term_string"}],"inLanguage":"sl-SI"},{"@type":"Organization","@id":"https:\/\/hudo.com\/si\/#organization","name":"VSN Media","url":"https:\/\/hudo.com\/si\/","logo":{"@type":"ImageObject","inLanguage":"sl-SI","@id":"https:\/\/hudo.com\/si\/#\/schema\/logo\/image\/","url":"https:\/\/hudo.com\/si\/wp-content\/uploads\/sites\/2\/2021\/03\/hudo-app-2.png","contentUrl":"https:\/\/hudo.com\/si\/wp-content\/uploads\/sites\/2\/2021\/03\/hudo-app-2.png","width":2185,"height":2167,"caption":"VSN Media"},"image":{"@id":"https:\/\/hudo.com\/si\/#\/schema\/logo\/image\/"},"sameAs":["https:\/\/www.facebook.com\/hudo.si","https:\/\/twitter.com\/hudo_si"]},{"@type":"Person","@id":"https:\/\/hudo.com\/si\/#\/schema\/person\/c2f10ce65d2e6ede2aeda5be2a0611fa","name":"M. N., STA","image":{"@type":"ImageObject","inLanguage":"sl-SI","@id":"https:\/\/hudo.com\/si\/#\/schema\/person\/image\/","url":"https:\/\/secure.gravatar.com\/avatar\/f370d38daa10467f755c5c766a4cac20?s=96&d=mm&r=g","contentUrl":"https:\/\/secure.gravatar.com\/avatar\/f370d38daa10467f755c5c766a4cac20?s=96&d=mm&r=g","caption":"M. N., STA"},"url":"https:\/\/hudo.com\/si\/author\/mana\/"}]}},"amp_enabled":true,"_links":{"self":[{"href":"https:\/\/hudo.com\/si\/wp-json\/wp\/v2\/posts\/417491"}],"collection":[{"href":"https:\/\/hudo.com\/si\/wp-json\/wp\/v2\/posts"}],"about":[{"href":"https:\/\/hudo.com\/si\/wp-json\/wp\/v2\/types\/post"}],"author":[{"embeddable":true,"href":"https:\/\/hudo.com\/si\/wp-json\/wp\/v2\/users\/8"}],"replies":[{"embeddable":true,"href":"https:\/\/hudo.com\/si\/wp-json\/wp\/v2\/comments?post=417491"}],"version-history":[{"count":1,"href":"https:\/\/hudo.com\/si\/wp-json\/wp\/v2\/posts\/417491\/revisions"}],"predecessor-version":[{"id":417492,"href":"https:\/\/hudo.com\/si\/wp-json\/wp\/v2\/posts\/417491\/revisions\/417492"}],"wp:featuredmedia":[{"embeddable":true,"href":"https:\/\/hudo.com\/si\/wp-json\/wp\/v2\/media\/142144"}],"wp:attachment":[{"href":"https:\/\/hudo.com\/si\/wp-json\/wp\/v2\/media?parent=417491"}],"wp:term":[{"taxonomy":"category","embeddable":true,"href":"https:\/\/hudo.com\/si\/wp-json\/wp\/v2\/categories?post=417491"},{"taxonomy":"post_tag","embeddable":true,"href":"https:\/\/hudo.com\/si\/wp-json\/wp\/v2\/tags?post=417491"},{"taxonomy":"source","embeddable":true,"href":"https:\/\/hudo.com\/si\/wp-json\/wp\/v2\/source?post=417491"},{"taxonomy":"supertag","embeddable":true,"href":"https:\/\/hudo.com\/si\/wp-json\/wp\/v2\/supertag?post=417491"}],"curies":[{"name":"wp","href":"https:\/\/api.w.org\/{rel}","templated":true}]}}