{"id":417973,"date":"2020-03-11T10:27:05","date_gmt":"2020-03-11T09:27:05","guid":{"rendered":"http:\/\/hudo.com\/si\/?p=417973"},"modified":"2020-03-11T10:27:05","modified_gmt":"2020-03-11T09:27:05","slug":"pomlad-je-tu-prvic-letos-se-bodo-temperature-po-nizinah-dvignile-nad-20-stopinj-celzija","status":"publish","type":"post","link":"https:\/\/hudo.com\/si\/aktualno\/pomlad-je-tu-prvic-letos-se-bodo-temperature-po-nizinah-dvignile-nad-20-stopinj-celzija\/","title":{"rendered":"Pomlad je tu: Prvi\u010d letos se bodo temperature po ni\u017einah dvignile nad 20 stopinj Celzija"},"content":{"rendered":"<p>Za danes je sicer napovedano prete\u017eno jasno, na vzhodu pa ob\u010dasno obla\u010dno vreme. Zapihal bo jugozahodni veter, je zapisano na spletnih straneh agencije za okolje.<\/p>\n<p>V \u010detrtek bo prete\u017eno jasno, v zahodnem delu dr\u017eave se bo obla\u010dnost postopno pove\u010dala. Pihal bo jugozahodni veter. Po podatkih agencije bodo najni\u017eje jutranje temperature od ni\u010d do \u0161est, v alpskih dolinah okoli minus dve, najvi\u0161je dnevne od 14 do 21 stopinj Celzija.<\/p>\n<p>V petek bo spremenljivo do prete\u017eno obla\u010dno. Sprva bo ponekod na zahodu rahlo de\u017eevalo, sredi dneva in popoldne bo Slovenijo od severovzhoda pre\u0161el pas padavin. Zapihal bo okrepljen severovzhodni veter, na Primorskem zve\u010der burja. Hladneje bo. V soboto se obeta zmerno do prete\u017eno obla\u010dno in ve\u010dinoma suho vreme. Na Primorskem bo pihala burja, je \u0161e zapisano na spletnih straneh agencije.<\/p>\n","protected":false},"excerpt":{"rendered":"<p>Temperature se bodo danes predvsem po ni\u017einah vzhodnega dela dr\u017eave prvi\u010d v tem letu povzpele nad 20 stopinj Celzija, je prek Twitterja sporo\u010dila Agencija RS za okolje. Najvi\u0161je dnevne temperature bodo od 15 do 22 stopinj Celzija. Ob koncu tedna se bo ponovno ohladilo.<\/p>\n","protected":false},"author":5,"featured_media":393214,"comment_status":"closed","ping_status":"closed","sticky":false,"template":"","format":"standard","meta":{"footnotes":""},"categories":[1179],"tags":[1595,2149],"source":[4511],"supertag":[],"acf":[],"yoast_head":"<!-- This site is optimized with the Yoast SEO plugin v21.3 - https:\/\/yoast.com\/wordpress\/plugins\/seo\/ -->\n<title>Pomlad je tu: Prvi\u010d letos se bodo temperature po ni\u017einah dvignile nad 20 stopinj Celzija - Hudo Slovenija<\/title>\n<meta name=\"robots\" content=\"index, follow, max-snippet:-1, max-image-preview:large, max-video-preview:-1\" \/>\n<link rel=\"canonical\" href=\"https:\/\/hudo.com\/si\/aktualno\/pomlad-je-tu-prvic-letos-se-bodo-temperature-po-nizinah-dvignile-nad-20-stopinj-celzija\/\" \/>\n<meta property=\"og:locale\" content=\"sl_SI\" \/>\n<meta property=\"og:type\" content=\"article\" \/>\n<meta property=\"og:title\" content=\"Pomlad je tu: Prvi\u010d letos se bodo temperature po ni\u017einah dvignile nad 20 stopinj Celzija - Hudo Slovenija\" \/>\n<meta property=\"og:description\" content=\"Temperature se bodo danes predvsem po ni\u017einah vzhodnega dela dr\u017eave prvi\u010d v tem letu povzpele nad 20 stopinj Celzija, je prek Twitterja sporo\u010dila Agencija RS za okolje. Najvi\u0161je dnevne temperature bodo od 15 do 22 stopinj Celzija. Ob koncu tedna se bo ponovno ohladilo.\" \/>\n<meta property=\"og:url\" content=\"https:\/\/hudo.com\/si\/aktualno\/pomlad-je-tu-prvic-letos-se-bodo-temperature-po-nizinah-dvignile-nad-20-stopinj-celzija\/\" \/>\n<meta property=\"og:site_name\" content=\"Hudo Slovenija\" \/>\n<meta property=\"article:publisher\" content=\"https:\/\/www.facebook.com\/hudo.si\" \/>\n<meta property=\"article:published_time\" content=\"2020-03-11T09:27:05+00:00\" \/>\n<meta property=\"og:image\" content=\"https:\/\/hudo.com\/si\/wp-content\/uploads\/sites\/2\/2019\/02\/profimedia-0335857616.jpg\" \/>\n\t<meta property=\"og:image:width\" content=\"1250\" \/>\n\t<meta property=\"og:image:height\" content=\"937\" \/>\n\t<meta property=\"og:image:type\" content=\"image\/jpeg\" \/>\n<meta name=\"author\" content=\"A. G., STA\" \/>\n<meta name=\"twitter:card\" content=\"summary_large_image\" \/>\n<meta name=\"twitter:creator\" content=\"@hudo_si\" \/>\n<meta name=\"twitter:site\" content=\"@hudo_si\" \/>\n<meta name=\"twitter:label1\" content=\"Written by\" \/>\n\t<meta name=\"twitter:data1\" content=\"A. G., STA\" \/>\n\t<meta name=\"twitter:label2\" content=\"Est. reading time\" \/>\n\t<meta name=\"twitter:data2\" content=\"1 minuta\" \/>\n<script type=\"application\/ld+json\" class=\"yoast-schema-graph\">{\"@context\":\"https:\/\/schema.org\",\"@graph\":[{\"@type\":\"Article\",\"@id\":\"https:\/\/hudo.com\/si\/aktualno\/pomlad-je-tu-prvic-letos-se-bodo-temperature-po-nizinah-dvignile-nad-20-stopinj-celzija\/#article\",\"isPartOf\":{\"@id\":\"https:\/\/hudo.com\/si\/aktualno\/pomlad-je-tu-prvic-letos-se-bodo-temperature-po-nizinah-dvignile-nad-20-stopinj-celzija\/\"},\"author\":{\"name\":\"A. G., STA\",\"@id\":\"https:\/\/hudo.com\/si\/#\/schema\/person\/2391667a63ea075ba94f2f2dc6b77537\"},\"headline\":\"Pomlad je tu: Prvi\u010d letos se bodo temperature po ni\u017einah dvignile nad 20 stopinj Celzija\",\"datePublished\":\"2020-03-11T09:27:05+00:00\",\"dateModified\":\"2020-03-11T09:27:05+00:00\",\"mainEntityOfPage\":{\"@id\":\"https:\/\/hudo.com\/si\/aktualno\/pomlad-je-tu-prvic-letos-se-bodo-temperature-po-nizinah-dvignile-nad-20-stopinj-celzija\/\"},\"wordCount\":158,\"publisher\":{\"@id\":\"https:\/\/hudo.com\/si\/#organization\"},\"keywords\":[\"Slovenija\",\"vreme\"],\"articleSection\":[\"Aktualno\"],\"inLanguage\":\"sl-SI\"},{\"@type\":\"WebPage\",\"@id\":\"https:\/\/hudo.com\/si\/aktualno\/pomlad-je-tu-prvic-letos-se-bodo-temperature-po-nizinah-dvignile-nad-20-stopinj-celzija\/\",\"url\":\"https:\/\/hudo.com\/si\/aktualno\/pomlad-je-tu-prvic-letos-se-bodo-temperature-po-nizinah-dvignile-nad-20-stopinj-celzija\/\",\"name\":\"Pomlad je tu: Prvi\u010d letos se bodo temperature po ni\u017einah dvignile nad 20 stopinj Celzija - Hudo Slovenija\",\"isPartOf\":{\"@id\":\"https:\/\/hudo.com\/si\/#website\"},\"datePublished\":\"2020-03-11T09:27:05+00:00\",\"dateModified\":\"2020-03-11T09:27:05+00:00\",\"breadcrumb\":{\"@id\":\"https:\/\/hudo.com\/si\/aktualno\/pomlad-je-tu-prvic-letos-se-bodo-temperature-po-nizinah-dvignile-nad-20-stopinj-celzija\/#breadcrumb\"},\"inLanguage\":\"sl-SI\",\"potentialAction\":[{\"@type\":\"ReadAction\",\"target\":[\"https:\/\/hudo.com\/si\/aktualno\/pomlad-je-tu-prvic-letos-se-bodo-temperature-po-nizinah-dvignile-nad-20-stopinj-celzija\/\"]}]},{\"@type\":\"BreadcrumbList\",\"@id\":\"https:\/\/hudo.com\/si\/aktualno\/pomlad-je-tu-prvic-letos-se-bodo-temperature-po-nizinah-dvignile-nad-20-stopinj-celzija\/#breadcrumb\",\"itemListElement\":[{\"@type\":\"ListItem\",\"position\":1,\"name\":\"Home\",\"item\":\"https:\/\/hudo.com\/si\/\"},{\"@type\":\"ListItem\",\"position\":2,\"name\":\"Pomlad je tu: Prvi\u010d letos se bodo temperature po ni\u017einah dvignile nad 20 stopinj Celzija\"}]},{\"@type\":\"WebSite\",\"@id\":\"https:\/\/hudo.com\/si\/#website\",\"url\":\"https:\/\/hudo.com\/si\/\",\"name\":\"Hudo Slovenija\",\"description\":\"Vse novice iz Slovenije in sveta\",\"publisher\":{\"@id\":\"https:\/\/hudo.com\/si\/#organization\"},\"potentialAction\":[{\"@type\":\"SearchAction\",\"target\":{\"@type\":\"EntryPoint\",\"urlTemplate\":\"https:\/\/hudo.com\/si\/?s={search_term_string}\"},\"query-input\":\"required name=search_term_string\"}],\"inLanguage\":\"sl-SI\"},{\"@type\":\"Organization\",\"@id\":\"https:\/\/hudo.com\/si\/#organization\",\"name\":\"VSN Media\",\"url\":\"https:\/\/hudo.com\/si\/\",\"logo\":{\"@type\":\"ImageObject\",\"inLanguage\":\"sl-SI\",\"@id\":\"https:\/\/hudo.com\/si\/#\/schema\/logo\/image\/\",\"url\":\"https:\/\/hudo.com\/si\/wp-content\/uploads\/sites\/2\/2021\/03\/hudo-app-2.png\",\"contentUrl\":\"https:\/\/hudo.com\/si\/wp-content\/uploads\/sites\/2\/2021\/03\/hudo-app-2.png\",\"width\":2185,\"height\":2167,\"caption\":\"VSN Media\"},\"image\":{\"@id\":\"https:\/\/hudo.com\/si\/#\/schema\/logo\/image\/\"},\"sameAs\":[\"https:\/\/www.facebook.com\/hudo.si\",\"https:\/\/twitter.com\/hudo_si\"]},{\"@type\":\"Person\",\"@id\":\"https:\/\/hudo.com\/si\/#\/schema\/person\/2391667a63ea075ba94f2f2dc6b77537\",\"name\":\"A. G., STA\",\"image\":{\"@type\":\"ImageObject\",\"inLanguage\":\"sl-SI\",\"@id\":\"https:\/\/hudo.com\/si\/#\/schema\/person\/image\/\",\"url\":\"https:\/\/secure.gravatar.com\/avatar\/e13d22ac3e442658d5025fbbe6238a79?s=96&d=mm&r=g\",\"contentUrl\":\"https:\/\/secure.gravatar.com\/avatar\/e13d22ac3e442658d5025fbbe6238a79?s=96&d=mm&r=g\",\"caption\":\"A. G., STA\"},\"url\":\"https:\/\/hudo.com\/si\/author\/alenka\/\"}]}<\/script>\n<!-- \/ Yoast SEO plugin. -->","yoast_head_json":{"title":"Pomlad je tu: Prvi\u010d letos se bodo temperature po ni\u017einah dvignile nad 20 stopinj Celzija - Hudo Slovenija","robots":{"index":"index","follow":"follow","max-snippet":"max-snippet:-1","max-image-preview":"max-image-preview:large","max-video-preview":"max-video-preview:-1"},"canonical":"https:\/\/hudo.com\/si\/aktualno\/pomlad-je-tu-prvic-letos-se-bodo-temperature-po-nizinah-dvignile-nad-20-stopinj-celzija\/","og_locale":"sl_SI","og_type":"article","og_title":"Pomlad je tu: Prvi\u010d letos se bodo temperature po ni\u017einah dvignile nad 20 stopinj Celzija - Hudo Slovenija","og_description":"Temperature se bodo danes predvsem po ni\u017einah vzhodnega dela dr\u017eave prvi\u010d v tem letu povzpele nad 20 stopinj Celzija, je prek Twitterja sporo\u010dila Agencija RS za okolje. Najvi\u0161je dnevne temperature bodo od 15 do 22 stopinj Celzija. Ob koncu tedna se bo ponovno ohladilo.","og_url":"https:\/\/hudo.com\/si\/aktualno\/pomlad-je-tu-prvic-letos-se-bodo-temperature-po-nizinah-dvignile-nad-20-stopinj-celzija\/","og_site_name":"Hudo Slovenija","article_publisher":"https:\/\/www.facebook.com\/hudo.si","article_published_time":"2020-03-11T09:27:05+00:00","og_image":[{"width":1250,"height":937,"url":"https:\/\/hudo.com\/si\/wp-content\/uploads\/sites\/2\/2019\/02\/profimedia-0335857616.jpg","type":"image\/jpeg"}],"author":"A. G., STA","twitter_card":"summary_large_image","twitter_creator":"@hudo_si","twitter_site":"@hudo_si","twitter_misc":{"Written by":"A. G., STA","Est. reading time":"1 minuta"},"schema":{"@context":"https:\/\/schema.org","@graph":[{"@type":"Article","@id":"https:\/\/hudo.com\/si\/aktualno\/pomlad-je-tu-prvic-letos-se-bodo-temperature-po-nizinah-dvignile-nad-20-stopinj-celzija\/#article","isPartOf":{"@id":"https:\/\/hudo.com\/si\/aktualno\/pomlad-je-tu-prvic-letos-se-bodo-temperature-po-nizinah-dvignile-nad-20-stopinj-celzija\/"},"author":{"name":"A. G., STA","@id":"https:\/\/hudo.com\/si\/#\/schema\/person\/2391667a63ea075ba94f2f2dc6b77537"},"headline":"Pomlad je tu: Prvi\u010d letos se bodo temperature po ni\u017einah dvignile nad 20 stopinj Celzija","datePublished":"2020-03-11T09:27:05+00:00","dateModified":"2020-03-11T09:27:05+00:00","mainEntityOfPage":{"@id":"https:\/\/hudo.com\/si\/aktualno\/pomlad-je-tu-prvic-letos-se-bodo-temperature-po-nizinah-dvignile-nad-20-stopinj-celzija\/"},"wordCount":158,"publisher":{"@id":"https:\/\/hudo.com\/si\/#organization"},"keywords":["Slovenija","vreme"],"articleSection":["Aktualno"],"inLanguage":"sl-SI"},{"@type":"WebPage","@id":"https:\/\/hudo.com\/si\/aktualno\/pomlad-je-tu-prvic-letos-se-bodo-temperature-po-nizinah-dvignile-nad-20-stopinj-celzija\/","url":"https:\/\/hudo.com\/si\/aktualno\/pomlad-je-tu-prvic-letos-se-bodo-temperature-po-nizinah-dvignile-nad-20-stopinj-celzija\/","name":"Pomlad je tu: Prvi\u010d letos se bodo temperature po ni\u017einah dvignile nad 20 stopinj Celzija - Hudo Slovenija","isPartOf":{"@id":"https:\/\/hudo.com\/si\/#website"},"datePublished":"2020-03-11T09:27:05+00:00","dateModified":"2020-03-11T09:27:05+00:00","breadcrumb":{"@id":"https:\/\/hudo.com\/si\/aktualno\/pomlad-je-tu-prvic-letos-se-bodo-temperature-po-nizinah-dvignile-nad-20-stopinj-celzija\/#breadcrumb"},"inLanguage":"sl-SI","potentialAction":[{"@type":"ReadAction","target":["https:\/\/hudo.com\/si\/aktualno\/pomlad-je-tu-prvic-letos-se-bodo-temperature-po-nizinah-dvignile-nad-20-stopinj-celzija\/"]}]},{"@type":"BreadcrumbList","@id":"https:\/\/hudo.com\/si\/aktualno\/pomlad-je-tu-prvic-letos-se-bodo-temperature-po-nizinah-dvignile-nad-20-stopinj-celzija\/#breadcrumb","itemListElement":[{"@type":"ListItem","position":1,"name":"Home","item":"https:\/\/hudo.com\/si\/"},{"@type":"ListItem","position":2,"name":"Pomlad je tu: Prvi\u010d letos se bodo temperature po ni\u017einah dvignile nad 20 stopinj Celzija"}]},{"@type":"WebSite","@id":"https:\/\/hudo.com\/si\/#website","url":"https:\/\/hudo.com\/si\/","name":"Hudo Slovenija","description":"Vse novice iz Slovenije in sveta","publisher":{"@id":"https:\/\/hudo.com\/si\/#organization"},"potentialAction":[{"@type":"SearchAction","target":{"@type":"EntryPoint","urlTemplate":"https:\/\/hudo.com\/si\/?s={search_term_string}"},"query-input":"required name=search_term_string"}],"inLanguage":"sl-SI"},{"@type":"Organization","@id":"https:\/\/hudo.com\/si\/#organization","name":"VSN Media","url":"https:\/\/hudo.com\/si\/","logo":{"@type":"ImageObject","inLanguage":"sl-SI","@id":"https:\/\/hudo.com\/si\/#\/schema\/logo\/image\/","url":"https:\/\/hudo.com\/si\/wp-content\/uploads\/sites\/2\/2021\/03\/hudo-app-2.png","contentUrl":"https:\/\/hudo.com\/si\/wp-content\/uploads\/sites\/2\/2021\/03\/hudo-app-2.png","width":2185,"height":2167,"caption":"VSN Media"},"image":{"@id":"https:\/\/hudo.com\/si\/#\/schema\/logo\/image\/"},"sameAs":["https:\/\/www.facebook.com\/hudo.si","https:\/\/twitter.com\/hudo_si"]},{"@type":"Person","@id":"https:\/\/hudo.com\/si\/#\/schema\/person\/2391667a63ea075ba94f2f2dc6b77537","name":"A. G., STA","image":{"@type":"ImageObject","inLanguage":"sl-SI","@id":"https:\/\/hudo.com\/si\/#\/schema\/person\/image\/","url":"https:\/\/secure.gravatar.com\/avatar\/e13d22ac3e442658d5025fbbe6238a79?s=96&d=mm&r=g","contentUrl":"https:\/\/secure.gravatar.com\/avatar\/e13d22ac3e442658d5025fbbe6238a79?s=96&d=mm&r=g","caption":"A. G., STA"},"url":"https:\/\/hudo.com\/si\/author\/alenka\/"}]}},"amp_enabled":true,"_links":{"self":[{"href":"https:\/\/hudo.com\/si\/wp-json\/wp\/v2\/posts\/417973"}],"collection":[{"href":"https:\/\/hudo.com\/si\/wp-json\/wp\/v2\/posts"}],"about":[{"href":"https:\/\/hudo.com\/si\/wp-json\/wp\/v2\/types\/post"}],"author":[{"embeddable":true,"href":"https:\/\/hudo.com\/si\/wp-json\/wp\/v2\/users\/5"}],"replies":[{"embeddable":true,"href":"https:\/\/hudo.com\/si\/wp-json\/wp\/v2\/comments?post=417973"}],"version-history":[{"count":1,"href":"https:\/\/hudo.com\/si\/wp-json\/wp\/v2\/posts\/417973\/revisions"}],"predecessor-version":[{"id":417974,"href":"https:\/\/hudo.com\/si\/wp-json\/wp\/v2\/posts\/417973\/revisions\/417974"}],"wp:featuredmedia":[{"embeddable":true,"href":"https:\/\/hudo.com\/si\/wp-json\/wp\/v2\/media\/393214"}],"wp:attachment":[{"href":"https:\/\/hudo.com\/si\/wp-json\/wp\/v2\/media?parent=417973"}],"wp:term":[{"taxonomy":"category","embeddable":true,"href":"https:\/\/hudo.com\/si\/wp-json\/wp\/v2\/categories?post=417973"},{"taxonomy":"post_tag","embeddable":true,"href":"https:\/\/hudo.com\/si\/wp-json\/wp\/v2\/tags?post=417973"},{"taxonomy":"source","embeddable":true,"href":"https:\/\/hudo.com\/si\/wp-json\/wp\/v2\/source?post=417973"},{"taxonomy":"supertag","embeddable":true,"href":"https:\/\/hudo.com\/si\/wp-json\/wp\/v2\/supertag?post=417973"}],"curies":[{"name":"wp","href":"https:\/\/api.w.org\/{rel}","templated":true}]}}