{"id":418028,"date":"2020-03-11T15:31:25","date_gmt":"2020-03-11T14:31:25","guid":{"rendered":"http:\/\/hudo.com\/si\/?p=418028"},"modified":"2020-03-11T15:31:25","modified_gmt":"2020-03-11T14:31:25","slug":"na-predvecer-gregorjevega-bodo-po-vodi-zaplavali-gregorcki","status":"publish","type":"post","link":"https:\/\/hudo.com\/si\/aktualno\/na-predvecer-gregorjevega-bodo-po-vodi-zaplavali-gregorcki\/","title":{"rendered":"Na predve\u010der gregorjevega bodo po vodi zaplavali gregor\u010dki"},"content":{"rendered":"<p>Gregorjevo, ki ga praznujemo na god sv. Gregorja 12. marca, je kot dan, ko se pti\u010dki \u017eenijo, znano po celotnem slovenskem obmo\u010dju. Velja za praznik zaljubljencev in naznanja pomlad. Kot pojasnjujejo v Turisti\u010dnem dru\u0161tvu Kropa in Kulturno-turisti\u010dnem dru\u0161tvu Kamna Gorica, je ta dan do uvedbe gregorijanskega koledarja leta 1582 veljal za prvi pomladni dan.<\/p>\n<p>Dan se je takrat \u017ee toliko podalj\u0161al, da obrtniki pri svojem delu niso ve\u010d potrebovali umetne razsvetljave. Lu\u010d so tako na predve\u010der gregorjevega simboli\u010dno vrgli v vodo. V zadnjih letih se \u0161ega vra\u010da v \u0161tevilne kraje po Sloveniji, hkrati pa ostaja doma v starih \u017eelezarskih krajih Kropi in Kamni Gorici, kjer, kot poudarjajo, nikdar v ve\u010dstoletni zgodovini ni zamrla.<\/p>\n<p>V Kropi otroci ob mraku spu\u0161\u010dajo bar\u010dice na Bajerju nekdanje spodnje fu\u017eine, v Kamni Gorici pa po enem od \u0161tevilnih vodnih kanalov v sredi\u0161\u010du vasi. Bar\u010dice, ki jih vr\u017eejo v vodo, so pravzaprav hi\u0161ice, cerkvice, fu\u017einice, kozolci in razli\u010dne umetni\u0161ke stvaritve iz papirja, kartona in lesa. Vsem je skupno, da jih razsvetljujejo sve\u010de. V Kropi in Kamni Gorici so poznane kot bar\u010dice, v drugih krajih kot gregor\u010dki.<\/p>\n<p>Bogato tradicijo na tem podro\u010dju ima tudi Tr\u017ei\u010d, saj je &#8220;vu\u010d u vodo&#8221; \u0161ega, ki je neko\u010d \u017eivela med tr\u017ei\u0161kimi \u010devljarji. V Tr\u017ei\u010du danes \u010devljarskih vajencev ni ve\u010d, zato pa \u0161ego vsako leto obujajo \u0161olski in vrt\u010devski otroci, ki na predve\u010der gregorjevega svoje hi\u0161ice, opremljene s sve\u010do, spustijo po Tr\u017ei\u0161ki Bistrici. Dogodek pripravlja Ob\u010dina Tr\u017ei\u010d, ob njej sta glavna nosilca Osnovna \u0161ola Tr\u017ei\u010d in Tr\u017ei\u0161ki muzej, kjer so pripravili tudi razstavo V gregor\u010dkih o\u017eivljenja tr\u017ei\u0161ka dedi\u0161\u010dina.<\/p>\n<p>\u0160tudentje Vi\u0161je strokovne \u0161ole \u0160olskega centra Ljubljana so pod mentorstvom \u017dive Deu motive za izdelavo gregor\u010dkov za razstavo, ki je na ogled v Galeriji Atrij, poiskali v bogati tr\u017ei\u0161ki dedi\u0161\u010dini. Izro\u010dilo in spoznanja o spu\u0161\u010danju lu\u010di po vodi so povezali z dedi\u0161\u010dino, ki so jo spoznali v Tr\u017ei\u010du. Na tej podlagi je nastalo pet gregor\u010dkov, v katerih se staro izro\u010dilo prepleta z novim pogledom na nekdanjo stvarnost.<\/p>\n<p>Ob dana\u0161njem spu\u0161\u010danju gregor\u010dkov, ki se ga bo udele\u017eil tudi predsednik republike Borut Pahor, so pripravili spremljevalni program. Vendar so delavnice in ostale dogodke v zaprtih prostorih zaradi prepre\u010ditve \u0161irjenja koronavirusa odpovedali, ne pa tudi samega dogodka. Pozvali so, naj se dogodka udele\u017eijo le tisti, ki so zdravi in se dobro po\u010dutijo.<\/p>\n<p>Danes pa so na podlagi odredbe, da so \u0161portni in drugi dogodki na javnih mestih na prostem dovoljeni le, \u010de \u0161tevilo na njih ne presega 500, organizatorji \u0161tevilo obiskovalcev omejili na 400. Kot so sporo\u010dili, sicer ocenjujejo, da bo \u0161tevilo udele\u017eencev glede na razmere v dr\u017eavi in predhodna obvestila najve\u010d 250. V primeru, da bi \u0161tevilo obiskovalec preseglo 400, pa bodo sprejeli ukrepe, da se omeji dostop do dogodka.<\/p>\n<p>Drugod po dr\u017eavi so medtem prireditve, povezane z gregorjevim, odpovedali. Tako so odpovedali gregorjevo ob potoku Bela v Vrhniki, v Logatcu, v Ljubljani ob Grada\u0161\u010dici in v Kranju v kanjonu reke Kokre. Prireditve ob gregorjevem so zbrane na spletni strani\u00a0<a href=\"https:\/\/www.sta.si\/v-srediscu\/gregorjevo2020\" target=\"_blank\" rel=\"noopener noreferrer\">https:\/\/www.sta.si\/v-srediscu\/gregorjevo2020<\/a>.<\/p>\n","protected":false},"excerpt":{"rendered":"<p>Na predve\u010der gregorjevega bodo drevi po nekaterih slovenskih rekah znova zaplavale raznobarvne hi\u0161ice z lu\u010dkami. \u0160ega spu\u0161\u010danja gregor\u010dkov oz. bar\u010dic je zna\u010dilna za kraje z bogato rokodelsko tradicijo, med katerimi so Kropa, Kamna Gorica in Tr\u017ei\u010d, o\u017eivljajo pa jo tudi drugod. Letos so nekatere prireditve zaradi koronavirusa odpovedali.<\/p>\n","protected":false},"author":7,"featured_media":418031,"comment_status":"closed","ping_status":"closed","sticky":false,"template":"","format":"standard","meta":{"footnotes":""},"categories":[1179],"tags":[8147,2029,1595],"source":[4511],"supertag":[],"acf":[],"yoast_head":"<!-- This site is optimized with the Yoast SEO plugin v21.3 - https:\/\/yoast.com\/wordpress\/plugins\/seo\/ -->\n<title>Na predve\u010der gregorjevega bodo po vodi zaplavali gregor\u010dki - Hudo Slovenija<\/title>\n<meta name=\"robots\" content=\"index, follow, max-snippet:-1, max-image-preview:large, max-video-preview:-1\" \/>\n<link rel=\"canonical\" href=\"https:\/\/hudo.com\/si\/aktualno\/na-predvecer-gregorjevega-bodo-po-vodi-zaplavali-gregorcki\/\" \/>\n<meta property=\"og:locale\" content=\"sl_SI\" \/>\n<meta property=\"og:type\" content=\"article\" \/>\n<meta property=\"og:title\" content=\"Na predve\u010der gregorjevega bodo po vodi zaplavali gregor\u010dki - Hudo Slovenija\" \/>\n<meta property=\"og:description\" content=\"Na predve\u010der gregorjevega bodo drevi po nekaterih slovenskih rekah znova zaplavale raznobarvne hi\u0161ice z lu\u010dkami. \u0160ega spu\u0161\u010danja gregor\u010dkov oz. bar\u010dic je zna\u010dilna za kraje z bogato rokodelsko tradicijo, med katerimi so Kropa, Kamna Gorica in Tr\u017ei\u010d, o\u017eivljajo pa jo tudi drugod. Letos so nekatere prireditve zaradi koronavirusa odpovedali.\" \/>\n<meta property=\"og:url\" content=\"https:\/\/hudo.com\/si\/aktualno\/na-predvecer-gregorjevega-bodo-po-vodi-zaplavali-gregorcki\/\" \/>\n<meta property=\"og:site_name\" content=\"Hudo Slovenija\" \/>\n<meta property=\"article:publisher\" content=\"https:\/\/www.facebook.com\/hudo.si\" \/>\n<meta property=\"article:published_time\" content=\"2020-03-11T14:31:25+00:00\" \/>\n<meta property=\"og:image\" content=\"https:\/\/hudo.com\/si\/wp-content\/uploads\/sites\/2\/2020\/03\/profimedia-0300062736-scaled.jpg\" \/>\n\t<meta property=\"og:image:width\" content=\"2560\" \/>\n\t<meta property=\"og:image:height\" content=\"1707\" \/>\n\t<meta property=\"og:image:type\" content=\"image\/jpeg\" \/>\n<meta name=\"author\" content=\"A. P., STA\" \/>\n<meta name=\"twitter:card\" content=\"summary_large_image\" \/>\n<meta name=\"twitter:creator\" content=\"@hudo_si\" \/>\n<meta name=\"twitter:site\" content=\"@hudo_si\" \/>\n<meta name=\"twitter:label1\" content=\"Written by\" \/>\n\t<meta name=\"twitter:data1\" content=\"A. P., STA\" \/>\n\t<meta name=\"twitter:label2\" content=\"Est. reading time\" \/>\n\t<meta name=\"twitter:data2\" content=\"3 minute\" \/>\n<script type=\"application\/ld+json\" class=\"yoast-schema-graph\">{\"@context\":\"https:\/\/schema.org\",\"@graph\":[{\"@type\":\"Article\",\"@id\":\"https:\/\/hudo.com\/si\/aktualno\/na-predvecer-gregorjevega-bodo-po-vodi-zaplavali-gregorcki\/#article\",\"isPartOf\":{\"@id\":\"https:\/\/hudo.com\/si\/aktualno\/na-predvecer-gregorjevega-bodo-po-vodi-zaplavali-gregorcki\/\"},\"author\":{\"name\":\"A. P., STA\",\"@id\":\"https:\/\/hudo.com\/si\/#\/schema\/person\/18f09c02475ba9e606e941a565b80cff\"},\"headline\":\"Na predve\u010der gregorjevega bodo po vodi zaplavali gregor\u010dki\",\"datePublished\":\"2020-03-11T14:31:25+00:00\",\"dateModified\":\"2020-03-11T14:31:25+00:00\",\"mainEntityOfPage\":{\"@id\":\"https:\/\/hudo.com\/si\/aktualno\/na-predvecer-gregorjevega-bodo-po-vodi-zaplavali-gregorcki\/\"},\"wordCount\":565,\"publisher\":{\"@id\":\"https:\/\/hudo.com\/si\/#organization\"},\"keywords\":[\"Gregorjevo\",\"nenavadni obi\u010daji\",\"Slovenija\"],\"articleSection\":[\"Aktualno\"],\"inLanguage\":\"sl-SI\"},{\"@type\":\"WebPage\",\"@id\":\"https:\/\/hudo.com\/si\/aktualno\/na-predvecer-gregorjevega-bodo-po-vodi-zaplavali-gregorcki\/\",\"url\":\"https:\/\/hudo.com\/si\/aktualno\/na-predvecer-gregorjevega-bodo-po-vodi-zaplavali-gregorcki\/\",\"name\":\"Na predve\u010der gregorjevega bodo po vodi zaplavali gregor\u010dki - Hudo Slovenija\",\"isPartOf\":{\"@id\":\"https:\/\/hudo.com\/si\/#website\"},\"datePublished\":\"2020-03-11T14:31:25+00:00\",\"dateModified\":\"2020-03-11T14:31:25+00:00\",\"breadcrumb\":{\"@id\":\"https:\/\/hudo.com\/si\/aktualno\/na-predvecer-gregorjevega-bodo-po-vodi-zaplavali-gregorcki\/#breadcrumb\"},\"inLanguage\":\"sl-SI\",\"potentialAction\":[{\"@type\":\"ReadAction\",\"target\":[\"https:\/\/hudo.com\/si\/aktualno\/na-predvecer-gregorjevega-bodo-po-vodi-zaplavali-gregorcki\/\"]}]},{\"@type\":\"BreadcrumbList\",\"@id\":\"https:\/\/hudo.com\/si\/aktualno\/na-predvecer-gregorjevega-bodo-po-vodi-zaplavali-gregorcki\/#breadcrumb\",\"itemListElement\":[{\"@type\":\"ListItem\",\"position\":1,\"name\":\"Home\",\"item\":\"https:\/\/hudo.com\/si\/\"},{\"@type\":\"ListItem\",\"position\":2,\"name\":\"Na predve\u010der gregorjevega bodo po vodi zaplavali gregor\u010dki\"}]},{\"@type\":\"WebSite\",\"@id\":\"https:\/\/hudo.com\/si\/#website\",\"url\":\"https:\/\/hudo.com\/si\/\",\"name\":\"Hudo Slovenija\",\"description\":\"Vse novice iz Slovenije in sveta\",\"publisher\":{\"@id\":\"https:\/\/hudo.com\/si\/#organization\"},\"potentialAction\":[{\"@type\":\"SearchAction\",\"target\":{\"@type\":\"EntryPoint\",\"urlTemplate\":\"https:\/\/hudo.com\/si\/?s={search_term_string}\"},\"query-input\":\"required name=search_term_string\"}],\"inLanguage\":\"sl-SI\"},{\"@type\":\"Organization\",\"@id\":\"https:\/\/hudo.com\/si\/#organization\",\"name\":\"VSN Media\",\"url\":\"https:\/\/hudo.com\/si\/\",\"logo\":{\"@type\":\"ImageObject\",\"inLanguage\":\"sl-SI\",\"@id\":\"https:\/\/hudo.com\/si\/#\/schema\/logo\/image\/\",\"url\":\"https:\/\/hudo.com\/si\/wp-content\/uploads\/sites\/2\/2021\/03\/hudo-app-2.png\",\"contentUrl\":\"https:\/\/hudo.com\/si\/wp-content\/uploads\/sites\/2\/2021\/03\/hudo-app-2.png\",\"width\":2185,\"height\":2167,\"caption\":\"VSN Media\"},\"image\":{\"@id\":\"https:\/\/hudo.com\/si\/#\/schema\/logo\/image\/\"},\"sameAs\":[\"https:\/\/www.facebook.com\/hudo.si\",\"https:\/\/twitter.com\/hudo_si\"]},{\"@type\":\"Person\",\"@id\":\"https:\/\/hudo.com\/si\/#\/schema\/person\/18f09c02475ba9e606e941a565b80cff\",\"name\":\"A. P., STA\",\"image\":{\"@type\":\"ImageObject\",\"inLanguage\":\"sl-SI\",\"@id\":\"https:\/\/hudo.com\/si\/#\/schema\/person\/image\/\",\"url\":\"https:\/\/secure.gravatar.com\/avatar\/03eac8e609f5f04383125d80eaeaaf3e?s=96&d=mm&r=g\",\"contentUrl\":\"https:\/\/secure.gravatar.com\/avatar\/03eac8e609f5f04383125d80eaeaaf3e?s=96&d=mm&r=g\",\"caption\":\"A. P., STA\"},\"url\":\"https:\/\/hudo.com\/si\/author\/lubu\/\"}]}<\/script>\n<!-- \/ Yoast SEO plugin. -->","yoast_head_json":{"title":"Na predve\u010der gregorjevega bodo po vodi zaplavali gregor\u010dki - Hudo Slovenija","robots":{"index":"index","follow":"follow","max-snippet":"max-snippet:-1","max-image-preview":"max-image-preview:large","max-video-preview":"max-video-preview:-1"},"canonical":"https:\/\/hudo.com\/si\/aktualno\/na-predvecer-gregorjevega-bodo-po-vodi-zaplavali-gregorcki\/","og_locale":"sl_SI","og_type":"article","og_title":"Na predve\u010der gregorjevega bodo po vodi zaplavali gregor\u010dki - Hudo Slovenija","og_description":"Na predve\u010der gregorjevega bodo drevi po nekaterih slovenskih rekah znova zaplavale raznobarvne hi\u0161ice z lu\u010dkami. \u0160ega spu\u0161\u010danja gregor\u010dkov oz. bar\u010dic je zna\u010dilna za kraje z bogato rokodelsko tradicijo, med katerimi so Kropa, Kamna Gorica in Tr\u017ei\u010d, o\u017eivljajo pa jo tudi drugod. Letos so nekatere prireditve zaradi koronavirusa odpovedali.","og_url":"https:\/\/hudo.com\/si\/aktualno\/na-predvecer-gregorjevega-bodo-po-vodi-zaplavali-gregorcki\/","og_site_name":"Hudo Slovenija","article_publisher":"https:\/\/www.facebook.com\/hudo.si","article_published_time":"2020-03-11T14:31:25+00:00","og_image":[{"width":2560,"height":1707,"url":"https:\/\/hudo.com\/si\/wp-content\/uploads\/sites\/2\/2020\/03\/profimedia-0300062736-scaled.jpg","type":"image\/jpeg"}],"author":"A. P., STA","twitter_card":"summary_large_image","twitter_creator":"@hudo_si","twitter_site":"@hudo_si","twitter_misc":{"Written by":"A. P., STA","Est. reading time":"3 minute"},"schema":{"@context":"https:\/\/schema.org","@graph":[{"@type":"Article","@id":"https:\/\/hudo.com\/si\/aktualno\/na-predvecer-gregorjevega-bodo-po-vodi-zaplavali-gregorcki\/#article","isPartOf":{"@id":"https:\/\/hudo.com\/si\/aktualno\/na-predvecer-gregorjevega-bodo-po-vodi-zaplavali-gregorcki\/"},"author":{"name":"A. P., STA","@id":"https:\/\/hudo.com\/si\/#\/schema\/person\/18f09c02475ba9e606e941a565b80cff"},"headline":"Na predve\u010der gregorjevega bodo po vodi zaplavali gregor\u010dki","datePublished":"2020-03-11T14:31:25+00:00","dateModified":"2020-03-11T14:31:25+00:00","mainEntityOfPage":{"@id":"https:\/\/hudo.com\/si\/aktualno\/na-predvecer-gregorjevega-bodo-po-vodi-zaplavali-gregorcki\/"},"wordCount":565,"publisher":{"@id":"https:\/\/hudo.com\/si\/#organization"},"keywords":["Gregorjevo","nenavadni obi\u010daji","Slovenija"],"articleSection":["Aktualno"],"inLanguage":"sl-SI"},{"@type":"WebPage","@id":"https:\/\/hudo.com\/si\/aktualno\/na-predvecer-gregorjevega-bodo-po-vodi-zaplavali-gregorcki\/","url":"https:\/\/hudo.com\/si\/aktualno\/na-predvecer-gregorjevega-bodo-po-vodi-zaplavali-gregorcki\/","name":"Na predve\u010der gregorjevega bodo po vodi zaplavali gregor\u010dki - Hudo Slovenija","isPartOf":{"@id":"https:\/\/hudo.com\/si\/#website"},"datePublished":"2020-03-11T14:31:25+00:00","dateModified":"2020-03-11T14:31:25+00:00","breadcrumb":{"@id":"https:\/\/hudo.com\/si\/aktualno\/na-predvecer-gregorjevega-bodo-po-vodi-zaplavali-gregorcki\/#breadcrumb"},"inLanguage":"sl-SI","potentialAction":[{"@type":"ReadAction","target":["https:\/\/hudo.com\/si\/aktualno\/na-predvecer-gregorjevega-bodo-po-vodi-zaplavali-gregorcki\/"]}]},{"@type":"BreadcrumbList","@id":"https:\/\/hudo.com\/si\/aktualno\/na-predvecer-gregorjevega-bodo-po-vodi-zaplavali-gregorcki\/#breadcrumb","itemListElement":[{"@type":"ListItem","position":1,"name":"Home","item":"https:\/\/hudo.com\/si\/"},{"@type":"ListItem","position":2,"name":"Na predve\u010der gregorjevega bodo po vodi zaplavali gregor\u010dki"}]},{"@type":"WebSite","@id":"https:\/\/hudo.com\/si\/#website","url":"https:\/\/hudo.com\/si\/","name":"Hudo Slovenija","description":"Vse novice iz Slovenije in sveta","publisher":{"@id":"https:\/\/hudo.com\/si\/#organization"},"potentialAction":[{"@type":"SearchAction","target":{"@type":"EntryPoint","urlTemplate":"https:\/\/hudo.com\/si\/?s={search_term_string}"},"query-input":"required name=search_term_string"}],"inLanguage":"sl-SI"},{"@type":"Organization","@id":"https:\/\/hudo.com\/si\/#organization","name":"VSN Media","url":"https:\/\/hudo.com\/si\/","logo":{"@type":"ImageObject","inLanguage":"sl-SI","@id":"https:\/\/hudo.com\/si\/#\/schema\/logo\/image\/","url":"https:\/\/hudo.com\/si\/wp-content\/uploads\/sites\/2\/2021\/03\/hudo-app-2.png","contentUrl":"https:\/\/hudo.com\/si\/wp-content\/uploads\/sites\/2\/2021\/03\/hudo-app-2.png","width":2185,"height":2167,"caption":"VSN Media"},"image":{"@id":"https:\/\/hudo.com\/si\/#\/schema\/logo\/image\/"},"sameAs":["https:\/\/www.facebook.com\/hudo.si","https:\/\/twitter.com\/hudo_si"]},{"@type":"Person","@id":"https:\/\/hudo.com\/si\/#\/schema\/person\/18f09c02475ba9e606e941a565b80cff","name":"A. P., STA","image":{"@type":"ImageObject","inLanguage":"sl-SI","@id":"https:\/\/hudo.com\/si\/#\/schema\/person\/image\/","url":"https:\/\/secure.gravatar.com\/avatar\/03eac8e609f5f04383125d80eaeaaf3e?s=96&d=mm&r=g","contentUrl":"https:\/\/secure.gravatar.com\/avatar\/03eac8e609f5f04383125d80eaeaaf3e?s=96&d=mm&r=g","caption":"A. P., STA"},"url":"https:\/\/hudo.com\/si\/author\/lubu\/"}]}},"amp_enabled":true,"_links":{"self":[{"href":"https:\/\/hudo.com\/si\/wp-json\/wp\/v2\/posts\/418028"}],"collection":[{"href":"https:\/\/hudo.com\/si\/wp-json\/wp\/v2\/posts"}],"about":[{"href":"https:\/\/hudo.com\/si\/wp-json\/wp\/v2\/types\/post"}],"author":[{"embeddable":true,"href":"https:\/\/hudo.com\/si\/wp-json\/wp\/v2\/users\/7"}],"replies":[{"embeddable":true,"href":"https:\/\/hudo.com\/si\/wp-json\/wp\/v2\/comments?post=418028"}],"version-history":[{"count":1,"href":"https:\/\/hudo.com\/si\/wp-json\/wp\/v2\/posts\/418028\/revisions"}],"predecessor-version":[{"id":418032,"href":"https:\/\/hudo.com\/si\/wp-json\/wp\/v2\/posts\/418028\/revisions\/418032"}],"wp:featuredmedia":[{"embeddable":true,"href":"https:\/\/hudo.com\/si\/wp-json\/wp\/v2\/media\/418031"}],"wp:attachment":[{"href":"https:\/\/hudo.com\/si\/wp-json\/wp\/v2\/media?parent=418028"}],"wp:term":[{"taxonomy":"category","embeddable":true,"href":"https:\/\/hudo.com\/si\/wp-json\/wp\/v2\/categories?post=418028"},{"taxonomy":"post_tag","embeddable":true,"href":"https:\/\/hudo.com\/si\/wp-json\/wp\/v2\/tags?post=418028"},{"taxonomy":"source","embeddable":true,"href":"https:\/\/hudo.com\/si\/wp-json\/wp\/v2\/source?post=418028"},{"taxonomy":"supertag","embeddable":true,"href":"https:\/\/hudo.com\/si\/wp-json\/wp\/v2\/supertag?post=418028"}],"curies":[{"name":"wp","href":"https:\/\/api.w.org\/{rel}","templated":true}]}}