{"id":418054,"date":"2020-03-12T08:20:25","date_gmt":"2020-03-12T07:20:25","guid":{"rendered":"http:\/\/hudo.com\/si\/?p=418054"},"modified":"2020-03-12T08:20:25","modified_gmt":"2020-03-12T07:20:25","slug":"gregorjevo-po-slovenskem-ljudskem-izrocilu-se-na-danasnji-dan-ko-goduje-sv-gregor-pticki-zenijo-prihaja-pomlad","status":"publish","type":"post","link":"https:\/\/hudo.com\/si\/aktualno\/gregorjevo-po-slovenskem-ljudskem-izrocilu-se-na-danasnji-dan-ko-goduje-sv-gregor-pticki-zenijo-prihaja-pomlad\/","title":{"rendered":"Gregorjevo: Po slovenskem ljudskem izro\u010dilu se na dana\u0161nji dan, ko goduje sv. Gregor, pti\u010dki \u017eenijo in prihaja pomlad"},"content":{"rendered":"<p>God sv. Gregorja je za godom sv. Valentina in pustom po ljudskem izro\u010dilu \u0161e eden od dni, ki napovedujejo prihod pomladi. 12. marec je bil po starem julijanskem koledarju celo prvi pomladni dan. Z uvedbo gregorijanskega koledarja, ki ga je vpeljal pape\u017e Gregor XIII. in je na slovenskem obmo\u010dju v uporabi od leta 1584, pa se je ta premaknil za deset dni.<\/p>\n<p>Gregorjevo na Slovenskem velja tudi za praznik zaljubljencev ali praznik, ko se pti\u010dki \u017eenijo. \u010cas okoli pomladanskega enakono\u010dja je, tako kot \u010das okoli jesenskega enakono\u010dja ter najdalj\u0161ega in najkraj\u0161ega dneva v letu, v kulturni dedi\u0161\u010dini zelo pomemben, na kar ka\u017eejo \u0161tevilne \u0161ege.<\/p>\n<p>V obrtni\u0161kih in delavskih krajih na Gorenjskem so \u0161e v za\u010detku 20. stoletja po potokih spu\u0161\u010dali kose lesa z gore\u010dimi oblanci, pozneje pa z gore\u010do sve\u010do. S tem so sporo\u010dili, da bodo odslej lahko dlje \u010dasa delali pri dnevni svetlobi. Med svetovnima vojnama so \u0161ego prevzeli otroci in po vodi za\u010deli spu\u0161\u010dati lesena ali papirna plovila z gore\u010dimi sve\u010dami.<\/p>\n<p>Kot pojasnjuje avtor knjige o gregorjevem Bojan Knific, je \u0161ega najbolj poznana na Slovenskem, zlasti v Tr\u017ei\u010du, Kropi, Kamni Gorici in \u017deleznikih. V zadnjih letih se na predve\u010der gregorjevega \u0161ega vra\u010da v \u0161tevilne kraje po Sloveniji, hkrati pa ostaja doma v starih \u017eelezarskih krajih Kropi in Kamni Gorici, kjer v ve\u010dstoletni zgodovini nikoli ni zamrla.<\/p>\n<p>V Kropi otroci ob mraku spu\u0161\u010dajo bar\u010dice na Bajerju nekdanje spodnje fu\u017eine, v Kamni Gorici pa po enem od \u0161tevilnih vodnih kanalov v sredi\u0161\u010du vasi. Bar\u010dice, ki jih vr\u017eejo v vodo, so pravzaprav hi\u0161ice, cerkvice, fu\u017einice, kozolci in razli\u010dne umetni\u0161ke stvaritve iz papirja, kartona in lesa. Vsem je skupno, da jih razsvetljujejo sve\u010de. V Kropi in Kamni Gorici so poznane kot bar\u010dice, v drugih krajih kot gregor\u010dki.<\/p>\n<p>Bogato tradicijo na tem podro\u010dju ima tudi Tr\u017ei\u010d, saj je &#8220;vu\u010d u vodo&#8221; \u0161ega, ki je neko\u010d \u017eivela med tr\u017ei\u0161kimi \u010devljarji. V Tr\u017ei\u010du danes \u010devljarskih vajencev ni ve\u010d, zato pa \u0161ego vsako leto obujajo \u0161olski in vrt\u010devski otroci, ki na predve\u010der gregorjevega svoje hi\u0161ice, opremljene s sve\u010do, spustijo po Tr\u017ei\u0161ki Bistrici.<\/p>\n<p>Podobne prireditve pripravljajo tudi ponekod drugod po Sloveniji, a so bile letos zaradi ukrepov za zajezitev \u0161irjenja koronavirusa \u0161tevilne odpovedane ali pa okrnjene. Prestavljen je bil tudi 26. Gregorjev sejem, ki bi ta konec tedna moral potekati v Novem mestu, kjer bo tako potekal med 5. in 7. junijem.<\/p>\n","protected":false},"excerpt":{"rendered":"<p>V obrtni\u0161kih krajih so v preteklosti dalj\u0161i dan, ko ni bilo ve\u010d treba delati pri lu\u010di, praznovali s spu\u0161\u010danjem lu\u010di po vodi. To \u0161ego na predve\u010der gregorjevega \u0161e vedno ohranjajo, letos pa je bila zaradi koronavirusa okrnjena.<\/p>\n","protected":false},"author":8,"featured_media":0,"comment_status":"closed","ping_status":"closed","sticky":false,"template":"","format":"standard","meta":{"footnotes":""},"categories":[1179],"tags":[8147,1595],"source":[4511],"supertag":[],"acf":[],"yoast_head":"<!-- This site is optimized with the Yoast SEO plugin v21.3 - https:\/\/yoast.com\/wordpress\/plugins\/seo\/ -->\n<title>Gregorjevo: Po slovenskem ljudskem izro\u010dilu se na dana\u0161nji dan, ko goduje sv. Gregor, pti\u010dki \u017eenijo in prihaja pomlad - Hudo Slovenija<\/title>\n<meta name=\"robots\" content=\"index, follow, max-snippet:-1, max-image-preview:large, max-video-preview:-1\" \/>\n<link rel=\"canonical\" href=\"https:\/\/hudo.com\/si\/aktualno\/gregorjevo-po-slovenskem-ljudskem-izrocilu-se-na-danasnji-dan-ko-goduje-sv-gregor-pticki-zenijo-prihaja-pomlad\/\" \/>\n<meta property=\"og:locale\" content=\"sl_SI\" \/>\n<meta property=\"og:type\" content=\"article\" \/>\n<meta property=\"og:title\" content=\"Gregorjevo: Po slovenskem ljudskem izro\u010dilu se na dana\u0161nji dan, ko goduje sv. Gregor, pti\u010dki \u017eenijo in prihaja pomlad - Hudo Slovenija\" \/>\n<meta property=\"og:description\" content=\"V obrtni\u0161kih krajih so v preteklosti dalj\u0161i dan, ko ni bilo ve\u010d treba delati pri lu\u010di, praznovali s spu\u0161\u010danjem lu\u010di po vodi. To \u0161ego na predve\u010der gregorjevega \u0161e vedno ohranjajo, letos pa je bila zaradi koronavirusa okrnjena.\" \/>\n<meta property=\"og:url\" content=\"https:\/\/hudo.com\/si\/aktualno\/gregorjevo-po-slovenskem-ljudskem-izrocilu-se-na-danasnji-dan-ko-goduje-sv-gregor-pticki-zenijo-prihaja-pomlad\/\" \/>\n<meta property=\"og:site_name\" content=\"Hudo Slovenija\" \/>\n<meta property=\"article:publisher\" content=\"https:\/\/www.facebook.com\/hudo.si\" \/>\n<meta property=\"article:published_time\" content=\"2020-03-12T07:20:25+00:00\" \/>\n<meta property=\"og:image\" content=\"https:\/\/hudo.com\/si\/wp-content\/uploads\/sites\/2\/2018\/03\/profimedia-0277028195-1.jpg\" \/>\n\t<meta property=\"og:image:width\" content=\"1250\" \/>\n\t<meta property=\"og:image:height\" content=\"833\" \/>\n\t<meta property=\"og:image:type\" content=\"image\/jpeg\" \/>\n<meta name=\"author\" content=\"M. N., STA\" \/>\n<meta name=\"twitter:card\" content=\"summary_large_image\" \/>\n<meta name=\"twitter:creator\" content=\"@hudo_si\" \/>\n<meta name=\"twitter:site\" content=\"@hudo_si\" \/>\n<meta name=\"twitter:label1\" content=\"Written by\" \/>\n\t<meta name=\"twitter:data1\" content=\"M. N., STA\" \/>\n\t<meta name=\"twitter:label2\" content=\"Est. reading time\" \/>\n\t<meta name=\"twitter:data2\" content=\"2 minuti\" \/>\n<script type=\"application\/ld+json\" class=\"yoast-schema-graph\">{\"@context\":\"https:\/\/schema.org\",\"@graph\":[{\"@type\":\"Article\",\"@id\":\"https:\/\/hudo.com\/si\/aktualno\/gregorjevo-po-slovenskem-ljudskem-izrocilu-se-na-danasnji-dan-ko-goduje-sv-gregor-pticki-zenijo-prihaja-pomlad\/#article\",\"isPartOf\":{\"@id\":\"https:\/\/hudo.com\/si\/aktualno\/gregorjevo-po-slovenskem-ljudskem-izrocilu-se-na-danasnji-dan-ko-goduje-sv-gregor-pticki-zenijo-prihaja-pomlad\/\"},\"author\":{\"name\":\"M. N., STA\",\"@id\":\"https:\/\/hudo.com\/si\/#\/schema\/person\/c2f10ce65d2e6ede2aeda5be2a0611fa\"},\"headline\":\"Gregorjevo: Po slovenskem ljudskem izro\u010dilu se na dana\u0161nji dan, ko goduje sv. Gregor, pti\u010dki \u017eenijo in prihaja pomlad\",\"datePublished\":\"2020-03-12T07:20:25+00:00\",\"dateModified\":\"2020-03-12T07:20:25+00:00\",\"mainEntityOfPage\":{\"@id\":\"https:\/\/hudo.com\/si\/aktualno\/gregorjevo-po-slovenskem-ljudskem-izrocilu-se-na-danasnji-dan-ko-goduje-sv-gregor-pticki-zenijo-prihaja-pomlad\/\"},\"wordCount\":450,\"publisher\":{\"@id\":\"https:\/\/hudo.com\/si\/#organization\"},\"keywords\":[\"Gregorjevo\",\"Slovenija\"],\"articleSection\":[\"Aktualno\"],\"inLanguage\":\"sl-SI\"},{\"@type\":\"WebPage\",\"@id\":\"https:\/\/hudo.com\/si\/aktualno\/gregorjevo-po-slovenskem-ljudskem-izrocilu-se-na-danasnji-dan-ko-goduje-sv-gregor-pticki-zenijo-prihaja-pomlad\/\",\"url\":\"https:\/\/hudo.com\/si\/aktualno\/gregorjevo-po-slovenskem-ljudskem-izrocilu-se-na-danasnji-dan-ko-goduje-sv-gregor-pticki-zenijo-prihaja-pomlad\/\",\"name\":\"Gregorjevo: Po slovenskem ljudskem izro\u010dilu se na dana\u0161nji dan, ko goduje sv. Gregor, pti\u010dki \u017eenijo in prihaja pomlad - Hudo Slovenija\",\"isPartOf\":{\"@id\":\"https:\/\/hudo.com\/si\/#website\"},\"datePublished\":\"2020-03-12T07:20:25+00:00\",\"dateModified\":\"2020-03-12T07:20:25+00:00\",\"breadcrumb\":{\"@id\":\"https:\/\/hudo.com\/si\/aktualno\/gregorjevo-po-slovenskem-ljudskem-izrocilu-se-na-danasnji-dan-ko-goduje-sv-gregor-pticki-zenijo-prihaja-pomlad\/#breadcrumb\"},\"inLanguage\":\"sl-SI\",\"potentialAction\":[{\"@type\":\"ReadAction\",\"target\":[\"https:\/\/hudo.com\/si\/aktualno\/gregorjevo-po-slovenskem-ljudskem-izrocilu-se-na-danasnji-dan-ko-goduje-sv-gregor-pticki-zenijo-prihaja-pomlad\/\"]}]},{\"@type\":\"BreadcrumbList\",\"@id\":\"https:\/\/hudo.com\/si\/aktualno\/gregorjevo-po-slovenskem-ljudskem-izrocilu-se-na-danasnji-dan-ko-goduje-sv-gregor-pticki-zenijo-prihaja-pomlad\/#breadcrumb\",\"itemListElement\":[{\"@type\":\"ListItem\",\"position\":1,\"name\":\"Home\",\"item\":\"https:\/\/hudo.com\/si\/\"},{\"@type\":\"ListItem\",\"position\":2,\"name\":\"Gregorjevo: Po slovenskem ljudskem izro\u010dilu se na dana\u0161nji dan, ko goduje sv. Gregor, pti\u010dki \u017eenijo in prihaja pomlad\"}]},{\"@type\":\"WebSite\",\"@id\":\"https:\/\/hudo.com\/si\/#website\",\"url\":\"https:\/\/hudo.com\/si\/\",\"name\":\"Hudo Slovenija\",\"description\":\"Vse novice iz Slovenije in sveta\",\"publisher\":{\"@id\":\"https:\/\/hudo.com\/si\/#organization\"},\"potentialAction\":[{\"@type\":\"SearchAction\",\"target\":{\"@type\":\"EntryPoint\",\"urlTemplate\":\"https:\/\/hudo.com\/si\/?s={search_term_string}\"},\"query-input\":\"required name=search_term_string\"}],\"inLanguage\":\"sl-SI\"},{\"@type\":\"Organization\",\"@id\":\"https:\/\/hudo.com\/si\/#organization\",\"name\":\"VSN Media\",\"url\":\"https:\/\/hudo.com\/si\/\",\"logo\":{\"@type\":\"ImageObject\",\"inLanguage\":\"sl-SI\",\"@id\":\"https:\/\/hudo.com\/si\/#\/schema\/logo\/image\/\",\"url\":\"https:\/\/hudo.com\/si\/wp-content\/uploads\/sites\/2\/2021\/03\/hudo-app-2.png\",\"contentUrl\":\"https:\/\/hudo.com\/si\/wp-content\/uploads\/sites\/2\/2021\/03\/hudo-app-2.png\",\"width\":2185,\"height\":2167,\"caption\":\"VSN Media\"},\"image\":{\"@id\":\"https:\/\/hudo.com\/si\/#\/schema\/logo\/image\/\"},\"sameAs\":[\"https:\/\/www.facebook.com\/hudo.si\",\"https:\/\/twitter.com\/hudo_si\"]},{\"@type\":\"Person\",\"@id\":\"https:\/\/hudo.com\/si\/#\/schema\/person\/c2f10ce65d2e6ede2aeda5be2a0611fa\",\"name\":\"M. N., STA\",\"image\":{\"@type\":\"ImageObject\",\"inLanguage\":\"sl-SI\",\"@id\":\"https:\/\/hudo.com\/si\/#\/schema\/person\/image\/\",\"url\":\"https:\/\/secure.gravatar.com\/avatar\/f370d38daa10467f755c5c766a4cac20?s=96&d=mm&r=g\",\"contentUrl\":\"https:\/\/secure.gravatar.com\/avatar\/f370d38daa10467f755c5c766a4cac20?s=96&d=mm&r=g\",\"caption\":\"M. N., STA\"},\"url\":\"https:\/\/hudo.com\/si\/author\/mana\/\"}]}<\/script>\n<!-- \/ Yoast SEO plugin. -->","yoast_head_json":{"title":"Gregorjevo: Po slovenskem ljudskem izro\u010dilu se na dana\u0161nji dan, ko goduje sv. Gregor, pti\u010dki \u017eenijo in prihaja pomlad - Hudo Slovenija","robots":{"index":"index","follow":"follow","max-snippet":"max-snippet:-1","max-image-preview":"max-image-preview:large","max-video-preview":"max-video-preview:-1"},"canonical":"https:\/\/hudo.com\/si\/aktualno\/gregorjevo-po-slovenskem-ljudskem-izrocilu-se-na-danasnji-dan-ko-goduje-sv-gregor-pticki-zenijo-prihaja-pomlad\/","og_locale":"sl_SI","og_type":"article","og_title":"Gregorjevo: Po slovenskem ljudskem izro\u010dilu se na dana\u0161nji dan, ko goduje sv. Gregor, pti\u010dki \u017eenijo in prihaja pomlad - Hudo Slovenija","og_description":"V obrtni\u0161kih krajih so v preteklosti dalj\u0161i dan, ko ni bilo ve\u010d treba delati pri lu\u010di, praznovali s spu\u0161\u010danjem lu\u010di po vodi. To \u0161ego na predve\u010der gregorjevega \u0161e vedno ohranjajo, letos pa je bila zaradi koronavirusa okrnjena.","og_url":"https:\/\/hudo.com\/si\/aktualno\/gregorjevo-po-slovenskem-ljudskem-izrocilu-se-na-danasnji-dan-ko-goduje-sv-gregor-pticki-zenijo-prihaja-pomlad\/","og_site_name":"Hudo Slovenija","article_publisher":"https:\/\/www.facebook.com\/hudo.si","article_published_time":"2020-03-12T07:20:25+00:00","og_image":[{"width":1250,"height":833,"url":"https:\/\/hudo.com\/si\/wp-content\/uploads\/sites\/2\/2018\/03\/profimedia-0277028195-1.jpg","type":"image\/jpeg"}],"author":"M. N., STA","twitter_card":"summary_large_image","twitter_creator":"@hudo_si","twitter_site":"@hudo_si","twitter_misc":{"Written by":"M. N., STA","Est. reading time":"2 minuti"},"schema":{"@context":"https:\/\/schema.org","@graph":[{"@type":"Article","@id":"https:\/\/hudo.com\/si\/aktualno\/gregorjevo-po-slovenskem-ljudskem-izrocilu-se-na-danasnji-dan-ko-goduje-sv-gregor-pticki-zenijo-prihaja-pomlad\/#article","isPartOf":{"@id":"https:\/\/hudo.com\/si\/aktualno\/gregorjevo-po-slovenskem-ljudskem-izrocilu-se-na-danasnji-dan-ko-goduje-sv-gregor-pticki-zenijo-prihaja-pomlad\/"},"author":{"name":"M. N., STA","@id":"https:\/\/hudo.com\/si\/#\/schema\/person\/c2f10ce65d2e6ede2aeda5be2a0611fa"},"headline":"Gregorjevo: Po slovenskem ljudskem izro\u010dilu se na dana\u0161nji dan, ko goduje sv. Gregor, pti\u010dki \u017eenijo in prihaja pomlad","datePublished":"2020-03-12T07:20:25+00:00","dateModified":"2020-03-12T07:20:25+00:00","mainEntityOfPage":{"@id":"https:\/\/hudo.com\/si\/aktualno\/gregorjevo-po-slovenskem-ljudskem-izrocilu-se-na-danasnji-dan-ko-goduje-sv-gregor-pticki-zenijo-prihaja-pomlad\/"},"wordCount":450,"publisher":{"@id":"https:\/\/hudo.com\/si\/#organization"},"keywords":["Gregorjevo","Slovenija"],"articleSection":["Aktualno"],"inLanguage":"sl-SI"},{"@type":"WebPage","@id":"https:\/\/hudo.com\/si\/aktualno\/gregorjevo-po-slovenskem-ljudskem-izrocilu-se-na-danasnji-dan-ko-goduje-sv-gregor-pticki-zenijo-prihaja-pomlad\/","url":"https:\/\/hudo.com\/si\/aktualno\/gregorjevo-po-slovenskem-ljudskem-izrocilu-se-na-danasnji-dan-ko-goduje-sv-gregor-pticki-zenijo-prihaja-pomlad\/","name":"Gregorjevo: Po slovenskem ljudskem izro\u010dilu se na dana\u0161nji dan, ko goduje sv. Gregor, pti\u010dki \u017eenijo in prihaja pomlad - Hudo Slovenija","isPartOf":{"@id":"https:\/\/hudo.com\/si\/#website"},"datePublished":"2020-03-12T07:20:25+00:00","dateModified":"2020-03-12T07:20:25+00:00","breadcrumb":{"@id":"https:\/\/hudo.com\/si\/aktualno\/gregorjevo-po-slovenskem-ljudskem-izrocilu-se-na-danasnji-dan-ko-goduje-sv-gregor-pticki-zenijo-prihaja-pomlad\/#breadcrumb"},"inLanguage":"sl-SI","potentialAction":[{"@type":"ReadAction","target":["https:\/\/hudo.com\/si\/aktualno\/gregorjevo-po-slovenskem-ljudskem-izrocilu-se-na-danasnji-dan-ko-goduje-sv-gregor-pticki-zenijo-prihaja-pomlad\/"]}]},{"@type":"BreadcrumbList","@id":"https:\/\/hudo.com\/si\/aktualno\/gregorjevo-po-slovenskem-ljudskem-izrocilu-se-na-danasnji-dan-ko-goduje-sv-gregor-pticki-zenijo-prihaja-pomlad\/#breadcrumb","itemListElement":[{"@type":"ListItem","position":1,"name":"Home","item":"https:\/\/hudo.com\/si\/"},{"@type":"ListItem","position":2,"name":"Gregorjevo: Po slovenskem ljudskem izro\u010dilu se na dana\u0161nji dan, ko goduje sv. Gregor, pti\u010dki \u017eenijo in prihaja pomlad"}]},{"@type":"WebSite","@id":"https:\/\/hudo.com\/si\/#website","url":"https:\/\/hudo.com\/si\/","name":"Hudo Slovenija","description":"Vse novice iz Slovenije in sveta","publisher":{"@id":"https:\/\/hudo.com\/si\/#organization"},"potentialAction":[{"@type":"SearchAction","target":{"@type":"EntryPoint","urlTemplate":"https:\/\/hudo.com\/si\/?s={search_term_string}"},"query-input":"required name=search_term_string"}],"inLanguage":"sl-SI"},{"@type":"Organization","@id":"https:\/\/hudo.com\/si\/#organization","name":"VSN Media","url":"https:\/\/hudo.com\/si\/","logo":{"@type":"ImageObject","inLanguage":"sl-SI","@id":"https:\/\/hudo.com\/si\/#\/schema\/logo\/image\/","url":"https:\/\/hudo.com\/si\/wp-content\/uploads\/sites\/2\/2021\/03\/hudo-app-2.png","contentUrl":"https:\/\/hudo.com\/si\/wp-content\/uploads\/sites\/2\/2021\/03\/hudo-app-2.png","width":2185,"height":2167,"caption":"VSN Media"},"image":{"@id":"https:\/\/hudo.com\/si\/#\/schema\/logo\/image\/"},"sameAs":["https:\/\/www.facebook.com\/hudo.si","https:\/\/twitter.com\/hudo_si"]},{"@type":"Person","@id":"https:\/\/hudo.com\/si\/#\/schema\/person\/c2f10ce65d2e6ede2aeda5be2a0611fa","name":"M. N., STA","image":{"@type":"ImageObject","inLanguage":"sl-SI","@id":"https:\/\/hudo.com\/si\/#\/schema\/person\/image\/","url":"https:\/\/secure.gravatar.com\/avatar\/f370d38daa10467f755c5c766a4cac20?s=96&d=mm&r=g","contentUrl":"https:\/\/secure.gravatar.com\/avatar\/f370d38daa10467f755c5c766a4cac20?s=96&d=mm&r=g","caption":"M. N., STA"},"url":"https:\/\/hudo.com\/si\/author\/mana\/"}]}},"amp_enabled":true,"_links":{"self":[{"href":"https:\/\/hudo.com\/si\/wp-json\/wp\/v2\/posts\/418054"}],"collection":[{"href":"https:\/\/hudo.com\/si\/wp-json\/wp\/v2\/posts"}],"about":[{"href":"https:\/\/hudo.com\/si\/wp-json\/wp\/v2\/types\/post"}],"author":[{"embeddable":true,"href":"https:\/\/hudo.com\/si\/wp-json\/wp\/v2\/users\/8"}],"replies":[{"embeddable":true,"href":"https:\/\/hudo.com\/si\/wp-json\/wp\/v2\/comments?post=418054"}],"version-history":[{"count":1,"href":"https:\/\/hudo.com\/si\/wp-json\/wp\/v2\/posts\/418054\/revisions"}],"predecessor-version":[{"id":418056,"href":"https:\/\/hudo.com\/si\/wp-json\/wp\/v2\/posts\/418054\/revisions\/418056"}],"wp:attachment":[{"href":"https:\/\/hudo.com\/si\/wp-json\/wp\/v2\/media?parent=418054"}],"wp:term":[{"taxonomy":"category","embeddable":true,"href":"https:\/\/hudo.com\/si\/wp-json\/wp\/v2\/categories?post=418054"},{"taxonomy":"post_tag","embeddable":true,"href":"https:\/\/hudo.com\/si\/wp-json\/wp\/v2\/tags?post=418054"},{"taxonomy":"source","embeddable":true,"href":"https:\/\/hudo.com\/si\/wp-json\/wp\/v2\/source?post=418054"},{"taxonomy":"supertag","embeddable":true,"href":"https:\/\/hudo.com\/si\/wp-json\/wp\/v2\/supertag?post=418054"}],"curies":[{"name":"wp","href":"https:\/\/api.w.org\/{rel}","templated":true}]}}