{"id":418196,"date":"2020-03-13T10:47:31","date_gmt":"2020-03-13T09:47:31","guid":{"rendered":"http:\/\/hudo.com\/si\/?p=418196"},"modified":"2020-03-13T10:48:03","modified_gmt":"2020-03-13T09:48:03","slug":"ce-se-bodo-hrvaski-delavci-danes-odpravili-na-delo-v-slovenijo-bodo-morali-v-14-dnevno-karanteno","status":"publish","type":"post","link":"https:\/\/hudo.com\/si\/aktualno\/ce-se-bodo-hrvaski-delavci-danes-odpravili-na-delo-v-slovenijo-bodo-morali-v-14-dnevno-karanteno\/","title":{"rendered":"\u010ce se bodo hrva\u0161ki delavci danes odpravili na delo v Slovenijo, bodo morali v 14-dnevno karanteno"},"content":{"rendered":"<p>Prvi mo\u017e karlov\u0161ke \u017eupanije Damir Jeli\u0107 je na izredni novinarski konferenci v \u010detrtek zve\u010der dejal, da se bodo hrva\u0161ki dr\u017eavljani z obmo\u010dja Karlovca, ki imajo danes delovne obveznosti v Sloveniji, morali odlo\u010diti, ali bodo s seboj vzeli ve\u010d osebnih stvari in ostali v Sloveniji najmanj dva tedna ali pa se bodo po slu\u017ebi vrnili na Hrva\u0161ko, kjer bodo morali v obvezno 14-dnevno samoizolacijo pod nadzorom zdravnikov. V karlov\u0161ki \u017eupaniji je nekaj sto hrva\u0161kih dnevnih migrantov delavcev.<\/p>\n<p>Jeli\u0107 je pojasnil, da je ukrep v skladu s priporo\u010dilom nacionalnega \u0161taba za civilno za\u0161\u010dito, ki osebam, ki prihajajo z obmo\u010dij dr\u017eav, v katerih obstaja posebej visoko tveganje oku\u017ebe z novim koronavirusom, med katerimi je tudi Bela krajina v Sloveniji.<\/p>\n<p>Hrva\u0161ki minister za zdravstvo Vili Bero\u0161 je na dana\u0161nji novinarski konferenci nacionalnega \u0161taba potrdil, da so od \u010detrtka zve\u010der na Hrva\u0161kem zabele\u017eili \u0161tiri nove primere oku\u017ebe, po dva v Zagrebu in Pulju, tako da je na Hrva\u0161kem doslej oku\u017eenih 31 oseb. Izpostavil je, da je epidemiolo\u0161ka slika Hrva\u0161ke \u0161e vedno ugodna, ker ni primerov lokalnega prenosa oku\u017ebe.<\/p>\n<p>Od \u0161tirih novih primerov oku\u017ebe so bili trije v stiku s prej oku\u017eenimi osebami na Hrva\u0161kem, ena pa je bila v stiku z oku\u017eeno osebo iz \u0160vice. Vsi imajo bla\u017eje simptome oku\u017ebe. Doslej so opravili teste pri 525 osebah, za tri pa \u0161e \u010dakajo izvide. Pod zdravni\u0161kim nadzorom je skoraj 6000 oseb.<\/p>\n<p>Iz hrva\u0161ke televizije HRT pa so sporo\u010dili, da je vse pripravljeno za ponedeljkov za\u010detek televizijskega pouka na tretjem programu televizije, ki ga bodo prvi uporabljali u\u010denci iz hrva\u0161ke Istre, kjer so zaradi koronavirusa danes zaprli osnovne in srednje \u0161ole ter univerze. Pouk bo namenjen za osnovno\u0161olce od prvega do \u010detrtega razreda, potekal pa bo od 8. ure zjutraj do poznega popoldneva z ve\u010durnimi programskimi bloki, ki bodo namenjeni u\u010dencem posameznih razredov. Obsegal bo hrva\u0161ki jezik, matematiko, tuji jezik, naravo in dru\u017ebo, telesno vzgojo ter likovni in glasbeni pouk. Za druge \u0161ole bo od ponedeljka potekal pouk preko spleta, poro\u010da hrva\u0161ka tiskovna agencija Hina.<\/p>\n","protected":false},"excerpt":{"rendered":"<p>Nekaj sto hrva\u0161kih delavcev iz karlov\u0161ke \u017eupanije, ki dnevno potujejo v slu\u017ebo v Belo krajino, so hrva\u0161ke oblasti opozorile, da bodo morali zaradi nevarnostni \u0161irjenja oku\u017ebe z novim koronavirusom v 14-dnevno doma\u010do karanteno, \u010de se bodo danes odpravili na delo v Slovenijo. Na Hrva\u0161kem so danes potrdili, da imajo 31 oku\u017eenih oseb.<\/p>\n","protected":false},"author":5,"featured_media":180026,"comment_status":"closed","ping_status":"closed","sticky":false,"template":"","format":"standard","meta":{"footnotes":""},"categories":[1179],"tags":[6650,1810,15877,1595],"source":[4511],"supertag":[],"acf":[],"yoast_head":"<!-- This site is optimized with the Yoast SEO plugin v21.3 - https:\/\/yoast.com\/wordpress\/plugins\/seo\/ -->\n<title>\u010ce se bodo hrva\u0161ki delavci danes odpravili na delo v Slovenijo, bodo morali v 14-dnevno karanteno - Hudo Slovenija<\/title>\n<meta name=\"robots\" content=\"index, follow, max-snippet:-1, max-image-preview:large, max-video-preview:-1\" \/>\n<link rel=\"canonical\" href=\"https:\/\/hudo.com\/si\/aktualno\/ce-se-bodo-hrvaski-delavci-danes-odpravili-na-delo-v-slovenijo-bodo-morali-v-14-dnevno-karanteno\/\" \/>\n<meta property=\"og:locale\" content=\"sl_SI\" \/>\n<meta property=\"og:type\" content=\"article\" \/>\n<meta property=\"og:title\" content=\"\u010ce se bodo hrva\u0161ki delavci danes odpravili na delo v Slovenijo, bodo morali v 14-dnevno karanteno - Hudo Slovenija\" \/>\n<meta property=\"og:description\" content=\"Nekaj sto hrva\u0161kih delavcev iz karlov\u0161ke \u017eupanije, ki dnevno potujejo v slu\u017ebo v Belo krajino, so hrva\u0161ke oblasti opozorile, da bodo morali zaradi nevarnostni \u0161irjenja oku\u017ebe z novim koronavirusom v 14-dnevno doma\u010do karanteno, \u010de se bodo danes odpravili na delo v Slovenijo. Na Hrva\u0161kem so danes potrdili, da imajo 31 oku\u017eenih oseb.\" \/>\n<meta property=\"og:url\" content=\"https:\/\/hudo.com\/si\/aktualno\/ce-se-bodo-hrvaski-delavci-danes-odpravili-na-delo-v-slovenijo-bodo-morali-v-14-dnevno-karanteno\/\" \/>\n<meta property=\"og:site_name\" content=\"Hudo Slovenija\" \/>\n<meta property=\"article:publisher\" content=\"https:\/\/www.facebook.com\/hudo.si\" \/>\n<meta property=\"article:published_time\" content=\"2020-03-13T09:47:31+00:00\" \/>\n<meta property=\"article:modified_time\" content=\"2020-03-13T09:48:03+00:00\" \/>\n<meta property=\"og:image\" content=\"https:\/\/hudo.com\/si\/wp-content\/uploads\/sites\/2\/2016\/12\/profimedia-0035352272.jpg\" \/>\n\t<meta property=\"og:image:width\" content=\"1250\" \/>\n\t<meta property=\"og:image:height\" content=\"833\" \/>\n\t<meta property=\"og:image:type\" content=\"image\/jpeg\" \/>\n<meta name=\"author\" content=\"A. G., STA\" \/>\n<meta name=\"twitter:card\" content=\"summary_large_image\" \/>\n<meta name=\"twitter:creator\" content=\"@hudo_si\" \/>\n<meta name=\"twitter:site\" content=\"@hudo_si\" \/>\n<meta name=\"twitter:label1\" content=\"Written by\" \/>\n\t<meta name=\"twitter:data1\" content=\"A. G., STA\" \/>\n\t<meta name=\"twitter:label2\" content=\"Est. reading time\" \/>\n\t<meta name=\"twitter:data2\" content=\"2 minuti\" \/>\n<script type=\"application\/ld+json\" class=\"yoast-schema-graph\">{\"@context\":\"https:\/\/schema.org\",\"@graph\":[{\"@type\":\"Article\",\"@id\":\"https:\/\/hudo.com\/si\/aktualno\/ce-se-bodo-hrvaski-delavci-danes-odpravili-na-delo-v-slovenijo-bodo-morali-v-14-dnevno-karanteno\/#article\",\"isPartOf\":{\"@id\":\"https:\/\/hudo.com\/si\/aktualno\/ce-se-bodo-hrvaski-delavci-danes-odpravili-na-delo-v-slovenijo-bodo-morali-v-14-dnevno-karanteno\/\"},\"author\":{\"name\":\"A. G., STA\",\"@id\":\"https:\/\/hudo.com\/si\/#\/schema\/person\/2391667a63ea075ba94f2f2dc6b77537\"},\"headline\":\"\u010ce se bodo hrva\u0161ki delavci danes odpravili na delo v Slovenijo, bodo morali v 14-dnevno karanteno\",\"datePublished\":\"2020-03-13T09:47:31+00:00\",\"dateModified\":\"2020-03-13T09:48:03+00:00\",\"mainEntityOfPage\":{\"@id\":\"https:\/\/hudo.com\/si\/aktualno\/ce-se-bodo-hrvaski-delavci-danes-odpravili-na-delo-v-slovenijo-bodo-morali-v-14-dnevno-karanteno\/\"},\"wordCount\":386,\"publisher\":{\"@id\":\"https:\/\/hudo.com\/si\/#organization\"},\"keywords\":[\"delavci\",\"hrva\u0161ka\",\"koronavirus v sloveniji\",\"Slovenija\"],\"articleSection\":[\"Aktualno\"],\"inLanguage\":\"sl-SI\"},{\"@type\":\"WebPage\",\"@id\":\"https:\/\/hudo.com\/si\/aktualno\/ce-se-bodo-hrvaski-delavci-danes-odpravili-na-delo-v-slovenijo-bodo-morali-v-14-dnevno-karanteno\/\",\"url\":\"https:\/\/hudo.com\/si\/aktualno\/ce-se-bodo-hrvaski-delavci-danes-odpravili-na-delo-v-slovenijo-bodo-morali-v-14-dnevno-karanteno\/\",\"name\":\"\u010ce se bodo hrva\u0161ki delavci danes odpravili na delo v Slovenijo, bodo morali v 14-dnevno karanteno - Hudo Slovenija\",\"isPartOf\":{\"@id\":\"https:\/\/hudo.com\/si\/#website\"},\"datePublished\":\"2020-03-13T09:47:31+00:00\",\"dateModified\":\"2020-03-13T09:48:03+00:00\",\"breadcrumb\":{\"@id\":\"https:\/\/hudo.com\/si\/aktualno\/ce-se-bodo-hrvaski-delavci-danes-odpravili-na-delo-v-slovenijo-bodo-morali-v-14-dnevno-karanteno\/#breadcrumb\"},\"inLanguage\":\"sl-SI\",\"potentialAction\":[{\"@type\":\"ReadAction\",\"target\":[\"https:\/\/hudo.com\/si\/aktualno\/ce-se-bodo-hrvaski-delavci-danes-odpravili-na-delo-v-slovenijo-bodo-morali-v-14-dnevno-karanteno\/\"]}]},{\"@type\":\"BreadcrumbList\",\"@id\":\"https:\/\/hudo.com\/si\/aktualno\/ce-se-bodo-hrvaski-delavci-danes-odpravili-na-delo-v-slovenijo-bodo-morali-v-14-dnevno-karanteno\/#breadcrumb\",\"itemListElement\":[{\"@type\":\"ListItem\",\"position\":1,\"name\":\"Home\",\"item\":\"https:\/\/hudo.com\/si\/\"},{\"@type\":\"ListItem\",\"position\":2,\"name\":\"\u010ce se bodo hrva\u0161ki delavci danes odpravili na delo v Slovenijo, bodo morali v 14-dnevno karanteno\"}]},{\"@type\":\"WebSite\",\"@id\":\"https:\/\/hudo.com\/si\/#website\",\"url\":\"https:\/\/hudo.com\/si\/\",\"name\":\"Hudo Slovenija\",\"description\":\"Vse novice iz Slovenije in sveta\",\"publisher\":{\"@id\":\"https:\/\/hudo.com\/si\/#organization\"},\"potentialAction\":[{\"@type\":\"SearchAction\",\"target\":{\"@type\":\"EntryPoint\",\"urlTemplate\":\"https:\/\/hudo.com\/si\/?s={search_term_string}\"},\"query-input\":\"required name=search_term_string\"}],\"inLanguage\":\"sl-SI\"},{\"@type\":\"Organization\",\"@id\":\"https:\/\/hudo.com\/si\/#organization\",\"name\":\"VSN Media\",\"url\":\"https:\/\/hudo.com\/si\/\",\"logo\":{\"@type\":\"ImageObject\",\"inLanguage\":\"sl-SI\",\"@id\":\"https:\/\/hudo.com\/si\/#\/schema\/logo\/image\/\",\"url\":\"https:\/\/hudo.com\/si\/wp-content\/uploads\/sites\/2\/2021\/03\/hudo-app-2.png\",\"contentUrl\":\"https:\/\/hudo.com\/si\/wp-content\/uploads\/sites\/2\/2021\/03\/hudo-app-2.png\",\"width\":2185,\"height\":2167,\"caption\":\"VSN Media\"},\"image\":{\"@id\":\"https:\/\/hudo.com\/si\/#\/schema\/logo\/image\/\"},\"sameAs\":[\"https:\/\/www.facebook.com\/hudo.si\",\"https:\/\/twitter.com\/hudo_si\"]},{\"@type\":\"Person\",\"@id\":\"https:\/\/hudo.com\/si\/#\/schema\/person\/2391667a63ea075ba94f2f2dc6b77537\",\"name\":\"A. G., STA\",\"image\":{\"@type\":\"ImageObject\",\"inLanguage\":\"sl-SI\",\"@id\":\"https:\/\/hudo.com\/si\/#\/schema\/person\/image\/\",\"url\":\"https:\/\/secure.gravatar.com\/avatar\/e13d22ac3e442658d5025fbbe6238a79?s=96&d=mm&r=g\",\"contentUrl\":\"https:\/\/secure.gravatar.com\/avatar\/e13d22ac3e442658d5025fbbe6238a79?s=96&d=mm&r=g\",\"caption\":\"A. G., STA\"},\"url\":\"https:\/\/hudo.com\/si\/author\/alenka\/\"}]}<\/script>\n<!-- \/ Yoast SEO plugin. -->","yoast_head_json":{"title":"\u010ce se bodo hrva\u0161ki delavci danes odpravili na delo v Slovenijo, bodo morali v 14-dnevno karanteno - Hudo Slovenija","robots":{"index":"index","follow":"follow","max-snippet":"max-snippet:-1","max-image-preview":"max-image-preview:large","max-video-preview":"max-video-preview:-1"},"canonical":"https:\/\/hudo.com\/si\/aktualno\/ce-se-bodo-hrvaski-delavci-danes-odpravili-na-delo-v-slovenijo-bodo-morali-v-14-dnevno-karanteno\/","og_locale":"sl_SI","og_type":"article","og_title":"\u010ce se bodo hrva\u0161ki delavci danes odpravili na delo v Slovenijo, bodo morali v 14-dnevno karanteno - Hudo Slovenija","og_description":"Nekaj sto hrva\u0161kih delavcev iz karlov\u0161ke \u017eupanije, ki dnevno potujejo v slu\u017ebo v Belo krajino, so hrva\u0161ke oblasti opozorile, da bodo morali zaradi nevarnostni \u0161irjenja oku\u017ebe z novim koronavirusom v 14-dnevno doma\u010do karanteno, \u010de se bodo danes odpravili na delo v Slovenijo. Na Hrva\u0161kem so danes potrdili, da imajo 31 oku\u017eenih oseb.","og_url":"https:\/\/hudo.com\/si\/aktualno\/ce-se-bodo-hrvaski-delavci-danes-odpravili-na-delo-v-slovenijo-bodo-morali-v-14-dnevno-karanteno\/","og_site_name":"Hudo Slovenija","article_publisher":"https:\/\/www.facebook.com\/hudo.si","article_published_time":"2020-03-13T09:47:31+00:00","article_modified_time":"2020-03-13T09:48:03+00:00","og_image":[{"width":1250,"height":833,"url":"https:\/\/hudo.com\/si\/wp-content\/uploads\/sites\/2\/2016\/12\/profimedia-0035352272.jpg","type":"image\/jpeg"}],"author":"A. G., STA","twitter_card":"summary_large_image","twitter_creator":"@hudo_si","twitter_site":"@hudo_si","twitter_misc":{"Written by":"A. G., STA","Est. reading time":"2 minuti"},"schema":{"@context":"https:\/\/schema.org","@graph":[{"@type":"Article","@id":"https:\/\/hudo.com\/si\/aktualno\/ce-se-bodo-hrvaski-delavci-danes-odpravili-na-delo-v-slovenijo-bodo-morali-v-14-dnevno-karanteno\/#article","isPartOf":{"@id":"https:\/\/hudo.com\/si\/aktualno\/ce-se-bodo-hrvaski-delavci-danes-odpravili-na-delo-v-slovenijo-bodo-morali-v-14-dnevno-karanteno\/"},"author":{"name":"A. G., STA","@id":"https:\/\/hudo.com\/si\/#\/schema\/person\/2391667a63ea075ba94f2f2dc6b77537"},"headline":"\u010ce se bodo hrva\u0161ki delavci danes odpravili na delo v Slovenijo, bodo morali v 14-dnevno karanteno","datePublished":"2020-03-13T09:47:31+00:00","dateModified":"2020-03-13T09:48:03+00:00","mainEntityOfPage":{"@id":"https:\/\/hudo.com\/si\/aktualno\/ce-se-bodo-hrvaski-delavci-danes-odpravili-na-delo-v-slovenijo-bodo-morali-v-14-dnevno-karanteno\/"},"wordCount":386,"publisher":{"@id":"https:\/\/hudo.com\/si\/#organization"},"keywords":["delavci","hrva\u0161ka","koronavirus v sloveniji","Slovenija"],"articleSection":["Aktualno"],"inLanguage":"sl-SI"},{"@type":"WebPage","@id":"https:\/\/hudo.com\/si\/aktualno\/ce-se-bodo-hrvaski-delavci-danes-odpravili-na-delo-v-slovenijo-bodo-morali-v-14-dnevno-karanteno\/","url":"https:\/\/hudo.com\/si\/aktualno\/ce-se-bodo-hrvaski-delavci-danes-odpravili-na-delo-v-slovenijo-bodo-morali-v-14-dnevno-karanteno\/","name":"\u010ce se bodo hrva\u0161ki delavci danes odpravili na delo v Slovenijo, bodo morali v 14-dnevno karanteno - Hudo Slovenija","isPartOf":{"@id":"https:\/\/hudo.com\/si\/#website"},"datePublished":"2020-03-13T09:47:31+00:00","dateModified":"2020-03-13T09:48:03+00:00","breadcrumb":{"@id":"https:\/\/hudo.com\/si\/aktualno\/ce-se-bodo-hrvaski-delavci-danes-odpravili-na-delo-v-slovenijo-bodo-morali-v-14-dnevno-karanteno\/#breadcrumb"},"inLanguage":"sl-SI","potentialAction":[{"@type":"ReadAction","target":["https:\/\/hudo.com\/si\/aktualno\/ce-se-bodo-hrvaski-delavci-danes-odpravili-na-delo-v-slovenijo-bodo-morali-v-14-dnevno-karanteno\/"]}]},{"@type":"BreadcrumbList","@id":"https:\/\/hudo.com\/si\/aktualno\/ce-se-bodo-hrvaski-delavci-danes-odpravili-na-delo-v-slovenijo-bodo-morali-v-14-dnevno-karanteno\/#breadcrumb","itemListElement":[{"@type":"ListItem","position":1,"name":"Home","item":"https:\/\/hudo.com\/si\/"},{"@type":"ListItem","position":2,"name":"\u010ce se bodo hrva\u0161ki delavci danes odpravili na delo v Slovenijo, bodo morali v 14-dnevno karanteno"}]},{"@type":"WebSite","@id":"https:\/\/hudo.com\/si\/#website","url":"https:\/\/hudo.com\/si\/","name":"Hudo Slovenija","description":"Vse novice iz Slovenije in sveta","publisher":{"@id":"https:\/\/hudo.com\/si\/#organization"},"potentialAction":[{"@type":"SearchAction","target":{"@type":"EntryPoint","urlTemplate":"https:\/\/hudo.com\/si\/?s={search_term_string}"},"query-input":"required name=search_term_string"}],"inLanguage":"sl-SI"},{"@type":"Organization","@id":"https:\/\/hudo.com\/si\/#organization","name":"VSN Media","url":"https:\/\/hudo.com\/si\/","logo":{"@type":"ImageObject","inLanguage":"sl-SI","@id":"https:\/\/hudo.com\/si\/#\/schema\/logo\/image\/","url":"https:\/\/hudo.com\/si\/wp-content\/uploads\/sites\/2\/2021\/03\/hudo-app-2.png","contentUrl":"https:\/\/hudo.com\/si\/wp-content\/uploads\/sites\/2\/2021\/03\/hudo-app-2.png","width":2185,"height":2167,"caption":"VSN Media"},"image":{"@id":"https:\/\/hudo.com\/si\/#\/schema\/logo\/image\/"},"sameAs":["https:\/\/www.facebook.com\/hudo.si","https:\/\/twitter.com\/hudo_si"]},{"@type":"Person","@id":"https:\/\/hudo.com\/si\/#\/schema\/person\/2391667a63ea075ba94f2f2dc6b77537","name":"A. G., STA","image":{"@type":"ImageObject","inLanguage":"sl-SI","@id":"https:\/\/hudo.com\/si\/#\/schema\/person\/image\/","url":"https:\/\/secure.gravatar.com\/avatar\/e13d22ac3e442658d5025fbbe6238a79?s=96&d=mm&r=g","contentUrl":"https:\/\/secure.gravatar.com\/avatar\/e13d22ac3e442658d5025fbbe6238a79?s=96&d=mm&r=g","caption":"A. G., STA"},"url":"https:\/\/hudo.com\/si\/author\/alenka\/"}]}},"amp_enabled":true,"_links":{"self":[{"href":"https:\/\/hudo.com\/si\/wp-json\/wp\/v2\/posts\/418196"}],"collection":[{"href":"https:\/\/hudo.com\/si\/wp-json\/wp\/v2\/posts"}],"about":[{"href":"https:\/\/hudo.com\/si\/wp-json\/wp\/v2\/types\/post"}],"author":[{"embeddable":true,"href":"https:\/\/hudo.com\/si\/wp-json\/wp\/v2\/users\/5"}],"replies":[{"embeddable":true,"href":"https:\/\/hudo.com\/si\/wp-json\/wp\/v2\/comments?post=418196"}],"version-history":[{"count":1,"href":"https:\/\/hudo.com\/si\/wp-json\/wp\/v2\/posts\/418196\/revisions"}],"predecessor-version":[{"id":418197,"href":"https:\/\/hudo.com\/si\/wp-json\/wp\/v2\/posts\/418196\/revisions\/418197"}],"wp:featuredmedia":[{"embeddable":true,"href":"https:\/\/hudo.com\/si\/wp-json\/wp\/v2\/media\/180026"}],"wp:attachment":[{"href":"https:\/\/hudo.com\/si\/wp-json\/wp\/v2\/media?parent=418196"}],"wp:term":[{"taxonomy":"category","embeddable":true,"href":"https:\/\/hudo.com\/si\/wp-json\/wp\/v2\/categories?post=418196"},{"taxonomy":"post_tag","embeddable":true,"href":"https:\/\/hudo.com\/si\/wp-json\/wp\/v2\/tags?post=418196"},{"taxonomy":"source","embeddable":true,"href":"https:\/\/hudo.com\/si\/wp-json\/wp\/v2\/source?post=418196"},{"taxonomy":"supertag","embeddable":true,"href":"https:\/\/hudo.com\/si\/wp-json\/wp\/v2\/supertag?post=418196"}],"curies":[{"name":"wp","href":"https:\/\/api.w.org\/{rel}","templated":true}]}}