{"id":419100,"date":"2020-03-23T10:16:05","date_gmt":"2020-03-23T09:16:05","guid":{"rendered":"http:\/\/hudo.com\/si\/?p=419100"},"modified":"2020-03-23T10:16:25","modified_gmt":"2020-03-23T09:16:25","slug":"tla-v-zagrebu-se-se-niso-umirila","status":"publish","type":"post","link":"https:\/\/hudo.com\/si\/aktualno\/tla-v-zagrebu-se-se-niso-umirila\/","title":{"rendered":"Tla v Zagrebu se \u0161e niso umirila"},"content":{"rendered":"<p>Najhuje je bilo v razru\u0161enem domu sredi Zagreba po\u0161kodovano dekle, rojeno leta 2004. Njeno stanje je \u0161e vedno kriti\u010dno, je dejal Bo\u017einovi\u0107 na dana\u0161nji novinarski konferenci nacionalnega \u0161taba civilne za\u0161\u010dite v Zagrebu. V enem zagreb\u0161kih \u0161tudentskih domov so namestili 59 oseb, ki se niso mogle vrniti v svoja uni\u010dena stanovanja.<\/p>\n<p>Izpostavil je, da je potres povzro\u010dil tudi veliko gmotno \u0161kodo, posebej v sredi\u0161\u010du mesta, v katerem je ve\u010dina poslopij starej\u0161a od 100 let. Po\u0161kodovanih je najmanj 250 stanovanjskih in kulturnih objektov, strokovnjaki pa \u0161e vedno pregledujejo poslopja, je dodal. Dr\u017eavljane je opozoril, naj se ne sprehajajo v bli\u017eini po\u0161kodovanih objektov.<\/p>\n<p>Prej\u0161njo no\u010d so bile okrepljene tudi policijske patrulje v sredi\u0161\u010du mesta. Incidentov niso zabele\u017eili, je \u0161e dejal notranji minister.<\/p>\n<p>Za odpravljanje posledic potresa bodo danes anga\u017eirali dodatnih 300 hrva\u0161kih vojakov, ki bodo pomagali pristojnim mestnim slu\u017ebam. V nedeljo so pri odstranjevanju ru\u0161evin pomagali \u0161tevilni prostovoljci, med njimi ve\u010d sto pripadnikov navija\u0161ke skupine nogometnega kluba Dinamo, Bad Blue Boys.<\/p>\n<p>Bo\u017einovi\u0107 je pozval dr\u017eavljane, naj bodo previdni, glede na to, da je Zagreb na seizmolo\u0161ko aktivnem obmo\u010dju, na katerem so v manj kot 24 urah po prvem potresu zabele\u017eili 37 popotresnih sunkov. Izrazil je upanje, da ne bo potrebe po dodatnem anga\u017emaju re\u0161evalnih slu\u017eb.<\/p>\n<p>Mestne oblasti naj bi danes razglasile stanje naravne nesre\u010de v Zagrebu, poro\u010dajo hrva\u0161ki mediji.<\/p>\n","protected":false},"excerpt":{"rendered":"<p>Potem ko je Zagreb v nedeljo prizadel potres z magnitudo 5,5, so do danes do 3. ure zabele\u017eili \u0161e 37 \u0161ibkej\u0161ih popotresnih sunkov, med katerimi jih je bilo nekaj z magnitudo med 3 in 5. V nedeljskem potresu je bilo 27 po\u0161kodovanih, med njimi 18 huje, 12 so jih oskrbeli v bolni\u0161nicah, je danes dejal hrva\u0161ki notranji minister Davor Bo\u017einovi\u0107.<\/p>\n","protected":false},"author":5,"featured_media":419025,"comment_status":"closed","ping_status":"closed","sticky":false,"template":"","format":"standard","meta":{"footnotes":""},"categories":[1179],"tags":[1810,3718,4661],"source":[4511],"supertag":[],"acf":[],"yoast_head":"<!-- This site is optimized with the Yoast SEO plugin v21.3 - https:\/\/yoast.com\/wordpress\/plugins\/seo\/ -->\n<title>Tla v Zagrebu se \u0161e niso umirila<\/title>\n<meta name=\"description\" content=\"Potem ko je Zagreb v nedeljo prizadel potres z magnitudo 5,5, so do danes do 3. ure zabele\u017eili \u0161e 37 \u0161ibkej\u0161ih popotresnih sunkov.\" \/>\n<meta name=\"robots\" content=\"index, follow, max-snippet:-1, max-image-preview:large, max-video-preview:-1\" \/>\n<link rel=\"canonical\" href=\"https:\/\/hudo.com\/si\/aktualno\/tla-v-zagrebu-se-se-niso-umirila\/\" \/>\n<meta property=\"og:locale\" content=\"sl_SI\" \/>\n<meta property=\"og:type\" content=\"article\" \/>\n<meta property=\"og:title\" content=\"Tla v Zagrebu se \u0161e niso umirila\" \/>\n<meta property=\"og:description\" content=\"Potem ko je Zagreb v nedeljo prizadel potres z magnitudo 5,5, so do danes do 3. ure zabele\u017eili \u0161e 37 \u0161ibkej\u0161ih popotresnih sunkov.\" \/>\n<meta property=\"og:url\" content=\"https:\/\/hudo.com\/si\/aktualno\/tla-v-zagrebu-se-se-niso-umirila\/\" \/>\n<meta property=\"og:site_name\" content=\"Hudo Slovenija\" \/>\n<meta property=\"article:publisher\" content=\"https:\/\/www.facebook.com\/hudo.si\" \/>\n<meta property=\"article:published_time\" content=\"2020-03-23T09:16:05+00:00\" \/>\n<meta property=\"article:modified_time\" content=\"2020-03-23T09:16:25+00:00\" \/>\n<meta property=\"og:image\" content=\"https:\/\/hudo.com\/si\/wp-content\/uploads\/sites\/2\/2020\/03\/20200322-00996738.jpg\" \/>\n\t<meta property=\"og:image:width\" content=\"640\" \/>\n\t<meta property=\"og:image:height\" content=\"426\" \/>\n\t<meta property=\"og:image:type\" content=\"image\/jpeg\" \/>\n<meta name=\"author\" content=\"A. G., STA\" \/>\n<meta name=\"twitter:card\" content=\"summary_large_image\" \/>\n<meta name=\"twitter:creator\" content=\"@hudo_si\" \/>\n<meta name=\"twitter:site\" content=\"@hudo_si\" \/>\n<meta name=\"twitter:label1\" content=\"Written by\" \/>\n\t<meta name=\"twitter:data1\" content=\"A. G., STA\" \/>\n\t<meta name=\"twitter:label2\" content=\"Est. reading time\" \/>\n\t<meta name=\"twitter:data2\" content=\"1 minuta\" \/>\n<script type=\"application\/ld+json\" class=\"yoast-schema-graph\">{\"@context\":\"https:\/\/schema.org\",\"@graph\":[{\"@type\":\"Article\",\"@id\":\"https:\/\/hudo.com\/si\/aktualno\/tla-v-zagrebu-se-se-niso-umirila\/#article\",\"isPartOf\":{\"@id\":\"https:\/\/hudo.com\/si\/aktualno\/tla-v-zagrebu-se-se-niso-umirila\/\"},\"author\":{\"name\":\"A. G., STA\",\"@id\":\"https:\/\/hudo.com\/si\/#\/schema\/person\/2391667a63ea075ba94f2f2dc6b77537\"},\"headline\":\"Tla v Zagrebu se \u0161e niso umirila\",\"datePublished\":\"2020-03-23T09:16:05+00:00\",\"dateModified\":\"2020-03-23T09:16:25+00:00\",\"mainEntityOfPage\":{\"@id\":\"https:\/\/hudo.com\/si\/aktualno\/tla-v-zagrebu-se-se-niso-umirila\/\"},\"wordCount\":251,\"publisher\":{\"@id\":\"https:\/\/hudo.com\/si\/#organization\"},\"keywords\":[\"hrva\u0161ka\",\"potres\",\"Zagreb\"],\"articleSection\":[\"Aktualno\"],\"inLanguage\":\"sl-SI\"},{\"@type\":\"WebPage\",\"@id\":\"https:\/\/hudo.com\/si\/aktualno\/tla-v-zagrebu-se-se-niso-umirila\/\",\"url\":\"https:\/\/hudo.com\/si\/aktualno\/tla-v-zagrebu-se-se-niso-umirila\/\",\"name\":\"Tla v Zagrebu se \u0161e niso umirila\",\"isPartOf\":{\"@id\":\"https:\/\/hudo.com\/si\/#website\"},\"datePublished\":\"2020-03-23T09:16:05+00:00\",\"dateModified\":\"2020-03-23T09:16:25+00:00\",\"description\":\"Potem ko je Zagreb v nedeljo prizadel potres z magnitudo 5,5, so do danes do 3. ure zabele\u017eili \u0161e 37 \u0161ibkej\u0161ih popotresnih sunkov.\",\"breadcrumb\":{\"@id\":\"https:\/\/hudo.com\/si\/aktualno\/tla-v-zagrebu-se-se-niso-umirila\/#breadcrumb\"},\"inLanguage\":\"sl-SI\",\"potentialAction\":[{\"@type\":\"ReadAction\",\"target\":[\"https:\/\/hudo.com\/si\/aktualno\/tla-v-zagrebu-se-se-niso-umirila\/\"]}]},{\"@type\":\"BreadcrumbList\",\"@id\":\"https:\/\/hudo.com\/si\/aktualno\/tla-v-zagrebu-se-se-niso-umirila\/#breadcrumb\",\"itemListElement\":[{\"@type\":\"ListItem\",\"position\":1,\"name\":\"Home\",\"item\":\"https:\/\/hudo.com\/si\/\"},{\"@type\":\"ListItem\",\"position\":2,\"name\":\"Tla v Zagrebu se \u0161e niso umirila\"}]},{\"@type\":\"WebSite\",\"@id\":\"https:\/\/hudo.com\/si\/#website\",\"url\":\"https:\/\/hudo.com\/si\/\",\"name\":\"Hudo Slovenija\",\"description\":\"Vse novice iz Slovenije in sveta\",\"publisher\":{\"@id\":\"https:\/\/hudo.com\/si\/#organization\"},\"potentialAction\":[{\"@type\":\"SearchAction\",\"target\":{\"@type\":\"EntryPoint\",\"urlTemplate\":\"https:\/\/hudo.com\/si\/?s={search_term_string}\"},\"query-input\":\"required name=search_term_string\"}],\"inLanguage\":\"sl-SI\"},{\"@type\":\"Organization\",\"@id\":\"https:\/\/hudo.com\/si\/#organization\",\"name\":\"VSN Media\",\"url\":\"https:\/\/hudo.com\/si\/\",\"logo\":{\"@type\":\"ImageObject\",\"inLanguage\":\"sl-SI\",\"@id\":\"https:\/\/hudo.com\/si\/#\/schema\/logo\/image\/\",\"url\":\"https:\/\/hudo.com\/si\/wp-content\/uploads\/sites\/2\/2021\/03\/hudo-app-2.png\",\"contentUrl\":\"https:\/\/hudo.com\/si\/wp-content\/uploads\/sites\/2\/2021\/03\/hudo-app-2.png\",\"width\":2185,\"height\":2167,\"caption\":\"VSN Media\"},\"image\":{\"@id\":\"https:\/\/hudo.com\/si\/#\/schema\/logo\/image\/\"},\"sameAs\":[\"https:\/\/www.facebook.com\/hudo.si\",\"https:\/\/twitter.com\/hudo_si\"]},{\"@type\":\"Person\",\"@id\":\"https:\/\/hudo.com\/si\/#\/schema\/person\/2391667a63ea075ba94f2f2dc6b77537\",\"name\":\"A. G., STA\",\"image\":{\"@type\":\"ImageObject\",\"inLanguage\":\"sl-SI\",\"@id\":\"https:\/\/hudo.com\/si\/#\/schema\/person\/image\/\",\"url\":\"https:\/\/secure.gravatar.com\/avatar\/e13d22ac3e442658d5025fbbe6238a79?s=96&d=mm&r=g\",\"contentUrl\":\"https:\/\/secure.gravatar.com\/avatar\/e13d22ac3e442658d5025fbbe6238a79?s=96&d=mm&r=g\",\"caption\":\"A. G., STA\"},\"url\":\"https:\/\/hudo.com\/si\/author\/alenka\/\"}]}<\/script>\n<!-- \/ Yoast SEO plugin. -->","yoast_head_json":{"title":"Tla v Zagrebu se \u0161e niso umirila","description":"Potem ko je Zagreb v nedeljo prizadel potres z magnitudo 5,5, so do danes do 3. ure zabele\u017eili \u0161e 37 \u0161ibkej\u0161ih popotresnih sunkov.","robots":{"index":"index","follow":"follow","max-snippet":"max-snippet:-1","max-image-preview":"max-image-preview:large","max-video-preview":"max-video-preview:-1"},"canonical":"https:\/\/hudo.com\/si\/aktualno\/tla-v-zagrebu-se-se-niso-umirila\/","og_locale":"sl_SI","og_type":"article","og_title":"Tla v Zagrebu se \u0161e niso umirila","og_description":"Potem ko je Zagreb v nedeljo prizadel potres z magnitudo 5,5, so do danes do 3. ure zabele\u017eili \u0161e 37 \u0161ibkej\u0161ih popotresnih sunkov.","og_url":"https:\/\/hudo.com\/si\/aktualno\/tla-v-zagrebu-se-se-niso-umirila\/","og_site_name":"Hudo Slovenija","article_publisher":"https:\/\/www.facebook.com\/hudo.si","article_published_time":"2020-03-23T09:16:05+00:00","article_modified_time":"2020-03-23T09:16:25+00:00","og_image":[{"width":640,"height":426,"url":"https:\/\/hudo.com\/si\/wp-content\/uploads\/sites\/2\/2020\/03\/20200322-00996738.jpg","type":"image\/jpeg"}],"author":"A. G., STA","twitter_card":"summary_large_image","twitter_creator":"@hudo_si","twitter_site":"@hudo_si","twitter_misc":{"Written by":"A. G., STA","Est. reading time":"1 minuta"},"schema":{"@context":"https:\/\/schema.org","@graph":[{"@type":"Article","@id":"https:\/\/hudo.com\/si\/aktualno\/tla-v-zagrebu-se-se-niso-umirila\/#article","isPartOf":{"@id":"https:\/\/hudo.com\/si\/aktualno\/tla-v-zagrebu-se-se-niso-umirila\/"},"author":{"name":"A. G., STA","@id":"https:\/\/hudo.com\/si\/#\/schema\/person\/2391667a63ea075ba94f2f2dc6b77537"},"headline":"Tla v Zagrebu se \u0161e niso umirila","datePublished":"2020-03-23T09:16:05+00:00","dateModified":"2020-03-23T09:16:25+00:00","mainEntityOfPage":{"@id":"https:\/\/hudo.com\/si\/aktualno\/tla-v-zagrebu-se-se-niso-umirila\/"},"wordCount":251,"publisher":{"@id":"https:\/\/hudo.com\/si\/#organization"},"keywords":["hrva\u0161ka","potres","Zagreb"],"articleSection":["Aktualno"],"inLanguage":"sl-SI"},{"@type":"WebPage","@id":"https:\/\/hudo.com\/si\/aktualno\/tla-v-zagrebu-se-se-niso-umirila\/","url":"https:\/\/hudo.com\/si\/aktualno\/tla-v-zagrebu-se-se-niso-umirila\/","name":"Tla v Zagrebu se \u0161e niso umirila","isPartOf":{"@id":"https:\/\/hudo.com\/si\/#website"},"datePublished":"2020-03-23T09:16:05+00:00","dateModified":"2020-03-23T09:16:25+00:00","description":"Potem ko je Zagreb v nedeljo prizadel potres z magnitudo 5,5, so do danes do 3. ure zabele\u017eili \u0161e 37 \u0161ibkej\u0161ih popotresnih sunkov.","breadcrumb":{"@id":"https:\/\/hudo.com\/si\/aktualno\/tla-v-zagrebu-se-se-niso-umirila\/#breadcrumb"},"inLanguage":"sl-SI","potentialAction":[{"@type":"ReadAction","target":["https:\/\/hudo.com\/si\/aktualno\/tla-v-zagrebu-se-se-niso-umirila\/"]}]},{"@type":"BreadcrumbList","@id":"https:\/\/hudo.com\/si\/aktualno\/tla-v-zagrebu-se-se-niso-umirila\/#breadcrumb","itemListElement":[{"@type":"ListItem","position":1,"name":"Home","item":"https:\/\/hudo.com\/si\/"},{"@type":"ListItem","position":2,"name":"Tla v Zagrebu se \u0161e niso umirila"}]},{"@type":"WebSite","@id":"https:\/\/hudo.com\/si\/#website","url":"https:\/\/hudo.com\/si\/","name":"Hudo Slovenija","description":"Vse novice iz Slovenije in sveta","publisher":{"@id":"https:\/\/hudo.com\/si\/#organization"},"potentialAction":[{"@type":"SearchAction","target":{"@type":"EntryPoint","urlTemplate":"https:\/\/hudo.com\/si\/?s={search_term_string}"},"query-input":"required name=search_term_string"}],"inLanguage":"sl-SI"},{"@type":"Organization","@id":"https:\/\/hudo.com\/si\/#organization","name":"VSN Media","url":"https:\/\/hudo.com\/si\/","logo":{"@type":"ImageObject","inLanguage":"sl-SI","@id":"https:\/\/hudo.com\/si\/#\/schema\/logo\/image\/","url":"https:\/\/hudo.com\/si\/wp-content\/uploads\/sites\/2\/2021\/03\/hudo-app-2.png","contentUrl":"https:\/\/hudo.com\/si\/wp-content\/uploads\/sites\/2\/2021\/03\/hudo-app-2.png","width":2185,"height":2167,"caption":"VSN Media"},"image":{"@id":"https:\/\/hudo.com\/si\/#\/schema\/logo\/image\/"},"sameAs":["https:\/\/www.facebook.com\/hudo.si","https:\/\/twitter.com\/hudo_si"]},{"@type":"Person","@id":"https:\/\/hudo.com\/si\/#\/schema\/person\/2391667a63ea075ba94f2f2dc6b77537","name":"A. G., STA","image":{"@type":"ImageObject","inLanguage":"sl-SI","@id":"https:\/\/hudo.com\/si\/#\/schema\/person\/image\/","url":"https:\/\/secure.gravatar.com\/avatar\/e13d22ac3e442658d5025fbbe6238a79?s=96&d=mm&r=g","contentUrl":"https:\/\/secure.gravatar.com\/avatar\/e13d22ac3e442658d5025fbbe6238a79?s=96&d=mm&r=g","caption":"A. G., STA"},"url":"https:\/\/hudo.com\/si\/author\/alenka\/"}]}},"amp_enabled":true,"_links":{"self":[{"href":"https:\/\/hudo.com\/si\/wp-json\/wp\/v2\/posts\/419100"}],"collection":[{"href":"https:\/\/hudo.com\/si\/wp-json\/wp\/v2\/posts"}],"about":[{"href":"https:\/\/hudo.com\/si\/wp-json\/wp\/v2\/types\/post"}],"author":[{"embeddable":true,"href":"https:\/\/hudo.com\/si\/wp-json\/wp\/v2\/users\/5"}],"replies":[{"embeddable":true,"href":"https:\/\/hudo.com\/si\/wp-json\/wp\/v2\/comments?post=419100"}],"version-history":[{"count":1,"href":"https:\/\/hudo.com\/si\/wp-json\/wp\/v2\/posts\/419100\/revisions"}],"predecessor-version":[{"id":419102,"href":"https:\/\/hudo.com\/si\/wp-json\/wp\/v2\/posts\/419100\/revisions\/419102"}],"wp:featuredmedia":[{"embeddable":true,"href":"https:\/\/hudo.com\/si\/wp-json\/wp\/v2\/media\/419025"}],"wp:attachment":[{"href":"https:\/\/hudo.com\/si\/wp-json\/wp\/v2\/media?parent=419100"}],"wp:term":[{"taxonomy":"category","embeddable":true,"href":"https:\/\/hudo.com\/si\/wp-json\/wp\/v2\/categories?post=419100"},{"taxonomy":"post_tag","embeddable":true,"href":"https:\/\/hudo.com\/si\/wp-json\/wp\/v2\/tags?post=419100"},{"taxonomy":"source","embeddable":true,"href":"https:\/\/hudo.com\/si\/wp-json\/wp\/v2\/source?post=419100"},{"taxonomy":"supertag","embeddable":true,"href":"https:\/\/hudo.com\/si\/wp-json\/wp\/v2\/supertag?post=419100"}],"curies":[{"name":"wp","href":"https:\/\/api.w.org\/{rel}","templated":true}]}}