{"id":419357,"date":"2020-03-25T13:41:43","date_gmt":"2020-03-25T12:41:43","guid":{"rendered":"https:\/\/hudo.com\/si\/2020\/03\/25\/znanstveniki-odkrili-ozonsko-luknjo-nad-severnim-polom\/"},"modified":"2020-03-25T13:41:43","modified_gmt":"2020-03-25T12:41:43","slug":"znanstveniki-odkrili-ozonsko-luknjo-nad-severnim-polom","status":"publish","type":"post","link":"https:\/\/hudo.com\/si\/aktualno\/mnenja\/znanstveniki-odkrili-ozonsko-luknjo-nad-severnim-polom\/","title":{"rendered":"Znanstveniki odkrili ozonsko luknjo nad severnim polom"},"content":{"rendered":"<figure>\n\t\t\t\t\t<img loading=\"lazy\" decoding=\"async\" width=\"660\" height=\"320\" src=\"image\/gif;base64,R0lGODlhAQABAAAAACH5BAEKAAEALAAAAAABAAEAAAICTAEAOw==\" class=\"lazyload\" \/><figcaption>foto:Profimedia<\/figcaption><\/figure>\n<p>V zadnjih dveh tednih je bila debelina ozonske plasti nad Arktiko manj\u0161a od debeline ozonske plasti, s katero je dolo\u010dena luknja nad Antarktiko, je pojasnil vodja oddelka za atmosfersko fiziko na nem\u0161kem in\u0161titutu Alfreda Wegenerja.<\/p>\n<p>&#8220;Na obmo\u010djih, kjer je ozonska plast najdebelej\u0161a, je izguba ozona okoli 90-odstotna,&#8221; je pojasnil. To pokriva obmo\u010dje, veliko za tri Grenlandije. Vse skupaj pa je prizadeto obmo\u010dje v velikosti desetih Grenlandij oziroma 20 milijonov kvadratnih kilometrov, pri \u010demer je ponekod izguba ozona manj\u0161a, je dodal Rex.<\/p>\n<p>Nastanek ozonske luknje je po njegovih besedah posledica mo\u010dnega polarnega vrtinca to zimo in nizkih temperatur v stratosferi, v kateri je ozonska plast. &#8220;Trenutno se te zra\u010dne mase zadr\u017eujejo nad osrednjo Arktiko, zaradi \u010desar se ljudem v Evropi ni treba bati, da bi jih sonce opeklo hitreje kot obi\u010dajno,&#8221; je pojasnil nem\u0161ki strokovnjak. Obstaja pa mo\u017enost, da bi se te zra\u010dne mase aprila premaknile proti Evropi.<\/p>\n<p>Rex je dodal, da bi bila situacija \u0161e veliko huj\u0161a, \u010de bi bila \u0161e vedno dovoljena proizvodnja plinov freonov, ki povzro\u010dajo razgradnjo ozona. Freone so postopoma za\u010deli prepovedovati po odkritju ozonske luknje nad Antarktiko leta 1985. Ta luknja je bila lani najmanj\u0161a v okoli 30 letih.<\/p>\n","protected":false},"excerpt":{"rendered":"<p>Nem\u0161ki znanstvenik Markus Rex je danes sporo\u010dil, da je odkril prvo ozonsko luknjo nad severnim polom. To je posledica mo\u010dnega polarnega vrtinca in nizkih temperatur v stratosferi, poro\u010da nem\u0161ka tiskovna agencija dpa.<\/p>\n","protected":false},"author":1,"featured_media":419358,"comment_status":"closed","ping_status":"closed","sticky":false,"template":"","format":"standard","meta":{"footnotes":""},"categories":[1605],"tags":[2171,3628,5682,1645],"source":[1607,1518],"supertag":[],"acf":[],"yoast_head":"<!-- This site is optimized with the Yoast SEO plugin v21.3 - https:\/\/yoast.com\/wordpress\/plugins\/seo\/ -->\n<title>Znanstveniki odkrili ozonsko luknjo nad severnim polom - Hudo Slovenija<\/title>\n<meta name=\"robots\" content=\"index, follow, max-snippet:-1, max-image-preview:large, max-video-preview:-1\" \/>\n<link rel=\"canonical\" href=\"https:\/\/hudo.com\/si\/aktualno\/mnenja\/znanstveniki-odkrili-ozonsko-luknjo-nad-severnim-polom\/\" \/>\n<meta property=\"og:locale\" content=\"sl_SI\" \/>\n<meta property=\"og:type\" content=\"article\" \/>\n<meta property=\"og:title\" content=\"Znanstveniki odkrili ozonsko luknjo nad severnim polom - Hudo Slovenija\" \/>\n<meta property=\"og:description\" content=\"Nem\u0161ki znanstvenik Markus Rex je danes sporo\u010dil, da je odkril prvo ozonsko luknjo nad severnim polom. To je posledica mo\u010dnega polarnega vrtinca in nizkih temperatur v stratosferi, poro\u010da nem\u0161ka tiskovna agencija dpa.\" \/>\n<meta property=\"og:url\" content=\"https:\/\/hudo.com\/si\/aktualno\/mnenja\/znanstveniki-odkrili-ozonsko-luknjo-nad-severnim-polom\/\" \/>\n<meta property=\"og:site_name\" content=\"Hudo Slovenija\" \/>\n<meta property=\"article:publisher\" content=\"https:\/\/www.facebook.com\/hudo.si\" \/>\n<meta property=\"article:published_time\" content=\"2020-03-25T12:41:43+00:00\" \/>\n<meta property=\"og:image\" content=\"https:\/\/hudo.com\/si\/wp-content\/uploads\/sites\/2\/2020\/03\/profimedia-0102176460-scaled.jpg\" \/>\n\t<meta property=\"og:image:width\" content=\"2560\" \/>\n\t<meta property=\"og:image:height\" content=\"1796\" \/>\n\t<meta property=\"og:image:type\" content=\"image\/jpeg\" \/>\n<meta name=\"author\" content=\"hudo\" \/>\n<meta name=\"twitter:card\" content=\"summary_large_image\" \/>\n<meta name=\"twitter:creator\" content=\"@hudo_si\" \/>\n<meta name=\"twitter:site\" content=\"@hudo_si\" \/>\n<meta name=\"twitter:label1\" content=\"Written by\" \/>\n\t<meta name=\"twitter:data1\" content=\"hudo\" \/>\n\t<meta name=\"twitter:label2\" content=\"Est. reading time\" \/>\n\t<meta name=\"twitter:data2\" content=\"1 minuta\" \/>\n<script type=\"application\/ld+json\" class=\"yoast-schema-graph\">{\"@context\":\"https:\/\/schema.org\",\"@graph\":[{\"@type\":\"Article\",\"@id\":\"https:\/\/hudo.com\/si\/aktualno\/mnenja\/znanstveniki-odkrili-ozonsko-luknjo-nad-severnim-polom\/#article\",\"isPartOf\":{\"@id\":\"https:\/\/hudo.com\/si\/aktualno\/mnenja\/znanstveniki-odkrili-ozonsko-luknjo-nad-severnim-polom\/\"},\"author\":{\"name\":\"hudo\",\"@id\":\"https:\/\/hudo.com\/si\/#\/schema\/person\/601cf3379633985b20f7e50f2bb47707\"},\"headline\":\"Znanstveniki odkrili ozonsko luknjo nad severnim polom\",\"datePublished\":\"2020-03-25T12:41:43+00:00\",\"dateModified\":\"2020-03-25T12:41:43+00:00\",\"mainEntityOfPage\":{\"@id\":\"https:\/\/hudo.com\/si\/aktualno\/mnenja\/znanstveniki-odkrili-ozonsko-luknjo-nad-severnim-polom\/\"},\"wordCount\":219,\"publisher\":{\"@id\":\"https:\/\/hudo.com\/si\/#organization\"},\"keywords\":[\"ekologija\",\"nem\u010dija\",\"ozonska luknja\",\"znanstvene zanimivosti\"],\"articleSection\":[\"Mnenja\"],\"inLanguage\":\"sl-SI\"},{\"@type\":\"WebPage\",\"@id\":\"https:\/\/hudo.com\/si\/aktualno\/mnenja\/znanstveniki-odkrili-ozonsko-luknjo-nad-severnim-polom\/\",\"url\":\"https:\/\/hudo.com\/si\/aktualno\/mnenja\/znanstveniki-odkrili-ozonsko-luknjo-nad-severnim-polom\/\",\"name\":\"Znanstveniki odkrili ozonsko luknjo nad severnim polom - Hudo Slovenija\",\"isPartOf\":{\"@id\":\"https:\/\/hudo.com\/si\/#website\"},\"datePublished\":\"2020-03-25T12:41:43+00:00\",\"dateModified\":\"2020-03-25T12:41:43+00:00\",\"breadcrumb\":{\"@id\":\"https:\/\/hudo.com\/si\/aktualno\/mnenja\/znanstveniki-odkrili-ozonsko-luknjo-nad-severnim-polom\/#breadcrumb\"},\"inLanguage\":\"sl-SI\",\"potentialAction\":[{\"@type\":\"ReadAction\",\"target\":[\"https:\/\/hudo.com\/si\/aktualno\/mnenja\/znanstveniki-odkrili-ozonsko-luknjo-nad-severnim-polom\/\"]}]},{\"@type\":\"BreadcrumbList\",\"@id\":\"https:\/\/hudo.com\/si\/aktualno\/mnenja\/znanstveniki-odkrili-ozonsko-luknjo-nad-severnim-polom\/#breadcrumb\",\"itemListElement\":[{\"@type\":\"ListItem\",\"position\":1,\"name\":\"Home\",\"item\":\"https:\/\/hudo.com\/si\/\"},{\"@type\":\"ListItem\",\"position\":2,\"name\":\"Znanstveniki odkrili ozonsko luknjo nad severnim polom\"}]},{\"@type\":\"WebSite\",\"@id\":\"https:\/\/hudo.com\/si\/#website\",\"url\":\"https:\/\/hudo.com\/si\/\",\"name\":\"Hudo Slovenija\",\"description\":\"Vse novice iz Slovenije in sveta\",\"publisher\":{\"@id\":\"https:\/\/hudo.com\/si\/#organization\"},\"potentialAction\":[{\"@type\":\"SearchAction\",\"target\":{\"@type\":\"EntryPoint\",\"urlTemplate\":\"https:\/\/hudo.com\/si\/?s={search_term_string}\"},\"query-input\":\"required name=search_term_string\"}],\"inLanguage\":\"sl-SI\"},{\"@type\":\"Organization\",\"@id\":\"https:\/\/hudo.com\/si\/#organization\",\"name\":\"VSN Media\",\"url\":\"https:\/\/hudo.com\/si\/\",\"logo\":{\"@type\":\"ImageObject\",\"inLanguage\":\"sl-SI\",\"@id\":\"https:\/\/hudo.com\/si\/#\/schema\/logo\/image\/\",\"url\":\"https:\/\/hudo.com\/si\/wp-content\/uploads\/sites\/2\/2021\/03\/hudo-app-2.png\",\"contentUrl\":\"https:\/\/hudo.com\/si\/wp-content\/uploads\/sites\/2\/2021\/03\/hudo-app-2.png\",\"width\":2185,\"height\":2167,\"caption\":\"VSN Media\"},\"image\":{\"@id\":\"https:\/\/hudo.com\/si\/#\/schema\/logo\/image\/\"},\"sameAs\":[\"https:\/\/www.facebook.com\/hudo.si\",\"https:\/\/twitter.com\/hudo_si\"]},{\"@type\":\"Person\",\"@id\":\"https:\/\/hudo.com\/si\/#\/schema\/person\/601cf3379633985b20f7e50f2bb47707\",\"name\":\"hudo\",\"image\":{\"@type\":\"ImageObject\",\"inLanguage\":\"sl-SI\",\"@id\":\"https:\/\/hudo.com\/si\/#\/schema\/person\/image\/\",\"url\":\"https:\/\/secure.gravatar.com\/avatar\/c4ca25fa72cace7a696b52ff5db9e095?s=96&d=mm&r=g\",\"contentUrl\":\"https:\/\/secure.gravatar.com\/avatar\/c4ca25fa72cace7a696b52ff5db9e095?s=96&d=mm&r=g\",\"caption\":\"hudo\"},\"url\":\"https:\/\/hudo.com\/si\/author\/hudo\/\"}]}<\/script>\n<!-- \/ Yoast SEO plugin. -->","yoast_head_json":{"title":"Znanstveniki odkrili ozonsko luknjo nad severnim polom - Hudo Slovenija","robots":{"index":"index","follow":"follow","max-snippet":"max-snippet:-1","max-image-preview":"max-image-preview:large","max-video-preview":"max-video-preview:-1"},"canonical":"https:\/\/hudo.com\/si\/aktualno\/mnenja\/znanstveniki-odkrili-ozonsko-luknjo-nad-severnim-polom\/","og_locale":"sl_SI","og_type":"article","og_title":"Znanstveniki odkrili ozonsko luknjo nad severnim polom - Hudo Slovenija","og_description":"Nem\u0161ki znanstvenik Markus Rex je danes sporo\u010dil, da je odkril prvo ozonsko luknjo nad severnim polom. To je posledica mo\u010dnega polarnega vrtinca in nizkih temperatur v stratosferi, poro\u010da nem\u0161ka tiskovna agencija dpa.","og_url":"https:\/\/hudo.com\/si\/aktualno\/mnenja\/znanstveniki-odkrili-ozonsko-luknjo-nad-severnim-polom\/","og_site_name":"Hudo Slovenija","article_publisher":"https:\/\/www.facebook.com\/hudo.si","article_published_time":"2020-03-25T12:41:43+00:00","og_image":[{"width":2560,"height":1796,"url":"https:\/\/hudo.com\/si\/wp-content\/uploads\/sites\/2\/2020\/03\/profimedia-0102176460-scaled.jpg","type":"image\/jpeg"}],"author":"hudo","twitter_card":"summary_large_image","twitter_creator":"@hudo_si","twitter_site":"@hudo_si","twitter_misc":{"Written by":"hudo","Est. reading time":"1 minuta"},"schema":{"@context":"https:\/\/schema.org","@graph":[{"@type":"Article","@id":"https:\/\/hudo.com\/si\/aktualno\/mnenja\/znanstveniki-odkrili-ozonsko-luknjo-nad-severnim-polom\/#article","isPartOf":{"@id":"https:\/\/hudo.com\/si\/aktualno\/mnenja\/znanstveniki-odkrili-ozonsko-luknjo-nad-severnim-polom\/"},"author":{"name":"hudo","@id":"https:\/\/hudo.com\/si\/#\/schema\/person\/601cf3379633985b20f7e50f2bb47707"},"headline":"Znanstveniki odkrili ozonsko luknjo nad severnim polom","datePublished":"2020-03-25T12:41:43+00:00","dateModified":"2020-03-25T12:41:43+00:00","mainEntityOfPage":{"@id":"https:\/\/hudo.com\/si\/aktualno\/mnenja\/znanstveniki-odkrili-ozonsko-luknjo-nad-severnim-polom\/"},"wordCount":219,"publisher":{"@id":"https:\/\/hudo.com\/si\/#organization"},"keywords":["ekologija","nem\u010dija","ozonska luknja","znanstvene zanimivosti"],"articleSection":["Mnenja"],"inLanguage":"sl-SI"},{"@type":"WebPage","@id":"https:\/\/hudo.com\/si\/aktualno\/mnenja\/znanstveniki-odkrili-ozonsko-luknjo-nad-severnim-polom\/","url":"https:\/\/hudo.com\/si\/aktualno\/mnenja\/znanstveniki-odkrili-ozonsko-luknjo-nad-severnim-polom\/","name":"Znanstveniki odkrili ozonsko luknjo nad severnim polom - Hudo Slovenija","isPartOf":{"@id":"https:\/\/hudo.com\/si\/#website"},"datePublished":"2020-03-25T12:41:43+00:00","dateModified":"2020-03-25T12:41:43+00:00","breadcrumb":{"@id":"https:\/\/hudo.com\/si\/aktualno\/mnenja\/znanstveniki-odkrili-ozonsko-luknjo-nad-severnim-polom\/#breadcrumb"},"inLanguage":"sl-SI","potentialAction":[{"@type":"ReadAction","target":["https:\/\/hudo.com\/si\/aktualno\/mnenja\/znanstveniki-odkrili-ozonsko-luknjo-nad-severnim-polom\/"]}]},{"@type":"BreadcrumbList","@id":"https:\/\/hudo.com\/si\/aktualno\/mnenja\/znanstveniki-odkrili-ozonsko-luknjo-nad-severnim-polom\/#breadcrumb","itemListElement":[{"@type":"ListItem","position":1,"name":"Home","item":"https:\/\/hudo.com\/si\/"},{"@type":"ListItem","position":2,"name":"Znanstveniki odkrili ozonsko luknjo nad severnim polom"}]},{"@type":"WebSite","@id":"https:\/\/hudo.com\/si\/#website","url":"https:\/\/hudo.com\/si\/","name":"Hudo Slovenija","description":"Vse novice iz Slovenije in sveta","publisher":{"@id":"https:\/\/hudo.com\/si\/#organization"},"potentialAction":[{"@type":"SearchAction","target":{"@type":"EntryPoint","urlTemplate":"https:\/\/hudo.com\/si\/?s={search_term_string}"},"query-input":"required name=search_term_string"}],"inLanguage":"sl-SI"},{"@type":"Organization","@id":"https:\/\/hudo.com\/si\/#organization","name":"VSN Media","url":"https:\/\/hudo.com\/si\/","logo":{"@type":"ImageObject","inLanguage":"sl-SI","@id":"https:\/\/hudo.com\/si\/#\/schema\/logo\/image\/","url":"https:\/\/hudo.com\/si\/wp-content\/uploads\/sites\/2\/2021\/03\/hudo-app-2.png","contentUrl":"https:\/\/hudo.com\/si\/wp-content\/uploads\/sites\/2\/2021\/03\/hudo-app-2.png","width":2185,"height":2167,"caption":"VSN Media"},"image":{"@id":"https:\/\/hudo.com\/si\/#\/schema\/logo\/image\/"},"sameAs":["https:\/\/www.facebook.com\/hudo.si","https:\/\/twitter.com\/hudo_si"]},{"@type":"Person","@id":"https:\/\/hudo.com\/si\/#\/schema\/person\/601cf3379633985b20f7e50f2bb47707","name":"hudo","image":{"@type":"ImageObject","inLanguage":"sl-SI","@id":"https:\/\/hudo.com\/si\/#\/schema\/person\/image\/","url":"https:\/\/secure.gravatar.com\/avatar\/c4ca25fa72cace7a696b52ff5db9e095?s=96&d=mm&r=g","contentUrl":"https:\/\/secure.gravatar.com\/avatar\/c4ca25fa72cace7a696b52ff5db9e095?s=96&d=mm&r=g","caption":"hudo"},"url":"https:\/\/hudo.com\/si\/author\/hudo\/"}]}},"amp_enabled":true,"_links":{"self":[{"href":"https:\/\/hudo.com\/si\/wp-json\/wp\/v2\/posts\/419357"}],"collection":[{"href":"https:\/\/hudo.com\/si\/wp-json\/wp\/v2\/posts"}],"about":[{"href":"https:\/\/hudo.com\/si\/wp-json\/wp\/v2\/types\/post"}],"author":[{"embeddable":true,"href":"https:\/\/hudo.com\/si\/wp-json\/wp\/v2\/users\/1"}],"replies":[{"embeddable":true,"href":"https:\/\/hudo.com\/si\/wp-json\/wp\/v2\/comments?post=419357"}],"version-history":[{"count":0,"href":"https:\/\/hudo.com\/si\/wp-json\/wp\/v2\/posts\/419357\/revisions"}],"wp:featuredmedia":[{"embeddable":true,"href":"https:\/\/hudo.com\/si\/wp-json\/wp\/v2\/media\/419358"}],"wp:attachment":[{"href":"https:\/\/hudo.com\/si\/wp-json\/wp\/v2\/media?parent=419357"}],"wp:term":[{"taxonomy":"category","embeddable":true,"href":"https:\/\/hudo.com\/si\/wp-json\/wp\/v2\/categories?post=419357"},{"taxonomy":"post_tag","embeddable":true,"href":"https:\/\/hudo.com\/si\/wp-json\/wp\/v2\/tags?post=419357"},{"taxonomy":"source","embeddable":true,"href":"https:\/\/hudo.com\/si\/wp-json\/wp\/v2\/source?post=419357"},{"taxonomy":"supertag","embeddable":true,"href":"https:\/\/hudo.com\/si\/wp-json\/wp\/v2\/supertag?post=419357"}],"curies":[{"name":"wp","href":"https:\/\/api.w.org\/{rel}","templated":true}]}}