{"id":419409,"date":"2020-03-26T09:42:10","date_gmt":"2020-03-26T08:42:10","guid":{"rendered":"http:\/\/hudo.com\/si\/?p=419409"},"modified":"2020-03-26T09:42:10","modified_gmt":"2020-03-26T08:42:10","slug":"zaradi-zimskih-razmer-stevilne-tezave-nesrece-na-cestah","status":"publish","type":"post","link":"https:\/\/hudo.com\/si\/aktualno\/zaradi-zimskih-razmer-stevilne-tezave-nesrece-na-cestah\/","title":{"rendered":"Zaradi zimskih razmer \u0161tevilne te\u017eave in nesre\u010de na cestah"},"content":{"rendered":"<p>Omenjena prometna nesre\u010da se je zgodila pri Fali. Voznik osebnega avtomobila je zaradi neprilagojene hitrosti vo\u017enje tr\u010dil v kombinirano vozilo. Ob tem se je voznik slednjega la\u017eje telesno po\u0161kodoval in bo zdravni\u0161ko pomo\u010d poiskal sam, so po opravljenem ogledu pojasnili na policiji.<\/p>\n<p>Zaradi prometne nesre\u010de je bila cesta zjutraj za kak\u0161no uro popolnoma zaprta, od 7.40 pa promet poteka izmeni\u010dno enosmerno.<\/p>\n<p>Na mariborski policijski upravi opozarjajo, da so ceste deloma zasne\u017eene, mokre in spolzke. Voznike, \u0161e posebej tiste, ki so na svojih vozilih \u017ee namestili letne pnevmatike, pozivajo k pove\u010dani previdnosti, hitrost vo\u017enje pa naj prilagodijo razmeram na cesti, svojemu vozilu in svojim sposobnostim.<\/p>\n<p>Tudi prometnoinformacijski center voznike opozarja, da je na cestah, kjer se sneg oprijema vozi\u0161\u010da, obvezna uporaba verig. Prelaz Vr\u0161i\u010d je prevozen samo za osebna vozila z verigami. Zaradi snega pa je na regionalni cesti Col-\u010crni vrh-Godovi\u010d in na hrva\u0161ki strani mejnih prehodov Petrina in Babno Polje prepovedan promet za priklopnike in polpriklopnike.<\/p>\n<p>Po napovedih meteorologov bo sne\u017eenje popoldne ponehalo. Zapadel sneg ni vodnat, zato se bo takoj, ko se bo temperatura povzpela nad ledi\u0161\u010de, hitro sesedel in skopnel. Sledilo bo suho in nekoliko toplej\u0161e vreme. V soboto in nedeljo se bodo temperature \u017ee povzpele do 15 stopinj Celzija.<\/p>\n<p>Na agenciji za okolje pa \u0161e opozarjajo, da bo na Primorskem nev\u0161e\u010dnosti povzro\u010dala burja. Do petka dopoldne bodo najmo\u010dnej\u0161i sunki burje presegali hitrost 100 kilometrov na uro.<\/p>\n","protected":false},"excerpt":{"rendered":"<p>Na slovenskih cestah so zaradi sne\u017eenja in relativno nizkih temperatur zimske razmere. Zaradi neprilagojene hitrosti vo\u017enje v tak\u0161nih razmerah se je danes zjutraj \u017ee zgodila prometna nesre\u010da na cesti med Dravogradom in Mariborom, opozarjajo na Policijski upravi Maribor. K sre\u010di se je nesre\u010da kon\u010dala le z la\u017ejimi po\u0161kodbami.<\/p>\n","protected":false},"author":5,"featured_media":357124,"comment_status":"closed","ping_status":"closed","sticky":false,"template":"","format":"standard","meta":{"footnotes":""},"categories":[1179],"tags":[1728,4791,1595,2149],"source":[4511],"supertag":[7150],"acf":[],"yoast_head":"<!-- This site is optimized with the Yoast SEO plugin v21.3 - https:\/\/yoast.com\/wordpress\/plugins\/seo\/ -->\n<title>Zaradi zimskih razmer \u0161tevilne te\u017eave in nesre\u010de na cestah - Hudo Slovenija<\/title>\n<meta name=\"robots\" content=\"index, follow, max-snippet:-1, max-image-preview:large, max-video-preview:-1\" \/>\n<link rel=\"canonical\" href=\"https:\/\/hudo.com\/si\/aktualno\/zaradi-zimskih-razmer-stevilne-tezave-nesrece-na-cestah\/\" \/>\n<meta property=\"og:locale\" content=\"sl_SI\" \/>\n<meta property=\"og:type\" content=\"article\" \/>\n<meta property=\"og:title\" content=\"Zaradi zimskih razmer \u0161tevilne te\u017eave in nesre\u010de na cestah - Hudo Slovenija\" \/>\n<meta property=\"og:description\" content=\"Na slovenskih cestah so zaradi sne\u017eenja in relativno nizkih temperatur zimske razmere. Zaradi neprilagojene hitrosti vo\u017enje v tak\u0161nih razmerah se je danes zjutraj \u017ee zgodila prometna nesre\u010da na cesti med Dravogradom in Mariborom, opozarjajo na Policijski upravi Maribor. K sre\u010di se je nesre\u010da kon\u010dala le z la\u017ejimi po\u0161kodbami.\" \/>\n<meta property=\"og:url\" content=\"https:\/\/hudo.com\/si\/aktualno\/zaradi-zimskih-razmer-stevilne-tezave-nesrece-na-cestah\/\" \/>\n<meta property=\"og:site_name\" content=\"Hudo Slovenija\" \/>\n<meta property=\"article:publisher\" content=\"https:\/\/www.facebook.com\/hudo.si\" \/>\n<meta property=\"article:published_time\" content=\"2020-03-26T08:42:10+00:00\" \/>\n<meta property=\"og:image\" content=\"https:\/\/hudo.com\/si\/wp-content\/uploads\/sites\/2\/2018\/02\/profimedia-0362132364.jpg\" \/>\n\t<meta property=\"og:image:width\" content=\"1250\" \/>\n\t<meta property=\"og:image:height\" content=\"833\" \/>\n\t<meta property=\"og:image:type\" content=\"image\/jpeg\" \/>\n<meta name=\"author\" content=\"A. G., STA\" \/>\n<meta name=\"twitter:card\" content=\"summary_large_image\" \/>\n<meta name=\"twitter:creator\" content=\"@hudo_si\" \/>\n<meta name=\"twitter:site\" content=\"@hudo_si\" \/>\n<meta name=\"twitter:label1\" content=\"Written by\" \/>\n\t<meta name=\"twitter:data1\" content=\"A. G., STA\" \/>\n\t<meta name=\"twitter:label2\" content=\"Est. reading time\" \/>\n\t<meta name=\"twitter:data2\" content=\"1 minuta\" \/>\n<script type=\"application\/ld+json\" class=\"yoast-schema-graph\">{\"@context\":\"https:\/\/schema.org\",\"@graph\":[{\"@type\":\"Article\",\"@id\":\"https:\/\/hudo.com\/si\/aktualno\/zaradi-zimskih-razmer-stevilne-tezave-nesrece-na-cestah\/#article\",\"isPartOf\":{\"@id\":\"https:\/\/hudo.com\/si\/aktualno\/zaradi-zimskih-razmer-stevilne-tezave-nesrece-na-cestah\/\"},\"author\":{\"name\":\"A. G., STA\",\"@id\":\"https:\/\/hudo.com\/si\/#\/schema\/person\/2391667a63ea075ba94f2f2dc6b77537\"},\"headline\":\"Zaradi zimskih razmer \u0161tevilne te\u017eave in nesre\u010de na cestah\",\"datePublished\":\"2020-03-26T08:42:10+00:00\",\"dateModified\":\"2020-03-26T08:42:10+00:00\",\"mainEntityOfPage\":{\"@id\":\"https:\/\/hudo.com\/si\/aktualno\/zaradi-zimskih-razmer-stevilne-tezave-nesrece-na-cestah\/\"},\"wordCount\":261,\"publisher\":{\"@id\":\"https:\/\/hudo.com\/si\/#organization\"},\"keywords\":[\"policija\",\"prometna nesre\u010da\",\"Slovenija\",\"vreme\"],\"articleSection\":[\"Aktualno\"],\"inLanguage\":\"sl-SI\"},{\"@type\":\"WebPage\",\"@id\":\"https:\/\/hudo.com\/si\/aktualno\/zaradi-zimskih-razmer-stevilne-tezave-nesrece-na-cestah\/\",\"url\":\"https:\/\/hudo.com\/si\/aktualno\/zaradi-zimskih-razmer-stevilne-tezave-nesrece-na-cestah\/\",\"name\":\"Zaradi zimskih razmer \u0161tevilne te\u017eave in nesre\u010de na cestah - Hudo Slovenija\",\"isPartOf\":{\"@id\":\"https:\/\/hudo.com\/si\/#website\"},\"datePublished\":\"2020-03-26T08:42:10+00:00\",\"dateModified\":\"2020-03-26T08:42:10+00:00\",\"breadcrumb\":{\"@id\":\"https:\/\/hudo.com\/si\/aktualno\/zaradi-zimskih-razmer-stevilne-tezave-nesrece-na-cestah\/#breadcrumb\"},\"inLanguage\":\"sl-SI\",\"potentialAction\":[{\"@type\":\"ReadAction\",\"target\":[\"https:\/\/hudo.com\/si\/aktualno\/zaradi-zimskih-razmer-stevilne-tezave-nesrece-na-cestah\/\"]}]},{\"@type\":\"BreadcrumbList\",\"@id\":\"https:\/\/hudo.com\/si\/aktualno\/zaradi-zimskih-razmer-stevilne-tezave-nesrece-na-cestah\/#breadcrumb\",\"itemListElement\":[{\"@type\":\"ListItem\",\"position\":1,\"name\":\"Home\",\"item\":\"https:\/\/hudo.com\/si\/\"},{\"@type\":\"ListItem\",\"position\":2,\"name\":\"Zaradi zimskih razmer \u0161tevilne te\u017eave in nesre\u010de na cestah\"}]},{\"@type\":\"WebSite\",\"@id\":\"https:\/\/hudo.com\/si\/#website\",\"url\":\"https:\/\/hudo.com\/si\/\",\"name\":\"Hudo Slovenija\",\"description\":\"Vse novice iz Slovenije in sveta\",\"publisher\":{\"@id\":\"https:\/\/hudo.com\/si\/#organization\"},\"potentialAction\":[{\"@type\":\"SearchAction\",\"target\":{\"@type\":\"EntryPoint\",\"urlTemplate\":\"https:\/\/hudo.com\/si\/?s={search_term_string}\"},\"query-input\":\"required name=search_term_string\"}],\"inLanguage\":\"sl-SI\"},{\"@type\":\"Organization\",\"@id\":\"https:\/\/hudo.com\/si\/#organization\",\"name\":\"VSN Media\",\"url\":\"https:\/\/hudo.com\/si\/\",\"logo\":{\"@type\":\"ImageObject\",\"inLanguage\":\"sl-SI\",\"@id\":\"https:\/\/hudo.com\/si\/#\/schema\/logo\/image\/\",\"url\":\"https:\/\/hudo.com\/si\/wp-content\/uploads\/sites\/2\/2021\/03\/hudo-app-2.png\",\"contentUrl\":\"https:\/\/hudo.com\/si\/wp-content\/uploads\/sites\/2\/2021\/03\/hudo-app-2.png\",\"width\":2185,\"height\":2167,\"caption\":\"VSN Media\"},\"image\":{\"@id\":\"https:\/\/hudo.com\/si\/#\/schema\/logo\/image\/\"},\"sameAs\":[\"https:\/\/www.facebook.com\/hudo.si\",\"https:\/\/twitter.com\/hudo_si\"]},{\"@type\":\"Person\",\"@id\":\"https:\/\/hudo.com\/si\/#\/schema\/person\/2391667a63ea075ba94f2f2dc6b77537\",\"name\":\"A. G., STA\",\"image\":{\"@type\":\"ImageObject\",\"inLanguage\":\"sl-SI\",\"@id\":\"https:\/\/hudo.com\/si\/#\/schema\/person\/image\/\",\"url\":\"https:\/\/secure.gravatar.com\/avatar\/e13d22ac3e442658d5025fbbe6238a79?s=96&d=mm&r=g\",\"contentUrl\":\"https:\/\/secure.gravatar.com\/avatar\/e13d22ac3e442658d5025fbbe6238a79?s=96&d=mm&r=g\",\"caption\":\"A. G., STA\"},\"url\":\"https:\/\/hudo.com\/si\/author\/alenka\/\"}]}<\/script>\n<!-- \/ Yoast SEO plugin. -->","yoast_head_json":{"title":"Zaradi zimskih razmer \u0161tevilne te\u017eave in nesre\u010de na cestah - Hudo Slovenija","robots":{"index":"index","follow":"follow","max-snippet":"max-snippet:-1","max-image-preview":"max-image-preview:large","max-video-preview":"max-video-preview:-1"},"canonical":"https:\/\/hudo.com\/si\/aktualno\/zaradi-zimskih-razmer-stevilne-tezave-nesrece-na-cestah\/","og_locale":"sl_SI","og_type":"article","og_title":"Zaradi zimskih razmer \u0161tevilne te\u017eave in nesre\u010de na cestah - Hudo Slovenija","og_description":"Na slovenskih cestah so zaradi sne\u017eenja in relativno nizkih temperatur zimske razmere. Zaradi neprilagojene hitrosti vo\u017enje v tak\u0161nih razmerah se je danes zjutraj \u017ee zgodila prometna nesre\u010da na cesti med Dravogradom in Mariborom, opozarjajo na Policijski upravi Maribor. K sre\u010di se je nesre\u010da kon\u010dala le z la\u017ejimi po\u0161kodbami.","og_url":"https:\/\/hudo.com\/si\/aktualno\/zaradi-zimskih-razmer-stevilne-tezave-nesrece-na-cestah\/","og_site_name":"Hudo Slovenija","article_publisher":"https:\/\/www.facebook.com\/hudo.si","article_published_time":"2020-03-26T08:42:10+00:00","og_image":[{"width":1250,"height":833,"url":"https:\/\/hudo.com\/si\/wp-content\/uploads\/sites\/2\/2018\/02\/profimedia-0362132364.jpg","type":"image\/jpeg"}],"author":"A. G., STA","twitter_card":"summary_large_image","twitter_creator":"@hudo_si","twitter_site":"@hudo_si","twitter_misc":{"Written by":"A. G., STA","Est. reading time":"1 minuta"},"schema":{"@context":"https:\/\/schema.org","@graph":[{"@type":"Article","@id":"https:\/\/hudo.com\/si\/aktualno\/zaradi-zimskih-razmer-stevilne-tezave-nesrece-na-cestah\/#article","isPartOf":{"@id":"https:\/\/hudo.com\/si\/aktualno\/zaradi-zimskih-razmer-stevilne-tezave-nesrece-na-cestah\/"},"author":{"name":"A. G., STA","@id":"https:\/\/hudo.com\/si\/#\/schema\/person\/2391667a63ea075ba94f2f2dc6b77537"},"headline":"Zaradi zimskih razmer \u0161tevilne te\u017eave in nesre\u010de na cestah","datePublished":"2020-03-26T08:42:10+00:00","dateModified":"2020-03-26T08:42:10+00:00","mainEntityOfPage":{"@id":"https:\/\/hudo.com\/si\/aktualno\/zaradi-zimskih-razmer-stevilne-tezave-nesrece-na-cestah\/"},"wordCount":261,"publisher":{"@id":"https:\/\/hudo.com\/si\/#organization"},"keywords":["policija","prometna nesre\u010da","Slovenija","vreme"],"articleSection":["Aktualno"],"inLanguage":"sl-SI"},{"@type":"WebPage","@id":"https:\/\/hudo.com\/si\/aktualno\/zaradi-zimskih-razmer-stevilne-tezave-nesrece-na-cestah\/","url":"https:\/\/hudo.com\/si\/aktualno\/zaradi-zimskih-razmer-stevilne-tezave-nesrece-na-cestah\/","name":"Zaradi zimskih razmer \u0161tevilne te\u017eave in nesre\u010de na cestah - Hudo Slovenija","isPartOf":{"@id":"https:\/\/hudo.com\/si\/#website"},"datePublished":"2020-03-26T08:42:10+00:00","dateModified":"2020-03-26T08:42:10+00:00","breadcrumb":{"@id":"https:\/\/hudo.com\/si\/aktualno\/zaradi-zimskih-razmer-stevilne-tezave-nesrece-na-cestah\/#breadcrumb"},"inLanguage":"sl-SI","potentialAction":[{"@type":"ReadAction","target":["https:\/\/hudo.com\/si\/aktualno\/zaradi-zimskih-razmer-stevilne-tezave-nesrece-na-cestah\/"]}]},{"@type":"BreadcrumbList","@id":"https:\/\/hudo.com\/si\/aktualno\/zaradi-zimskih-razmer-stevilne-tezave-nesrece-na-cestah\/#breadcrumb","itemListElement":[{"@type":"ListItem","position":1,"name":"Home","item":"https:\/\/hudo.com\/si\/"},{"@type":"ListItem","position":2,"name":"Zaradi zimskih razmer \u0161tevilne te\u017eave in nesre\u010de na cestah"}]},{"@type":"WebSite","@id":"https:\/\/hudo.com\/si\/#website","url":"https:\/\/hudo.com\/si\/","name":"Hudo Slovenija","description":"Vse novice iz Slovenije in sveta","publisher":{"@id":"https:\/\/hudo.com\/si\/#organization"},"potentialAction":[{"@type":"SearchAction","target":{"@type":"EntryPoint","urlTemplate":"https:\/\/hudo.com\/si\/?s={search_term_string}"},"query-input":"required name=search_term_string"}],"inLanguage":"sl-SI"},{"@type":"Organization","@id":"https:\/\/hudo.com\/si\/#organization","name":"VSN Media","url":"https:\/\/hudo.com\/si\/","logo":{"@type":"ImageObject","inLanguage":"sl-SI","@id":"https:\/\/hudo.com\/si\/#\/schema\/logo\/image\/","url":"https:\/\/hudo.com\/si\/wp-content\/uploads\/sites\/2\/2021\/03\/hudo-app-2.png","contentUrl":"https:\/\/hudo.com\/si\/wp-content\/uploads\/sites\/2\/2021\/03\/hudo-app-2.png","width":2185,"height":2167,"caption":"VSN Media"},"image":{"@id":"https:\/\/hudo.com\/si\/#\/schema\/logo\/image\/"},"sameAs":["https:\/\/www.facebook.com\/hudo.si","https:\/\/twitter.com\/hudo_si"]},{"@type":"Person","@id":"https:\/\/hudo.com\/si\/#\/schema\/person\/2391667a63ea075ba94f2f2dc6b77537","name":"A. G., STA","image":{"@type":"ImageObject","inLanguage":"sl-SI","@id":"https:\/\/hudo.com\/si\/#\/schema\/person\/image\/","url":"https:\/\/secure.gravatar.com\/avatar\/e13d22ac3e442658d5025fbbe6238a79?s=96&d=mm&r=g","contentUrl":"https:\/\/secure.gravatar.com\/avatar\/e13d22ac3e442658d5025fbbe6238a79?s=96&d=mm&r=g","caption":"A. G., STA"},"url":"https:\/\/hudo.com\/si\/author\/alenka\/"}]}},"amp_enabled":true,"_links":{"self":[{"href":"https:\/\/hudo.com\/si\/wp-json\/wp\/v2\/posts\/419409"}],"collection":[{"href":"https:\/\/hudo.com\/si\/wp-json\/wp\/v2\/posts"}],"about":[{"href":"https:\/\/hudo.com\/si\/wp-json\/wp\/v2\/types\/post"}],"author":[{"embeddable":true,"href":"https:\/\/hudo.com\/si\/wp-json\/wp\/v2\/users\/5"}],"replies":[{"embeddable":true,"href":"https:\/\/hudo.com\/si\/wp-json\/wp\/v2\/comments?post=419409"}],"version-history":[{"count":1,"href":"https:\/\/hudo.com\/si\/wp-json\/wp\/v2\/posts\/419409\/revisions"}],"predecessor-version":[{"id":419410,"href":"https:\/\/hudo.com\/si\/wp-json\/wp\/v2\/posts\/419409\/revisions\/419410"}],"wp:featuredmedia":[{"embeddable":true,"href":"https:\/\/hudo.com\/si\/wp-json\/wp\/v2\/media\/357124"}],"wp:attachment":[{"href":"https:\/\/hudo.com\/si\/wp-json\/wp\/v2\/media?parent=419409"}],"wp:term":[{"taxonomy":"category","embeddable":true,"href":"https:\/\/hudo.com\/si\/wp-json\/wp\/v2\/categories?post=419409"},{"taxonomy":"post_tag","embeddable":true,"href":"https:\/\/hudo.com\/si\/wp-json\/wp\/v2\/tags?post=419409"},{"taxonomy":"source","embeddable":true,"href":"https:\/\/hudo.com\/si\/wp-json\/wp\/v2\/source?post=419409"},{"taxonomy":"supertag","embeddable":true,"href":"https:\/\/hudo.com\/si\/wp-json\/wp\/v2\/supertag?post=419409"}],"curies":[{"name":"wp","href":"https:\/\/api.w.org\/{rel}","templated":true}]}}