{"id":41975,"date":"2016-04-29T09:45:00","date_gmt":"2016-04-29T07:45:00","guid":{"rendered":"http:\/\/hudo.com\/si\/2016\/04\/29\/v-rio-po-prvi-evropski-skalp-na-oi-in-polfinale\/"},"modified":"2016-04-29T14:07:10","modified_gmt":"2016-04-29T12:07:10","slug":"v-rio-po-prvi-evropski-skalp-na-oi-in-polfinale","status":"publish","type":"post","link":"https:\/\/hudo.com\/si\/aktualno\/v-rio-po-prvi-evropski-skalp-na-oi-in-polfinale\/","title":{"rendered":"V Rio po prvi evropski skalp na OI in polfinale"},"content":{"rendered":"<p>Kategorija: Rokomet Fri, 29 Apr 2016 11:45:00 +0200  Ljubljana \u2013 Osmo mesto v Sydneyju 2000 in 11. v Atenah 2004. To sta olimpijska izkupi\u010dka slovenske rokometne reprezentance, ki si je tako v Avstraliji kot v Gr\u010diji \u017eelela ve\u010d. V Riu de Janeiru, kjer bo tretji\u010d zaigrala na turnirju pod olimpijskimi krogi, tudi meri vi\u0161je \u2013 vsaj do polfinala. Kako bo tlakovana pot do cilja, bo bolj znano drevi okoli 20. ure, ko bodo v Areni do Futuro iz\u017erebali predtekmovalni skupini. Uro\u0161 \u0160erbec je bil kapetan slovenske izbrane vrste ob krstnem olimpijskem nastopu v Sydneyju, v Braziliji bo sedel na klopi kot pomo\u010dnik selektorja Veselina Vujovi\u0107a. Za svoje naslednike na igri\u0161\u010du pa si v prvem delu ne \u017eeli ni\u010d kaj lahkega dela. \u00bbNajbolje bi bilo, da bi igrali v mo\u010dnej\u0161i skupini, se prebili skozi njo in imeli nato\u00a0&#8230;<\/p>\n","protected":false},"excerpt":{"rendered":"<p>Kategorija: Rokomet Fri, 29 Apr 2016 11:45:00 +0200  Ljubljana \u2013 Osmo mesto v Sydneyju 2000 in 11. v Atenah 2004. To sta olimpijska izkupi\u010dka slovenske rokometne reprezentance, ki si je tako v Avstraliji kot v Gr\u010diji \u017eelela ve\u010d. V Riu de Janeiru, kjer bo tretji\u010d zaigrala na turnirju pod olimpijskimi krogi, tudi meri vi\u0161je \u2013 vsaj do polfinala. Kako bo tlakovana pot do cilja, bo bolj znano drevi okoli 20. ure, ko bodo v Areni do Futuro iz\u017erebali predtekmovalni skupini. Uro\u0161 \u0160erbec je bil kapetan slovenske izbrane vrste ob krstnem olimpijskem nastopu v Sydneyju, v Braziliji bo sedel na klopi kot pomo\u010dnik selektorja Veselina Vujovi\u0107a. Za svoje naslednike na igri\u0161\u010du pa si v prvem delu ne \u017eeli ni\u010d kaj lahkega dela. \u00bbNajbolje bi bilo, da bi igrali v mo\u010dnej\u0161i skupini, se prebili skozi njo in imeli nato\u00a0&#8230;<\/p>\n","protected":false},"author":1,"featured_media":0,"comment_status":"closed","ping_status":"closed","sticky":false,"template":"","format":"standard","meta":{"footnotes":""},"categories":[1179],"tags":[],"source":[4511],"supertag":[],"acf":[],"yoast_head":"<!-- This site is optimized with the Yoast SEO plugin v21.3 - https:\/\/yoast.com\/wordpress\/plugins\/seo\/ -->\n<title>V Rio po prvi evropski skalp na OI in polfinale - Hudo Slovenija<\/title>\n<meta name=\"robots\" content=\"index, follow, max-snippet:-1, max-image-preview:large, max-video-preview:-1\" \/>\n<link rel=\"canonical\" href=\"https:\/\/hudo.com\/si\/aktualno\/v-rio-po-prvi-evropski-skalp-na-oi-in-polfinale\/\" \/>\n<meta property=\"og:locale\" content=\"sl_SI\" \/>\n<meta property=\"og:type\" content=\"article\" \/>\n<meta property=\"og:title\" content=\"V Rio po prvi evropski skalp na OI in polfinale - Hudo Slovenija\" \/>\n<meta property=\"og:description\" content=\"Kategorija: Rokomet Fri, 29 Apr 2016 11:45:00 +0200 Ljubljana \u2013 Osmo mesto v Sydneyju 2000 in 11. v Atenah 2004. To sta olimpijska izkupi\u010dka slovenske rokometne reprezentance, ki si je tako v Avstraliji kot v Gr\u010diji \u017eelela ve\u010d. V Riu de Janeiru, kjer bo tretji\u010d zaigrala na turnirju pod olimpijskimi krogi, tudi meri vi\u0161je \u2013 vsaj do polfinala. Kako bo tlakovana pot do cilja, bo bolj znano drevi okoli 20. ure, ko bodo v Areni do Futuro iz\u017erebali predtekmovalni skupini. Uro\u0161 \u0160erbec je bil kapetan slovenske izbrane vrste ob krstnem olimpijskem nastopu v Sydneyju, v Braziliji bo sedel na klopi kot pomo\u010dnik selektorja Veselina Vujovi\u0107a. Za svoje naslednike na igri\u0161\u010du pa si v prvem delu ne \u017eeli ni\u010d kaj lahkega dela. \u00bbNajbolje bi bilo, da bi igrali v mo\u010dnej\u0161i skupini, se prebili skozi njo in imeli nato\u00a0...\" \/>\n<meta property=\"og:url\" content=\"https:\/\/hudo.com\/si\/aktualno\/v-rio-po-prvi-evropski-skalp-na-oi-in-polfinale\/\" \/>\n<meta property=\"og:site_name\" content=\"Hudo Slovenija\" \/>\n<meta property=\"article:publisher\" content=\"https:\/\/www.facebook.com\/hudo.si\" \/>\n<meta property=\"article:published_time\" content=\"2016-04-29T07:45:00+00:00\" \/>\n<meta property=\"article:modified_time\" content=\"2016-04-29T12:07:10+00:00\" \/>\n<meta property=\"og:image\" content=\"https:\/\/hudo.com\/si\/wp-content\/uploads\/sites\/2\/2016\/04\/480x290_Sport__djvu_149080_mihaho___hires0.jpeg\" \/>\n\t<meta property=\"og:image:width\" content=\"480\" \/>\n\t<meta property=\"og:image:height\" content=\"290\" \/>\n\t<meta property=\"og:image:type\" content=\"image\/jpeg\" \/>\n<meta name=\"author\" content=\"hudo\" \/>\n<meta name=\"twitter:card\" content=\"summary_large_image\" \/>\n<meta name=\"twitter:creator\" content=\"@hudo_si\" \/>\n<meta name=\"twitter:site\" content=\"@hudo_si\" \/>\n<meta name=\"twitter:label1\" content=\"Written by\" \/>\n\t<meta name=\"twitter:data1\" content=\"hudo\" \/>\n\t<meta name=\"twitter:label2\" content=\"Est. reading time\" \/>\n\t<meta name=\"twitter:data2\" content=\"1 minuta\" \/>\n<script type=\"application\/ld+json\" class=\"yoast-schema-graph\">{\"@context\":\"https:\/\/schema.org\",\"@graph\":[{\"@type\":\"Article\",\"@id\":\"https:\/\/hudo.com\/si\/aktualno\/v-rio-po-prvi-evropski-skalp-na-oi-in-polfinale\/#article\",\"isPartOf\":{\"@id\":\"https:\/\/hudo.com\/si\/aktualno\/v-rio-po-prvi-evropski-skalp-na-oi-in-polfinale\/\"},\"author\":{\"name\":\"hudo\",\"@id\":\"https:\/\/hudo.com\/si\/#\/schema\/person\/601cf3379633985b20f7e50f2bb47707\"},\"headline\":\"V Rio po prvi evropski skalp na OI in polfinale\",\"datePublished\":\"2016-04-29T07:45:00+00:00\",\"dateModified\":\"2016-04-29T12:07:10+00:00\",\"mainEntityOfPage\":{\"@id\":\"https:\/\/hudo.com\/si\/aktualno\/v-rio-po-prvi-evropski-skalp-na-oi-in-polfinale\/\"},\"wordCount\":146,\"publisher\":{\"@id\":\"https:\/\/hudo.com\/si\/#organization\"},\"articleSection\":[\"Aktualno\"],\"inLanguage\":\"sl-SI\"},{\"@type\":\"WebPage\",\"@id\":\"https:\/\/hudo.com\/si\/aktualno\/v-rio-po-prvi-evropski-skalp-na-oi-in-polfinale\/\",\"url\":\"https:\/\/hudo.com\/si\/aktualno\/v-rio-po-prvi-evropski-skalp-na-oi-in-polfinale\/\",\"name\":\"V Rio po prvi evropski skalp na OI in polfinale - Hudo Slovenija\",\"isPartOf\":{\"@id\":\"https:\/\/hudo.com\/si\/#website\"},\"datePublished\":\"2016-04-29T07:45:00+00:00\",\"dateModified\":\"2016-04-29T12:07:10+00:00\",\"breadcrumb\":{\"@id\":\"https:\/\/hudo.com\/si\/aktualno\/v-rio-po-prvi-evropski-skalp-na-oi-in-polfinale\/#breadcrumb\"},\"inLanguage\":\"sl-SI\",\"potentialAction\":[{\"@type\":\"ReadAction\",\"target\":[\"https:\/\/hudo.com\/si\/aktualno\/v-rio-po-prvi-evropski-skalp-na-oi-in-polfinale\/\"]}]},{\"@type\":\"BreadcrumbList\",\"@id\":\"https:\/\/hudo.com\/si\/aktualno\/v-rio-po-prvi-evropski-skalp-na-oi-in-polfinale\/#breadcrumb\",\"itemListElement\":[{\"@type\":\"ListItem\",\"position\":1,\"name\":\"Home\",\"item\":\"https:\/\/hudo.com\/si\/\"},{\"@type\":\"ListItem\",\"position\":2,\"name\":\"V Rio po prvi evropski skalp na OI in polfinale\"}]},{\"@type\":\"WebSite\",\"@id\":\"https:\/\/hudo.com\/si\/#website\",\"url\":\"https:\/\/hudo.com\/si\/\",\"name\":\"Hudo Slovenija\",\"description\":\"Vse novice iz Slovenije in sveta\",\"publisher\":{\"@id\":\"https:\/\/hudo.com\/si\/#organization\"},\"potentialAction\":[{\"@type\":\"SearchAction\",\"target\":{\"@type\":\"EntryPoint\",\"urlTemplate\":\"https:\/\/hudo.com\/si\/?s={search_term_string}\"},\"query-input\":\"required name=search_term_string\"}],\"inLanguage\":\"sl-SI\"},{\"@type\":\"Organization\",\"@id\":\"https:\/\/hudo.com\/si\/#organization\",\"name\":\"VSN Media\",\"url\":\"https:\/\/hudo.com\/si\/\",\"logo\":{\"@type\":\"ImageObject\",\"inLanguage\":\"sl-SI\",\"@id\":\"https:\/\/hudo.com\/si\/#\/schema\/logo\/image\/\",\"url\":\"https:\/\/hudo.com\/si\/wp-content\/uploads\/sites\/2\/2021\/03\/hudo-app-2.png\",\"contentUrl\":\"https:\/\/hudo.com\/si\/wp-content\/uploads\/sites\/2\/2021\/03\/hudo-app-2.png\",\"width\":2185,\"height\":2167,\"caption\":\"VSN Media\"},\"image\":{\"@id\":\"https:\/\/hudo.com\/si\/#\/schema\/logo\/image\/\"},\"sameAs\":[\"https:\/\/www.facebook.com\/hudo.si\",\"https:\/\/twitter.com\/hudo_si\"]},{\"@type\":\"Person\",\"@id\":\"https:\/\/hudo.com\/si\/#\/schema\/person\/601cf3379633985b20f7e50f2bb47707\",\"name\":\"hudo\",\"image\":{\"@type\":\"ImageObject\",\"inLanguage\":\"sl-SI\",\"@id\":\"https:\/\/hudo.com\/si\/#\/schema\/person\/image\/\",\"url\":\"https:\/\/secure.gravatar.com\/avatar\/c4ca25fa72cace7a696b52ff5db9e095?s=96&d=mm&r=g\",\"contentUrl\":\"https:\/\/secure.gravatar.com\/avatar\/c4ca25fa72cace7a696b52ff5db9e095?s=96&d=mm&r=g\",\"caption\":\"hudo\"},\"url\":\"https:\/\/hudo.com\/si\/author\/hudo\/\"}]}<\/script>\n<!-- \/ Yoast SEO plugin. -->","yoast_head_json":{"title":"V Rio po prvi evropski skalp na OI in polfinale - Hudo Slovenija","robots":{"index":"index","follow":"follow","max-snippet":"max-snippet:-1","max-image-preview":"max-image-preview:large","max-video-preview":"max-video-preview:-1"},"canonical":"https:\/\/hudo.com\/si\/aktualno\/v-rio-po-prvi-evropski-skalp-na-oi-in-polfinale\/","og_locale":"sl_SI","og_type":"article","og_title":"V Rio po prvi evropski skalp na OI in polfinale - Hudo Slovenija","og_description":"Kategorija: Rokomet Fri, 29 Apr 2016 11:45:00 +0200 Ljubljana \u2013 Osmo mesto v Sydneyju 2000 in 11. v Atenah 2004. To sta olimpijska izkupi\u010dka slovenske rokometne reprezentance, ki si je tako v Avstraliji kot v Gr\u010diji \u017eelela ve\u010d. V Riu de Janeiru, kjer bo tretji\u010d zaigrala na turnirju pod olimpijskimi krogi, tudi meri vi\u0161je \u2013 vsaj do polfinala. Kako bo tlakovana pot do cilja, bo bolj znano drevi okoli 20. ure, ko bodo v Areni do Futuro iz\u017erebali predtekmovalni skupini. Uro\u0161 \u0160erbec je bil kapetan slovenske izbrane vrste ob krstnem olimpijskem nastopu v Sydneyju, v Braziliji bo sedel na klopi kot pomo\u010dnik selektorja Veselina Vujovi\u0107a. Za svoje naslednike na igri\u0161\u010du pa si v prvem delu ne \u017eeli ni\u010d kaj lahkega dela. \u00bbNajbolje bi bilo, da bi igrali v mo\u010dnej\u0161i skupini, se prebili skozi njo in imeli nato\u00a0...","og_url":"https:\/\/hudo.com\/si\/aktualno\/v-rio-po-prvi-evropski-skalp-na-oi-in-polfinale\/","og_site_name":"Hudo Slovenija","article_publisher":"https:\/\/www.facebook.com\/hudo.si","article_published_time":"2016-04-29T07:45:00+00:00","article_modified_time":"2016-04-29T12:07:10+00:00","og_image":[{"width":480,"height":290,"url":"https:\/\/hudo.com\/si\/wp-content\/uploads\/sites\/2\/2016\/04\/480x290_Sport__djvu_149080_mihaho___hires0.jpeg","type":"image\/jpeg"}],"author":"hudo","twitter_card":"summary_large_image","twitter_creator":"@hudo_si","twitter_site":"@hudo_si","twitter_misc":{"Written by":"hudo","Est. reading time":"1 minuta"},"schema":{"@context":"https:\/\/schema.org","@graph":[{"@type":"Article","@id":"https:\/\/hudo.com\/si\/aktualno\/v-rio-po-prvi-evropski-skalp-na-oi-in-polfinale\/#article","isPartOf":{"@id":"https:\/\/hudo.com\/si\/aktualno\/v-rio-po-prvi-evropski-skalp-na-oi-in-polfinale\/"},"author":{"name":"hudo","@id":"https:\/\/hudo.com\/si\/#\/schema\/person\/601cf3379633985b20f7e50f2bb47707"},"headline":"V Rio po prvi evropski skalp na OI in polfinale","datePublished":"2016-04-29T07:45:00+00:00","dateModified":"2016-04-29T12:07:10+00:00","mainEntityOfPage":{"@id":"https:\/\/hudo.com\/si\/aktualno\/v-rio-po-prvi-evropski-skalp-na-oi-in-polfinale\/"},"wordCount":146,"publisher":{"@id":"https:\/\/hudo.com\/si\/#organization"},"articleSection":["Aktualno"],"inLanguage":"sl-SI"},{"@type":"WebPage","@id":"https:\/\/hudo.com\/si\/aktualno\/v-rio-po-prvi-evropski-skalp-na-oi-in-polfinale\/","url":"https:\/\/hudo.com\/si\/aktualno\/v-rio-po-prvi-evropski-skalp-na-oi-in-polfinale\/","name":"V Rio po prvi evropski skalp na OI in polfinale - Hudo Slovenija","isPartOf":{"@id":"https:\/\/hudo.com\/si\/#website"},"datePublished":"2016-04-29T07:45:00+00:00","dateModified":"2016-04-29T12:07:10+00:00","breadcrumb":{"@id":"https:\/\/hudo.com\/si\/aktualno\/v-rio-po-prvi-evropski-skalp-na-oi-in-polfinale\/#breadcrumb"},"inLanguage":"sl-SI","potentialAction":[{"@type":"ReadAction","target":["https:\/\/hudo.com\/si\/aktualno\/v-rio-po-prvi-evropski-skalp-na-oi-in-polfinale\/"]}]},{"@type":"BreadcrumbList","@id":"https:\/\/hudo.com\/si\/aktualno\/v-rio-po-prvi-evropski-skalp-na-oi-in-polfinale\/#breadcrumb","itemListElement":[{"@type":"ListItem","position":1,"name":"Home","item":"https:\/\/hudo.com\/si\/"},{"@type":"ListItem","position":2,"name":"V Rio po prvi evropski skalp na OI in polfinale"}]},{"@type":"WebSite","@id":"https:\/\/hudo.com\/si\/#website","url":"https:\/\/hudo.com\/si\/","name":"Hudo Slovenija","description":"Vse novice iz Slovenije in sveta","publisher":{"@id":"https:\/\/hudo.com\/si\/#organization"},"potentialAction":[{"@type":"SearchAction","target":{"@type":"EntryPoint","urlTemplate":"https:\/\/hudo.com\/si\/?s={search_term_string}"},"query-input":"required name=search_term_string"}],"inLanguage":"sl-SI"},{"@type":"Organization","@id":"https:\/\/hudo.com\/si\/#organization","name":"VSN Media","url":"https:\/\/hudo.com\/si\/","logo":{"@type":"ImageObject","inLanguage":"sl-SI","@id":"https:\/\/hudo.com\/si\/#\/schema\/logo\/image\/","url":"https:\/\/hudo.com\/si\/wp-content\/uploads\/sites\/2\/2021\/03\/hudo-app-2.png","contentUrl":"https:\/\/hudo.com\/si\/wp-content\/uploads\/sites\/2\/2021\/03\/hudo-app-2.png","width":2185,"height":2167,"caption":"VSN Media"},"image":{"@id":"https:\/\/hudo.com\/si\/#\/schema\/logo\/image\/"},"sameAs":["https:\/\/www.facebook.com\/hudo.si","https:\/\/twitter.com\/hudo_si"]},{"@type":"Person","@id":"https:\/\/hudo.com\/si\/#\/schema\/person\/601cf3379633985b20f7e50f2bb47707","name":"hudo","image":{"@type":"ImageObject","inLanguage":"sl-SI","@id":"https:\/\/hudo.com\/si\/#\/schema\/person\/image\/","url":"https:\/\/secure.gravatar.com\/avatar\/c4ca25fa72cace7a696b52ff5db9e095?s=96&d=mm&r=g","contentUrl":"https:\/\/secure.gravatar.com\/avatar\/c4ca25fa72cace7a696b52ff5db9e095?s=96&d=mm&r=g","caption":"hudo"},"url":"https:\/\/hudo.com\/si\/author\/hudo\/"}]}},"amp_enabled":true,"_links":{"self":[{"href":"https:\/\/hudo.com\/si\/wp-json\/wp\/v2\/posts\/41975"}],"collection":[{"href":"https:\/\/hudo.com\/si\/wp-json\/wp\/v2\/posts"}],"about":[{"href":"https:\/\/hudo.com\/si\/wp-json\/wp\/v2\/types\/post"}],"author":[{"embeddable":true,"href":"https:\/\/hudo.com\/si\/wp-json\/wp\/v2\/users\/1"}],"replies":[{"embeddable":true,"href":"https:\/\/hudo.com\/si\/wp-json\/wp\/v2\/comments?post=41975"}],"version-history":[{"count":1,"href":"https:\/\/hudo.com\/si\/wp-json\/wp\/v2\/posts\/41975\/revisions"}],"predecessor-version":[{"id":42075,"href":"https:\/\/hudo.com\/si\/wp-json\/wp\/v2\/posts\/41975\/revisions\/42075"}],"wp:attachment":[{"href":"https:\/\/hudo.com\/si\/wp-json\/wp\/v2\/media?parent=41975"}],"wp:term":[{"taxonomy":"category","embeddable":true,"href":"https:\/\/hudo.com\/si\/wp-json\/wp\/v2\/categories?post=41975"},{"taxonomy":"post_tag","embeddable":true,"href":"https:\/\/hudo.com\/si\/wp-json\/wp\/v2\/tags?post=41975"},{"taxonomy":"source","embeddable":true,"href":"https:\/\/hudo.com\/si\/wp-json\/wp\/v2\/source?post=41975"},{"taxonomy":"supertag","embeddable":true,"href":"https:\/\/hudo.com\/si\/wp-json\/wp\/v2\/supertag?post=41975"}],"curies":[{"name":"wp","href":"https:\/\/api.w.org\/{rel}","templated":true}]}}