{"id":419944,"date":"2020-04-01T18:30:48","date_gmt":"2020-04-01T16:30:48","guid":{"rendered":"http:\/\/hudo.com\/si\/?p=419944"},"modified":"2020-04-01T18:30:48","modified_gmt":"2020-04-01T16:30:48","slug":"pohvala-za-slovensko-pravosodje-iz-sveta-evrope","status":"publish","type":"post","link":"https:\/\/hudo.com\/si\/aktualno\/pohvala-za-slovensko-pravosodje-iz-sveta-evrope\/","title":{"rendered":"Pohvala za slovensko pravosodje iz Sveta Evrope"},"content":{"rendered":"<p>Med dr\u017eavami \u010dlanicami Sveta Evrope velja Slovenija za dr\u017eavo, ki si intenzivno prizadeva izvr\u0161evati sodbe ES\u010cP, zlasti tudi v pilotnih zadevah, kot so bile Kuri\u010d (t.i. izbrisani) in Ali\u0161i\u0107 (stare devizne vloge nekdanje Ljubljanske banke), so dodali.<\/p>\n<p>Ministrstvo izpostavlja, da je na podlagi prikazane statistike mogo\u010de oceniti, da so bili dosedanji sprejeti sistemski ukrepi Slovenije ustrezni ter da Slovenija izkazuje svojo zavezanost spo\u0161tovanju \u010dlovekovih pravic, na\u010del mednarodnega prava in izpolnjevanju obveznosti iz sodb mednarodnih sodi\u0161\u010d.<\/p>\n<p>Konec leta 2014 je za\u010dela veljati novela zakona o dr\u017eavni upravi, ki je med naloge pravosodnega ministrstva dodala &#8220;usmerjanje ministrstev glede izvr\u0161evanja sodb mednarodnih sodi\u0161\u010d&#8221;, kar se v veliki meri nana\u0161a na izvr\u0161evanje sodb ES\u010cP. S tem je bil v Sloveniji prvi\u010d izrecno dolo\u010den organ, ki spodbuja in usklajuje izvr\u0161evanje sodb mednarodnih sodi\u0161\u010d, kar je bilo leto kasneje nadgrajeno z ustanovitvijo medresorske delovne skupine za koordinacijo izvr\u0161evanja sodb ES\u010cP, kmalu zatem pa je bila na ministrstvu za pravosodje ustanovljena tudi projektna skupina za koordinacijo izvr\u0161evanja sodb ES\u010cP.<\/p>\n<p>Z ukrepi, ki so tudi po oceni Sveta Evrope ustrezni in ka\u017eejo pozitivne rezultate, je Slovenija vzpostavila hitrej\u0161i in kvalitetnej\u0161i odziv na sodbe ES\u010cP, predvsem pa zmanj\u0161ala \u0161tevilo neizvr\u0161enih sodb, so zapisali na ministrstvu.<\/p>\n<p>Spominjajo, da je ES\u010cP od leta 1994 ugotovil kr\u0161itev evropske konvencije o \u010dlovekovih pravicah v 345 zadevah proti Sloveniji, od katerih se jih je kar 264 nana\u0161alo na kr\u0161itev pravice do sojenja v razumnem roku med letoma 2006 in 2008.<\/p>\n<p>Po zaklju\u010dku projekta Lukenda sodni zaostanki v Sloveniji niso ve\u010d sistemski problem. V okrepljenem nadzoru izvr\u0161evanja sodb je trenutno \u0161e skupina primerov Mandi\u010d in Jovi\u0107, ki se nana\u0161a na neustrezne razmere zaradi prezasedenosti zapora v Ljubljani ter u\u010dinkovito pravno sredstvo. Nadzor nad izvr\u0161evanjem pilotnih in sistemskih sodb v zadevah Kuri\u010d in Ali\u0161i\u0107 pa je \u017ee zaklju\u010den.<\/p>\n<p>Konec leta 2015 je imela Slovenija kar 309 neizvr\u0161enih sodb, konec leta 2016 \u0161e 49, konec lanskega leta pa 13 sodb, izpostavljajo.<\/p>\n<p>V okviru uspehov za leto 2019 je za Slovenijo v poro\u010dilu navedena izvr\u0161itev skupine sodb S.I. proti Sloveniji, ki se nana\u0161a na pravico do skrbni\u0161tva in stikov med star\u0161i in otroki, kjer je med drugim omenjen tudi pomen novega zakona o nepravdnem postopku.<\/p>\n<p>V poro\u010dilu je omenjen tudi posvet ob obele\u017eitvi 60-letnice ES\u010cP, ki ga je aprila 2019 organiziralo pravosodno ministrstvo v sodelovanju z ljubljansko pravno fakulteto.<\/p>\n<p>Ministrstvo v sporo\u010dilu za javnost \u0161e izpostavlja, da si bodo tudi v prihodnje v okviru svojih pristojnosti prizadevalo za nadaljnjo krepitev prizadevanj za izbolj\u0161anje uveljavljanja in izvajanja sodb ES\u010cP.<\/p>\n<p>Poro\u010dilo Sveta Evrope ugotavlja, da je deset let reform, ki so bile spro\u017eene v Interlaknu, okrepilo sistem evropske konvencije o \u010dlovekovih pravicah. Med letoma 2010 in 2019 so tako na ES\u010cP zaprli 108 odstotkov vodilnih primerov, ki odra\u017eajo strukturne in sistemske probleme 47 dr\u017eav Sveta Evrope, skupno 2287 primerov. Med letoma 2000 in 2010 pa so na primer zaprli samo 41 odstotkov tovrstnih primerov, so sporo\u010dili iz Sveta Evrope.<\/p>\n<p>31. decembra 2019 je bilo na razli\u010dnih stopnjah \u0161e neizvr\u0161enih skupno 5231 sodb, od tega najve\u010d proti Rusiji (1444), sledi Tur\u010dija s 534 primeri, Ukrajina s 472, Mad\u017earska z 218 ter Romunija z 208, je med drugim razvidno iz poro\u010dila.<\/p>\n","protected":false},"excerpt":{"rendered":"<p>Odbor ministrov Sveta Evrope v danes objavljenem letnem poro\u010dilu o izvr\u0161evanju sodb Evropskega sodi\u0161\u010da za \u010dlovekove pravice (ES\u010cP) v letu 2019 ugotavlja pomemben napredek, a tudi izzive. Slovenija s trenutno 13 neizvr\u0161enimi sodbami sodi v skupino dr\u017eav z najmanj\u0161im \u0161tevilom neizvr\u0161enih sodb, so sporo\u010dili s pravosodnega ministrstva.<\/p>\n","protected":false},"author":7,"featured_media":313762,"comment_status":"closed","ping_status":"closed","sticky":false,"template":"","format":"standard","meta":{"footnotes":""},"categories":[1179],"tags":[4144,8564,4869,1595],"source":[4511],"supertag":[],"acf":[],"yoast_head":"<!-- This site is optimized with the Yoast SEO plugin v21.3 - https:\/\/yoast.com\/wordpress\/plugins\/seo\/ -->\n<title>Pohvala za slovensko pravosodje iz Sveta Evrope - Hudo Slovenija<\/title>\n<meta name=\"robots\" content=\"index, follow, max-snippet:-1, max-image-preview:large, max-video-preview:-1\" \/>\n<link rel=\"canonical\" href=\"https:\/\/hudo.com\/si\/aktualno\/pohvala-za-slovensko-pravosodje-iz-sveta-evrope\/\" \/>\n<meta property=\"og:locale\" content=\"sl_SI\" \/>\n<meta property=\"og:type\" content=\"article\" \/>\n<meta property=\"og:title\" content=\"Pohvala za slovensko pravosodje iz Sveta Evrope - Hudo Slovenija\" \/>\n<meta property=\"og:description\" content=\"Odbor ministrov Sveta Evrope v danes objavljenem letnem poro\u010dilu o izvr\u0161evanju sodb Evropskega sodi\u0161\u010da za \u010dlovekove pravice (ES\u010cP) v letu 2019 ugotavlja pomemben napredek, a tudi izzive. Slovenija s trenutno 13 neizvr\u0161enimi sodbami sodi v skupino dr\u017eav z najmanj\u0161im \u0161tevilom neizvr\u0161enih sodb, so sporo\u010dili s pravosodnega ministrstva.\" \/>\n<meta property=\"og:url\" content=\"https:\/\/hudo.com\/si\/aktualno\/pohvala-za-slovensko-pravosodje-iz-sveta-evrope\/\" \/>\n<meta property=\"og:site_name\" content=\"Hudo Slovenija\" \/>\n<meta property=\"article:publisher\" content=\"https:\/\/www.facebook.com\/hudo.si\" \/>\n<meta property=\"article:published_time\" content=\"2020-04-01T16:30:48+00:00\" \/>\n<meta property=\"og:image\" content=\"https:\/\/hudo.com\/si\/wp-content\/uploads\/sites\/2\/2017\/10\/profimedia-0003410002.jpg\" \/>\n\t<meta property=\"og:image:width\" content=\"1250\" \/>\n\t<meta property=\"og:image:height\" content=\"838\" \/>\n\t<meta property=\"og:image:type\" content=\"image\/jpeg\" \/>\n<meta name=\"author\" content=\"A. P., STA\" \/>\n<meta name=\"twitter:card\" content=\"summary_large_image\" \/>\n<meta name=\"twitter:creator\" content=\"@hudo_si\" \/>\n<meta name=\"twitter:site\" content=\"@hudo_si\" \/>\n<meta name=\"twitter:label1\" content=\"Written by\" \/>\n\t<meta name=\"twitter:data1\" content=\"A. P., STA\" \/>\n\t<meta name=\"twitter:label2\" content=\"Est. reading time\" \/>\n\t<meta name=\"twitter:data2\" content=\"3 minute\" \/>\n<script type=\"application\/ld+json\" class=\"yoast-schema-graph\">{\"@context\":\"https:\/\/schema.org\",\"@graph\":[{\"@type\":\"Article\",\"@id\":\"https:\/\/hudo.com\/si\/aktualno\/pohvala-za-slovensko-pravosodje-iz-sveta-evrope\/#article\",\"isPartOf\":{\"@id\":\"https:\/\/hudo.com\/si\/aktualno\/pohvala-za-slovensko-pravosodje-iz-sveta-evrope\/\"},\"author\":{\"name\":\"A. P., STA\",\"@id\":\"https:\/\/hudo.com\/si\/#\/schema\/person\/18f09c02475ba9e606e941a565b80cff\"},\"headline\":\"Pohvala za slovensko pravosodje iz Sveta Evrope\",\"datePublished\":\"2020-04-01T16:30:48+00:00\",\"dateModified\":\"2020-04-01T16:30:48+00:00\",\"mainEntityOfPage\":{\"@id\":\"https:\/\/hudo.com\/si\/aktualno\/pohvala-za-slovensko-pravosodje-iz-sveta-evrope\/\"},\"wordCount\":559,\"publisher\":{\"@id\":\"https:\/\/hudo.com\/si\/#organization\"},\"keywords\":[\"\u010dlovekove pravice\",\"ES\u010cP\",\"pravosodje\",\"Slovenija\"],\"articleSection\":[\"Aktualno\"],\"inLanguage\":\"sl-SI\"},{\"@type\":\"WebPage\",\"@id\":\"https:\/\/hudo.com\/si\/aktualno\/pohvala-za-slovensko-pravosodje-iz-sveta-evrope\/\",\"url\":\"https:\/\/hudo.com\/si\/aktualno\/pohvala-za-slovensko-pravosodje-iz-sveta-evrope\/\",\"name\":\"Pohvala za slovensko pravosodje iz Sveta Evrope - Hudo Slovenija\",\"isPartOf\":{\"@id\":\"https:\/\/hudo.com\/si\/#website\"},\"datePublished\":\"2020-04-01T16:30:48+00:00\",\"dateModified\":\"2020-04-01T16:30:48+00:00\",\"breadcrumb\":{\"@id\":\"https:\/\/hudo.com\/si\/aktualno\/pohvala-za-slovensko-pravosodje-iz-sveta-evrope\/#breadcrumb\"},\"inLanguage\":\"sl-SI\",\"potentialAction\":[{\"@type\":\"ReadAction\",\"target\":[\"https:\/\/hudo.com\/si\/aktualno\/pohvala-za-slovensko-pravosodje-iz-sveta-evrope\/\"]}]},{\"@type\":\"BreadcrumbList\",\"@id\":\"https:\/\/hudo.com\/si\/aktualno\/pohvala-za-slovensko-pravosodje-iz-sveta-evrope\/#breadcrumb\",\"itemListElement\":[{\"@type\":\"ListItem\",\"position\":1,\"name\":\"Home\",\"item\":\"https:\/\/hudo.com\/si\/\"},{\"@type\":\"ListItem\",\"position\":2,\"name\":\"Pohvala za slovensko pravosodje iz Sveta Evrope\"}]},{\"@type\":\"WebSite\",\"@id\":\"https:\/\/hudo.com\/si\/#website\",\"url\":\"https:\/\/hudo.com\/si\/\",\"name\":\"Hudo Slovenija\",\"description\":\"Vse novice iz Slovenije in sveta\",\"publisher\":{\"@id\":\"https:\/\/hudo.com\/si\/#organization\"},\"potentialAction\":[{\"@type\":\"SearchAction\",\"target\":{\"@type\":\"EntryPoint\",\"urlTemplate\":\"https:\/\/hudo.com\/si\/?s={search_term_string}\"},\"query-input\":\"required name=search_term_string\"}],\"inLanguage\":\"sl-SI\"},{\"@type\":\"Organization\",\"@id\":\"https:\/\/hudo.com\/si\/#organization\",\"name\":\"VSN Media\",\"url\":\"https:\/\/hudo.com\/si\/\",\"logo\":{\"@type\":\"ImageObject\",\"inLanguage\":\"sl-SI\",\"@id\":\"https:\/\/hudo.com\/si\/#\/schema\/logo\/image\/\",\"url\":\"https:\/\/hudo.com\/si\/wp-content\/uploads\/sites\/2\/2021\/03\/hudo-app-2.png\",\"contentUrl\":\"https:\/\/hudo.com\/si\/wp-content\/uploads\/sites\/2\/2021\/03\/hudo-app-2.png\",\"width\":2185,\"height\":2167,\"caption\":\"VSN Media\"},\"image\":{\"@id\":\"https:\/\/hudo.com\/si\/#\/schema\/logo\/image\/\"},\"sameAs\":[\"https:\/\/www.facebook.com\/hudo.si\",\"https:\/\/twitter.com\/hudo_si\"]},{\"@type\":\"Person\",\"@id\":\"https:\/\/hudo.com\/si\/#\/schema\/person\/18f09c02475ba9e606e941a565b80cff\",\"name\":\"A. P., STA\",\"image\":{\"@type\":\"ImageObject\",\"inLanguage\":\"sl-SI\",\"@id\":\"https:\/\/hudo.com\/si\/#\/schema\/person\/image\/\",\"url\":\"https:\/\/secure.gravatar.com\/avatar\/03eac8e609f5f04383125d80eaeaaf3e?s=96&d=mm&r=g\",\"contentUrl\":\"https:\/\/secure.gravatar.com\/avatar\/03eac8e609f5f04383125d80eaeaaf3e?s=96&d=mm&r=g\",\"caption\":\"A. P., STA\"},\"url\":\"https:\/\/hudo.com\/si\/author\/lubu\/\"}]}<\/script>\n<!-- \/ Yoast SEO plugin. -->","yoast_head_json":{"title":"Pohvala za slovensko pravosodje iz Sveta Evrope - Hudo Slovenija","robots":{"index":"index","follow":"follow","max-snippet":"max-snippet:-1","max-image-preview":"max-image-preview:large","max-video-preview":"max-video-preview:-1"},"canonical":"https:\/\/hudo.com\/si\/aktualno\/pohvala-za-slovensko-pravosodje-iz-sveta-evrope\/","og_locale":"sl_SI","og_type":"article","og_title":"Pohvala za slovensko pravosodje iz Sveta Evrope - Hudo Slovenija","og_description":"Odbor ministrov Sveta Evrope v danes objavljenem letnem poro\u010dilu o izvr\u0161evanju sodb Evropskega sodi\u0161\u010da za \u010dlovekove pravice (ES\u010cP) v letu 2019 ugotavlja pomemben napredek, a tudi izzive. Slovenija s trenutno 13 neizvr\u0161enimi sodbami sodi v skupino dr\u017eav z najmanj\u0161im \u0161tevilom neizvr\u0161enih sodb, so sporo\u010dili s pravosodnega ministrstva.","og_url":"https:\/\/hudo.com\/si\/aktualno\/pohvala-za-slovensko-pravosodje-iz-sveta-evrope\/","og_site_name":"Hudo Slovenija","article_publisher":"https:\/\/www.facebook.com\/hudo.si","article_published_time":"2020-04-01T16:30:48+00:00","og_image":[{"width":1250,"height":838,"url":"https:\/\/hudo.com\/si\/wp-content\/uploads\/sites\/2\/2017\/10\/profimedia-0003410002.jpg","type":"image\/jpeg"}],"author":"A. P., STA","twitter_card":"summary_large_image","twitter_creator":"@hudo_si","twitter_site":"@hudo_si","twitter_misc":{"Written by":"A. P., STA","Est. reading time":"3 minute"},"schema":{"@context":"https:\/\/schema.org","@graph":[{"@type":"Article","@id":"https:\/\/hudo.com\/si\/aktualno\/pohvala-za-slovensko-pravosodje-iz-sveta-evrope\/#article","isPartOf":{"@id":"https:\/\/hudo.com\/si\/aktualno\/pohvala-za-slovensko-pravosodje-iz-sveta-evrope\/"},"author":{"name":"A. P., STA","@id":"https:\/\/hudo.com\/si\/#\/schema\/person\/18f09c02475ba9e606e941a565b80cff"},"headline":"Pohvala za slovensko pravosodje iz Sveta Evrope","datePublished":"2020-04-01T16:30:48+00:00","dateModified":"2020-04-01T16:30:48+00:00","mainEntityOfPage":{"@id":"https:\/\/hudo.com\/si\/aktualno\/pohvala-za-slovensko-pravosodje-iz-sveta-evrope\/"},"wordCount":559,"publisher":{"@id":"https:\/\/hudo.com\/si\/#organization"},"keywords":["\u010dlovekove pravice","ES\u010cP","pravosodje","Slovenija"],"articleSection":["Aktualno"],"inLanguage":"sl-SI"},{"@type":"WebPage","@id":"https:\/\/hudo.com\/si\/aktualno\/pohvala-za-slovensko-pravosodje-iz-sveta-evrope\/","url":"https:\/\/hudo.com\/si\/aktualno\/pohvala-za-slovensko-pravosodje-iz-sveta-evrope\/","name":"Pohvala za slovensko pravosodje iz Sveta Evrope - Hudo Slovenija","isPartOf":{"@id":"https:\/\/hudo.com\/si\/#website"},"datePublished":"2020-04-01T16:30:48+00:00","dateModified":"2020-04-01T16:30:48+00:00","breadcrumb":{"@id":"https:\/\/hudo.com\/si\/aktualno\/pohvala-za-slovensko-pravosodje-iz-sveta-evrope\/#breadcrumb"},"inLanguage":"sl-SI","potentialAction":[{"@type":"ReadAction","target":["https:\/\/hudo.com\/si\/aktualno\/pohvala-za-slovensko-pravosodje-iz-sveta-evrope\/"]}]},{"@type":"BreadcrumbList","@id":"https:\/\/hudo.com\/si\/aktualno\/pohvala-za-slovensko-pravosodje-iz-sveta-evrope\/#breadcrumb","itemListElement":[{"@type":"ListItem","position":1,"name":"Home","item":"https:\/\/hudo.com\/si\/"},{"@type":"ListItem","position":2,"name":"Pohvala za slovensko pravosodje iz Sveta Evrope"}]},{"@type":"WebSite","@id":"https:\/\/hudo.com\/si\/#website","url":"https:\/\/hudo.com\/si\/","name":"Hudo Slovenija","description":"Vse novice iz Slovenije in sveta","publisher":{"@id":"https:\/\/hudo.com\/si\/#organization"},"potentialAction":[{"@type":"SearchAction","target":{"@type":"EntryPoint","urlTemplate":"https:\/\/hudo.com\/si\/?s={search_term_string}"},"query-input":"required name=search_term_string"}],"inLanguage":"sl-SI"},{"@type":"Organization","@id":"https:\/\/hudo.com\/si\/#organization","name":"VSN Media","url":"https:\/\/hudo.com\/si\/","logo":{"@type":"ImageObject","inLanguage":"sl-SI","@id":"https:\/\/hudo.com\/si\/#\/schema\/logo\/image\/","url":"https:\/\/hudo.com\/si\/wp-content\/uploads\/sites\/2\/2021\/03\/hudo-app-2.png","contentUrl":"https:\/\/hudo.com\/si\/wp-content\/uploads\/sites\/2\/2021\/03\/hudo-app-2.png","width":2185,"height":2167,"caption":"VSN Media"},"image":{"@id":"https:\/\/hudo.com\/si\/#\/schema\/logo\/image\/"},"sameAs":["https:\/\/www.facebook.com\/hudo.si","https:\/\/twitter.com\/hudo_si"]},{"@type":"Person","@id":"https:\/\/hudo.com\/si\/#\/schema\/person\/18f09c02475ba9e606e941a565b80cff","name":"A. P., STA","image":{"@type":"ImageObject","inLanguage":"sl-SI","@id":"https:\/\/hudo.com\/si\/#\/schema\/person\/image\/","url":"https:\/\/secure.gravatar.com\/avatar\/03eac8e609f5f04383125d80eaeaaf3e?s=96&d=mm&r=g","contentUrl":"https:\/\/secure.gravatar.com\/avatar\/03eac8e609f5f04383125d80eaeaaf3e?s=96&d=mm&r=g","caption":"A. P., STA"},"url":"https:\/\/hudo.com\/si\/author\/lubu\/"}]}},"amp_enabled":true,"_links":{"self":[{"href":"https:\/\/hudo.com\/si\/wp-json\/wp\/v2\/posts\/419944"}],"collection":[{"href":"https:\/\/hudo.com\/si\/wp-json\/wp\/v2\/posts"}],"about":[{"href":"https:\/\/hudo.com\/si\/wp-json\/wp\/v2\/types\/post"}],"author":[{"embeddable":true,"href":"https:\/\/hudo.com\/si\/wp-json\/wp\/v2\/users\/7"}],"replies":[{"embeddable":true,"href":"https:\/\/hudo.com\/si\/wp-json\/wp\/v2\/comments?post=419944"}],"version-history":[{"count":1,"href":"https:\/\/hudo.com\/si\/wp-json\/wp\/v2\/posts\/419944\/revisions"}],"predecessor-version":[{"id":419945,"href":"https:\/\/hudo.com\/si\/wp-json\/wp\/v2\/posts\/419944\/revisions\/419945"}],"wp:featuredmedia":[{"embeddable":true,"href":"https:\/\/hudo.com\/si\/wp-json\/wp\/v2\/media\/313762"}],"wp:attachment":[{"href":"https:\/\/hudo.com\/si\/wp-json\/wp\/v2\/media?parent=419944"}],"wp:term":[{"taxonomy":"category","embeddable":true,"href":"https:\/\/hudo.com\/si\/wp-json\/wp\/v2\/categories?post=419944"},{"taxonomy":"post_tag","embeddable":true,"href":"https:\/\/hudo.com\/si\/wp-json\/wp\/v2\/tags?post=419944"},{"taxonomy":"source","embeddable":true,"href":"https:\/\/hudo.com\/si\/wp-json\/wp\/v2\/source?post=419944"},{"taxonomy":"supertag","embeddable":true,"href":"https:\/\/hudo.com\/si\/wp-json\/wp\/v2\/supertag?post=419944"}],"curies":[{"name":"wp","href":"https:\/\/api.w.org\/{rel}","templated":true}]}}