{"id":420660,"date":"2020-04-10T17:23:47","date_gmt":"2020-04-10T15:23:47","guid":{"rendered":"http:\/\/hudo.com\/si\/?p=420660"},"modified":"2020-04-10T17:23:47","modified_gmt":"2020-04-10T15:23:47","slug":"informacijska-pooblascenka-opozorila-na-nejasnosti-pri-preverjanju-vstopa-v-trgovine","status":"publish","type":"post","link":"https:\/\/hudo.com\/si\/aktualno\/informacijska-pooblascenka-opozorila-na-nejasnosti-pri-preverjanju-vstopa-v-trgovine\/","title":{"rendered":"Informacijska poobla\u0161\u010denka opozorila na nejasnosti pri preverjanju vstopa v trgovine"},"content":{"rendered":"<p>Kot je pojasnila Prelesnikova, so na nejasnosti odloka, ki \u010dasovno omejuje nakupe posameznih skupin prebivalcev v za\u010detku aprila \u017ee opozoril vlado, a te v bistvenem delu tudi po dopolnitvi ostajajo, zato zakonito izvajanje odloka v tem delu po mnenju informacijske poobla\u0161\u010denke sploh ni mogo\u010de.<\/p>\n<p>Informacijski poobla\u0161\u010denec \u0161e vedno prejema \u0161tevilna vpra\u0161anja medijev in posameznikov ter izraze zaskrbljenosti zaradi neprijetnih izku\u0161enj v zvezi s \u010dasovnimi omejitvami nakupovanja.<\/p>\n<p>Izrazila je razumevanje za razloge za sprejem odloka o za\u010dasni prepovedi ponujanja in prodajanja blaga in storitev potro\u0161nikom, ki je namenjen skrbi za zdravje posebej ranljivih skupin prebivalcev.<\/p>\n<p>Opozorila pa je, da bo ta odlok v praksi prizadel tiste posameznike, ki so kljub dopolnjenim 65 letom redno zaposleni. \u0160e vedno ostaja tudi nejasno, kdo so druge ranljive skupine in kako to lahko izka\u017eejo.<\/p>\n<p>Kot nejasno je ocenila tudi mo\u017enost preverjanja, kaj je zadnja ura obratovalnega \u010dasa, saj to zaradi spreminjajo\u010dih se razmer v\u010dasih ni nikjer jasno in vnaprej objavljeno. Zato meni, da bi morala vlada razmisliti o tem, da bi odlok oblikovala zgolj kot priporo\u010dilo.<\/p>\n<p>Informacijska poobla\u0161\u010denka je \u0161e opozorila, da z vidika obdelave osebnih podatkov navedena dolo\u010dba predstavlja pravno podlago za obdelavo osebnih podatkov z vpogledom v osebni dokument. Hkrati pa glede pooblastil varnostnikov zakon o zasebnem varovanju varnostnikom v 52. \u010dlenu daje pooblastila za ugotavljanje istovetnosti, a le, kadar je to potrebno za varnost ljudi in premo\u017eenja ali oseb, ki jih varuje, ali \u010de tako dolo\u010da red na varovanem obmo\u010dju.<\/p>\n<p>Kot opozarja, pa tudi po dopolnitvah odloka sprememba velja zgolj za preverjanje starosti, ne pa tudi za ostale ranljive skupine, pri \u010demer se v praksi velikokrat ne ve niti, do kdaj so trgovine odprte. Prav tako opozarja, da ni videti pravne podlage za obdelavo posebnih vrst (ob\u010dutljivih) osebnih podatkov s strani varnostnikov oziroma trgovcev, kadar to ni razvidno na prvi pogled (na primer invalidnost).<\/p>\n<p>Nejasno in nedolo\u010deno pa ostaja, kaj pomeni pripadnost drugim ranljivim skupinam, zato ni mogo\u010de enozna\u010dno dolo\u010diti, kdo sploh so ranljive skupine, ki jih odlok zajema. Posledi\u010dno ni jasno, v katerem delu obstaja pravna podlaga za obdelavo njihovih osebnih podatkov in kaj pomeni prekomerno obdelavo osebnih podatkov, je \u0161e sporo\u010dila Prelesnikova.<\/p>\n<p>Na te\u017eave pa so opozorili tudi v zvezi Son\u010dek. Zapisali so, da jih vse ve\u010d ljudi z invalidnostmi opozarja, da jih trgovci oziroma z njihove strani v<br \/>\nprodajalnah anga\u017eirane slu\u017ebe zasebnega varovanja na osnovi odloka po 10. uri ne spustijo ve\u010d v trgovino in omogo\u010dijo nakupa.<\/p>\n<p>V zvezi Son\u010dek pa so opozorili na prakso nekaterih trgovin, ki v nasprotju z odlokom omejujejo in onemogo\u010dajo nakupovanje osebam z invalidnostjo po 10. uri in do zadnje ure odprtja trgovin. Na tovrstno prakso je direktor zveze Son\u010dek Iztok Suhadolnik opozoril tudi Trgovinsko zbornico Slovenije in zbornico za razvoj slovenskega zasebnega varovanja. Zaprosili so, da trgovci in izvajalci zasebnega varovanja, ki izvajajo naloge po odloku, \u010dim prej osebam z invalidnostjo zagotovijo pravico nakupovanja tudi v preostalem obratovalnem \u010dasu prodajaln, in ne le v \u010dasu, rezerviranem za ranljive skupine.<\/p>\n<p>Zveza Son\u010dek je na te te\u017eave pri vstopih v trgovine opozorila tudi varuha \u010dlovekovih pravic. Ta je v odzivu zapisal, da deli njihovo mnenje, da iz besedila odloka ne izhaja, da bi bile osebe z invalidnostmi \u010dasovno omejene pri nakupovanju v trgovinah. Je pa nato dodal, da skladno s 159. \u010dlenom ustave varujejo \u010dlovekove pravice in temeljne svobo\u0161\u010dine v razmerju do dr\u017eavnih organov, organov lokalne samouprave in nosilcev javnih pooblastil, trgovine pa ne sodijo med navedene subjekte, zato varuh morebitnih konkretnih nepravilnosti pri izvajanju odloka pri njih ne more obravnavati.<\/p>\n","protected":false},"excerpt":{"rendered":"<p>Informacijska poobla\u0161\u010denka Mojca Prelesnik je pozvala k spo\u0161tljivemu odnosu pri preverjanju pogojev za vstope v trgovino ob \u010dasovnem omejevanju nakupovanja. Obenem pa meni, da naj vlada po posvetu z zdravstveno stroko razmisli o tem, da bi se odlok oblikoval zgolj kot priporo\u010dilo in ne kot represivna zahteva.<\/p>\n","protected":false},"author":8,"featured_media":327932,"comment_status":"closed","ping_status":"closed","sticky":false,"template":"","format":"standard","meta":{"footnotes":""},"categories":[1179],"tags":[10477,15632,3927,1595],"source":[4511],"supertag":[],"acf":[],"yoast_head":"<!-- This site is optimized with the Yoast SEO plugin v21.3 - https:\/\/yoast.com\/wordpress\/plugins\/seo\/ -->\n<title>Informacijska poobla\u0161\u010denka opozorila na nejasnosti pri preverjanju vstopa v trgovine - Hudo Slovenija<\/title>\n<meta name=\"robots\" content=\"index, follow, max-snippet:-1, max-image-preview:large, max-video-preview:-1\" \/>\n<link rel=\"canonical\" href=\"https:\/\/hudo.com\/si\/aktualno\/informacijska-pooblascenka-opozorila-na-nejasnosti-pri-preverjanju-vstopa-v-trgovine\/\" \/>\n<meta property=\"og:locale\" content=\"sl_SI\" \/>\n<meta property=\"og:type\" content=\"article\" \/>\n<meta property=\"og:title\" content=\"Informacijska poobla\u0161\u010denka opozorila na nejasnosti pri preverjanju vstopa v trgovine - Hudo Slovenija\" \/>\n<meta property=\"og:description\" content=\"Informacijska poobla\u0161\u010denka Mojca Prelesnik je pozvala k spo\u0161tljivemu odnosu pri preverjanju pogojev za vstope v trgovino ob \u010dasovnem omejevanju nakupovanja. Obenem pa meni, da naj vlada po posvetu z zdravstveno stroko razmisli o tem, da bi se odlok oblikoval zgolj kot priporo\u010dilo in ne kot represivna zahteva.\" \/>\n<meta property=\"og:url\" content=\"https:\/\/hudo.com\/si\/aktualno\/informacijska-pooblascenka-opozorila-na-nejasnosti-pri-preverjanju-vstopa-v-trgovine\/\" \/>\n<meta property=\"og:site_name\" content=\"Hudo Slovenija\" \/>\n<meta property=\"article:publisher\" content=\"https:\/\/www.facebook.com\/hudo.si\" \/>\n<meta property=\"article:published_time\" content=\"2020-04-10T15:23:47+00:00\" \/>\n<meta property=\"og:image\" content=\"https:\/\/hudo.com\/si\/wp-content\/uploads\/sites\/2\/2017\/11\/profimedia-0208325175.jpg\" \/>\n\t<meta property=\"og:image:width\" content=\"1250\" \/>\n\t<meta property=\"og:image:height\" content=\"833\" \/>\n\t<meta property=\"og:image:type\" content=\"image\/jpeg\" \/>\n<meta name=\"author\" content=\"M. N., STA\" \/>\n<meta name=\"twitter:card\" content=\"summary_large_image\" \/>\n<meta name=\"twitter:creator\" content=\"@hudo_si\" \/>\n<meta name=\"twitter:site\" content=\"@hudo_si\" \/>\n<meta name=\"twitter:label1\" content=\"Written by\" \/>\n\t<meta name=\"twitter:data1\" content=\"M. N., STA\" \/>\n\t<meta name=\"twitter:label2\" content=\"Est. reading time\" \/>\n\t<meta name=\"twitter:data2\" content=\"3 minute\" \/>\n<script type=\"application\/ld+json\" class=\"yoast-schema-graph\">{\"@context\":\"https:\/\/schema.org\",\"@graph\":[{\"@type\":\"Article\",\"@id\":\"https:\/\/hudo.com\/si\/aktualno\/informacijska-pooblascenka-opozorila-na-nejasnosti-pri-preverjanju-vstopa-v-trgovine\/#article\",\"isPartOf\":{\"@id\":\"https:\/\/hudo.com\/si\/aktualno\/informacijska-pooblascenka-opozorila-na-nejasnosti-pri-preverjanju-vstopa-v-trgovine\/\"},\"author\":{\"name\":\"M. N., STA\",\"@id\":\"https:\/\/hudo.com\/si\/#\/schema\/person\/c2f10ce65d2e6ede2aeda5be2a0611fa\"},\"headline\":\"Informacijska poobla\u0161\u010denka opozorila na nejasnosti pri preverjanju vstopa v trgovine\",\"datePublished\":\"2020-04-10T15:23:47+00:00\",\"dateModified\":\"2020-04-10T15:23:47+00:00\",\"mainEntityOfPage\":{\"@id\":\"https:\/\/hudo.com\/si\/aktualno\/informacijska-pooblascenka-opozorila-na-nejasnosti-pri-preverjanju-vstopa-v-trgovine\/\"},\"wordCount\":619,\"publisher\":{\"@id\":\"https:\/\/hudo.com\/si\/#organization\"},\"keywords\":[\"informacijski poobla\u0161\u010denec\",\"koronavirus\",\"Nakupovanje\",\"Slovenija\"],\"articleSection\":[\"Aktualno\"],\"inLanguage\":\"sl-SI\"},{\"@type\":\"WebPage\",\"@id\":\"https:\/\/hudo.com\/si\/aktualno\/informacijska-pooblascenka-opozorila-na-nejasnosti-pri-preverjanju-vstopa-v-trgovine\/\",\"url\":\"https:\/\/hudo.com\/si\/aktualno\/informacijska-pooblascenka-opozorila-na-nejasnosti-pri-preverjanju-vstopa-v-trgovine\/\",\"name\":\"Informacijska poobla\u0161\u010denka opozorila na nejasnosti pri preverjanju vstopa v trgovine - Hudo Slovenija\",\"isPartOf\":{\"@id\":\"https:\/\/hudo.com\/si\/#website\"},\"datePublished\":\"2020-04-10T15:23:47+00:00\",\"dateModified\":\"2020-04-10T15:23:47+00:00\",\"breadcrumb\":{\"@id\":\"https:\/\/hudo.com\/si\/aktualno\/informacijska-pooblascenka-opozorila-na-nejasnosti-pri-preverjanju-vstopa-v-trgovine\/#breadcrumb\"},\"inLanguage\":\"sl-SI\",\"potentialAction\":[{\"@type\":\"ReadAction\",\"target\":[\"https:\/\/hudo.com\/si\/aktualno\/informacijska-pooblascenka-opozorila-na-nejasnosti-pri-preverjanju-vstopa-v-trgovine\/\"]}]},{\"@type\":\"BreadcrumbList\",\"@id\":\"https:\/\/hudo.com\/si\/aktualno\/informacijska-pooblascenka-opozorila-na-nejasnosti-pri-preverjanju-vstopa-v-trgovine\/#breadcrumb\",\"itemListElement\":[{\"@type\":\"ListItem\",\"position\":1,\"name\":\"Home\",\"item\":\"https:\/\/hudo.com\/si\/\"},{\"@type\":\"ListItem\",\"position\":2,\"name\":\"Informacijska poobla\u0161\u010denka opozorila na nejasnosti pri preverjanju vstopa v trgovine\"}]},{\"@type\":\"WebSite\",\"@id\":\"https:\/\/hudo.com\/si\/#website\",\"url\":\"https:\/\/hudo.com\/si\/\",\"name\":\"Hudo Slovenija\",\"description\":\"Vse novice iz Slovenije in sveta\",\"publisher\":{\"@id\":\"https:\/\/hudo.com\/si\/#organization\"},\"potentialAction\":[{\"@type\":\"SearchAction\",\"target\":{\"@type\":\"EntryPoint\",\"urlTemplate\":\"https:\/\/hudo.com\/si\/?s={search_term_string}\"},\"query-input\":\"required name=search_term_string\"}],\"inLanguage\":\"sl-SI\"},{\"@type\":\"Organization\",\"@id\":\"https:\/\/hudo.com\/si\/#organization\",\"name\":\"VSN Media\",\"url\":\"https:\/\/hudo.com\/si\/\",\"logo\":{\"@type\":\"ImageObject\",\"inLanguage\":\"sl-SI\",\"@id\":\"https:\/\/hudo.com\/si\/#\/schema\/logo\/image\/\",\"url\":\"https:\/\/hudo.com\/si\/wp-content\/uploads\/sites\/2\/2021\/03\/hudo-app-2.png\",\"contentUrl\":\"https:\/\/hudo.com\/si\/wp-content\/uploads\/sites\/2\/2021\/03\/hudo-app-2.png\",\"width\":2185,\"height\":2167,\"caption\":\"VSN Media\"},\"image\":{\"@id\":\"https:\/\/hudo.com\/si\/#\/schema\/logo\/image\/\"},\"sameAs\":[\"https:\/\/www.facebook.com\/hudo.si\",\"https:\/\/twitter.com\/hudo_si\"]},{\"@type\":\"Person\",\"@id\":\"https:\/\/hudo.com\/si\/#\/schema\/person\/c2f10ce65d2e6ede2aeda5be2a0611fa\",\"name\":\"M. N., STA\",\"image\":{\"@type\":\"ImageObject\",\"inLanguage\":\"sl-SI\",\"@id\":\"https:\/\/hudo.com\/si\/#\/schema\/person\/image\/\",\"url\":\"https:\/\/secure.gravatar.com\/avatar\/f370d38daa10467f755c5c766a4cac20?s=96&d=mm&r=g\",\"contentUrl\":\"https:\/\/secure.gravatar.com\/avatar\/f370d38daa10467f755c5c766a4cac20?s=96&d=mm&r=g\",\"caption\":\"M. N., STA\"},\"url\":\"https:\/\/hudo.com\/si\/author\/mana\/\"}]}<\/script>\n<!-- \/ Yoast SEO plugin. -->","yoast_head_json":{"title":"Informacijska poobla\u0161\u010denka opozorila na nejasnosti pri preverjanju vstopa v trgovine - Hudo Slovenija","robots":{"index":"index","follow":"follow","max-snippet":"max-snippet:-1","max-image-preview":"max-image-preview:large","max-video-preview":"max-video-preview:-1"},"canonical":"https:\/\/hudo.com\/si\/aktualno\/informacijska-pooblascenka-opozorila-na-nejasnosti-pri-preverjanju-vstopa-v-trgovine\/","og_locale":"sl_SI","og_type":"article","og_title":"Informacijska poobla\u0161\u010denka opozorila na nejasnosti pri preverjanju vstopa v trgovine - Hudo Slovenija","og_description":"Informacijska poobla\u0161\u010denka Mojca Prelesnik je pozvala k spo\u0161tljivemu odnosu pri preverjanju pogojev za vstope v trgovino ob \u010dasovnem omejevanju nakupovanja. Obenem pa meni, da naj vlada po posvetu z zdravstveno stroko razmisli o tem, da bi se odlok oblikoval zgolj kot priporo\u010dilo in ne kot represivna zahteva.","og_url":"https:\/\/hudo.com\/si\/aktualno\/informacijska-pooblascenka-opozorila-na-nejasnosti-pri-preverjanju-vstopa-v-trgovine\/","og_site_name":"Hudo Slovenija","article_publisher":"https:\/\/www.facebook.com\/hudo.si","article_published_time":"2020-04-10T15:23:47+00:00","og_image":[{"width":1250,"height":833,"url":"https:\/\/hudo.com\/si\/wp-content\/uploads\/sites\/2\/2017\/11\/profimedia-0208325175.jpg","type":"image\/jpeg"}],"author":"M. N., STA","twitter_card":"summary_large_image","twitter_creator":"@hudo_si","twitter_site":"@hudo_si","twitter_misc":{"Written by":"M. N., STA","Est. reading time":"3 minute"},"schema":{"@context":"https:\/\/schema.org","@graph":[{"@type":"Article","@id":"https:\/\/hudo.com\/si\/aktualno\/informacijska-pooblascenka-opozorila-na-nejasnosti-pri-preverjanju-vstopa-v-trgovine\/#article","isPartOf":{"@id":"https:\/\/hudo.com\/si\/aktualno\/informacijska-pooblascenka-opozorila-na-nejasnosti-pri-preverjanju-vstopa-v-trgovine\/"},"author":{"name":"M. N., STA","@id":"https:\/\/hudo.com\/si\/#\/schema\/person\/c2f10ce65d2e6ede2aeda5be2a0611fa"},"headline":"Informacijska poobla\u0161\u010denka opozorila na nejasnosti pri preverjanju vstopa v trgovine","datePublished":"2020-04-10T15:23:47+00:00","dateModified":"2020-04-10T15:23:47+00:00","mainEntityOfPage":{"@id":"https:\/\/hudo.com\/si\/aktualno\/informacijska-pooblascenka-opozorila-na-nejasnosti-pri-preverjanju-vstopa-v-trgovine\/"},"wordCount":619,"publisher":{"@id":"https:\/\/hudo.com\/si\/#organization"},"keywords":["informacijski poobla\u0161\u010denec","koronavirus","Nakupovanje","Slovenija"],"articleSection":["Aktualno"],"inLanguage":"sl-SI"},{"@type":"WebPage","@id":"https:\/\/hudo.com\/si\/aktualno\/informacijska-pooblascenka-opozorila-na-nejasnosti-pri-preverjanju-vstopa-v-trgovine\/","url":"https:\/\/hudo.com\/si\/aktualno\/informacijska-pooblascenka-opozorila-na-nejasnosti-pri-preverjanju-vstopa-v-trgovine\/","name":"Informacijska poobla\u0161\u010denka opozorila na nejasnosti pri preverjanju vstopa v trgovine - Hudo Slovenija","isPartOf":{"@id":"https:\/\/hudo.com\/si\/#website"},"datePublished":"2020-04-10T15:23:47+00:00","dateModified":"2020-04-10T15:23:47+00:00","breadcrumb":{"@id":"https:\/\/hudo.com\/si\/aktualno\/informacijska-pooblascenka-opozorila-na-nejasnosti-pri-preverjanju-vstopa-v-trgovine\/#breadcrumb"},"inLanguage":"sl-SI","potentialAction":[{"@type":"ReadAction","target":["https:\/\/hudo.com\/si\/aktualno\/informacijska-pooblascenka-opozorila-na-nejasnosti-pri-preverjanju-vstopa-v-trgovine\/"]}]},{"@type":"BreadcrumbList","@id":"https:\/\/hudo.com\/si\/aktualno\/informacijska-pooblascenka-opozorila-na-nejasnosti-pri-preverjanju-vstopa-v-trgovine\/#breadcrumb","itemListElement":[{"@type":"ListItem","position":1,"name":"Home","item":"https:\/\/hudo.com\/si\/"},{"@type":"ListItem","position":2,"name":"Informacijska poobla\u0161\u010denka opozorila na nejasnosti pri preverjanju vstopa v trgovine"}]},{"@type":"WebSite","@id":"https:\/\/hudo.com\/si\/#website","url":"https:\/\/hudo.com\/si\/","name":"Hudo Slovenija","description":"Vse novice iz Slovenije in sveta","publisher":{"@id":"https:\/\/hudo.com\/si\/#organization"},"potentialAction":[{"@type":"SearchAction","target":{"@type":"EntryPoint","urlTemplate":"https:\/\/hudo.com\/si\/?s={search_term_string}"},"query-input":"required name=search_term_string"}],"inLanguage":"sl-SI"},{"@type":"Organization","@id":"https:\/\/hudo.com\/si\/#organization","name":"VSN Media","url":"https:\/\/hudo.com\/si\/","logo":{"@type":"ImageObject","inLanguage":"sl-SI","@id":"https:\/\/hudo.com\/si\/#\/schema\/logo\/image\/","url":"https:\/\/hudo.com\/si\/wp-content\/uploads\/sites\/2\/2021\/03\/hudo-app-2.png","contentUrl":"https:\/\/hudo.com\/si\/wp-content\/uploads\/sites\/2\/2021\/03\/hudo-app-2.png","width":2185,"height":2167,"caption":"VSN Media"},"image":{"@id":"https:\/\/hudo.com\/si\/#\/schema\/logo\/image\/"},"sameAs":["https:\/\/www.facebook.com\/hudo.si","https:\/\/twitter.com\/hudo_si"]},{"@type":"Person","@id":"https:\/\/hudo.com\/si\/#\/schema\/person\/c2f10ce65d2e6ede2aeda5be2a0611fa","name":"M. N., STA","image":{"@type":"ImageObject","inLanguage":"sl-SI","@id":"https:\/\/hudo.com\/si\/#\/schema\/person\/image\/","url":"https:\/\/secure.gravatar.com\/avatar\/f370d38daa10467f755c5c766a4cac20?s=96&d=mm&r=g","contentUrl":"https:\/\/secure.gravatar.com\/avatar\/f370d38daa10467f755c5c766a4cac20?s=96&d=mm&r=g","caption":"M. N., STA"},"url":"https:\/\/hudo.com\/si\/author\/mana\/"}]}},"amp_enabled":true,"_links":{"self":[{"href":"https:\/\/hudo.com\/si\/wp-json\/wp\/v2\/posts\/420660"}],"collection":[{"href":"https:\/\/hudo.com\/si\/wp-json\/wp\/v2\/posts"}],"about":[{"href":"https:\/\/hudo.com\/si\/wp-json\/wp\/v2\/types\/post"}],"author":[{"embeddable":true,"href":"https:\/\/hudo.com\/si\/wp-json\/wp\/v2\/users\/8"}],"replies":[{"embeddable":true,"href":"https:\/\/hudo.com\/si\/wp-json\/wp\/v2\/comments?post=420660"}],"version-history":[{"count":1,"href":"https:\/\/hudo.com\/si\/wp-json\/wp\/v2\/posts\/420660\/revisions"}],"predecessor-version":[{"id":420661,"href":"https:\/\/hudo.com\/si\/wp-json\/wp\/v2\/posts\/420660\/revisions\/420661"}],"wp:featuredmedia":[{"embeddable":true,"href":"https:\/\/hudo.com\/si\/wp-json\/wp\/v2\/media\/327932"}],"wp:attachment":[{"href":"https:\/\/hudo.com\/si\/wp-json\/wp\/v2\/media?parent=420660"}],"wp:term":[{"taxonomy":"category","embeddable":true,"href":"https:\/\/hudo.com\/si\/wp-json\/wp\/v2\/categories?post=420660"},{"taxonomy":"post_tag","embeddable":true,"href":"https:\/\/hudo.com\/si\/wp-json\/wp\/v2\/tags?post=420660"},{"taxonomy":"source","embeddable":true,"href":"https:\/\/hudo.com\/si\/wp-json\/wp\/v2\/source?post=420660"},{"taxonomy":"supertag","embeddable":true,"href":"https:\/\/hudo.com\/si\/wp-json\/wp\/v2\/supertag?post=420660"}],"curies":[{"name":"wp","href":"https:\/\/api.w.org\/{rel}","templated":true}]}}