{"id":420728,"date":"2020-04-11T11:08:02","date_gmt":"2020-04-11T09:08:02","guid":{"rendered":"http:\/\/hudo.com\/si\/?p=420728"},"modified":"2020-04-11T11:08:02","modified_gmt":"2020-04-11T09:08:02","slug":"podjetja-od-danes-naprej-ze-lahko-zacnejo-oddajati-vloge-za-pomoc","status":"publish","type":"post","link":"https:\/\/hudo.com\/si\/aktualno\/podjetja-od-danes-naprej-ze-lahko-zacnejo-oddajati-vloge-za-pomoc\/","title":{"rendered":"Podjetja od danes naprej \u017ee lahko za\u010dnejo oddajati vloge za pomo\u010d"},"content":{"rendered":"<p>Vsi ukrepi v zakonu so vredni tri milijarde evrov, od tega se velik del namenja gospodarstvu, da bi s \u010dim manj prask prebrodilo epidemijo in bilo takoj po njej pripravljeno na nov zagon.<\/p>\n<p>Podjetjem, ki zaradi epidemije nimajo dovolj dela in zaradi tega napotijo delavce na \u010dakanje, bo denimo dr\u017eava poravnala nadomestila pla\u010d za te delavce in tudi vse prispevke za socialno zavarovanje. Ukrep velja tudi za delavce, ki v teh dneh ne prihajajo na delo zaradi vi\u0161je sile.<\/p>\n<p>Ta ukrep velja \u017ee od 13. marca, vloge pa so na Zavodu RS za zaposlovanje za\u010deli sprejemati danes prek svojega portala za delodajalce.<\/p>\n<p>Podjetje mora vlogo vlo\u017eiti v osmih dneh od napotitve delavcev na \u010dakanje. \u010ce so po\u0161iljala delavce na \u010dakanje \u017ee pred uveljavitvijo zakona, pa morajo to storiti v osmih dneh od uveljavitve zakona, torej do 18 aprila. Zavod bo nadomestila izpla\u010deval mese\u010dno v sorazmernem dele\u017eu.<\/p>\n<p>Upravi\u010denci do tega ukrepa so vsi delodajalci s sede\u017eem v Sloveniji z izjemo finan\u010dnih dru\u017eb in zavarovalnic ter prora\u010dunskih uporabnikov z ve\u010d kot 70-odstotnim dele\u017eem prihodkov iz javnih sredstev. Biti morajo redni pla\u010dniki davkov in ne smejo biti v postopku ste\u010daja.<\/p>\n<p>Pogoj je, da so njihovi prihodki v prvem leto\u0161njem polletju za 20 odstotkov manj\u0161i kot v enakem obdobju lani, v leto\u0161njem drugem polletju pa ne ve\u010d kot za 50 odstotkov vi\u0161ji kot v enakem obdobju lani. \u010ce niso poslovali v vsem letu 2019, veljajo druga\u010dni pogoji.<\/p>\n<p>Nekatera podjetja so delavce poslala na \u010dakanje \u017ee po zakonu o interventnih ukrepih na podro\u010dju pla\u010d in prispevkov, ki je za\u010del veljati 29. marca. Tem na zavodu svetujejo, naj novih vlog ne vlagajo, bodo pa njihove \u017ee oddane vloge obravnavali po danes uveljavljenem zakonu, ki je za delodajalce bolj ugoden.<\/p>\n<p>Za delavce, ki v \u010dasu epidemije delajo in prejemajo pla\u010do, bo dr\u017eava v aprilu in maju pla\u010dala prispevke za pokojninsko in invalidsko zavarovanje. V zameno jim morajo njihovi delodajalci izpla\u010dati mese\u010dni krizni dodatek v vi\u0161ini 200 evrov, ki je opro\u0161\u010den vseh davkov in prispevkov. Krizni dodatek se tudi ne v\u0161teva v letno odmero dohodnine.<\/p>\n<p>Pogoj je le, da delav\u010deva zadnja izpla\u010dana mese\u010dna pla\u010da ni presegla trikratnika minimalne pla\u010de (3 x 940,58 evra). Ker tudi ta ukrep velja od 13. marca, bo izpla\u010dilo za prej\u0161nji mesec sorazmerno ni\u017eje. \u010ce je denimo delavec delal vse delovne dni od razglasitve epidemije do konca marca, prejme skupaj z mar\u010dno pla\u010do krizni dodatek v vi\u0161ini 118,18 evra.<\/p>\n<p>Tem delodajalcem za oprostitev pla\u010dila prispevkov ni treba oddati nobene vloge. Oddaja obra\u010dunov dav\u010dnega odtegljaja (t.i. REK obrazcev) je zaradi potrebnih prilagoditev na podlagi interventne zakonodaje trenutno sicer onemogo\u010dena in bo predvidoma spet stekla 23. aprila. Kljub temu pa lahko tisti, ki v tem \u010dasu izpla\u010dujejo pla\u010de, pri pla\u010dilu prispevkov oprostitev upo\u0161tevajo.<\/p>\n<p>Bli\u017ea se tudi pomemben datum za samozaposlene, verske uslu\u017ebence in kmete. Da bodo upravi\u010deni do mese\u010dnega temeljnega dohodka in oprostitve pla\u010dila socialnih prispevkov, bodo lahko \u017ee od 14. aprila dalje vlagali izjave o vsaj 25-odstotnem zmanj\u0161anju prihodkov v marcu v primerjavi s februarjem ali vsaj 50-odstotnem zmanj\u0161anju prihodkov v aprilu ali maju v primerjavi s februarjem.<\/p>\n<p>Zakon temeljni dohodek dolo\u010da v vi\u0161ini 350 evrov za marec ter po 700 evrov za april in maj, in sicer za tiste, ki so opravljali dejavnost najmanj od 13. marca do uveljavitve zakona. Prav tako ne smejo biti dav\u010dni dol\u017eniki.<\/p>\n<p>Izjavo, da zaradi epidemije novega koronavirusa ne morejo opravljati dejavnosti ali jo opravljajo v bistveno zmanj\u0161anem obsegu, bodo morali oddati prek informacijskega sistema Finan\u010dne uprave RS eDavki, bodisi preko ra\u010dunalnika ali mobilne aplikacije.<\/p>\n<p>Do pomo\u010di bodo upravi\u010deni tisti, katerih samozaposlitev je njihova edina podlaga za vklju\u010ditev v obvezno socialno zavarovanje. Mese\u010dni temeljni dohodek bo izpla\u010devala finan\u010dna uprava, in sicer je prvo izpla\u010dilo &#8211; za tiste, ki bodo izjavo vlo\u017eili do 18. aprila &#8211; predvideno 25. aprila. Skrajni rok za vlo\u017eitev izjave je sicer 31. maj.<\/p>\n","protected":false},"excerpt":{"rendered":"<p>Z dana\u0161njo uveljavitvijo zakona o interventnih ukrepih za zajezitev epidemije novega koronavirusa in omilitev njenih posledic za dr\u017eavljane in gospodarstvo se upravi\u010dencem odpira mo\u017enost oddajanja vlog za uveljavljanje pomo\u010di. Vse vloge je mogo\u010de oddati po elektronski poti.<\/p>\n","protected":false},"author":8,"featured_media":392301,"comment_status":"closed","ping_status":"closed","sticky":false,"template":"","format":"standard","meta":{"footnotes":""},"categories":[1179],"tags":[13305,15632,16156,1595],"source":[4511],"supertag":[],"acf":[],"yoast_head":"<!-- This site is optimized with the Yoast SEO plugin v21.3 - https:\/\/yoast.com\/wordpress\/plugins\/seo\/ -->\n<title>Podjetja od danes naprej \u017ee lahko za\u010dnejo oddajati vloge za pomo\u010d - Hudo Slovenija<\/title>\n<meta name=\"robots\" content=\"index, follow, max-snippet:-1, max-image-preview:large, max-video-preview:-1\" \/>\n<link rel=\"canonical\" href=\"https:\/\/hudo.com\/si\/aktualno\/podjetja-od-danes-naprej-ze-lahko-zacnejo-oddajati-vloge-za-pomoc\/\" \/>\n<meta property=\"og:locale\" content=\"sl_SI\" \/>\n<meta property=\"og:type\" content=\"article\" \/>\n<meta property=\"og:title\" content=\"Podjetja od danes naprej \u017ee lahko za\u010dnejo oddajati vloge za pomo\u010d - Hudo Slovenija\" \/>\n<meta property=\"og:description\" content=\"Z dana\u0161njo uveljavitvijo zakona o interventnih ukrepih za zajezitev epidemije novega koronavirusa in omilitev njenih posledic za dr\u017eavljane in gospodarstvo se upravi\u010dencem odpira mo\u017enost oddajanja vlog za uveljavljanje pomo\u010di. Vse vloge je mogo\u010de oddati po elektronski poti.\" \/>\n<meta property=\"og:url\" content=\"https:\/\/hudo.com\/si\/aktualno\/podjetja-od-danes-naprej-ze-lahko-zacnejo-oddajati-vloge-za-pomoc\/\" \/>\n<meta property=\"og:site_name\" content=\"Hudo Slovenija\" \/>\n<meta property=\"article:publisher\" content=\"https:\/\/www.facebook.com\/hudo.si\" \/>\n<meta property=\"article:published_time\" content=\"2020-04-11T09:08:02+00:00\" \/>\n<meta property=\"og:image\" content=\"https:\/\/hudo.com\/si\/wp-content\/uploads\/sites\/2\/2019\/02\/profimedia-0264738362.jpg\" \/>\n\t<meta property=\"og:image:width\" content=\"1250\" \/>\n\t<meta property=\"og:image:height\" content=\"833\" \/>\n\t<meta property=\"og:image:type\" content=\"image\/jpeg\" \/>\n<meta name=\"author\" content=\"M. N., STA\" \/>\n<meta name=\"twitter:card\" content=\"summary_large_image\" \/>\n<meta name=\"twitter:creator\" content=\"@hudo_si\" \/>\n<meta name=\"twitter:site\" content=\"@hudo_si\" \/>\n<meta name=\"twitter:label1\" content=\"Written by\" \/>\n\t<meta name=\"twitter:data1\" content=\"M. N., STA\" \/>\n\t<meta name=\"twitter:label2\" content=\"Est. reading time\" \/>\n\t<meta name=\"twitter:data2\" content=\"3 minute\" \/>\n<script type=\"application\/ld+json\" class=\"yoast-schema-graph\">{\"@context\":\"https:\/\/schema.org\",\"@graph\":[{\"@type\":\"Article\",\"@id\":\"https:\/\/hudo.com\/si\/aktualno\/podjetja-od-danes-naprej-ze-lahko-zacnejo-oddajati-vloge-za-pomoc\/#article\",\"isPartOf\":{\"@id\":\"https:\/\/hudo.com\/si\/aktualno\/podjetja-od-danes-naprej-ze-lahko-zacnejo-oddajati-vloge-za-pomoc\/\"},\"author\":{\"name\":\"M. N., STA\",\"@id\":\"https:\/\/hudo.com\/si\/#\/schema\/person\/c2f10ce65d2e6ede2aeda5be2a0611fa\"},\"headline\":\"Podjetja od danes naprej \u017ee lahko za\u010dnejo oddajati vloge za pomo\u010d\",\"datePublished\":\"2020-04-11T09:08:02+00:00\",\"dateModified\":\"2020-04-11T09:08:02+00:00\",\"mainEntityOfPage\":{\"@id\":\"https:\/\/hudo.com\/si\/aktualno\/podjetja-od-danes-naprej-ze-lahko-zacnejo-oddajati-vloge-za-pomoc\/\"},\"wordCount\":695,\"publisher\":{\"@id\":\"https:\/\/hudo.com\/si\/#organization\"},\"keywords\":[\"interventni zakon\",\"koronavirus\",\"podjetniki\",\"Slovenija\"],\"articleSection\":[\"Aktualno\"],\"inLanguage\":\"sl-SI\"},{\"@type\":\"WebPage\",\"@id\":\"https:\/\/hudo.com\/si\/aktualno\/podjetja-od-danes-naprej-ze-lahko-zacnejo-oddajati-vloge-za-pomoc\/\",\"url\":\"https:\/\/hudo.com\/si\/aktualno\/podjetja-od-danes-naprej-ze-lahko-zacnejo-oddajati-vloge-za-pomoc\/\",\"name\":\"Podjetja od danes naprej \u017ee lahko za\u010dnejo oddajati vloge za pomo\u010d - Hudo Slovenija\",\"isPartOf\":{\"@id\":\"https:\/\/hudo.com\/si\/#website\"},\"datePublished\":\"2020-04-11T09:08:02+00:00\",\"dateModified\":\"2020-04-11T09:08:02+00:00\",\"breadcrumb\":{\"@id\":\"https:\/\/hudo.com\/si\/aktualno\/podjetja-od-danes-naprej-ze-lahko-zacnejo-oddajati-vloge-za-pomoc\/#breadcrumb\"},\"inLanguage\":\"sl-SI\",\"potentialAction\":[{\"@type\":\"ReadAction\",\"target\":[\"https:\/\/hudo.com\/si\/aktualno\/podjetja-od-danes-naprej-ze-lahko-zacnejo-oddajati-vloge-za-pomoc\/\"]}]},{\"@type\":\"BreadcrumbList\",\"@id\":\"https:\/\/hudo.com\/si\/aktualno\/podjetja-od-danes-naprej-ze-lahko-zacnejo-oddajati-vloge-za-pomoc\/#breadcrumb\",\"itemListElement\":[{\"@type\":\"ListItem\",\"position\":1,\"name\":\"Home\",\"item\":\"https:\/\/hudo.com\/si\/\"},{\"@type\":\"ListItem\",\"position\":2,\"name\":\"Podjetja od danes naprej \u017ee lahko za\u010dnejo oddajati vloge za pomo\u010d\"}]},{\"@type\":\"WebSite\",\"@id\":\"https:\/\/hudo.com\/si\/#website\",\"url\":\"https:\/\/hudo.com\/si\/\",\"name\":\"Hudo Slovenija\",\"description\":\"Vse novice iz Slovenije in sveta\",\"publisher\":{\"@id\":\"https:\/\/hudo.com\/si\/#organization\"},\"potentialAction\":[{\"@type\":\"SearchAction\",\"target\":{\"@type\":\"EntryPoint\",\"urlTemplate\":\"https:\/\/hudo.com\/si\/?s={search_term_string}\"},\"query-input\":\"required name=search_term_string\"}],\"inLanguage\":\"sl-SI\"},{\"@type\":\"Organization\",\"@id\":\"https:\/\/hudo.com\/si\/#organization\",\"name\":\"VSN Media\",\"url\":\"https:\/\/hudo.com\/si\/\",\"logo\":{\"@type\":\"ImageObject\",\"inLanguage\":\"sl-SI\",\"@id\":\"https:\/\/hudo.com\/si\/#\/schema\/logo\/image\/\",\"url\":\"https:\/\/hudo.com\/si\/wp-content\/uploads\/sites\/2\/2021\/03\/hudo-app-2.png\",\"contentUrl\":\"https:\/\/hudo.com\/si\/wp-content\/uploads\/sites\/2\/2021\/03\/hudo-app-2.png\",\"width\":2185,\"height\":2167,\"caption\":\"VSN Media\"},\"image\":{\"@id\":\"https:\/\/hudo.com\/si\/#\/schema\/logo\/image\/\"},\"sameAs\":[\"https:\/\/www.facebook.com\/hudo.si\",\"https:\/\/twitter.com\/hudo_si\"]},{\"@type\":\"Person\",\"@id\":\"https:\/\/hudo.com\/si\/#\/schema\/person\/c2f10ce65d2e6ede2aeda5be2a0611fa\",\"name\":\"M. N., STA\",\"image\":{\"@type\":\"ImageObject\",\"inLanguage\":\"sl-SI\",\"@id\":\"https:\/\/hudo.com\/si\/#\/schema\/person\/image\/\",\"url\":\"https:\/\/secure.gravatar.com\/avatar\/f370d38daa10467f755c5c766a4cac20?s=96&d=mm&r=g\",\"contentUrl\":\"https:\/\/secure.gravatar.com\/avatar\/f370d38daa10467f755c5c766a4cac20?s=96&d=mm&r=g\",\"caption\":\"M. N., STA\"},\"url\":\"https:\/\/hudo.com\/si\/author\/mana\/\"}]}<\/script>\n<!-- \/ Yoast SEO plugin. -->","yoast_head_json":{"title":"Podjetja od danes naprej \u017ee lahko za\u010dnejo oddajati vloge za pomo\u010d - Hudo Slovenija","robots":{"index":"index","follow":"follow","max-snippet":"max-snippet:-1","max-image-preview":"max-image-preview:large","max-video-preview":"max-video-preview:-1"},"canonical":"https:\/\/hudo.com\/si\/aktualno\/podjetja-od-danes-naprej-ze-lahko-zacnejo-oddajati-vloge-za-pomoc\/","og_locale":"sl_SI","og_type":"article","og_title":"Podjetja od danes naprej \u017ee lahko za\u010dnejo oddajati vloge za pomo\u010d - Hudo Slovenija","og_description":"Z dana\u0161njo uveljavitvijo zakona o interventnih ukrepih za zajezitev epidemije novega koronavirusa in omilitev njenih posledic za dr\u017eavljane in gospodarstvo se upravi\u010dencem odpira mo\u017enost oddajanja vlog za uveljavljanje pomo\u010di. Vse vloge je mogo\u010de oddati po elektronski poti.","og_url":"https:\/\/hudo.com\/si\/aktualno\/podjetja-od-danes-naprej-ze-lahko-zacnejo-oddajati-vloge-za-pomoc\/","og_site_name":"Hudo Slovenija","article_publisher":"https:\/\/www.facebook.com\/hudo.si","article_published_time":"2020-04-11T09:08:02+00:00","og_image":[{"width":1250,"height":833,"url":"https:\/\/hudo.com\/si\/wp-content\/uploads\/sites\/2\/2019\/02\/profimedia-0264738362.jpg","type":"image\/jpeg"}],"author":"M. N., STA","twitter_card":"summary_large_image","twitter_creator":"@hudo_si","twitter_site":"@hudo_si","twitter_misc":{"Written by":"M. N., STA","Est. reading time":"3 minute"},"schema":{"@context":"https:\/\/schema.org","@graph":[{"@type":"Article","@id":"https:\/\/hudo.com\/si\/aktualno\/podjetja-od-danes-naprej-ze-lahko-zacnejo-oddajati-vloge-za-pomoc\/#article","isPartOf":{"@id":"https:\/\/hudo.com\/si\/aktualno\/podjetja-od-danes-naprej-ze-lahko-zacnejo-oddajati-vloge-za-pomoc\/"},"author":{"name":"M. N., STA","@id":"https:\/\/hudo.com\/si\/#\/schema\/person\/c2f10ce65d2e6ede2aeda5be2a0611fa"},"headline":"Podjetja od danes naprej \u017ee lahko za\u010dnejo oddajati vloge za pomo\u010d","datePublished":"2020-04-11T09:08:02+00:00","dateModified":"2020-04-11T09:08:02+00:00","mainEntityOfPage":{"@id":"https:\/\/hudo.com\/si\/aktualno\/podjetja-od-danes-naprej-ze-lahko-zacnejo-oddajati-vloge-za-pomoc\/"},"wordCount":695,"publisher":{"@id":"https:\/\/hudo.com\/si\/#organization"},"keywords":["interventni zakon","koronavirus","podjetniki","Slovenija"],"articleSection":["Aktualno"],"inLanguage":"sl-SI"},{"@type":"WebPage","@id":"https:\/\/hudo.com\/si\/aktualno\/podjetja-od-danes-naprej-ze-lahko-zacnejo-oddajati-vloge-za-pomoc\/","url":"https:\/\/hudo.com\/si\/aktualno\/podjetja-od-danes-naprej-ze-lahko-zacnejo-oddajati-vloge-za-pomoc\/","name":"Podjetja od danes naprej \u017ee lahko za\u010dnejo oddajati vloge za pomo\u010d - Hudo Slovenija","isPartOf":{"@id":"https:\/\/hudo.com\/si\/#website"},"datePublished":"2020-04-11T09:08:02+00:00","dateModified":"2020-04-11T09:08:02+00:00","breadcrumb":{"@id":"https:\/\/hudo.com\/si\/aktualno\/podjetja-od-danes-naprej-ze-lahko-zacnejo-oddajati-vloge-za-pomoc\/#breadcrumb"},"inLanguage":"sl-SI","potentialAction":[{"@type":"ReadAction","target":["https:\/\/hudo.com\/si\/aktualno\/podjetja-od-danes-naprej-ze-lahko-zacnejo-oddajati-vloge-za-pomoc\/"]}]},{"@type":"BreadcrumbList","@id":"https:\/\/hudo.com\/si\/aktualno\/podjetja-od-danes-naprej-ze-lahko-zacnejo-oddajati-vloge-za-pomoc\/#breadcrumb","itemListElement":[{"@type":"ListItem","position":1,"name":"Home","item":"https:\/\/hudo.com\/si\/"},{"@type":"ListItem","position":2,"name":"Podjetja od danes naprej \u017ee lahko za\u010dnejo oddajati vloge za pomo\u010d"}]},{"@type":"WebSite","@id":"https:\/\/hudo.com\/si\/#website","url":"https:\/\/hudo.com\/si\/","name":"Hudo Slovenija","description":"Vse novice iz Slovenije in sveta","publisher":{"@id":"https:\/\/hudo.com\/si\/#organization"},"potentialAction":[{"@type":"SearchAction","target":{"@type":"EntryPoint","urlTemplate":"https:\/\/hudo.com\/si\/?s={search_term_string}"},"query-input":"required name=search_term_string"}],"inLanguage":"sl-SI"},{"@type":"Organization","@id":"https:\/\/hudo.com\/si\/#organization","name":"VSN Media","url":"https:\/\/hudo.com\/si\/","logo":{"@type":"ImageObject","inLanguage":"sl-SI","@id":"https:\/\/hudo.com\/si\/#\/schema\/logo\/image\/","url":"https:\/\/hudo.com\/si\/wp-content\/uploads\/sites\/2\/2021\/03\/hudo-app-2.png","contentUrl":"https:\/\/hudo.com\/si\/wp-content\/uploads\/sites\/2\/2021\/03\/hudo-app-2.png","width":2185,"height":2167,"caption":"VSN Media"},"image":{"@id":"https:\/\/hudo.com\/si\/#\/schema\/logo\/image\/"},"sameAs":["https:\/\/www.facebook.com\/hudo.si","https:\/\/twitter.com\/hudo_si"]},{"@type":"Person","@id":"https:\/\/hudo.com\/si\/#\/schema\/person\/c2f10ce65d2e6ede2aeda5be2a0611fa","name":"M. N., STA","image":{"@type":"ImageObject","inLanguage":"sl-SI","@id":"https:\/\/hudo.com\/si\/#\/schema\/person\/image\/","url":"https:\/\/secure.gravatar.com\/avatar\/f370d38daa10467f755c5c766a4cac20?s=96&d=mm&r=g","contentUrl":"https:\/\/secure.gravatar.com\/avatar\/f370d38daa10467f755c5c766a4cac20?s=96&d=mm&r=g","caption":"M. N., STA"},"url":"https:\/\/hudo.com\/si\/author\/mana\/"}]}},"amp_enabled":true,"_links":{"self":[{"href":"https:\/\/hudo.com\/si\/wp-json\/wp\/v2\/posts\/420728"}],"collection":[{"href":"https:\/\/hudo.com\/si\/wp-json\/wp\/v2\/posts"}],"about":[{"href":"https:\/\/hudo.com\/si\/wp-json\/wp\/v2\/types\/post"}],"author":[{"embeddable":true,"href":"https:\/\/hudo.com\/si\/wp-json\/wp\/v2\/users\/8"}],"replies":[{"embeddable":true,"href":"https:\/\/hudo.com\/si\/wp-json\/wp\/v2\/comments?post=420728"}],"version-history":[{"count":1,"href":"https:\/\/hudo.com\/si\/wp-json\/wp\/v2\/posts\/420728\/revisions"}],"predecessor-version":[{"id":420729,"href":"https:\/\/hudo.com\/si\/wp-json\/wp\/v2\/posts\/420728\/revisions\/420729"}],"wp:featuredmedia":[{"embeddable":true,"href":"https:\/\/hudo.com\/si\/wp-json\/wp\/v2\/media\/392301"}],"wp:attachment":[{"href":"https:\/\/hudo.com\/si\/wp-json\/wp\/v2\/media?parent=420728"}],"wp:term":[{"taxonomy":"category","embeddable":true,"href":"https:\/\/hudo.com\/si\/wp-json\/wp\/v2\/categories?post=420728"},{"taxonomy":"post_tag","embeddable":true,"href":"https:\/\/hudo.com\/si\/wp-json\/wp\/v2\/tags?post=420728"},{"taxonomy":"source","embeddable":true,"href":"https:\/\/hudo.com\/si\/wp-json\/wp\/v2\/source?post=420728"},{"taxonomy":"supertag","embeddable":true,"href":"https:\/\/hudo.com\/si\/wp-json\/wp\/v2\/supertag?post=420728"}],"curies":[{"name":"wp","href":"https:\/\/api.w.org\/{rel}","templated":true}]}}