{"id":420741,"date":"2020-04-11T14:46:05","date_gmt":"2020-04-11T12:46:05","guid":{"rendered":"http:\/\/hudo.com\/si\/?p=420741"},"modified":"2020-04-11T14:46:05","modified_gmt":"2020-04-11T12:46:05","slug":"kurz-preprican-da-nacrtovano-odprtje-manjsih-trgovin-ne-bo-povzrocilo-drasticnega-porasta-okuzb","status":"publish","type":"post","link":"https:\/\/hudo.com\/si\/aktualno\/kurz-preprican-da-nacrtovano-odprtje-manjsih-trgovin-ne-bo-povzrocilo-drasticnega-porasta-okuzb\/","title":{"rendered":"Kurz prepri\u010dan, da na\u010drtovano odprtje manj\u0161ih trgovin ne bo povzro\u010dilo drasti\u010dnega porasta oku\u017eb"},"content":{"rendered":"<p>&#8220;To, kar se \u0161tevilnim zdi nenevarno, da se sre\u010damo s prijatelji in svojci, ki niso bolni, ravno to je najnevarnej\u0161e,&#8221; je opozoril Kurz v oddaji Im Journal zu Gast.<\/p>\n<p>Kancler je menja, da bo odprtje manj\u0161ih trgovin delovalo, &#8220;ne da bi pri\u0161lo do dramati\u010dne \u0161iritve&#8221;. Vendar bo treba upo\u0161tevati vse ukrepe, je opozoril in spet branil karantenske ukrepe. Za primerjavo je navedel, da so celo dr\u017eave, ki so zasledovale politiko preku\u017eenosti, med njimi Velika Britanija in Nizozemska, spremenile smernice.<\/p>\n<p>Glede odprtja \u0161ol v sredini maja je pojasnil, da bo avstrijska vlada o tem odlo\u010dala konec aprila. \u010ce se bodo \u0161ole odprle, bodo seveda veljali strogi varnostni ukrepi, kot je uporaba za\u0161\u010ditnih mask, je dodal.<\/p>\n<p>Kurz je spomnil \u0161e na 38 milijard evrov vreden paket pomo\u010di, s katerim \u017eelijo ubla\u017eiti posledice krize. Pri vladi si \u017eelijo, da ljudje obdr\u017eijo svoja delovna mesta, tudi \u010de podjetja izgubijo prihodek, je dodal.<\/p>\n<p>V Avstriji so doslej potrdili 13.672 oku\u017eb z novim koronavirusom, od tega jih je skoraj polovica, 6604 \u017ee zdravih. Zaradi covida-19 je umrlo 337 ljudi. Oku\u017eenih je tako \u0161e 6731 ljudi, kar je \u0161tiri odstotke manj kot v petek. V bolni\u0161nicah obravnavajo 1036 oseb, 246 jih je na intenzivni negi.<\/p>\n","protected":false},"excerpt":{"rendered":"<p>Avstrijski kancler Sebastian Kurz je danes sodr\u017eavljane ponovno pozval, naj za veliko no\u010d in prihodnje dni upo\u0161tevajo omejitve gibanja. Kr\u0161enje tega bi namre\u010d vodilo v \u0161irjenje novega koronavirusa. Na drugi strani je prepri\u010dan, da na\u010drtovano odprtje manj\u0161ih trgovin ne bo povzro\u010dilo drasti\u010dnega porasta oku\u017eb, poro\u010da avstrijska tiskovna agencija APA.<\/p>\n","protected":false},"author":8,"featured_media":399008,"comment_status":"closed","ping_status":"closed","sticky":false,"template":"","format":"standard","meta":{"footnotes":""},"categories":[1179],"tags":[1934,15632,6982],"source":[4511],"supertag":[6103],"acf":[],"yoast_head":"<!-- This site is optimized with the Yoast SEO plugin v21.3 - https:\/\/yoast.com\/wordpress\/plugins\/seo\/ -->\n<title>Kurz prepri\u010dan, da na\u010drtovano odprtje manj\u0161ih trgovin ne bo povzro\u010dilo drasti\u010dnega porasta oku\u017eb - Hudo Slovenija<\/title>\n<meta name=\"robots\" content=\"index, follow, max-snippet:-1, max-image-preview:large, max-video-preview:-1\" \/>\n<link rel=\"canonical\" href=\"https:\/\/hudo.com\/si\/aktualno\/kurz-preprican-da-nacrtovano-odprtje-manjsih-trgovin-ne-bo-povzrocilo-drasticnega-porasta-okuzb\/\" \/>\n<meta property=\"og:locale\" content=\"sl_SI\" \/>\n<meta property=\"og:type\" content=\"article\" \/>\n<meta property=\"og:title\" content=\"Kurz prepri\u010dan, da na\u010drtovano odprtje manj\u0161ih trgovin ne bo povzro\u010dilo drasti\u010dnega porasta oku\u017eb - Hudo Slovenija\" \/>\n<meta property=\"og:description\" content=\"Avstrijski kancler Sebastian Kurz je danes sodr\u017eavljane ponovno pozval, naj za veliko no\u010d in prihodnje dni upo\u0161tevajo omejitve gibanja. Kr\u0161enje tega bi namre\u010d vodilo v \u0161irjenje novega koronavirusa. Na drugi strani je prepri\u010dan, da na\u010drtovano odprtje manj\u0161ih trgovin ne bo povzro\u010dilo drasti\u010dnega porasta oku\u017eb, poro\u010da avstrijska tiskovna agencija APA.\" \/>\n<meta property=\"og:url\" content=\"https:\/\/hudo.com\/si\/aktualno\/kurz-preprican-da-nacrtovano-odprtje-manjsih-trgovin-ne-bo-povzrocilo-drasticnega-porasta-okuzb\/\" \/>\n<meta property=\"og:site_name\" content=\"Hudo Slovenija\" \/>\n<meta property=\"article:publisher\" content=\"https:\/\/www.facebook.com\/hudo.si\" \/>\n<meta property=\"article:published_time\" content=\"2020-04-11T12:46:05+00:00\" \/>\n<meta property=\"og:image\" content=\"https:\/\/hudo.com\/si\/wp-content\/uploads\/sites\/2\/2019\/05\/profimedia-0435244563.jpg\" \/>\n\t<meta property=\"og:image:width\" content=\"1250\" \/>\n\t<meta property=\"og:image:height\" content=\"831\" \/>\n\t<meta property=\"og:image:type\" content=\"image\/jpeg\" \/>\n<meta name=\"author\" content=\"M. N., STA\" \/>\n<meta name=\"twitter:card\" content=\"summary_large_image\" \/>\n<meta name=\"twitter:creator\" content=\"@hudo_si\" \/>\n<meta name=\"twitter:site\" content=\"@hudo_si\" \/>\n<meta name=\"twitter:label1\" content=\"Written by\" \/>\n\t<meta name=\"twitter:data1\" content=\"M. N., STA\" \/>\n\t<meta name=\"twitter:label2\" content=\"Est. reading time\" \/>\n\t<meta name=\"twitter:data2\" content=\"1 minuta\" \/>\n<script type=\"application\/ld+json\" class=\"yoast-schema-graph\">{\"@context\":\"https:\/\/schema.org\",\"@graph\":[{\"@type\":\"Article\",\"@id\":\"https:\/\/hudo.com\/si\/aktualno\/kurz-preprican-da-nacrtovano-odprtje-manjsih-trgovin-ne-bo-povzrocilo-drasticnega-porasta-okuzb\/#article\",\"isPartOf\":{\"@id\":\"https:\/\/hudo.com\/si\/aktualno\/kurz-preprican-da-nacrtovano-odprtje-manjsih-trgovin-ne-bo-povzrocilo-drasticnega-porasta-okuzb\/\"},\"author\":{\"name\":\"M. N., STA\",\"@id\":\"https:\/\/hudo.com\/si\/#\/schema\/person\/c2f10ce65d2e6ede2aeda5be2a0611fa\"},\"headline\":\"Kurz prepri\u010dan, da na\u010drtovano odprtje manj\u0161ih trgovin ne bo povzro\u010dilo drasti\u010dnega porasta oku\u017eb\",\"datePublished\":\"2020-04-11T12:46:05+00:00\",\"dateModified\":\"2020-04-11T12:46:05+00:00\",\"mainEntityOfPage\":{\"@id\":\"https:\/\/hudo.com\/si\/aktualno\/kurz-preprican-da-nacrtovano-odprtje-manjsih-trgovin-ne-bo-povzrocilo-drasticnega-porasta-okuzb\/\"},\"wordCount\":226,\"publisher\":{\"@id\":\"https:\/\/hudo.com\/si\/#organization\"},\"keywords\":[\"Avstrija\",\"koronavirus\",\"Sebastian Kurz\"],\"articleSection\":[\"Aktualno\"],\"inLanguage\":\"sl-SI\"},{\"@type\":\"WebPage\",\"@id\":\"https:\/\/hudo.com\/si\/aktualno\/kurz-preprican-da-nacrtovano-odprtje-manjsih-trgovin-ne-bo-povzrocilo-drasticnega-porasta-okuzb\/\",\"url\":\"https:\/\/hudo.com\/si\/aktualno\/kurz-preprican-da-nacrtovano-odprtje-manjsih-trgovin-ne-bo-povzrocilo-drasticnega-porasta-okuzb\/\",\"name\":\"Kurz prepri\u010dan, da na\u010drtovano odprtje manj\u0161ih trgovin ne bo povzro\u010dilo drasti\u010dnega porasta oku\u017eb - Hudo Slovenija\",\"isPartOf\":{\"@id\":\"https:\/\/hudo.com\/si\/#website\"},\"datePublished\":\"2020-04-11T12:46:05+00:00\",\"dateModified\":\"2020-04-11T12:46:05+00:00\",\"breadcrumb\":{\"@id\":\"https:\/\/hudo.com\/si\/aktualno\/kurz-preprican-da-nacrtovano-odprtje-manjsih-trgovin-ne-bo-povzrocilo-drasticnega-porasta-okuzb\/#breadcrumb\"},\"inLanguage\":\"sl-SI\",\"potentialAction\":[{\"@type\":\"ReadAction\",\"target\":[\"https:\/\/hudo.com\/si\/aktualno\/kurz-preprican-da-nacrtovano-odprtje-manjsih-trgovin-ne-bo-povzrocilo-drasticnega-porasta-okuzb\/\"]}]},{\"@type\":\"BreadcrumbList\",\"@id\":\"https:\/\/hudo.com\/si\/aktualno\/kurz-preprican-da-nacrtovano-odprtje-manjsih-trgovin-ne-bo-povzrocilo-drasticnega-porasta-okuzb\/#breadcrumb\",\"itemListElement\":[{\"@type\":\"ListItem\",\"position\":1,\"name\":\"Home\",\"item\":\"https:\/\/hudo.com\/si\/\"},{\"@type\":\"ListItem\",\"position\":2,\"name\":\"Kurz prepri\u010dan, da na\u010drtovano odprtje manj\u0161ih trgovin ne bo povzro\u010dilo drasti\u010dnega porasta oku\u017eb\"}]},{\"@type\":\"WebSite\",\"@id\":\"https:\/\/hudo.com\/si\/#website\",\"url\":\"https:\/\/hudo.com\/si\/\",\"name\":\"Hudo Slovenija\",\"description\":\"Vse novice iz Slovenije in sveta\",\"publisher\":{\"@id\":\"https:\/\/hudo.com\/si\/#organization\"},\"potentialAction\":[{\"@type\":\"SearchAction\",\"target\":{\"@type\":\"EntryPoint\",\"urlTemplate\":\"https:\/\/hudo.com\/si\/?s={search_term_string}\"},\"query-input\":\"required name=search_term_string\"}],\"inLanguage\":\"sl-SI\"},{\"@type\":\"Organization\",\"@id\":\"https:\/\/hudo.com\/si\/#organization\",\"name\":\"VSN Media\",\"url\":\"https:\/\/hudo.com\/si\/\",\"logo\":{\"@type\":\"ImageObject\",\"inLanguage\":\"sl-SI\",\"@id\":\"https:\/\/hudo.com\/si\/#\/schema\/logo\/image\/\",\"url\":\"https:\/\/hudo.com\/si\/wp-content\/uploads\/sites\/2\/2021\/03\/hudo-app-2.png\",\"contentUrl\":\"https:\/\/hudo.com\/si\/wp-content\/uploads\/sites\/2\/2021\/03\/hudo-app-2.png\",\"width\":2185,\"height\":2167,\"caption\":\"VSN Media\"},\"image\":{\"@id\":\"https:\/\/hudo.com\/si\/#\/schema\/logo\/image\/\"},\"sameAs\":[\"https:\/\/www.facebook.com\/hudo.si\",\"https:\/\/twitter.com\/hudo_si\"]},{\"@type\":\"Person\",\"@id\":\"https:\/\/hudo.com\/si\/#\/schema\/person\/c2f10ce65d2e6ede2aeda5be2a0611fa\",\"name\":\"M. N., STA\",\"image\":{\"@type\":\"ImageObject\",\"inLanguage\":\"sl-SI\",\"@id\":\"https:\/\/hudo.com\/si\/#\/schema\/person\/image\/\",\"url\":\"https:\/\/secure.gravatar.com\/avatar\/f370d38daa10467f755c5c766a4cac20?s=96&d=mm&r=g\",\"contentUrl\":\"https:\/\/secure.gravatar.com\/avatar\/f370d38daa10467f755c5c766a4cac20?s=96&d=mm&r=g\",\"caption\":\"M. N., STA\"},\"url\":\"https:\/\/hudo.com\/si\/author\/mana\/\"}]}<\/script>\n<!-- \/ Yoast SEO plugin. -->","yoast_head_json":{"title":"Kurz prepri\u010dan, da na\u010drtovano odprtje manj\u0161ih trgovin ne bo povzro\u010dilo drasti\u010dnega porasta oku\u017eb - Hudo Slovenija","robots":{"index":"index","follow":"follow","max-snippet":"max-snippet:-1","max-image-preview":"max-image-preview:large","max-video-preview":"max-video-preview:-1"},"canonical":"https:\/\/hudo.com\/si\/aktualno\/kurz-preprican-da-nacrtovano-odprtje-manjsih-trgovin-ne-bo-povzrocilo-drasticnega-porasta-okuzb\/","og_locale":"sl_SI","og_type":"article","og_title":"Kurz prepri\u010dan, da na\u010drtovano odprtje manj\u0161ih trgovin ne bo povzro\u010dilo drasti\u010dnega porasta oku\u017eb - Hudo Slovenija","og_description":"Avstrijski kancler Sebastian Kurz je danes sodr\u017eavljane ponovno pozval, naj za veliko no\u010d in prihodnje dni upo\u0161tevajo omejitve gibanja. Kr\u0161enje tega bi namre\u010d vodilo v \u0161irjenje novega koronavirusa. Na drugi strani je prepri\u010dan, da na\u010drtovano odprtje manj\u0161ih trgovin ne bo povzro\u010dilo drasti\u010dnega porasta oku\u017eb, poro\u010da avstrijska tiskovna agencija APA.","og_url":"https:\/\/hudo.com\/si\/aktualno\/kurz-preprican-da-nacrtovano-odprtje-manjsih-trgovin-ne-bo-povzrocilo-drasticnega-porasta-okuzb\/","og_site_name":"Hudo Slovenija","article_publisher":"https:\/\/www.facebook.com\/hudo.si","article_published_time":"2020-04-11T12:46:05+00:00","og_image":[{"width":1250,"height":831,"url":"https:\/\/hudo.com\/si\/wp-content\/uploads\/sites\/2\/2019\/05\/profimedia-0435244563.jpg","type":"image\/jpeg"}],"author":"M. N., STA","twitter_card":"summary_large_image","twitter_creator":"@hudo_si","twitter_site":"@hudo_si","twitter_misc":{"Written by":"M. N., STA","Est. reading time":"1 minuta"},"schema":{"@context":"https:\/\/schema.org","@graph":[{"@type":"Article","@id":"https:\/\/hudo.com\/si\/aktualno\/kurz-preprican-da-nacrtovano-odprtje-manjsih-trgovin-ne-bo-povzrocilo-drasticnega-porasta-okuzb\/#article","isPartOf":{"@id":"https:\/\/hudo.com\/si\/aktualno\/kurz-preprican-da-nacrtovano-odprtje-manjsih-trgovin-ne-bo-povzrocilo-drasticnega-porasta-okuzb\/"},"author":{"name":"M. N., STA","@id":"https:\/\/hudo.com\/si\/#\/schema\/person\/c2f10ce65d2e6ede2aeda5be2a0611fa"},"headline":"Kurz prepri\u010dan, da na\u010drtovano odprtje manj\u0161ih trgovin ne bo povzro\u010dilo drasti\u010dnega porasta oku\u017eb","datePublished":"2020-04-11T12:46:05+00:00","dateModified":"2020-04-11T12:46:05+00:00","mainEntityOfPage":{"@id":"https:\/\/hudo.com\/si\/aktualno\/kurz-preprican-da-nacrtovano-odprtje-manjsih-trgovin-ne-bo-povzrocilo-drasticnega-porasta-okuzb\/"},"wordCount":226,"publisher":{"@id":"https:\/\/hudo.com\/si\/#organization"},"keywords":["Avstrija","koronavirus","Sebastian Kurz"],"articleSection":["Aktualno"],"inLanguage":"sl-SI"},{"@type":"WebPage","@id":"https:\/\/hudo.com\/si\/aktualno\/kurz-preprican-da-nacrtovano-odprtje-manjsih-trgovin-ne-bo-povzrocilo-drasticnega-porasta-okuzb\/","url":"https:\/\/hudo.com\/si\/aktualno\/kurz-preprican-da-nacrtovano-odprtje-manjsih-trgovin-ne-bo-povzrocilo-drasticnega-porasta-okuzb\/","name":"Kurz prepri\u010dan, da na\u010drtovano odprtje manj\u0161ih trgovin ne bo povzro\u010dilo drasti\u010dnega porasta oku\u017eb - Hudo Slovenija","isPartOf":{"@id":"https:\/\/hudo.com\/si\/#website"},"datePublished":"2020-04-11T12:46:05+00:00","dateModified":"2020-04-11T12:46:05+00:00","breadcrumb":{"@id":"https:\/\/hudo.com\/si\/aktualno\/kurz-preprican-da-nacrtovano-odprtje-manjsih-trgovin-ne-bo-povzrocilo-drasticnega-porasta-okuzb\/#breadcrumb"},"inLanguage":"sl-SI","potentialAction":[{"@type":"ReadAction","target":["https:\/\/hudo.com\/si\/aktualno\/kurz-preprican-da-nacrtovano-odprtje-manjsih-trgovin-ne-bo-povzrocilo-drasticnega-porasta-okuzb\/"]}]},{"@type":"BreadcrumbList","@id":"https:\/\/hudo.com\/si\/aktualno\/kurz-preprican-da-nacrtovano-odprtje-manjsih-trgovin-ne-bo-povzrocilo-drasticnega-porasta-okuzb\/#breadcrumb","itemListElement":[{"@type":"ListItem","position":1,"name":"Home","item":"https:\/\/hudo.com\/si\/"},{"@type":"ListItem","position":2,"name":"Kurz prepri\u010dan, da na\u010drtovano odprtje manj\u0161ih trgovin ne bo povzro\u010dilo drasti\u010dnega porasta oku\u017eb"}]},{"@type":"WebSite","@id":"https:\/\/hudo.com\/si\/#website","url":"https:\/\/hudo.com\/si\/","name":"Hudo Slovenija","description":"Vse novice iz Slovenije in sveta","publisher":{"@id":"https:\/\/hudo.com\/si\/#organization"},"potentialAction":[{"@type":"SearchAction","target":{"@type":"EntryPoint","urlTemplate":"https:\/\/hudo.com\/si\/?s={search_term_string}"},"query-input":"required name=search_term_string"}],"inLanguage":"sl-SI"},{"@type":"Organization","@id":"https:\/\/hudo.com\/si\/#organization","name":"VSN Media","url":"https:\/\/hudo.com\/si\/","logo":{"@type":"ImageObject","inLanguage":"sl-SI","@id":"https:\/\/hudo.com\/si\/#\/schema\/logo\/image\/","url":"https:\/\/hudo.com\/si\/wp-content\/uploads\/sites\/2\/2021\/03\/hudo-app-2.png","contentUrl":"https:\/\/hudo.com\/si\/wp-content\/uploads\/sites\/2\/2021\/03\/hudo-app-2.png","width":2185,"height":2167,"caption":"VSN Media"},"image":{"@id":"https:\/\/hudo.com\/si\/#\/schema\/logo\/image\/"},"sameAs":["https:\/\/www.facebook.com\/hudo.si","https:\/\/twitter.com\/hudo_si"]},{"@type":"Person","@id":"https:\/\/hudo.com\/si\/#\/schema\/person\/c2f10ce65d2e6ede2aeda5be2a0611fa","name":"M. N., STA","image":{"@type":"ImageObject","inLanguage":"sl-SI","@id":"https:\/\/hudo.com\/si\/#\/schema\/person\/image\/","url":"https:\/\/secure.gravatar.com\/avatar\/f370d38daa10467f755c5c766a4cac20?s=96&d=mm&r=g","contentUrl":"https:\/\/secure.gravatar.com\/avatar\/f370d38daa10467f755c5c766a4cac20?s=96&d=mm&r=g","caption":"M. N., STA"},"url":"https:\/\/hudo.com\/si\/author\/mana\/"}]}},"amp_enabled":true,"_links":{"self":[{"href":"https:\/\/hudo.com\/si\/wp-json\/wp\/v2\/posts\/420741"}],"collection":[{"href":"https:\/\/hudo.com\/si\/wp-json\/wp\/v2\/posts"}],"about":[{"href":"https:\/\/hudo.com\/si\/wp-json\/wp\/v2\/types\/post"}],"author":[{"embeddable":true,"href":"https:\/\/hudo.com\/si\/wp-json\/wp\/v2\/users\/8"}],"replies":[{"embeddable":true,"href":"https:\/\/hudo.com\/si\/wp-json\/wp\/v2\/comments?post=420741"}],"version-history":[{"count":1,"href":"https:\/\/hudo.com\/si\/wp-json\/wp\/v2\/posts\/420741\/revisions"}],"predecessor-version":[{"id":420742,"href":"https:\/\/hudo.com\/si\/wp-json\/wp\/v2\/posts\/420741\/revisions\/420742"}],"wp:featuredmedia":[{"embeddable":true,"href":"https:\/\/hudo.com\/si\/wp-json\/wp\/v2\/media\/399008"}],"wp:attachment":[{"href":"https:\/\/hudo.com\/si\/wp-json\/wp\/v2\/media?parent=420741"}],"wp:term":[{"taxonomy":"category","embeddable":true,"href":"https:\/\/hudo.com\/si\/wp-json\/wp\/v2\/categories?post=420741"},{"taxonomy":"post_tag","embeddable":true,"href":"https:\/\/hudo.com\/si\/wp-json\/wp\/v2\/tags?post=420741"},{"taxonomy":"source","embeddable":true,"href":"https:\/\/hudo.com\/si\/wp-json\/wp\/v2\/source?post=420741"},{"taxonomy":"supertag","embeddable":true,"href":"https:\/\/hudo.com\/si\/wp-json\/wp\/v2\/supertag?post=420741"}],"curies":[{"name":"wp","href":"https:\/\/api.w.org\/{rel}","templated":true}]}}