{"id":420814,"date":"2020-04-13T15:49:32","date_gmt":"2020-04-13T13:49:32","guid":{"rendered":"http:\/\/hudo.com\/si\/?p=420814"},"modified":"2020-04-13T15:49:32","modified_gmt":"2020-04-13T13:49:32","slug":"sredi-ceste-ustavil-italijanskega-voznika-ga-pretepel-grozil-z-motorno-zago","status":"publish","type":"post","link":"https:\/\/hudo.com\/si\/aktualno\/sredi-ceste-ustavil-italijanskega-voznika-ga-pretepel-grozil-z-motorno-zago\/","title":{"rendered":"Sredi ceste ustavil italijanskega voznika, ga pretepel in grozil z motorno \u017eago"},"content":{"rendered":"<p>Kot so danes sporo\u010dili s koprske policijske uprave, je po ugotovitvah policistov 59-letni dr\u017eavljan Italije vozil od \u0160marij proti Kri\u017eu, ko ga je prehitel voznik osebnega avtomobila, brez povoda zmanj\u0161al hitrost svojega vozila, vklopil smerne utripalke in z vozilom presekal pot kamperju.<\/p>\n<p>Italijan je ustavil ob robu vozi\u0161\u010da. Ko je izstopil, pa ga je verbalno napadel mo\u010dno razburjeni voznik avtomobila. Voznik kamperja mu je dopovedoval, da razume samo italijansko, takrat pa se je mo\u0161ki \u0161e bolj razburil in je iz prtlja\u017enika vzel motorno \u017eago, jo pri\u017egal in z njo grozil Italijanu. Nato ga je s pestjo ve\u010dkrat udaril v glavo, pri \u010demer je v levi roki ves \u010das dr\u017eal pri\u017egano motorno \u017eago.<\/p>\n<p>Nadaljnje pretepanje so prepre\u010dili mimoido\u010di vozniki. Italijanski dr\u017eavljan je dobil lahke po\u0161kodbe glave in sam poiskal zdravni\u0161ko pomo\u010d v Zdravstvenem domu Se\u017eana.<\/p>\n<p>Policisti nadaljujejo zbiranje obvestil, mo\u0161kemu pa grozi kazenska ovadba za povzro\u010ditev la\u017eje telesne po\u0161kodbe in ogro\u017eanje z nevarnim orodjem pri pretepu ali prepiru, so \u0161e sporo\u010dili s koprske policijske uprave.<\/p>\n","protected":false},"excerpt":{"rendered":"<p>Policisti \u0161e i\u0161\u010dejo mo\u0161kega, ki je v petek popoldne na cesti pri Se\u017eani ustavil italijanskega dr\u017eavljana, mu grozil s pri\u017egano motorno \u017eago in ga s pestjo ve\u010dkrat udaril v obraz. Potem ko so posredovali mimoido\u010di vozniki, pa se je z avtomobilom odpeljal v smeri \u0160marje-Kri\u017e.<\/p>\n","protected":false},"author":5,"featured_media":256237,"comment_status":"closed","ping_status":"closed","sticky":false,"template":"","format":"standard","meta":{"footnotes":""},"categories":[1179],"tags":[1728,1595],"source":[4511],"supertag":[7150],"acf":[],"yoast_head":"<!-- This site is optimized with the Yoast SEO plugin v21.3 - https:\/\/yoast.com\/wordpress\/plugins\/seo\/ -->\n<title>Sredi ceste ustavil italijanskega voznika, ga pretepel in grozil z motorno \u017eago - Hudo Slovenija<\/title>\n<meta name=\"robots\" content=\"index, follow, max-snippet:-1, max-image-preview:large, max-video-preview:-1\" \/>\n<link rel=\"canonical\" href=\"https:\/\/hudo.com\/si\/aktualno\/sredi-ceste-ustavil-italijanskega-voznika-ga-pretepel-grozil-z-motorno-zago\/\" \/>\n<meta property=\"og:locale\" content=\"sl_SI\" \/>\n<meta property=\"og:type\" content=\"article\" \/>\n<meta property=\"og:title\" content=\"Sredi ceste ustavil italijanskega voznika, ga pretepel in grozil z motorno \u017eago - Hudo Slovenija\" \/>\n<meta property=\"og:description\" content=\"Policisti \u0161e i\u0161\u010dejo mo\u0161kega, ki je v petek popoldne na cesti pri Se\u017eani ustavil italijanskega dr\u017eavljana, mu grozil s pri\u017egano motorno \u017eago in ga s pestjo ve\u010dkrat udaril v obraz. Potem ko so posredovali mimoido\u010di vozniki, pa se je z avtomobilom odpeljal v smeri \u0160marje-Kri\u017e.\" \/>\n<meta property=\"og:url\" content=\"https:\/\/hudo.com\/si\/aktualno\/sredi-ceste-ustavil-italijanskega-voznika-ga-pretepel-grozil-z-motorno-zago\/\" \/>\n<meta property=\"og:site_name\" content=\"Hudo Slovenija\" \/>\n<meta property=\"article:publisher\" content=\"https:\/\/www.facebook.com\/hudo.si\" \/>\n<meta property=\"article:published_time\" content=\"2020-04-13T13:49:32+00:00\" \/>\n<meta property=\"og:image\" content=\"https:\/\/hudo.com\/si\/wp-content\/uploads\/sites\/2\/2017\/05\/20141110-00567217.jpg\" \/>\n\t<meta property=\"og:image:width\" content=\"640\" \/>\n\t<meta property=\"og:image:height\" content=\"547\" \/>\n\t<meta property=\"og:image:type\" content=\"image\/jpeg\" \/>\n<meta name=\"author\" content=\"A. G., STA\" \/>\n<meta name=\"twitter:card\" content=\"summary_large_image\" \/>\n<meta name=\"twitter:creator\" content=\"@hudo_si\" \/>\n<meta name=\"twitter:site\" content=\"@hudo_si\" \/>\n<meta name=\"twitter:label1\" content=\"Written by\" \/>\n\t<meta name=\"twitter:data1\" content=\"A. G., STA\" \/>\n\t<meta name=\"twitter:label2\" content=\"Est. reading time\" \/>\n\t<meta name=\"twitter:data2\" content=\"1 minuta\" \/>\n<script type=\"application\/ld+json\" class=\"yoast-schema-graph\">{\"@context\":\"https:\/\/schema.org\",\"@graph\":[{\"@type\":\"Article\",\"@id\":\"https:\/\/hudo.com\/si\/aktualno\/sredi-ceste-ustavil-italijanskega-voznika-ga-pretepel-grozil-z-motorno-zago\/#article\",\"isPartOf\":{\"@id\":\"https:\/\/hudo.com\/si\/aktualno\/sredi-ceste-ustavil-italijanskega-voznika-ga-pretepel-grozil-z-motorno-zago\/\"},\"author\":{\"name\":\"A. G., STA\",\"@id\":\"https:\/\/hudo.com\/si\/#\/schema\/person\/2391667a63ea075ba94f2f2dc6b77537\"},\"headline\":\"Sredi ceste ustavil italijanskega voznika, ga pretepel in grozil z motorno \u017eago\",\"datePublished\":\"2020-04-13T13:49:32+00:00\",\"dateModified\":\"2020-04-13T13:49:32+00:00\",\"mainEntityOfPage\":{\"@id\":\"https:\/\/hudo.com\/si\/aktualno\/sredi-ceste-ustavil-italijanskega-voznika-ga-pretepel-grozil-z-motorno-zago\/\"},\"wordCount\":200,\"publisher\":{\"@id\":\"https:\/\/hudo.com\/si\/#organization\"},\"keywords\":[\"policija\",\"Slovenija\"],\"articleSection\":[\"Aktualno\"],\"inLanguage\":\"sl-SI\"},{\"@type\":\"WebPage\",\"@id\":\"https:\/\/hudo.com\/si\/aktualno\/sredi-ceste-ustavil-italijanskega-voznika-ga-pretepel-grozil-z-motorno-zago\/\",\"url\":\"https:\/\/hudo.com\/si\/aktualno\/sredi-ceste-ustavil-italijanskega-voznika-ga-pretepel-grozil-z-motorno-zago\/\",\"name\":\"Sredi ceste ustavil italijanskega voznika, ga pretepel in grozil z motorno \u017eago - Hudo Slovenija\",\"isPartOf\":{\"@id\":\"https:\/\/hudo.com\/si\/#website\"},\"datePublished\":\"2020-04-13T13:49:32+00:00\",\"dateModified\":\"2020-04-13T13:49:32+00:00\",\"breadcrumb\":{\"@id\":\"https:\/\/hudo.com\/si\/aktualno\/sredi-ceste-ustavil-italijanskega-voznika-ga-pretepel-grozil-z-motorno-zago\/#breadcrumb\"},\"inLanguage\":\"sl-SI\",\"potentialAction\":[{\"@type\":\"ReadAction\",\"target\":[\"https:\/\/hudo.com\/si\/aktualno\/sredi-ceste-ustavil-italijanskega-voznika-ga-pretepel-grozil-z-motorno-zago\/\"]}]},{\"@type\":\"BreadcrumbList\",\"@id\":\"https:\/\/hudo.com\/si\/aktualno\/sredi-ceste-ustavil-italijanskega-voznika-ga-pretepel-grozil-z-motorno-zago\/#breadcrumb\",\"itemListElement\":[{\"@type\":\"ListItem\",\"position\":1,\"name\":\"Home\",\"item\":\"https:\/\/hudo.com\/si\/\"},{\"@type\":\"ListItem\",\"position\":2,\"name\":\"Sredi ceste ustavil italijanskega voznika, ga pretepel in grozil z motorno \u017eago\"}]},{\"@type\":\"WebSite\",\"@id\":\"https:\/\/hudo.com\/si\/#website\",\"url\":\"https:\/\/hudo.com\/si\/\",\"name\":\"Hudo Slovenija\",\"description\":\"Vse novice iz Slovenije in sveta\",\"publisher\":{\"@id\":\"https:\/\/hudo.com\/si\/#organization\"},\"potentialAction\":[{\"@type\":\"SearchAction\",\"target\":{\"@type\":\"EntryPoint\",\"urlTemplate\":\"https:\/\/hudo.com\/si\/?s={search_term_string}\"},\"query-input\":\"required name=search_term_string\"}],\"inLanguage\":\"sl-SI\"},{\"@type\":\"Organization\",\"@id\":\"https:\/\/hudo.com\/si\/#organization\",\"name\":\"VSN Media\",\"url\":\"https:\/\/hudo.com\/si\/\",\"logo\":{\"@type\":\"ImageObject\",\"inLanguage\":\"sl-SI\",\"@id\":\"https:\/\/hudo.com\/si\/#\/schema\/logo\/image\/\",\"url\":\"https:\/\/hudo.com\/si\/wp-content\/uploads\/sites\/2\/2021\/03\/hudo-app-2.png\",\"contentUrl\":\"https:\/\/hudo.com\/si\/wp-content\/uploads\/sites\/2\/2021\/03\/hudo-app-2.png\",\"width\":2185,\"height\":2167,\"caption\":\"VSN Media\"},\"image\":{\"@id\":\"https:\/\/hudo.com\/si\/#\/schema\/logo\/image\/\"},\"sameAs\":[\"https:\/\/www.facebook.com\/hudo.si\",\"https:\/\/twitter.com\/hudo_si\"]},{\"@type\":\"Person\",\"@id\":\"https:\/\/hudo.com\/si\/#\/schema\/person\/2391667a63ea075ba94f2f2dc6b77537\",\"name\":\"A. G., STA\",\"image\":{\"@type\":\"ImageObject\",\"inLanguage\":\"sl-SI\",\"@id\":\"https:\/\/hudo.com\/si\/#\/schema\/person\/image\/\",\"url\":\"https:\/\/secure.gravatar.com\/avatar\/e13d22ac3e442658d5025fbbe6238a79?s=96&d=mm&r=g\",\"contentUrl\":\"https:\/\/secure.gravatar.com\/avatar\/e13d22ac3e442658d5025fbbe6238a79?s=96&d=mm&r=g\",\"caption\":\"A. G., STA\"},\"url\":\"https:\/\/hudo.com\/si\/author\/alenka\/\"}]}<\/script>\n<!-- \/ Yoast SEO plugin. -->","yoast_head_json":{"title":"Sredi ceste ustavil italijanskega voznika, ga pretepel in grozil z motorno \u017eago - Hudo Slovenija","robots":{"index":"index","follow":"follow","max-snippet":"max-snippet:-1","max-image-preview":"max-image-preview:large","max-video-preview":"max-video-preview:-1"},"canonical":"https:\/\/hudo.com\/si\/aktualno\/sredi-ceste-ustavil-italijanskega-voznika-ga-pretepel-grozil-z-motorno-zago\/","og_locale":"sl_SI","og_type":"article","og_title":"Sredi ceste ustavil italijanskega voznika, ga pretepel in grozil z motorno \u017eago - Hudo Slovenija","og_description":"Policisti \u0161e i\u0161\u010dejo mo\u0161kega, ki je v petek popoldne na cesti pri Se\u017eani ustavil italijanskega dr\u017eavljana, mu grozil s pri\u017egano motorno \u017eago in ga s pestjo ve\u010dkrat udaril v obraz. Potem ko so posredovali mimoido\u010di vozniki, pa se je z avtomobilom odpeljal v smeri \u0160marje-Kri\u017e.","og_url":"https:\/\/hudo.com\/si\/aktualno\/sredi-ceste-ustavil-italijanskega-voznika-ga-pretepel-grozil-z-motorno-zago\/","og_site_name":"Hudo Slovenija","article_publisher":"https:\/\/www.facebook.com\/hudo.si","article_published_time":"2020-04-13T13:49:32+00:00","og_image":[{"width":640,"height":547,"url":"https:\/\/hudo.com\/si\/wp-content\/uploads\/sites\/2\/2017\/05\/20141110-00567217.jpg","type":"image\/jpeg"}],"author":"A. G., STA","twitter_card":"summary_large_image","twitter_creator":"@hudo_si","twitter_site":"@hudo_si","twitter_misc":{"Written by":"A. G., STA","Est. reading time":"1 minuta"},"schema":{"@context":"https:\/\/schema.org","@graph":[{"@type":"Article","@id":"https:\/\/hudo.com\/si\/aktualno\/sredi-ceste-ustavil-italijanskega-voznika-ga-pretepel-grozil-z-motorno-zago\/#article","isPartOf":{"@id":"https:\/\/hudo.com\/si\/aktualno\/sredi-ceste-ustavil-italijanskega-voznika-ga-pretepel-grozil-z-motorno-zago\/"},"author":{"name":"A. G., STA","@id":"https:\/\/hudo.com\/si\/#\/schema\/person\/2391667a63ea075ba94f2f2dc6b77537"},"headline":"Sredi ceste ustavil italijanskega voznika, ga pretepel in grozil z motorno \u017eago","datePublished":"2020-04-13T13:49:32+00:00","dateModified":"2020-04-13T13:49:32+00:00","mainEntityOfPage":{"@id":"https:\/\/hudo.com\/si\/aktualno\/sredi-ceste-ustavil-italijanskega-voznika-ga-pretepel-grozil-z-motorno-zago\/"},"wordCount":200,"publisher":{"@id":"https:\/\/hudo.com\/si\/#organization"},"keywords":["policija","Slovenija"],"articleSection":["Aktualno"],"inLanguage":"sl-SI"},{"@type":"WebPage","@id":"https:\/\/hudo.com\/si\/aktualno\/sredi-ceste-ustavil-italijanskega-voznika-ga-pretepel-grozil-z-motorno-zago\/","url":"https:\/\/hudo.com\/si\/aktualno\/sredi-ceste-ustavil-italijanskega-voznika-ga-pretepel-grozil-z-motorno-zago\/","name":"Sredi ceste ustavil italijanskega voznika, ga pretepel in grozil z motorno \u017eago - Hudo Slovenija","isPartOf":{"@id":"https:\/\/hudo.com\/si\/#website"},"datePublished":"2020-04-13T13:49:32+00:00","dateModified":"2020-04-13T13:49:32+00:00","breadcrumb":{"@id":"https:\/\/hudo.com\/si\/aktualno\/sredi-ceste-ustavil-italijanskega-voznika-ga-pretepel-grozil-z-motorno-zago\/#breadcrumb"},"inLanguage":"sl-SI","potentialAction":[{"@type":"ReadAction","target":["https:\/\/hudo.com\/si\/aktualno\/sredi-ceste-ustavil-italijanskega-voznika-ga-pretepel-grozil-z-motorno-zago\/"]}]},{"@type":"BreadcrumbList","@id":"https:\/\/hudo.com\/si\/aktualno\/sredi-ceste-ustavil-italijanskega-voznika-ga-pretepel-grozil-z-motorno-zago\/#breadcrumb","itemListElement":[{"@type":"ListItem","position":1,"name":"Home","item":"https:\/\/hudo.com\/si\/"},{"@type":"ListItem","position":2,"name":"Sredi ceste ustavil italijanskega voznika, ga pretepel in grozil z motorno \u017eago"}]},{"@type":"WebSite","@id":"https:\/\/hudo.com\/si\/#website","url":"https:\/\/hudo.com\/si\/","name":"Hudo Slovenija","description":"Vse novice iz Slovenije in sveta","publisher":{"@id":"https:\/\/hudo.com\/si\/#organization"},"potentialAction":[{"@type":"SearchAction","target":{"@type":"EntryPoint","urlTemplate":"https:\/\/hudo.com\/si\/?s={search_term_string}"},"query-input":"required name=search_term_string"}],"inLanguage":"sl-SI"},{"@type":"Organization","@id":"https:\/\/hudo.com\/si\/#organization","name":"VSN Media","url":"https:\/\/hudo.com\/si\/","logo":{"@type":"ImageObject","inLanguage":"sl-SI","@id":"https:\/\/hudo.com\/si\/#\/schema\/logo\/image\/","url":"https:\/\/hudo.com\/si\/wp-content\/uploads\/sites\/2\/2021\/03\/hudo-app-2.png","contentUrl":"https:\/\/hudo.com\/si\/wp-content\/uploads\/sites\/2\/2021\/03\/hudo-app-2.png","width":2185,"height":2167,"caption":"VSN Media"},"image":{"@id":"https:\/\/hudo.com\/si\/#\/schema\/logo\/image\/"},"sameAs":["https:\/\/www.facebook.com\/hudo.si","https:\/\/twitter.com\/hudo_si"]},{"@type":"Person","@id":"https:\/\/hudo.com\/si\/#\/schema\/person\/2391667a63ea075ba94f2f2dc6b77537","name":"A. G., STA","image":{"@type":"ImageObject","inLanguage":"sl-SI","@id":"https:\/\/hudo.com\/si\/#\/schema\/person\/image\/","url":"https:\/\/secure.gravatar.com\/avatar\/e13d22ac3e442658d5025fbbe6238a79?s=96&d=mm&r=g","contentUrl":"https:\/\/secure.gravatar.com\/avatar\/e13d22ac3e442658d5025fbbe6238a79?s=96&d=mm&r=g","caption":"A. G., STA"},"url":"https:\/\/hudo.com\/si\/author\/alenka\/"}]}},"amp_enabled":true,"_links":{"self":[{"href":"https:\/\/hudo.com\/si\/wp-json\/wp\/v2\/posts\/420814"}],"collection":[{"href":"https:\/\/hudo.com\/si\/wp-json\/wp\/v2\/posts"}],"about":[{"href":"https:\/\/hudo.com\/si\/wp-json\/wp\/v2\/types\/post"}],"author":[{"embeddable":true,"href":"https:\/\/hudo.com\/si\/wp-json\/wp\/v2\/users\/5"}],"replies":[{"embeddable":true,"href":"https:\/\/hudo.com\/si\/wp-json\/wp\/v2\/comments?post=420814"}],"version-history":[{"count":1,"href":"https:\/\/hudo.com\/si\/wp-json\/wp\/v2\/posts\/420814\/revisions"}],"predecessor-version":[{"id":420815,"href":"https:\/\/hudo.com\/si\/wp-json\/wp\/v2\/posts\/420814\/revisions\/420815"}],"wp:featuredmedia":[{"embeddable":true,"href":"https:\/\/hudo.com\/si\/wp-json\/wp\/v2\/media\/256237"}],"wp:attachment":[{"href":"https:\/\/hudo.com\/si\/wp-json\/wp\/v2\/media?parent=420814"}],"wp:term":[{"taxonomy":"category","embeddable":true,"href":"https:\/\/hudo.com\/si\/wp-json\/wp\/v2\/categories?post=420814"},{"taxonomy":"post_tag","embeddable":true,"href":"https:\/\/hudo.com\/si\/wp-json\/wp\/v2\/tags?post=420814"},{"taxonomy":"source","embeddable":true,"href":"https:\/\/hudo.com\/si\/wp-json\/wp\/v2\/source?post=420814"},{"taxonomy":"supertag","embeddable":true,"href":"https:\/\/hudo.com\/si\/wp-json\/wp\/v2\/supertag?post=420814"}],"curies":[{"name":"wp","href":"https:\/\/api.w.org\/{rel}","templated":true}]}}