{"id":420848,"date":"2020-04-14T12:07:51","date_gmt":"2020-04-14T10:07:51","guid":{"rendered":"http:\/\/hudo.com\/si\/?p=420848"},"modified":"2020-04-14T12:07:51","modified_gmt":"2020-04-14T10:07:51","slug":"prvi-manjsi-paket-sproscanja-omejitev-odvisno-od-poteka-dogodkov-morda-ze-naslednji-ponedeljek","status":"publish","type":"post","link":"https:\/\/hudo.com\/si\/aktualno\/prvi-manjsi-paket-sproscanja-omejitev-odvisno-od-poteka-dogodkov-morda-ze-naslednji-ponedeljek\/","title":{"rendered":"Prvi manj\u0161i paket spro\u0161\u010danja omejitev odvisno od poteka dogodkov morda \u017ee naslednji ponedeljek"},"content":{"rendered":"<p>Kot je na dana\u0161nji novinarski konferenci dejala Beovi\u0107eva, mora biti pred za\u010detkom spro\u0161\u010danja ukrepov izpolnjenih ve\u010d pogojev. Uga\u0161anje epidemije mora biti prepri\u010dljivo in mora trajati vsaj nekaj dni. Poleg tega mora biti v Sloveniji na razpolago veliko testiranj, s katerimi bodo pristojni odkrili \u010dim ve\u010d primerov, ki bi se lahko raz\u0161irili v nova \u017eari\u0161\u010da.<\/p>\n<p>&#8220;Pomembna je u\u010dinkovita epidemiolo\u0161ka slu\u017eba, ki bo zaznala vsak nov primer ali izbruh, ga analizirala in omejila. Ker je tako kot na \u0161tevilnih drugih podro\u010djih v Sloveniji usposobljenih strokovnjakov za to delo malo, si veliko obetamo od sodobne tehnologije, ki nas bo lahko opozarjala na stike,&#8221; je dejala.<\/p>\n<p>Pri tem je izpostavila aplikacijo za mobilne naprave, katere temeljni namen je obve\u0161\u010danje posameznikov o tem, da so bili v stiku z oku\u017eeno osebo. Zagotovila je, da tak\u0161na aplikacija ne bi pridobivala nobenih drugih osebnih podatkov, saj se zavedajo pomena njihovega varstva.<\/p>\n<p>Vladni govorec Jelko Kacin je povedal, da vlada prou\u010duje mo\u017enost vsaj delne sprostitve omejitev gibanja med ob\u010dinami in za\u010detka izvajanja dolo\u010denih \u0161portnih dejavnosti. &#8220;Sprostitev v smeri ve\u010djih \u0161portnih ali drugih javnih prireditev oziroma mno\u017ei\u010dnega dru\u017eenja pa v kratkem \u010dasu \u0161e ni pri\u010dakovati,&#8221; je poudaril.<\/p>\n<p>O konkretnih omejitvah, ki bi jih lahko sprostili, bo vlada po njegovih besedah odlo\u010dala v \u010detrtek.<\/p>\n<p>V Sloveniji je po grobih ocenah Beovi\u0107eve dejansko med 3000 in 4000 oku\u017eb z novim koronavirusom. V kratkem se na to temo obeta posebna raziskava, s katero bodo sku\u0161ali na populacijskem vzorcu oceniti \u0161tevilo oku\u017eenih, ki niso bili pri zdravniku.<\/p>\n","protected":false},"excerpt":{"rendered":"<p>Prvi manj\u0161i paket spro\u0161\u010danja omejitev zaradi epidemije novega koronavirusa bi lahko odvisno od poteka dogodkov morda uveljavili naslednji ponedeljek, je dejala vodja svetovalne skupine v okviru ministrstva za zdravje Bojana Beovi\u0107. Vlada preu\u010duje tudi mo\u017enost delne sprostitve omejitev gibanja med ob\u010dinami in izvajanja nekaterih \u0161portnih dejavnosti.<\/p>\n","protected":false},"author":8,"featured_media":420329,"comment_status":"closed","ping_status":"closed","sticky":false,"template":"","format":"standard","meta":{"footnotes":""},"categories":[1179],"tags":[15632,15877,1595],"source":[4511],"supertag":[],"acf":[],"yoast_head":"<!-- This site is optimized with the Yoast SEO plugin v21.3 - https:\/\/yoast.com\/wordpress\/plugins\/seo\/ -->\n<title>Prvi manj\u0161i paket spro\u0161\u010danja omejitev odvisno od poteka dogodkov morda \u017ee naslednji ponedeljek - Hudo Slovenija<\/title>\n<meta name=\"robots\" content=\"index, follow, max-snippet:-1, max-image-preview:large, max-video-preview:-1\" \/>\n<link rel=\"canonical\" href=\"https:\/\/hudo.com\/si\/aktualno\/prvi-manjsi-paket-sproscanja-omejitev-odvisno-od-poteka-dogodkov-morda-ze-naslednji-ponedeljek\/\" \/>\n<meta property=\"og:locale\" content=\"sl_SI\" \/>\n<meta property=\"og:type\" content=\"article\" \/>\n<meta property=\"og:title\" content=\"Prvi manj\u0161i paket spro\u0161\u010danja omejitev odvisno od poteka dogodkov morda \u017ee naslednji ponedeljek - Hudo Slovenija\" \/>\n<meta property=\"og:description\" content=\"Prvi manj\u0161i paket spro\u0161\u010danja omejitev zaradi epidemije novega koronavirusa bi lahko odvisno od poteka dogodkov morda uveljavili naslednji ponedeljek, je dejala vodja svetovalne skupine v okviru ministrstva za zdravje Bojana Beovi\u0107. Vlada preu\u010duje tudi mo\u017enost delne sprostitve omejitev gibanja med ob\u010dinami in izvajanja nekaterih \u0161portnih dejavnosti.\" \/>\n<meta property=\"og:url\" content=\"https:\/\/hudo.com\/si\/aktualno\/prvi-manjsi-paket-sproscanja-omejitev-odvisno-od-poteka-dogodkov-morda-ze-naslednji-ponedeljek\/\" \/>\n<meta property=\"og:site_name\" content=\"Hudo Slovenija\" \/>\n<meta property=\"article:publisher\" content=\"https:\/\/www.facebook.com\/hudo.si\" \/>\n<meta property=\"article:published_time\" content=\"2020-04-14T10:07:51+00:00\" \/>\n<meta property=\"og:image\" content=\"https:\/\/hudo.com\/si\/wp-content\/uploads\/sites\/2\/2020\/04\/profimedia-0511645188.jpg\" \/>\n\t<meta property=\"og:image:width\" content=\"1250\" \/>\n\t<meta property=\"og:image:height\" content=\"937\" \/>\n\t<meta property=\"og:image:type\" content=\"image\/jpeg\" \/>\n<meta name=\"author\" content=\"M. N., STA\" \/>\n<meta name=\"twitter:card\" content=\"summary_large_image\" \/>\n<meta name=\"twitter:creator\" content=\"@hudo_si\" \/>\n<meta name=\"twitter:site\" content=\"@hudo_si\" \/>\n<meta name=\"twitter:label1\" content=\"Written by\" \/>\n\t<meta name=\"twitter:data1\" content=\"M. N., STA\" \/>\n\t<meta name=\"twitter:label2\" content=\"Est. reading time\" \/>\n\t<meta name=\"twitter:data2\" content=\"1 minuta\" \/>\n<script type=\"application\/ld+json\" class=\"yoast-schema-graph\">{\"@context\":\"https:\/\/schema.org\",\"@graph\":[{\"@type\":\"Article\",\"@id\":\"https:\/\/hudo.com\/si\/aktualno\/prvi-manjsi-paket-sproscanja-omejitev-odvisno-od-poteka-dogodkov-morda-ze-naslednji-ponedeljek\/#article\",\"isPartOf\":{\"@id\":\"https:\/\/hudo.com\/si\/aktualno\/prvi-manjsi-paket-sproscanja-omejitev-odvisno-od-poteka-dogodkov-morda-ze-naslednji-ponedeljek\/\"},\"author\":{\"name\":\"M. N., STA\",\"@id\":\"https:\/\/hudo.com\/si\/#\/schema\/person\/c2f10ce65d2e6ede2aeda5be2a0611fa\"},\"headline\":\"Prvi manj\u0161i paket spro\u0161\u010danja omejitev odvisno od poteka dogodkov morda \u017ee naslednji ponedeljek\",\"datePublished\":\"2020-04-14T10:07:51+00:00\",\"dateModified\":\"2020-04-14T10:07:51+00:00\",\"mainEntityOfPage\":{\"@id\":\"https:\/\/hudo.com\/si\/aktualno\/prvi-manjsi-paket-sproscanja-omejitev-odvisno-od-poteka-dogodkov-morda-ze-naslednji-ponedeljek\/\"},\"wordCount\":287,\"publisher\":{\"@id\":\"https:\/\/hudo.com\/si\/#organization\"},\"keywords\":[\"koronavirus\",\"koronavirus v sloveniji\",\"Slovenija\"],\"articleSection\":[\"Aktualno\"],\"inLanguage\":\"sl-SI\"},{\"@type\":\"WebPage\",\"@id\":\"https:\/\/hudo.com\/si\/aktualno\/prvi-manjsi-paket-sproscanja-omejitev-odvisno-od-poteka-dogodkov-morda-ze-naslednji-ponedeljek\/\",\"url\":\"https:\/\/hudo.com\/si\/aktualno\/prvi-manjsi-paket-sproscanja-omejitev-odvisno-od-poteka-dogodkov-morda-ze-naslednji-ponedeljek\/\",\"name\":\"Prvi manj\u0161i paket spro\u0161\u010danja omejitev odvisno od poteka dogodkov morda \u017ee naslednji ponedeljek - Hudo Slovenija\",\"isPartOf\":{\"@id\":\"https:\/\/hudo.com\/si\/#website\"},\"datePublished\":\"2020-04-14T10:07:51+00:00\",\"dateModified\":\"2020-04-14T10:07:51+00:00\",\"breadcrumb\":{\"@id\":\"https:\/\/hudo.com\/si\/aktualno\/prvi-manjsi-paket-sproscanja-omejitev-odvisno-od-poteka-dogodkov-morda-ze-naslednji-ponedeljek\/#breadcrumb\"},\"inLanguage\":\"sl-SI\",\"potentialAction\":[{\"@type\":\"ReadAction\",\"target\":[\"https:\/\/hudo.com\/si\/aktualno\/prvi-manjsi-paket-sproscanja-omejitev-odvisno-od-poteka-dogodkov-morda-ze-naslednji-ponedeljek\/\"]}]},{\"@type\":\"BreadcrumbList\",\"@id\":\"https:\/\/hudo.com\/si\/aktualno\/prvi-manjsi-paket-sproscanja-omejitev-odvisno-od-poteka-dogodkov-morda-ze-naslednji-ponedeljek\/#breadcrumb\",\"itemListElement\":[{\"@type\":\"ListItem\",\"position\":1,\"name\":\"Home\",\"item\":\"https:\/\/hudo.com\/si\/\"},{\"@type\":\"ListItem\",\"position\":2,\"name\":\"Prvi manj\u0161i paket spro\u0161\u010danja omejitev odvisno od poteka dogodkov morda \u017ee naslednji ponedeljek\"}]},{\"@type\":\"WebSite\",\"@id\":\"https:\/\/hudo.com\/si\/#website\",\"url\":\"https:\/\/hudo.com\/si\/\",\"name\":\"Hudo Slovenija\",\"description\":\"Vse novice iz Slovenije in sveta\",\"publisher\":{\"@id\":\"https:\/\/hudo.com\/si\/#organization\"},\"potentialAction\":[{\"@type\":\"SearchAction\",\"target\":{\"@type\":\"EntryPoint\",\"urlTemplate\":\"https:\/\/hudo.com\/si\/?s={search_term_string}\"},\"query-input\":\"required name=search_term_string\"}],\"inLanguage\":\"sl-SI\"},{\"@type\":\"Organization\",\"@id\":\"https:\/\/hudo.com\/si\/#organization\",\"name\":\"VSN Media\",\"url\":\"https:\/\/hudo.com\/si\/\",\"logo\":{\"@type\":\"ImageObject\",\"inLanguage\":\"sl-SI\",\"@id\":\"https:\/\/hudo.com\/si\/#\/schema\/logo\/image\/\",\"url\":\"https:\/\/hudo.com\/si\/wp-content\/uploads\/sites\/2\/2021\/03\/hudo-app-2.png\",\"contentUrl\":\"https:\/\/hudo.com\/si\/wp-content\/uploads\/sites\/2\/2021\/03\/hudo-app-2.png\",\"width\":2185,\"height\":2167,\"caption\":\"VSN Media\"},\"image\":{\"@id\":\"https:\/\/hudo.com\/si\/#\/schema\/logo\/image\/\"},\"sameAs\":[\"https:\/\/www.facebook.com\/hudo.si\",\"https:\/\/twitter.com\/hudo_si\"]},{\"@type\":\"Person\",\"@id\":\"https:\/\/hudo.com\/si\/#\/schema\/person\/c2f10ce65d2e6ede2aeda5be2a0611fa\",\"name\":\"M. N., STA\",\"image\":{\"@type\":\"ImageObject\",\"inLanguage\":\"sl-SI\",\"@id\":\"https:\/\/hudo.com\/si\/#\/schema\/person\/image\/\",\"url\":\"https:\/\/secure.gravatar.com\/avatar\/f370d38daa10467f755c5c766a4cac20?s=96&d=mm&r=g\",\"contentUrl\":\"https:\/\/secure.gravatar.com\/avatar\/f370d38daa10467f755c5c766a4cac20?s=96&d=mm&r=g\",\"caption\":\"M. N., STA\"},\"url\":\"https:\/\/hudo.com\/si\/author\/mana\/\"}]}<\/script>\n<!-- \/ Yoast SEO plugin. -->","yoast_head_json":{"title":"Prvi manj\u0161i paket spro\u0161\u010danja omejitev odvisno od poteka dogodkov morda \u017ee naslednji ponedeljek - Hudo Slovenija","robots":{"index":"index","follow":"follow","max-snippet":"max-snippet:-1","max-image-preview":"max-image-preview:large","max-video-preview":"max-video-preview:-1"},"canonical":"https:\/\/hudo.com\/si\/aktualno\/prvi-manjsi-paket-sproscanja-omejitev-odvisno-od-poteka-dogodkov-morda-ze-naslednji-ponedeljek\/","og_locale":"sl_SI","og_type":"article","og_title":"Prvi manj\u0161i paket spro\u0161\u010danja omejitev odvisno od poteka dogodkov morda \u017ee naslednji ponedeljek - Hudo Slovenija","og_description":"Prvi manj\u0161i paket spro\u0161\u010danja omejitev zaradi epidemije novega koronavirusa bi lahko odvisno od poteka dogodkov morda uveljavili naslednji ponedeljek, je dejala vodja svetovalne skupine v okviru ministrstva za zdravje Bojana Beovi\u0107. Vlada preu\u010duje tudi mo\u017enost delne sprostitve omejitev gibanja med ob\u010dinami in izvajanja nekaterih \u0161portnih dejavnosti.","og_url":"https:\/\/hudo.com\/si\/aktualno\/prvi-manjsi-paket-sproscanja-omejitev-odvisno-od-poteka-dogodkov-morda-ze-naslednji-ponedeljek\/","og_site_name":"Hudo Slovenija","article_publisher":"https:\/\/www.facebook.com\/hudo.si","article_published_time":"2020-04-14T10:07:51+00:00","og_image":[{"width":1250,"height":937,"url":"https:\/\/hudo.com\/si\/wp-content\/uploads\/sites\/2\/2020\/04\/profimedia-0511645188.jpg","type":"image\/jpeg"}],"author":"M. N., STA","twitter_card":"summary_large_image","twitter_creator":"@hudo_si","twitter_site":"@hudo_si","twitter_misc":{"Written by":"M. N., STA","Est. reading time":"1 minuta"},"schema":{"@context":"https:\/\/schema.org","@graph":[{"@type":"Article","@id":"https:\/\/hudo.com\/si\/aktualno\/prvi-manjsi-paket-sproscanja-omejitev-odvisno-od-poteka-dogodkov-morda-ze-naslednji-ponedeljek\/#article","isPartOf":{"@id":"https:\/\/hudo.com\/si\/aktualno\/prvi-manjsi-paket-sproscanja-omejitev-odvisno-od-poteka-dogodkov-morda-ze-naslednji-ponedeljek\/"},"author":{"name":"M. N., STA","@id":"https:\/\/hudo.com\/si\/#\/schema\/person\/c2f10ce65d2e6ede2aeda5be2a0611fa"},"headline":"Prvi manj\u0161i paket spro\u0161\u010danja omejitev odvisno od poteka dogodkov morda \u017ee naslednji ponedeljek","datePublished":"2020-04-14T10:07:51+00:00","dateModified":"2020-04-14T10:07:51+00:00","mainEntityOfPage":{"@id":"https:\/\/hudo.com\/si\/aktualno\/prvi-manjsi-paket-sproscanja-omejitev-odvisno-od-poteka-dogodkov-morda-ze-naslednji-ponedeljek\/"},"wordCount":287,"publisher":{"@id":"https:\/\/hudo.com\/si\/#organization"},"keywords":["koronavirus","koronavirus v sloveniji","Slovenija"],"articleSection":["Aktualno"],"inLanguage":"sl-SI"},{"@type":"WebPage","@id":"https:\/\/hudo.com\/si\/aktualno\/prvi-manjsi-paket-sproscanja-omejitev-odvisno-od-poteka-dogodkov-morda-ze-naslednji-ponedeljek\/","url":"https:\/\/hudo.com\/si\/aktualno\/prvi-manjsi-paket-sproscanja-omejitev-odvisno-od-poteka-dogodkov-morda-ze-naslednji-ponedeljek\/","name":"Prvi manj\u0161i paket spro\u0161\u010danja omejitev odvisno od poteka dogodkov morda \u017ee naslednji ponedeljek - Hudo Slovenija","isPartOf":{"@id":"https:\/\/hudo.com\/si\/#website"},"datePublished":"2020-04-14T10:07:51+00:00","dateModified":"2020-04-14T10:07:51+00:00","breadcrumb":{"@id":"https:\/\/hudo.com\/si\/aktualno\/prvi-manjsi-paket-sproscanja-omejitev-odvisno-od-poteka-dogodkov-morda-ze-naslednji-ponedeljek\/#breadcrumb"},"inLanguage":"sl-SI","potentialAction":[{"@type":"ReadAction","target":["https:\/\/hudo.com\/si\/aktualno\/prvi-manjsi-paket-sproscanja-omejitev-odvisno-od-poteka-dogodkov-morda-ze-naslednji-ponedeljek\/"]}]},{"@type":"BreadcrumbList","@id":"https:\/\/hudo.com\/si\/aktualno\/prvi-manjsi-paket-sproscanja-omejitev-odvisno-od-poteka-dogodkov-morda-ze-naslednji-ponedeljek\/#breadcrumb","itemListElement":[{"@type":"ListItem","position":1,"name":"Home","item":"https:\/\/hudo.com\/si\/"},{"@type":"ListItem","position":2,"name":"Prvi manj\u0161i paket spro\u0161\u010danja omejitev odvisno od poteka dogodkov morda \u017ee naslednji ponedeljek"}]},{"@type":"WebSite","@id":"https:\/\/hudo.com\/si\/#website","url":"https:\/\/hudo.com\/si\/","name":"Hudo Slovenija","description":"Vse novice iz Slovenije in sveta","publisher":{"@id":"https:\/\/hudo.com\/si\/#organization"},"potentialAction":[{"@type":"SearchAction","target":{"@type":"EntryPoint","urlTemplate":"https:\/\/hudo.com\/si\/?s={search_term_string}"},"query-input":"required name=search_term_string"}],"inLanguage":"sl-SI"},{"@type":"Organization","@id":"https:\/\/hudo.com\/si\/#organization","name":"VSN Media","url":"https:\/\/hudo.com\/si\/","logo":{"@type":"ImageObject","inLanguage":"sl-SI","@id":"https:\/\/hudo.com\/si\/#\/schema\/logo\/image\/","url":"https:\/\/hudo.com\/si\/wp-content\/uploads\/sites\/2\/2021\/03\/hudo-app-2.png","contentUrl":"https:\/\/hudo.com\/si\/wp-content\/uploads\/sites\/2\/2021\/03\/hudo-app-2.png","width":2185,"height":2167,"caption":"VSN Media"},"image":{"@id":"https:\/\/hudo.com\/si\/#\/schema\/logo\/image\/"},"sameAs":["https:\/\/www.facebook.com\/hudo.si","https:\/\/twitter.com\/hudo_si"]},{"@type":"Person","@id":"https:\/\/hudo.com\/si\/#\/schema\/person\/c2f10ce65d2e6ede2aeda5be2a0611fa","name":"M. N., STA","image":{"@type":"ImageObject","inLanguage":"sl-SI","@id":"https:\/\/hudo.com\/si\/#\/schema\/person\/image\/","url":"https:\/\/secure.gravatar.com\/avatar\/f370d38daa10467f755c5c766a4cac20?s=96&d=mm&r=g","contentUrl":"https:\/\/secure.gravatar.com\/avatar\/f370d38daa10467f755c5c766a4cac20?s=96&d=mm&r=g","caption":"M. N., STA"},"url":"https:\/\/hudo.com\/si\/author\/mana\/"}]}},"amp_enabled":true,"_links":{"self":[{"href":"https:\/\/hudo.com\/si\/wp-json\/wp\/v2\/posts\/420848"}],"collection":[{"href":"https:\/\/hudo.com\/si\/wp-json\/wp\/v2\/posts"}],"about":[{"href":"https:\/\/hudo.com\/si\/wp-json\/wp\/v2\/types\/post"}],"author":[{"embeddable":true,"href":"https:\/\/hudo.com\/si\/wp-json\/wp\/v2\/users\/8"}],"replies":[{"embeddable":true,"href":"https:\/\/hudo.com\/si\/wp-json\/wp\/v2\/comments?post=420848"}],"version-history":[{"count":1,"href":"https:\/\/hudo.com\/si\/wp-json\/wp\/v2\/posts\/420848\/revisions"}],"predecessor-version":[{"id":420854,"href":"https:\/\/hudo.com\/si\/wp-json\/wp\/v2\/posts\/420848\/revisions\/420854"}],"wp:featuredmedia":[{"embeddable":true,"href":"https:\/\/hudo.com\/si\/wp-json\/wp\/v2\/media\/420329"}],"wp:attachment":[{"href":"https:\/\/hudo.com\/si\/wp-json\/wp\/v2\/media?parent=420848"}],"wp:term":[{"taxonomy":"category","embeddable":true,"href":"https:\/\/hudo.com\/si\/wp-json\/wp\/v2\/categories?post=420848"},{"taxonomy":"post_tag","embeddable":true,"href":"https:\/\/hudo.com\/si\/wp-json\/wp\/v2\/tags?post=420848"},{"taxonomy":"source","embeddable":true,"href":"https:\/\/hudo.com\/si\/wp-json\/wp\/v2\/source?post=420848"},{"taxonomy":"supertag","embeddable":true,"href":"https:\/\/hudo.com\/si\/wp-json\/wp\/v2\/supertag?post=420848"}],"curies":[{"name":"wp","href":"https:\/\/api.w.org\/{rel}","templated":true}]}}