{"id":420850,"date":"2020-04-14T11:55:15","date_gmt":"2020-04-14T09:55:15","guid":{"rendered":"http:\/\/hudo.com\/si\/?p=420850"},"modified":"2020-04-14T11:55:15","modified_gmt":"2020-04-14T09:55:15","slug":"organizatorji-oi-v-tokiu-nimajo-nacrta-b","status":"publish","type":"post","link":"https:\/\/hudo.com\/si\/aktualno\/organizatorji-oi-v-tokiu-nimajo-nacrta-b\/","title":{"rendered":"Organizatorji OI v Tokiu nimajo na\u010drta B"},"content":{"rendered":"<p>&#8220;Prilagajamo na\u010drte za to, da bi poletne OI za\u010deli 23. julija 2021 in paraolimpijske igre nato 24. avgusta. To je na\u0161 nov cilj. Nimamo nobenega na\u010drta B,&#8221; je v telekonferenci z novinarji zatrdil Takaya.<\/p>\n<p>Poslab\u0161anje razmer v zvezi z epidemijo novega koronavirusa in porast oku\u017eenih na Japonskem je pri prirediteljih OI \u017ee povzro\u010dilo nekaj dvoma, ali bo naslednje poletje igre sploh mo\u010d izvesti. &#8220;Tega v tem trenutku ne morem zagotoviti,&#8221; je 10. aprila dejal vodja organizacijskega komiteja Toshiro Muto.<\/p>\n<p>Predsednik Mednarodnega olimpijskega komiteja Thomas Bach se je v nedeljo izognil neposrednemu odgovoru na to mnenje. &#8220;Na\u0161a prva in osnovna stvar je, da so \u0161portniki in vsi sodelujo\u010di na OI zdravi in za\u0161\u010diteni pred virusom. To je tudi osnova, kot je bila \u017ee v preteklosti, tudi za vse na\u0161e nadaljnje odlo\u010ditve.&#8221;<\/p>\n","protected":false},"excerpt":{"rendered":"<p>Organizatorji olimpijskih iger v Tokiu nimajo na\u010drta B, \u010de bi se zaradi pandemije novega koronavirusa primerilo, da iger tudi prihodnje leto ne bi mogli pripraviti. Uradni govorec organizatorjev OI Masa Takaya je povedal, da po prestavitvi na naslednje leto pripravljajo le na\u010drte, kako bi igre za\u010deli v predvidenem novem terminu.<\/p>\n","protected":false},"author":8,"featured_media":413844,"comment_status":"closed","ping_status":"closed","sticky":false,"template":"","format":"standard","meta":{"footnotes":""},"categories":[1179],"tags":[1587,15632,14613,1828],"source":[4511],"supertag":[6103],"acf":[],"yoast_head":"<!-- This site is optimized with the Yoast SEO plugin v21.3 - https:\/\/yoast.com\/wordpress\/plugins\/seo\/ -->\n<title>Organizatorji OI v Tokiu nimajo na\u010drta B - Hudo Slovenija<\/title>\n<meta name=\"robots\" content=\"index, follow, max-snippet:-1, max-image-preview:large, max-video-preview:-1\" \/>\n<link rel=\"canonical\" href=\"https:\/\/hudo.com\/si\/aktualno\/organizatorji-oi-v-tokiu-nimajo-nacrta-b\/\" \/>\n<meta property=\"og:locale\" content=\"sl_SI\" \/>\n<meta property=\"og:type\" content=\"article\" \/>\n<meta property=\"og:title\" content=\"Organizatorji OI v Tokiu nimajo na\u010drta B - Hudo Slovenija\" \/>\n<meta property=\"og:description\" content=\"Organizatorji olimpijskih iger v Tokiu nimajo na\u010drta B, \u010de bi se zaradi pandemije novega koronavirusa primerilo, da iger tudi prihodnje leto ne bi mogli pripraviti. Uradni govorec organizatorjev OI Masa Takaya je povedal, da po prestavitvi na naslednje leto pripravljajo le na\u010drte, kako bi igre za\u010deli v predvidenem novem terminu.\" \/>\n<meta property=\"og:url\" content=\"https:\/\/hudo.com\/si\/aktualno\/organizatorji-oi-v-tokiu-nimajo-nacrta-b\/\" \/>\n<meta property=\"og:site_name\" content=\"Hudo Slovenija\" \/>\n<meta property=\"article:publisher\" content=\"https:\/\/www.facebook.com\/hudo.si\" \/>\n<meta property=\"article:published_time\" content=\"2020-04-14T09:55:15+00:00\" \/>\n<meta property=\"og:image\" content=\"https:\/\/hudo.com\/si\/wp-content\/uploads\/sites\/2\/2020\/01\/profimedia-0355640031.jpg\" \/>\n\t<meta property=\"og:image:width\" content=\"1250\" \/>\n\t<meta property=\"og:image:height\" content=\"833\" \/>\n\t<meta property=\"og:image:type\" content=\"image\/jpeg\" \/>\n<meta name=\"author\" content=\"M. N., STA\" \/>\n<meta name=\"twitter:card\" content=\"summary_large_image\" \/>\n<meta name=\"twitter:creator\" content=\"@hudo_si\" \/>\n<meta name=\"twitter:site\" content=\"@hudo_si\" \/>\n<meta name=\"twitter:label1\" content=\"Written by\" \/>\n\t<meta name=\"twitter:data1\" content=\"M. N., STA\" \/>\n\t<meta name=\"twitter:label2\" content=\"Est. reading time\" \/>\n\t<meta name=\"twitter:data2\" content=\"1 minuta\" \/>\n<script type=\"application\/ld+json\" class=\"yoast-schema-graph\">{\"@context\":\"https:\/\/schema.org\",\"@graph\":[{\"@type\":\"Article\",\"@id\":\"https:\/\/hudo.com\/si\/aktualno\/organizatorji-oi-v-tokiu-nimajo-nacrta-b\/#article\",\"isPartOf\":{\"@id\":\"https:\/\/hudo.com\/si\/aktualno\/organizatorji-oi-v-tokiu-nimajo-nacrta-b\/\"},\"author\":{\"name\":\"M. N., STA\",\"@id\":\"https:\/\/hudo.com\/si\/#\/schema\/person\/c2f10ce65d2e6ede2aeda5be2a0611fa\"},\"headline\":\"Organizatorji OI v Tokiu nimajo na\u010drta B\",\"datePublished\":\"2020-04-14T09:55:15+00:00\",\"dateModified\":\"2020-04-14T09:55:15+00:00\",\"mainEntityOfPage\":{\"@id\":\"https:\/\/hudo.com\/si\/aktualno\/organizatorji-oi-v-tokiu-nimajo-nacrta-b\/\"},\"wordCount\":145,\"publisher\":{\"@id\":\"https:\/\/hudo.com\/si\/#organization\"},\"keywords\":[\"japonska\",\"koronavirus\",\"olimpijske igre tokio 2020\",\"tokio\"],\"articleSection\":[\"Aktualno\"],\"inLanguage\":\"sl-SI\"},{\"@type\":\"WebPage\",\"@id\":\"https:\/\/hudo.com\/si\/aktualno\/organizatorji-oi-v-tokiu-nimajo-nacrta-b\/\",\"url\":\"https:\/\/hudo.com\/si\/aktualno\/organizatorji-oi-v-tokiu-nimajo-nacrta-b\/\",\"name\":\"Organizatorji OI v Tokiu nimajo na\u010drta B - Hudo Slovenija\",\"isPartOf\":{\"@id\":\"https:\/\/hudo.com\/si\/#website\"},\"datePublished\":\"2020-04-14T09:55:15+00:00\",\"dateModified\":\"2020-04-14T09:55:15+00:00\",\"breadcrumb\":{\"@id\":\"https:\/\/hudo.com\/si\/aktualno\/organizatorji-oi-v-tokiu-nimajo-nacrta-b\/#breadcrumb\"},\"inLanguage\":\"sl-SI\",\"potentialAction\":[{\"@type\":\"ReadAction\",\"target\":[\"https:\/\/hudo.com\/si\/aktualno\/organizatorji-oi-v-tokiu-nimajo-nacrta-b\/\"]}]},{\"@type\":\"BreadcrumbList\",\"@id\":\"https:\/\/hudo.com\/si\/aktualno\/organizatorji-oi-v-tokiu-nimajo-nacrta-b\/#breadcrumb\",\"itemListElement\":[{\"@type\":\"ListItem\",\"position\":1,\"name\":\"Home\",\"item\":\"https:\/\/hudo.com\/si\/\"},{\"@type\":\"ListItem\",\"position\":2,\"name\":\"Organizatorji OI v Tokiu nimajo na\u010drta B\"}]},{\"@type\":\"WebSite\",\"@id\":\"https:\/\/hudo.com\/si\/#website\",\"url\":\"https:\/\/hudo.com\/si\/\",\"name\":\"Hudo Slovenija\",\"description\":\"Vse novice iz Slovenije in sveta\",\"publisher\":{\"@id\":\"https:\/\/hudo.com\/si\/#organization\"},\"potentialAction\":[{\"@type\":\"SearchAction\",\"target\":{\"@type\":\"EntryPoint\",\"urlTemplate\":\"https:\/\/hudo.com\/si\/?s={search_term_string}\"},\"query-input\":\"required name=search_term_string\"}],\"inLanguage\":\"sl-SI\"},{\"@type\":\"Organization\",\"@id\":\"https:\/\/hudo.com\/si\/#organization\",\"name\":\"VSN Media\",\"url\":\"https:\/\/hudo.com\/si\/\",\"logo\":{\"@type\":\"ImageObject\",\"inLanguage\":\"sl-SI\",\"@id\":\"https:\/\/hudo.com\/si\/#\/schema\/logo\/image\/\",\"url\":\"https:\/\/hudo.com\/si\/wp-content\/uploads\/sites\/2\/2021\/03\/hudo-app-2.png\",\"contentUrl\":\"https:\/\/hudo.com\/si\/wp-content\/uploads\/sites\/2\/2021\/03\/hudo-app-2.png\",\"width\":2185,\"height\":2167,\"caption\":\"VSN Media\"},\"image\":{\"@id\":\"https:\/\/hudo.com\/si\/#\/schema\/logo\/image\/\"},\"sameAs\":[\"https:\/\/www.facebook.com\/hudo.si\",\"https:\/\/twitter.com\/hudo_si\"]},{\"@type\":\"Person\",\"@id\":\"https:\/\/hudo.com\/si\/#\/schema\/person\/c2f10ce65d2e6ede2aeda5be2a0611fa\",\"name\":\"M. N., STA\",\"image\":{\"@type\":\"ImageObject\",\"inLanguage\":\"sl-SI\",\"@id\":\"https:\/\/hudo.com\/si\/#\/schema\/person\/image\/\",\"url\":\"https:\/\/secure.gravatar.com\/avatar\/f370d38daa10467f755c5c766a4cac20?s=96&d=mm&r=g\",\"contentUrl\":\"https:\/\/secure.gravatar.com\/avatar\/f370d38daa10467f755c5c766a4cac20?s=96&d=mm&r=g\",\"caption\":\"M. N., STA\"},\"url\":\"https:\/\/hudo.com\/si\/author\/mana\/\"}]}<\/script>\n<!-- \/ Yoast SEO plugin. -->","yoast_head_json":{"title":"Organizatorji OI v Tokiu nimajo na\u010drta B - Hudo Slovenija","robots":{"index":"index","follow":"follow","max-snippet":"max-snippet:-1","max-image-preview":"max-image-preview:large","max-video-preview":"max-video-preview:-1"},"canonical":"https:\/\/hudo.com\/si\/aktualno\/organizatorji-oi-v-tokiu-nimajo-nacrta-b\/","og_locale":"sl_SI","og_type":"article","og_title":"Organizatorji OI v Tokiu nimajo na\u010drta B - Hudo Slovenija","og_description":"Organizatorji olimpijskih iger v Tokiu nimajo na\u010drta B, \u010de bi se zaradi pandemije novega koronavirusa primerilo, da iger tudi prihodnje leto ne bi mogli pripraviti. Uradni govorec organizatorjev OI Masa Takaya je povedal, da po prestavitvi na naslednje leto pripravljajo le na\u010drte, kako bi igre za\u010deli v predvidenem novem terminu.","og_url":"https:\/\/hudo.com\/si\/aktualno\/organizatorji-oi-v-tokiu-nimajo-nacrta-b\/","og_site_name":"Hudo Slovenija","article_publisher":"https:\/\/www.facebook.com\/hudo.si","article_published_time":"2020-04-14T09:55:15+00:00","og_image":[{"width":1250,"height":833,"url":"https:\/\/hudo.com\/si\/wp-content\/uploads\/sites\/2\/2020\/01\/profimedia-0355640031.jpg","type":"image\/jpeg"}],"author":"M. N., STA","twitter_card":"summary_large_image","twitter_creator":"@hudo_si","twitter_site":"@hudo_si","twitter_misc":{"Written by":"M. N., STA","Est. reading time":"1 minuta"},"schema":{"@context":"https:\/\/schema.org","@graph":[{"@type":"Article","@id":"https:\/\/hudo.com\/si\/aktualno\/organizatorji-oi-v-tokiu-nimajo-nacrta-b\/#article","isPartOf":{"@id":"https:\/\/hudo.com\/si\/aktualno\/organizatorji-oi-v-tokiu-nimajo-nacrta-b\/"},"author":{"name":"M. N., STA","@id":"https:\/\/hudo.com\/si\/#\/schema\/person\/c2f10ce65d2e6ede2aeda5be2a0611fa"},"headline":"Organizatorji OI v Tokiu nimajo na\u010drta B","datePublished":"2020-04-14T09:55:15+00:00","dateModified":"2020-04-14T09:55:15+00:00","mainEntityOfPage":{"@id":"https:\/\/hudo.com\/si\/aktualno\/organizatorji-oi-v-tokiu-nimajo-nacrta-b\/"},"wordCount":145,"publisher":{"@id":"https:\/\/hudo.com\/si\/#organization"},"keywords":["japonska","koronavirus","olimpijske igre tokio 2020","tokio"],"articleSection":["Aktualno"],"inLanguage":"sl-SI"},{"@type":"WebPage","@id":"https:\/\/hudo.com\/si\/aktualno\/organizatorji-oi-v-tokiu-nimajo-nacrta-b\/","url":"https:\/\/hudo.com\/si\/aktualno\/organizatorji-oi-v-tokiu-nimajo-nacrta-b\/","name":"Organizatorji OI v Tokiu nimajo na\u010drta B - Hudo Slovenija","isPartOf":{"@id":"https:\/\/hudo.com\/si\/#website"},"datePublished":"2020-04-14T09:55:15+00:00","dateModified":"2020-04-14T09:55:15+00:00","breadcrumb":{"@id":"https:\/\/hudo.com\/si\/aktualno\/organizatorji-oi-v-tokiu-nimajo-nacrta-b\/#breadcrumb"},"inLanguage":"sl-SI","potentialAction":[{"@type":"ReadAction","target":["https:\/\/hudo.com\/si\/aktualno\/organizatorji-oi-v-tokiu-nimajo-nacrta-b\/"]}]},{"@type":"BreadcrumbList","@id":"https:\/\/hudo.com\/si\/aktualno\/organizatorji-oi-v-tokiu-nimajo-nacrta-b\/#breadcrumb","itemListElement":[{"@type":"ListItem","position":1,"name":"Home","item":"https:\/\/hudo.com\/si\/"},{"@type":"ListItem","position":2,"name":"Organizatorji OI v Tokiu nimajo na\u010drta B"}]},{"@type":"WebSite","@id":"https:\/\/hudo.com\/si\/#website","url":"https:\/\/hudo.com\/si\/","name":"Hudo Slovenija","description":"Vse novice iz Slovenije in sveta","publisher":{"@id":"https:\/\/hudo.com\/si\/#organization"},"potentialAction":[{"@type":"SearchAction","target":{"@type":"EntryPoint","urlTemplate":"https:\/\/hudo.com\/si\/?s={search_term_string}"},"query-input":"required name=search_term_string"}],"inLanguage":"sl-SI"},{"@type":"Organization","@id":"https:\/\/hudo.com\/si\/#organization","name":"VSN Media","url":"https:\/\/hudo.com\/si\/","logo":{"@type":"ImageObject","inLanguage":"sl-SI","@id":"https:\/\/hudo.com\/si\/#\/schema\/logo\/image\/","url":"https:\/\/hudo.com\/si\/wp-content\/uploads\/sites\/2\/2021\/03\/hudo-app-2.png","contentUrl":"https:\/\/hudo.com\/si\/wp-content\/uploads\/sites\/2\/2021\/03\/hudo-app-2.png","width":2185,"height":2167,"caption":"VSN Media"},"image":{"@id":"https:\/\/hudo.com\/si\/#\/schema\/logo\/image\/"},"sameAs":["https:\/\/www.facebook.com\/hudo.si","https:\/\/twitter.com\/hudo_si"]},{"@type":"Person","@id":"https:\/\/hudo.com\/si\/#\/schema\/person\/c2f10ce65d2e6ede2aeda5be2a0611fa","name":"M. N., STA","image":{"@type":"ImageObject","inLanguage":"sl-SI","@id":"https:\/\/hudo.com\/si\/#\/schema\/person\/image\/","url":"https:\/\/secure.gravatar.com\/avatar\/f370d38daa10467f755c5c766a4cac20?s=96&d=mm&r=g","contentUrl":"https:\/\/secure.gravatar.com\/avatar\/f370d38daa10467f755c5c766a4cac20?s=96&d=mm&r=g","caption":"M. N., STA"},"url":"https:\/\/hudo.com\/si\/author\/mana\/"}]}},"amp_enabled":true,"_links":{"self":[{"href":"https:\/\/hudo.com\/si\/wp-json\/wp\/v2\/posts\/420850"}],"collection":[{"href":"https:\/\/hudo.com\/si\/wp-json\/wp\/v2\/posts"}],"about":[{"href":"https:\/\/hudo.com\/si\/wp-json\/wp\/v2\/types\/post"}],"author":[{"embeddable":true,"href":"https:\/\/hudo.com\/si\/wp-json\/wp\/v2\/users\/8"}],"replies":[{"embeddable":true,"href":"https:\/\/hudo.com\/si\/wp-json\/wp\/v2\/comments?post=420850"}],"version-history":[{"count":1,"href":"https:\/\/hudo.com\/si\/wp-json\/wp\/v2\/posts\/420850\/revisions"}],"predecessor-version":[{"id":420851,"href":"https:\/\/hudo.com\/si\/wp-json\/wp\/v2\/posts\/420850\/revisions\/420851"}],"wp:featuredmedia":[{"embeddable":true,"href":"https:\/\/hudo.com\/si\/wp-json\/wp\/v2\/media\/413844"}],"wp:attachment":[{"href":"https:\/\/hudo.com\/si\/wp-json\/wp\/v2\/media?parent=420850"}],"wp:term":[{"taxonomy":"category","embeddable":true,"href":"https:\/\/hudo.com\/si\/wp-json\/wp\/v2\/categories?post=420850"},{"taxonomy":"post_tag","embeddable":true,"href":"https:\/\/hudo.com\/si\/wp-json\/wp\/v2\/tags?post=420850"},{"taxonomy":"source","embeddable":true,"href":"https:\/\/hudo.com\/si\/wp-json\/wp\/v2\/source?post=420850"},{"taxonomy":"supertag","embeddable":true,"href":"https:\/\/hudo.com\/si\/wp-json\/wp\/v2\/supertag?post=420850"}],"curies":[{"name":"wp","href":"https:\/\/api.w.org\/{rel}","templated":true}]}}