{"id":420968,"date":"2020-04-15T13:00:02","date_gmt":"2020-04-15T11:00:02","guid":{"rendered":"http:\/\/hudo.com\/si\/?p=420968"},"modified":"2020-04-15T13:00:02","modified_gmt":"2020-04-15T11:00:02","slug":"v-spaniji-upad-smrtnih-zrtev-covida-19","status":"publish","type":"post","link":"https:\/\/hudo.com\/si\/aktualno\/v-spaniji-upad-smrtnih-zrtev-covida-19\/","title":{"rendered":"V \u0160paniji upad smrtnih \u017ertev covida-19"},"content":{"rendered":"<p>V zadnjem dnevu so v \u0160paniji potrdili ve\u010d kot 5000 novih oku\u017eb, kar je ponovno porast, saj je ta \u0161tevilka upadala zadnjih \u0161est dni, poro\u010da francoska tiskovna agencija AFP. Skupno so oku\u017ebo potrdili pri 177.633 osebah. Doslej je sicer ozdravelo 70.850 ljudi.<\/p>\n<p>\u0160panski premier Pedro Sanchez je danes v parlamentu opozoril, da se \u017eivljenje ne bo normaliziralo, dokler ne bodo odkrili cepiva, poro\u010da britanski BBC.<\/p>\n<p>\u0160panija, ki je ena najbolj prizadetih dr\u017eav zaradi koronavirusa, je ta teden postopoma za\u010dela odpravljati ukrepe. V ponedeljek se je lahko ve\u010d sto tiso\u010d ljudi po ve\u010d tednih vrnilo na delo. Pred tem so lahko delali le tisti, ki opravljajo nujne slu\u017ebe, zdaj pa so se ponovno odprle \u0161tevilne tovarne in gradbi\u0161\u010da. Ostale stroge omejitve, ki so jih v dr\u017eavi sprejeli pred mesecem dni, ostajajo v veljavi.<\/p>\n","protected":false},"excerpt":{"rendered":"<p>V \u0160paniji so v zadnjem dnevu na\u0161teli 523 smrtnih \u017ertev covida-19, skupno je bolezni podleglo 18.579 ljudi, je danes sporo\u010dilo ministrstvo za zdravje. To je manj kot v torek, ko so potrdili 567 smrti, poro\u010da \u0161panski \u010dasnik El Pais.<\/p>\n","protected":false},"author":5,"featured_media":420158,"comment_status":"closed","ping_status":"closed","sticky":false,"template":"","format":"standard","meta":{"footnotes":""},"categories":[1179],"tags":[15632,1812],"source":[4511],"supertag":[],"acf":[],"yoast_head":"<!-- This site is optimized with the Yoast SEO plugin v21.3 - https:\/\/yoast.com\/wordpress\/plugins\/seo\/ -->\n<title>V \u0160paniji upad smrtnih \u017ertev covida-19 - Hudo Slovenija<\/title>\n<meta name=\"robots\" content=\"index, follow, max-snippet:-1, max-image-preview:large, max-video-preview:-1\" \/>\n<link rel=\"canonical\" href=\"https:\/\/hudo.com\/si\/aktualno\/v-spaniji-upad-smrtnih-zrtev-covida-19\/\" \/>\n<meta property=\"og:locale\" content=\"sl_SI\" \/>\n<meta property=\"og:type\" content=\"article\" \/>\n<meta property=\"og:title\" content=\"V \u0160paniji upad smrtnih \u017ertev covida-19 - Hudo Slovenija\" \/>\n<meta property=\"og:description\" content=\"V \u0160paniji so v zadnjem dnevu na\u0161teli 523 smrtnih \u017ertev covida-19, skupno je bolezni podleglo 18.579 ljudi, je danes sporo\u010dilo ministrstvo za zdravje. To je manj kot v torek, ko so potrdili 567 smrti, poro\u010da \u0161panski \u010dasnik El Pais.\" \/>\n<meta property=\"og:url\" content=\"https:\/\/hudo.com\/si\/aktualno\/v-spaniji-upad-smrtnih-zrtev-covida-19\/\" \/>\n<meta property=\"og:site_name\" content=\"Hudo Slovenija\" \/>\n<meta property=\"article:publisher\" content=\"https:\/\/www.facebook.com\/hudo.si\" \/>\n<meta property=\"article:published_time\" content=\"2020-04-15T11:00:02+00:00\" \/>\n<meta property=\"og:image\" content=\"https:\/\/hudo.com\/si\/wp-content\/uploads\/sites\/2\/2020\/04\/profimedia-0511908768.jpg\" \/>\n\t<meta property=\"og:image:width\" content=\"1250\" \/>\n\t<meta property=\"og:image:height\" content=\"833\" \/>\n\t<meta property=\"og:image:type\" content=\"image\/jpeg\" \/>\n<meta name=\"author\" content=\"A. G., STA\" \/>\n<meta name=\"twitter:card\" content=\"summary_large_image\" \/>\n<meta name=\"twitter:creator\" content=\"@hudo_si\" \/>\n<meta name=\"twitter:site\" content=\"@hudo_si\" \/>\n<meta name=\"twitter:label1\" content=\"Written by\" \/>\n\t<meta name=\"twitter:data1\" content=\"A. G., STA\" \/>\n\t<meta name=\"twitter:label2\" content=\"Est. reading time\" \/>\n\t<meta name=\"twitter:data2\" content=\"1 minuta\" \/>\n<script type=\"application\/ld+json\" class=\"yoast-schema-graph\">{\"@context\":\"https:\/\/schema.org\",\"@graph\":[{\"@type\":\"Article\",\"@id\":\"https:\/\/hudo.com\/si\/aktualno\/v-spaniji-upad-smrtnih-zrtev-covida-19\/#article\",\"isPartOf\":{\"@id\":\"https:\/\/hudo.com\/si\/aktualno\/v-spaniji-upad-smrtnih-zrtev-covida-19\/\"},\"author\":{\"name\":\"A. G., STA\",\"@id\":\"https:\/\/hudo.com\/si\/#\/schema\/person\/2391667a63ea075ba94f2f2dc6b77537\"},\"headline\":\"V \u0160paniji upad smrtnih \u017ertev covida-19\",\"datePublished\":\"2020-04-15T11:00:02+00:00\",\"dateModified\":\"2020-04-15T11:00:02+00:00\",\"mainEntityOfPage\":{\"@id\":\"https:\/\/hudo.com\/si\/aktualno\/v-spaniji-upad-smrtnih-zrtev-covida-19\/\"},\"wordCount\":144,\"publisher\":{\"@id\":\"https:\/\/hudo.com\/si\/#organization\"},\"keywords\":[\"koronavirus\",\"\u0161panija\"],\"articleSection\":[\"Aktualno\"],\"inLanguage\":\"sl-SI\"},{\"@type\":\"WebPage\",\"@id\":\"https:\/\/hudo.com\/si\/aktualno\/v-spaniji-upad-smrtnih-zrtev-covida-19\/\",\"url\":\"https:\/\/hudo.com\/si\/aktualno\/v-spaniji-upad-smrtnih-zrtev-covida-19\/\",\"name\":\"V \u0160paniji upad smrtnih \u017ertev covida-19 - Hudo Slovenija\",\"isPartOf\":{\"@id\":\"https:\/\/hudo.com\/si\/#website\"},\"datePublished\":\"2020-04-15T11:00:02+00:00\",\"dateModified\":\"2020-04-15T11:00:02+00:00\",\"breadcrumb\":{\"@id\":\"https:\/\/hudo.com\/si\/aktualno\/v-spaniji-upad-smrtnih-zrtev-covida-19\/#breadcrumb\"},\"inLanguage\":\"sl-SI\",\"potentialAction\":[{\"@type\":\"ReadAction\",\"target\":[\"https:\/\/hudo.com\/si\/aktualno\/v-spaniji-upad-smrtnih-zrtev-covida-19\/\"]}]},{\"@type\":\"BreadcrumbList\",\"@id\":\"https:\/\/hudo.com\/si\/aktualno\/v-spaniji-upad-smrtnih-zrtev-covida-19\/#breadcrumb\",\"itemListElement\":[{\"@type\":\"ListItem\",\"position\":1,\"name\":\"Home\",\"item\":\"https:\/\/hudo.com\/si\/\"},{\"@type\":\"ListItem\",\"position\":2,\"name\":\"V \u0160paniji upad smrtnih \u017ertev covida-19\"}]},{\"@type\":\"WebSite\",\"@id\":\"https:\/\/hudo.com\/si\/#website\",\"url\":\"https:\/\/hudo.com\/si\/\",\"name\":\"Hudo Slovenija\",\"description\":\"Vse novice iz Slovenije in sveta\",\"publisher\":{\"@id\":\"https:\/\/hudo.com\/si\/#organization\"},\"potentialAction\":[{\"@type\":\"SearchAction\",\"target\":{\"@type\":\"EntryPoint\",\"urlTemplate\":\"https:\/\/hudo.com\/si\/?s={search_term_string}\"},\"query-input\":\"required name=search_term_string\"}],\"inLanguage\":\"sl-SI\"},{\"@type\":\"Organization\",\"@id\":\"https:\/\/hudo.com\/si\/#organization\",\"name\":\"VSN Media\",\"url\":\"https:\/\/hudo.com\/si\/\",\"logo\":{\"@type\":\"ImageObject\",\"inLanguage\":\"sl-SI\",\"@id\":\"https:\/\/hudo.com\/si\/#\/schema\/logo\/image\/\",\"url\":\"https:\/\/hudo.com\/si\/wp-content\/uploads\/sites\/2\/2021\/03\/hudo-app-2.png\",\"contentUrl\":\"https:\/\/hudo.com\/si\/wp-content\/uploads\/sites\/2\/2021\/03\/hudo-app-2.png\",\"width\":2185,\"height\":2167,\"caption\":\"VSN Media\"},\"image\":{\"@id\":\"https:\/\/hudo.com\/si\/#\/schema\/logo\/image\/\"},\"sameAs\":[\"https:\/\/www.facebook.com\/hudo.si\",\"https:\/\/twitter.com\/hudo_si\"]},{\"@type\":\"Person\",\"@id\":\"https:\/\/hudo.com\/si\/#\/schema\/person\/2391667a63ea075ba94f2f2dc6b77537\",\"name\":\"A. G., STA\",\"image\":{\"@type\":\"ImageObject\",\"inLanguage\":\"sl-SI\",\"@id\":\"https:\/\/hudo.com\/si\/#\/schema\/person\/image\/\",\"url\":\"https:\/\/secure.gravatar.com\/avatar\/e13d22ac3e442658d5025fbbe6238a79?s=96&d=mm&r=g\",\"contentUrl\":\"https:\/\/secure.gravatar.com\/avatar\/e13d22ac3e442658d5025fbbe6238a79?s=96&d=mm&r=g\",\"caption\":\"A. G., STA\"},\"url\":\"https:\/\/hudo.com\/si\/author\/alenka\/\"}]}<\/script>\n<!-- \/ Yoast SEO plugin. -->","yoast_head_json":{"title":"V \u0160paniji upad smrtnih \u017ertev covida-19 - Hudo Slovenija","robots":{"index":"index","follow":"follow","max-snippet":"max-snippet:-1","max-image-preview":"max-image-preview:large","max-video-preview":"max-video-preview:-1"},"canonical":"https:\/\/hudo.com\/si\/aktualno\/v-spaniji-upad-smrtnih-zrtev-covida-19\/","og_locale":"sl_SI","og_type":"article","og_title":"V \u0160paniji upad smrtnih \u017ertev covida-19 - Hudo Slovenija","og_description":"V \u0160paniji so v zadnjem dnevu na\u0161teli 523 smrtnih \u017ertev covida-19, skupno je bolezni podleglo 18.579 ljudi, je danes sporo\u010dilo ministrstvo za zdravje. To je manj kot v torek, ko so potrdili 567 smrti, poro\u010da \u0161panski \u010dasnik El Pais.","og_url":"https:\/\/hudo.com\/si\/aktualno\/v-spaniji-upad-smrtnih-zrtev-covida-19\/","og_site_name":"Hudo Slovenija","article_publisher":"https:\/\/www.facebook.com\/hudo.si","article_published_time":"2020-04-15T11:00:02+00:00","og_image":[{"width":1250,"height":833,"url":"https:\/\/hudo.com\/si\/wp-content\/uploads\/sites\/2\/2020\/04\/profimedia-0511908768.jpg","type":"image\/jpeg"}],"author":"A. G., STA","twitter_card":"summary_large_image","twitter_creator":"@hudo_si","twitter_site":"@hudo_si","twitter_misc":{"Written by":"A. G., STA","Est. reading time":"1 minuta"},"schema":{"@context":"https:\/\/schema.org","@graph":[{"@type":"Article","@id":"https:\/\/hudo.com\/si\/aktualno\/v-spaniji-upad-smrtnih-zrtev-covida-19\/#article","isPartOf":{"@id":"https:\/\/hudo.com\/si\/aktualno\/v-spaniji-upad-smrtnih-zrtev-covida-19\/"},"author":{"name":"A. G., STA","@id":"https:\/\/hudo.com\/si\/#\/schema\/person\/2391667a63ea075ba94f2f2dc6b77537"},"headline":"V \u0160paniji upad smrtnih \u017ertev covida-19","datePublished":"2020-04-15T11:00:02+00:00","dateModified":"2020-04-15T11:00:02+00:00","mainEntityOfPage":{"@id":"https:\/\/hudo.com\/si\/aktualno\/v-spaniji-upad-smrtnih-zrtev-covida-19\/"},"wordCount":144,"publisher":{"@id":"https:\/\/hudo.com\/si\/#organization"},"keywords":["koronavirus","\u0161panija"],"articleSection":["Aktualno"],"inLanguage":"sl-SI"},{"@type":"WebPage","@id":"https:\/\/hudo.com\/si\/aktualno\/v-spaniji-upad-smrtnih-zrtev-covida-19\/","url":"https:\/\/hudo.com\/si\/aktualno\/v-spaniji-upad-smrtnih-zrtev-covida-19\/","name":"V \u0160paniji upad smrtnih \u017ertev covida-19 - Hudo Slovenija","isPartOf":{"@id":"https:\/\/hudo.com\/si\/#website"},"datePublished":"2020-04-15T11:00:02+00:00","dateModified":"2020-04-15T11:00:02+00:00","breadcrumb":{"@id":"https:\/\/hudo.com\/si\/aktualno\/v-spaniji-upad-smrtnih-zrtev-covida-19\/#breadcrumb"},"inLanguage":"sl-SI","potentialAction":[{"@type":"ReadAction","target":["https:\/\/hudo.com\/si\/aktualno\/v-spaniji-upad-smrtnih-zrtev-covida-19\/"]}]},{"@type":"BreadcrumbList","@id":"https:\/\/hudo.com\/si\/aktualno\/v-spaniji-upad-smrtnih-zrtev-covida-19\/#breadcrumb","itemListElement":[{"@type":"ListItem","position":1,"name":"Home","item":"https:\/\/hudo.com\/si\/"},{"@type":"ListItem","position":2,"name":"V \u0160paniji upad smrtnih \u017ertev covida-19"}]},{"@type":"WebSite","@id":"https:\/\/hudo.com\/si\/#website","url":"https:\/\/hudo.com\/si\/","name":"Hudo Slovenija","description":"Vse novice iz Slovenije in sveta","publisher":{"@id":"https:\/\/hudo.com\/si\/#organization"},"potentialAction":[{"@type":"SearchAction","target":{"@type":"EntryPoint","urlTemplate":"https:\/\/hudo.com\/si\/?s={search_term_string}"},"query-input":"required name=search_term_string"}],"inLanguage":"sl-SI"},{"@type":"Organization","@id":"https:\/\/hudo.com\/si\/#organization","name":"VSN Media","url":"https:\/\/hudo.com\/si\/","logo":{"@type":"ImageObject","inLanguage":"sl-SI","@id":"https:\/\/hudo.com\/si\/#\/schema\/logo\/image\/","url":"https:\/\/hudo.com\/si\/wp-content\/uploads\/sites\/2\/2021\/03\/hudo-app-2.png","contentUrl":"https:\/\/hudo.com\/si\/wp-content\/uploads\/sites\/2\/2021\/03\/hudo-app-2.png","width":2185,"height":2167,"caption":"VSN Media"},"image":{"@id":"https:\/\/hudo.com\/si\/#\/schema\/logo\/image\/"},"sameAs":["https:\/\/www.facebook.com\/hudo.si","https:\/\/twitter.com\/hudo_si"]},{"@type":"Person","@id":"https:\/\/hudo.com\/si\/#\/schema\/person\/2391667a63ea075ba94f2f2dc6b77537","name":"A. G., STA","image":{"@type":"ImageObject","inLanguage":"sl-SI","@id":"https:\/\/hudo.com\/si\/#\/schema\/person\/image\/","url":"https:\/\/secure.gravatar.com\/avatar\/e13d22ac3e442658d5025fbbe6238a79?s=96&d=mm&r=g","contentUrl":"https:\/\/secure.gravatar.com\/avatar\/e13d22ac3e442658d5025fbbe6238a79?s=96&d=mm&r=g","caption":"A. G., STA"},"url":"https:\/\/hudo.com\/si\/author\/alenka\/"}]}},"amp_enabled":true,"_links":{"self":[{"href":"https:\/\/hudo.com\/si\/wp-json\/wp\/v2\/posts\/420968"}],"collection":[{"href":"https:\/\/hudo.com\/si\/wp-json\/wp\/v2\/posts"}],"about":[{"href":"https:\/\/hudo.com\/si\/wp-json\/wp\/v2\/types\/post"}],"author":[{"embeddable":true,"href":"https:\/\/hudo.com\/si\/wp-json\/wp\/v2\/users\/5"}],"replies":[{"embeddable":true,"href":"https:\/\/hudo.com\/si\/wp-json\/wp\/v2\/comments?post=420968"}],"version-history":[{"count":1,"href":"https:\/\/hudo.com\/si\/wp-json\/wp\/v2\/posts\/420968\/revisions"}],"predecessor-version":[{"id":420969,"href":"https:\/\/hudo.com\/si\/wp-json\/wp\/v2\/posts\/420968\/revisions\/420969"}],"wp:featuredmedia":[{"embeddable":true,"href":"https:\/\/hudo.com\/si\/wp-json\/wp\/v2\/media\/420158"}],"wp:attachment":[{"href":"https:\/\/hudo.com\/si\/wp-json\/wp\/v2\/media?parent=420968"}],"wp:term":[{"taxonomy":"category","embeddable":true,"href":"https:\/\/hudo.com\/si\/wp-json\/wp\/v2\/categories?post=420968"},{"taxonomy":"post_tag","embeddable":true,"href":"https:\/\/hudo.com\/si\/wp-json\/wp\/v2\/tags?post=420968"},{"taxonomy":"source","embeddable":true,"href":"https:\/\/hudo.com\/si\/wp-json\/wp\/v2\/source?post=420968"},{"taxonomy":"supertag","embeddable":true,"href":"https:\/\/hudo.com\/si\/wp-json\/wp\/v2\/supertag?post=420968"}],"curies":[{"name":"wp","href":"https:\/\/api.w.org\/{rel}","templated":true}]}}