{"id":421664,"date":"2020-04-23T10:48:11","date_gmt":"2020-04-23T08:48:11","guid":{"rendered":"https:\/\/hudo.com\/si\/2020\/04\/23\/ferrari-grozi-z-izstopom-se-obeta-konec-f1\/"},"modified":"2020-04-23T10:48:11","modified_gmt":"2020-04-23T08:48:11","slug":"ferrari-grozi-z-izstopom-se-obeta-konec-f1","status":"publish","type":"post","link":"https:\/\/hudo.com\/si\/zdrav-duh-telo\/ferrari-grozi-z-izstopom-se-obeta-konec-f1\/","title":{"rendered":"Ferrari grozi z izstopom &#8211; se obeta konec F1?"},"content":{"rendered":"<figure>\n\t\t\t\t\t<img loading=\"lazy\" decoding=\"async\" width=\"660\" height=\"320\" src=\"image\/gif;base64,R0lGODlhAQABAAAAACH5BAEKAAEALAAAAAABAAEAAAICTAEAOw==\" class=\"lazyload\" \/><figcaption>foto:Profimedia<\/figcaption><\/figure>\n<p>Nem\u0161ka tiskovna agencija (dpa) poro\u010da, da pri Ferrariju niso zadovoljni z vi\u0161ino omejitve prora\u010dunov mo\u0161tev. Prvotni predlog pred nastopom krize je sicer predvideval, da bodo prora\u010duni mo\u0161tev ob popolni prenovi pravil za leto 2021 (kasneje so to prestavili na sezono 2022) zna\u0161ali najve\u010d 175 milijonov dolarjev oziroma 162 milijonov evrov.<\/p>\n<p>Nekatera mo\u0161tva so \u017ee izrazila zaskrbljenost, saj nimajo prihodkov, s katerimi lahko razpolagajo najbogatej\u0161a mo\u0161tva. Zato nov predlog predvideva omejitev prora\u010duna na 135 milijonov evrov v sezoni 2021 ter na 120 milijonov evrov v sezoni 2022.<\/p>\n<p>Ferrari, ki v F1 nastopa vse od njenih za\u010detkov leta 1950, zdaj grozi z izstopom, saj bi bile omejitve enostavno prenizke za razvoj dirkalnika.<\/p>\n<p>&#8220;\u017de tako je bila prvotna meja nizka, nova v vi\u0161ini 135 milijonov evrov pa je \u0161e toliko zahtevnej\u0161a. Tega prora\u010duna se enostavno ni mo\u010d dr\u017eati brez \u017ertvovanja pri delovni sili,&#8221; je dejal Binotto za Guardian.<\/p>\n<p>Poudaril je, da cilj proizvodnje dirkalnikov ni zgolj dobi\u010dek, ampak tudi zagotavljanje socialnega statusa za zaposlene in uspe\u0161nosti regije.<\/p>\n<p>&#8220;\u010ce se bo ta meja spu\u0161\u010dala, ne bi radi bili postavljeni v polo\u017eaj, da bi na\u0161o \u017eeljo po dirkanju zasledovali v drugih prvenstvih,&#8221; je \u0161e poudaril Binotto.<\/p>\n<p>Pri Ferrariju, s sede\u017eem v s covidom-19 mo\u010dno prizadeti Italiji, se zavedajo, da je svet in z njim \u0161port v zahtevnem polo\u017eaju. A poudarjajo, da to ni \u010das za drasti\u010dne odlo\u010ditve brez pravega premisleka o posledicah.<\/p>\n<p>Poleg mo\u0161tva iz Maranella so proti ideji o kr\u010denju stro\u0161kov tudi pri Mercedesu in Red Bullu, ki v razvoj dirkalnika prav tako vlagata neprimerno ve\u010d kot ostale ekipe.<\/p>\n<p>Sezona F1 bi se sicer lahko za\u010dela v Avstriji 5. julija s povsem spremenjenim in natrpanim koledarjem dirk, a dokon\u010dna odlo\u010ditev zaradi \u0161e vedno prete\u010de nevarnosti novega koronavirusa \u0161e ni padla.<\/p>\n","protected":false},"excerpt":{"rendered":"<p>\u0160ef mo\u0161tva Ferrari Mattia Binotto je zagrozil, da bi lahko posko\u010dni konji\u010dek iz Maranella izstopil iz formule ena. To bi se zgodilo, \u010de bodo v vodstvu tekmovanja zaradi krize, ki jo je povzro\u010dil novi kornavirus, \u0161li pri kr\u010denju omejitve prora\u010duna, ki se obeta za sezoni 2021 in 2022, predale\u010d.<\/p>\n","protected":false},"author":1,"featured_media":421665,"comment_status":"closed","ping_status":"closed","sticky":false,"template":"","format":"standard","meta":{"footnotes":""},"categories":[1],"tags":[1641,4536,4622],"source":[1518,1556],"supertag":[],"acf":[],"yoast_head":"<!-- This site is optimized with the Yoast SEO plugin v21.3 - https:\/\/yoast.com\/wordpress\/plugins\/seo\/ -->\n<title>Ferrari grozi z izstopom &#8211; se obeta konec F1? - Hudo Slovenija<\/title>\n<meta name=\"robots\" content=\"index, follow, max-snippet:-1, max-image-preview:large, max-video-preview:-1\" \/>\n<link rel=\"canonical\" href=\"https:\/\/hudo.com\/si\/zdrav-duh-telo\/ferrari-grozi-z-izstopom-se-obeta-konec-f1\/\" \/>\n<meta property=\"og:locale\" content=\"sl_SI\" \/>\n<meta property=\"og:type\" content=\"article\" \/>\n<meta property=\"og:title\" content=\"Ferrari grozi z izstopom &#8211; se obeta konec F1? - Hudo Slovenija\" \/>\n<meta property=\"og:description\" content=\"\u0160ef mo\u0161tva Ferrari Mattia Binotto je zagrozil, da bi lahko posko\u010dni konji\u010dek iz Maranella izstopil iz formule ena. To bi se zgodilo, \u010de bodo v vodstvu tekmovanja zaradi krize, ki jo je povzro\u010dil novi kornavirus, \u0161li pri kr\u010denju omejitve prora\u010duna, ki se obeta za sezoni 2021 in 2022, predale\u010d.\" \/>\n<meta property=\"og:url\" content=\"https:\/\/hudo.com\/si\/zdrav-duh-telo\/ferrari-grozi-z-izstopom-se-obeta-konec-f1\/\" \/>\n<meta property=\"og:site_name\" content=\"Hudo Slovenija\" \/>\n<meta property=\"article:publisher\" content=\"https:\/\/www.facebook.com\/hudo.si\" \/>\n<meta property=\"article:published_time\" content=\"2020-04-23T08:48:11+00:00\" \/>\n<meta property=\"og:image\" content=\"https:\/\/hudo.com\/si\/wp-content\/uploads\/sites\/2\/2020\/04\/profimedia-0507357283.jpg\" \/>\n\t<meta property=\"og:image:width\" content=\"1250\" \/>\n\t<meta property=\"og:image:height\" content=\"833\" \/>\n\t<meta property=\"og:image:type\" content=\"image\/jpeg\" \/>\n<meta name=\"author\" content=\"hudo\" \/>\n<meta name=\"twitter:card\" content=\"summary_large_image\" \/>\n<meta name=\"twitter:creator\" content=\"@hudo_si\" \/>\n<meta name=\"twitter:site\" content=\"@hudo_si\" \/>\n<meta name=\"twitter:label1\" content=\"Written by\" \/>\n\t<meta name=\"twitter:data1\" content=\"hudo\" \/>\n\t<meta name=\"twitter:label2\" content=\"Est. reading time\" \/>\n\t<meta name=\"twitter:data2\" content=\"2 minuti\" \/>\n<script type=\"application\/ld+json\" class=\"yoast-schema-graph\">{\"@context\":\"https:\/\/schema.org\",\"@graph\":[{\"@type\":\"Article\",\"@id\":\"https:\/\/hudo.com\/si\/zdrav-duh-telo\/ferrari-grozi-z-izstopom-se-obeta-konec-f1\/#article\",\"isPartOf\":{\"@id\":\"https:\/\/hudo.com\/si\/zdrav-duh-telo\/ferrari-grozi-z-izstopom-se-obeta-konec-f1\/\"},\"author\":{\"name\":\"hudo\",\"@id\":\"https:\/\/hudo.com\/si\/#\/schema\/person\/601cf3379633985b20f7e50f2bb47707\"},\"headline\":\"Ferrari grozi z izstopom &#8211; se obeta konec F1?\",\"datePublished\":\"2020-04-23T08:48:11+00:00\",\"dateModified\":\"2020-04-23T08:48:11+00:00\",\"mainEntityOfPage\":{\"@id\":\"https:\/\/hudo.com\/si\/zdrav-duh-telo\/ferrari-grozi-z-izstopom-se-obeta-konec-f1\/\"},\"wordCount\":319,\"publisher\":{\"@id\":\"https:\/\/hudo.com\/si\/#organization\"},\"keywords\":[\"dirka\",\"ferrari\",\"formula 1\"],\"articleSection\":[\"Zdrav duh &amp; telo\"],\"inLanguage\":\"sl-SI\"},{\"@type\":\"WebPage\",\"@id\":\"https:\/\/hudo.com\/si\/zdrav-duh-telo\/ferrari-grozi-z-izstopom-se-obeta-konec-f1\/\",\"url\":\"https:\/\/hudo.com\/si\/zdrav-duh-telo\/ferrari-grozi-z-izstopom-se-obeta-konec-f1\/\",\"name\":\"Ferrari grozi z izstopom &#8211; se obeta konec F1? - Hudo Slovenija\",\"isPartOf\":{\"@id\":\"https:\/\/hudo.com\/si\/#website\"},\"datePublished\":\"2020-04-23T08:48:11+00:00\",\"dateModified\":\"2020-04-23T08:48:11+00:00\",\"breadcrumb\":{\"@id\":\"https:\/\/hudo.com\/si\/zdrav-duh-telo\/ferrari-grozi-z-izstopom-se-obeta-konec-f1\/#breadcrumb\"},\"inLanguage\":\"sl-SI\",\"potentialAction\":[{\"@type\":\"ReadAction\",\"target\":[\"https:\/\/hudo.com\/si\/zdrav-duh-telo\/ferrari-grozi-z-izstopom-se-obeta-konec-f1\/\"]}]},{\"@type\":\"BreadcrumbList\",\"@id\":\"https:\/\/hudo.com\/si\/zdrav-duh-telo\/ferrari-grozi-z-izstopom-se-obeta-konec-f1\/#breadcrumb\",\"itemListElement\":[{\"@type\":\"ListItem\",\"position\":1,\"name\":\"Home\",\"item\":\"https:\/\/hudo.com\/si\/\"},{\"@type\":\"ListItem\",\"position\":2,\"name\":\"Ferrari grozi z izstopom &#8211; se obeta konec F1?\"}]},{\"@type\":\"WebSite\",\"@id\":\"https:\/\/hudo.com\/si\/#website\",\"url\":\"https:\/\/hudo.com\/si\/\",\"name\":\"Hudo Slovenija\",\"description\":\"Vse novice iz Slovenije in sveta\",\"publisher\":{\"@id\":\"https:\/\/hudo.com\/si\/#organization\"},\"potentialAction\":[{\"@type\":\"SearchAction\",\"target\":{\"@type\":\"EntryPoint\",\"urlTemplate\":\"https:\/\/hudo.com\/si\/?s={search_term_string}\"},\"query-input\":\"required name=search_term_string\"}],\"inLanguage\":\"sl-SI\"},{\"@type\":\"Organization\",\"@id\":\"https:\/\/hudo.com\/si\/#organization\",\"name\":\"VSN Media\",\"url\":\"https:\/\/hudo.com\/si\/\",\"logo\":{\"@type\":\"ImageObject\",\"inLanguage\":\"sl-SI\",\"@id\":\"https:\/\/hudo.com\/si\/#\/schema\/logo\/image\/\",\"url\":\"https:\/\/hudo.com\/si\/wp-content\/uploads\/sites\/2\/2021\/03\/hudo-app-2.png\",\"contentUrl\":\"https:\/\/hudo.com\/si\/wp-content\/uploads\/sites\/2\/2021\/03\/hudo-app-2.png\",\"width\":2185,\"height\":2167,\"caption\":\"VSN Media\"},\"image\":{\"@id\":\"https:\/\/hudo.com\/si\/#\/schema\/logo\/image\/\"},\"sameAs\":[\"https:\/\/www.facebook.com\/hudo.si\",\"https:\/\/twitter.com\/hudo_si\"]},{\"@type\":\"Person\",\"@id\":\"https:\/\/hudo.com\/si\/#\/schema\/person\/601cf3379633985b20f7e50f2bb47707\",\"name\":\"hudo\",\"image\":{\"@type\":\"ImageObject\",\"inLanguage\":\"sl-SI\",\"@id\":\"https:\/\/hudo.com\/si\/#\/schema\/person\/image\/\",\"url\":\"https:\/\/secure.gravatar.com\/avatar\/c4ca25fa72cace7a696b52ff5db9e095?s=96&d=mm&r=g\",\"contentUrl\":\"https:\/\/secure.gravatar.com\/avatar\/c4ca25fa72cace7a696b52ff5db9e095?s=96&d=mm&r=g\",\"caption\":\"hudo\"},\"url\":\"https:\/\/hudo.com\/si\/author\/hudo\/\"}]}<\/script>\n<!-- \/ Yoast SEO plugin. -->","yoast_head_json":{"title":"Ferrari grozi z izstopom &#8211; se obeta konec F1? - Hudo Slovenija","robots":{"index":"index","follow":"follow","max-snippet":"max-snippet:-1","max-image-preview":"max-image-preview:large","max-video-preview":"max-video-preview:-1"},"canonical":"https:\/\/hudo.com\/si\/zdrav-duh-telo\/ferrari-grozi-z-izstopom-se-obeta-konec-f1\/","og_locale":"sl_SI","og_type":"article","og_title":"Ferrari grozi z izstopom &#8211; se obeta konec F1? - Hudo Slovenija","og_description":"\u0160ef mo\u0161tva Ferrari Mattia Binotto je zagrozil, da bi lahko posko\u010dni konji\u010dek iz Maranella izstopil iz formule ena. To bi se zgodilo, \u010de bodo v vodstvu tekmovanja zaradi krize, ki jo je povzro\u010dil novi kornavirus, \u0161li pri kr\u010denju omejitve prora\u010duna, ki se obeta za sezoni 2021 in 2022, predale\u010d.","og_url":"https:\/\/hudo.com\/si\/zdrav-duh-telo\/ferrari-grozi-z-izstopom-se-obeta-konec-f1\/","og_site_name":"Hudo Slovenija","article_publisher":"https:\/\/www.facebook.com\/hudo.si","article_published_time":"2020-04-23T08:48:11+00:00","og_image":[{"width":1250,"height":833,"url":"https:\/\/hudo.com\/si\/wp-content\/uploads\/sites\/2\/2020\/04\/profimedia-0507357283.jpg","type":"image\/jpeg"}],"author":"hudo","twitter_card":"summary_large_image","twitter_creator":"@hudo_si","twitter_site":"@hudo_si","twitter_misc":{"Written by":"hudo","Est. reading time":"2 minuti"},"schema":{"@context":"https:\/\/schema.org","@graph":[{"@type":"Article","@id":"https:\/\/hudo.com\/si\/zdrav-duh-telo\/ferrari-grozi-z-izstopom-se-obeta-konec-f1\/#article","isPartOf":{"@id":"https:\/\/hudo.com\/si\/zdrav-duh-telo\/ferrari-grozi-z-izstopom-se-obeta-konec-f1\/"},"author":{"name":"hudo","@id":"https:\/\/hudo.com\/si\/#\/schema\/person\/601cf3379633985b20f7e50f2bb47707"},"headline":"Ferrari grozi z izstopom &#8211; se obeta konec F1?","datePublished":"2020-04-23T08:48:11+00:00","dateModified":"2020-04-23T08:48:11+00:00","mainEntityOfPage":{"@id":"https:\/\/hudo.com\/si\/zdrav-duh-telo\/ferrari-grozi-z-izstopom-se-obeta-konec-f1\/"},"wordCount":319,"publisher":{"@id":"https:\/\/hudo.com\/si\/#organization"},"keywords":["dirka","ferrari","formula 1"],"articleSection":["Zdrav duh &amp; telo"],"inLanguage":"sl-SI"},{"@type":"WebPage","@id":"https:\/\/hudo.com\/si\/zdrav-duh-telo\/ferrari-grozi-z-izstopom-se-obeta-konec-f1\/","url":"https:\/\/hudo.com\/si\/zdrav-duh-telo\/ferrari-grozi-z-izstopom-se-obeta-konec-f1\/","name":"Ferrari grozi z izstopom &#8211; se obeta konec F1? - Hudo Slovenija","isPartOf":{"@id":"https:\/\/hudo.com\/si\/#website"},"datePublished":"2020-04-23T08:48:11+00:00","dateModified":"2020-04-23T08:48:11+00:00","breadcrumb":{"@id":"https:\/\/hudo.com\/si\/zdrav-duh-telo\/ferrari-grozi-z-izstopom-se-obeta-konec-f1\/#breadcrumb"},"inLanguage":"sl-SI","potentialAction":[{"@type":"ReadAction","target":["https:\/\/hudo.com\/si\/zdrav-duh-telo\/ferrari-grozi-z-izstopom-se-obeta-konec-f1\/"]}]},{"@type":"BreadcrumbList","@id":"https:\/\/hudo.com\/si\/zdrav-duh-telo\/ferrari-grozi-z-izstopom-se-obeta-konec-f1\/#breadcrumb","itemListElement":[{"@type":"ListItem","position":1,"name":"Home","item":"https:\/\/hudo.com\/si\/"},{"@type":"ListItem","position":2,"name":"Ferrari grozi z izstopom &#8211; se obeta konec F1?"}]},{"@type":"WebSite","@id":"https:\/\/hudo.com\/si\/#website","url":"https:\/\/hudo.com\/si\/","name":"Hudo Slovenija","description":"Vse novice iz Slovenije in sveta","publisher":{"@id":"https:\/\/hudo.com\/si\/#organization"},"potentialAction":[{"@type":"SearchAction","target":{"@type":"EntryPoint","urlTemplate":"https:\/\/hudo.com\/si\/?s={search_term_string}"},"query-input":"required name=search_term_string"}],"inLanguage":"sl-SI"},{"@type":"Organization","@id":"https:\/\/hudo.com\/si\/#organization","name":"VSN Media","url":"https:\/\/hudo.com\/si\/","logo":{"@type":"ImageObject","inLanguage":"sl-SI","@id":"https:\/\/hudo.com\/si\/#\/schema\/logo\/image\/","url":"https:\/\/hudo.com\/si\/wp-content\/uploads\/sites\/2\/2021\/03\/hudo-app-2.png","contentUrl":"https:\/\/hudo.com\/si\/wp-content\/uploads\/sites\/2\/2021\/03\/hudo-app-2.png","width":2185,"height":2167,"caption":"VSN Media"},"image":{"@id":"https:\/\/hudo.com\/si\/#\/schema\/logo\/image\/"},"sameAs":["https:\/\/www.facebook.com\/hudo.si","https:\/\/twitter.com\/hudo_si"]},{"@type":"Person","@id":"https:\/\/hudo.com\/si\/#\/schema\/person\/601cf3379633985b20f7e50f2bb47707","name":"hudo","image":{"@type":"ImageObject","inLanguage":"sl-SI","@id":"https:\/\/hudo.com\/si\/#\/schema\/person\/image\/","url":"https:\/\/secure.gravatar.com\/avatar\/c4ca25fa72cace7a696b52ff5db9e095?s=96&d=mm&r=g","contentUrl":"https:\/\/secure.gravatar.com\/avatar\/c4ca25fa72cace7a696b52ff5db9e095?s=96&d=mm&r=g","caption":"hudo"},"url":"https:\/\/hudo.com\/si\/author\/hudo\/"}]}},"amp_enabled":true,"_links":{"self":[{"href":"https:\/\/hudo.com\/si\/wp-json\/wp\/v2\/posts\/421664"}],"collection":[{"href":"https:\/\/hudo.com\/si\/wp-json\/wp\/v2\/posts"}],"about":[{"href":"https:\/\/hudo.com\/si\/wp-json\/wp\/v2\/types\/post"}],"author":[{"embeddable":true,"href":"https:\/\/hudo.com\/si\/wp-json\/wp\/v2\/users\/1"}],"replies":[{"embeddable":true,"href":"https:\/\/hudo.com\/si\/wp-json\/wp\/v2\/comments?post=421664"}],"version-history":[{"count":0,"href":"https:\/\/hudo.com\/si\/wp-json\/wp\/v2\/posts\/421664\/revisions"}],"wp:featuredmedia":[{"embeddable":true,"href":"https:\/\/hudo.com\/si\/wp-json\/wp\/v2\/media\/421665"}],"wp:attachment":[{"href":"https:\/\/hudo.com\/si\/wp-json\/wp\/v2\/media?parent=421664"}],"wp:term":[{"taxonomy":"category","embeddable":true,"href":"https:\/\/hudo.com\/si\/wp-json\/wp\/v2\/categories?post=421664"},{"taxonomy":"post_tag","embeddable":true,"href":"https:\/\/hudo.com\/si\/wp-json\/wp\/v2\/tags?post=421664"},{"taxonomy":"source","embeddable":true,"href":"https:\/\/hudo.com\/si\/wp-json\/wp\/v2\/source?post=421664"},{"taxonomy":"supertag","embeddable":true,"href":"https:\/\/hudo.com\/si\/wp-json\/wp\/v2\/supertag?post=421664"}],"curies":[{"name":"wp","href":"https:\/\/api.w.org\/{rel}","templated":true}]}}