{"id":421882,"date":"2020-04-27T09:11:04","date_gmt":"2020-04-27T07:11:04","guid":{"rendered":"http:\/\/hudo.com\/si\/?p=421882"},"modified":"2020-04-27T09:11:04","modified_gmt":"2020-04-27T07:11:04","slug":"v-italiji-zarisali-jasnejsi-nacrt-rahljanja-ukrepov-zdaj-se-zacenja-faza-skupnega-bivanja-z-virusom","status":"publish","type":"post","link":"https:\/\/hudo.com\/si\/aktualno\/v-italiji-zarisali-jasnejsi-nacrt-rahljanja-ukrepov-zdaj-se-zacenja-faza-skupnega-bivanja-z-virusom\/","title":{"rendered":"V Italiji zarisali jasnej\u0161i na\u010drt rahljanja ukrepov: &#8220;Zdaj se za\u010denja faza skupnega bivanja z virusom&#8221;"},"content":{"rendered":"<p>Gibanje med posameznimi de\u017eelami bo medtem \u0161e naprej mogo\u010de le na podlagi nujnih poklicnih ali zdravstvenih razlogov, je v nedeljo zve\u010der v televizijskem nagovoru naznanil Conte. S 4. majem bodo poleg tega za pripravo hrane za s seboj znova za\u010deli delovati bari in restavracije.<\/p>\n<p>Odprli se bodo parki in druge zelene povr\u0161ine, ljudje pa bodo lahko znova obiskovali svoje sorodnike. Znova naj bi bili dovoljeni tudi pogrebi, a ob udele\u017ebi najve\u010d 15 ljudi.<br \/>\nS treningi bodo lahko ponovno za\u010deli tudi v posami\u010dnih \u0161portih, poleg tega pa \u0161portne dejavnosti ne bodo ve\u010d omejene na bli\u017eino doma.<\/p>\n<p>Z 18. majem se nato v dr\u017eavi znova odpirajo \u0161e trgovine na drobno, muzeji in knji\u017enice. S tem dnem naj bi bili mogo\u010di tudi skupinski treningi. 1. junija pa bodo vrata spet odprli bari, restavracije, frizerski in lepotilni saloni, navedbe Conteja povzemajo tuje tiskovne agencije.<\/p>\n<p>Italijanski premier je sicer ob tem posvaril, da bodo morali ljudje po 4. maju ob spro\u0161\u010danju nekaterih dejavnosti na javnih mestih nositi maske in dosledno upo\u0161tevati ukrepe dru\u017ebenega distanciranja.<\/p>\n<p>To je namre\u010d po njegovih besedah nujno, da bi prepre\u010dili ponovno rast krivulje oku\u017eb. &#8220;Zdaj se za\u010denja faza skupnega bivanja z virusom,&#8221; je dejal Conte. &#8220;\u010ce imate radi Italijo, ohranjajte razdaljo,&#8221; je poudaril.<\/p>\n<p>V Italiji so v nedeljo zabele\u017eili 260 smrtnih \u017ertev covida-19. Gre za najni\u017eje \u0161tevilo smrtnih \u017ertev od 14. marca. Skupno je doslej v epidemiji umrlo \u017ee 26.644 ljudi. Vrhunec so v dr\u017eavi dosegli 27. marca, ko je v enem dnevu koronavirusni bolezni 19 podleglo 919 ljudi. Vsega skupaj so doslej oku\u017ebo potrdili pri 197.675 ljudeh.<\/p>\n","protected":false},"excerpt":{"rendered":"<p>Italijanski premier Giuseppe Conte je po predhodnih napovedih v nedeljo zve\u010der zarisal jasnej\u0161i na\u010drt rahljanja ukrepov proti novemu koronavirusu v Italiji. Po 4. maju bodo tako za\u010deli znova obratovati gradbeni sektor, velik del proizvodne industrije ter trgovine na debelo. Ljudje se bodo lahko znova gibali znotraj svoje de\u017eele.<\/p>\n","protected":false},"author":8,"featured_media":418091,"comment_status":"closed","ping_status":"closed","sticky":false,"template":"","format":"standard","meta":{"footnotes":""},"categories":[1179],"tags":[11268,1760,15632],"source":[4511],"supertag":[6103],"acf":[],"yoast_head":"<!-- This site is optimized with the Yoast SEO plugin v21.3 - https:\/\/yoast.com\/wordpress\/plugins\/seo\/ -->\n<title>V Italiji zarisali jasnej\u0161i na\u010drt rahljanja ukrepov: &quot;Zdaj se za\u010denja faza skupnega bivanja z virusom&quot; - Hudo Slovenija<\/title>\n<meta name=\"robots\" content=\"index, follow, max-snippet:-1, max-image-preview:large, max-video-preview:-1\" \/>\n<link rel=\"canonical\" href=\"https:\/\/hudo.com\/si\/aktualno\/v-italiji-zarisali-jasnejsi-nacrt-rahljanja-ukrepov-zdaj-se-zacenja-faza-skupnega-bivanja-z-virusom\/\" \/>\n<meta property=\"og:locale\" content=\"sl_SI\" \/>\n<meta property=\"og:type\" content=\"article\" \/>\n<meta property=\"og:title\" content=\"V Italiji zarisali jasnej\u0161i na\u010drt rahljanja ukrepov: &quot;Zdaj se za\u010denja faza skupnega bivanja z virusom&quot; - Hudo Slovenija\" \/>\n<meta property=\"og:description\" content=\"Italijanski premier Giuseppe Conte je po predhodnih napovedih v nedeljo zve\u010der zarisal jasnej\u0161i na\u010drt rahljanja ukrepov proti novemu koronavirusu v Italiji. Po 4. maju bodo tako za\u010deli znova obratovati gradbeni sektor, velik del proizvodne industrije ter trgovine na debelo. Ljudje se bodo lahko znova gibali znotraj svoje de\u017eele.\" \/>\n<meta property=\"og:url\" content=\"https:\/\/hudo.com\/si\/aktualno\/v-italiji-zarisali-jasnejsi-nacrt-rahljanja-ukrepov-zdaj-se-zacenja-faza-skupnega-bivanja-z-virusom\/\" \/>\n<meta property=\"og:site_name\" content=\"Hudo Slovenija\" \/>\n<meta property=\"article:publisher\" content=\"https:\/\/www.facebook.com\/hudo.si\" \/>\n<meta property=\"article:published_time\" content=\"2020-04-27T07:11:04+00:00\" \/>\n<meta property=\"og:image\" content=\"https:\/\/hudo.com\/si\/wp-content\/uploads\/sites\/2\/2020\/03\/profimedia-0505448619.jpg\" \/>\n\t<meta property=\"og:image:width\" content=\"1250\" \/>\n\t<meta property=\"og:image:height\" content=\"832\" \/>\n\t<meta property=\"og:image:type\" content=\"image\/jpeg\" \/>\n<meta name=\"author\" content=\"M. N., STA\" \/>\n<meta name=\"twitter:card\" content=\"summary_large_image\" \/>\n<meta name=\"twitter:creator\" content=\"@hudo_si\" \/>\n<meta name=\"twitter:site\" content=\"@hudo_si\" \/>\n<meta name=\"twitter:label1\" content=\"Written by\" \/>\n\t<meta name=\"twitter:data1\" content=\"M. N., STA\" \/>\n\t<meta name=\"twitter:label2\" content=\"Est. reading time\" \/>\n\t<meta name=\"twitter:data2\" content=\"1 minuta\" \/>\n<script type=\"application\/ld+json\" class=\"yoast-schema-graph\">{\"@context\":\"https:\/\/schema.org\",\"@graph\":[{\"@type\":\"Article\",\"@id\":\"https:\/\/hudo.com\/si\/aktualno\/v-italiji-zarisali-jasnejsi-nacrt-rahljanja-ukrepov-zdaj-se-zacenja-faza-skupnega-bivanja-z-virusom\/#article\",\"isPartOf\":{\"@id\":\"https:\/\/hudo.com\/si\/aktualno\/v-italiji-zarisali-jasnejsi-nacrt-rahljanja-ukrepov-zdaj-se-zacenja-faza-skupnega-bivanja-z-virusom\/\"},\"author\":{\"name\":\"M. N., STA\",\"@id\":\"https:\/\/hudo.com\/si\/#\/schema\/person\/c2f10ce65d2e6ede2aeda5be2a0611fa\"},\"headline\":\"V Italiji zarisali jasnej\u0161i na\u010drt rahljanja ukrepov: &#8220;Zdaj se za\u010denja faza skupnega bivanja z virusom&#8221;\",\"datePublished\":\"2020-04-27T07:11:04+00:00\",\"dateModified\":\"2020-04-27T07:11:04+00:00\",\"mainEntityOfPage\":{\"@id\":\"https:\/\/hudo.com\/si\/aktualno\/v-italiji-zarisali-jasnejsi-nacrt-rahljanja-ukrepov-zdaj-se-zacenja-faza-skupnega-bivanja-z-virusom\/\"},\"wordCount\":285,\"publisher\":{\"@id\":\"https:\/\/hudo.com\/si\/#organization\"},\"keywords\":[\"Giuseppe Conte\",\"italija\",\"koronavirus\"],\"articleSection\":[\"Aktualno\"],\"inLanguage\":\"sl-SI\"},{\"@type\":\"WebPage\",\"@id\":\"https:\/\/hudo.com\/si\/aktualno\/v-italiji-zarisali-jasnejsi-nacrt-rahljanja-ukrepov-zdaj-se-zacenja-faza-skupnega-bivanja-z-virusom\/\",\"url\":\"https:\/\/hudo.com\/si\/aktualno\/v-italiji-zarisali-jasnejsi-nacrt-rahljanja-ukrepov-zdaj-se-zacenja-faza-skupnega-bivanja-z-virusom\/\",\"name\":\"V Italiji zarisali jasnej\u0161i na\u010drt rahljanja ukrepov: \\\"Zdaj se za\u010denja faza skupnega bivanja z virusom\\\" - Hudo Slovenija\",\"isPartOf\":{\"@id\":\"https:\/\/hudo.com\/si\/#website\"},\"datePublished\":\"2020-04-27T07:11:04+00:00\",\"dateModified\":\"2020-04-27T07:11:04+00:00\",\"breadcrumb\":{\"@id\":\"https:\/\/hudo.com\/si\/aktualno\/v-italiji-zarisali-jasnejsi-nacrt-rahljanja-ukrepov-zdaj-se-zacenja-faza-skupnega-bivanja-z-virusom\/#breadcrumb\"},\"inLanguage\":\"sl-SI\",\"potentialAction\":[{\"@type\":\"ReadAction\",\"target\":[\"https:\/\/hudo.com\/si\/aktualno\/v-italiji-zarisali-jasnejsi-nacrt-rahljanja-ukrepov-zdaj-se-zacenja-faza-skupnega-bivanja-z-virusom\/\"]}]},{\"@type\":\"BreadcrumbList\",\"@id\":\"https:\/\/hudo.com\/si\/aktualno\/v-italiji-zarisali-jasnejsi-nacrt-rahljanja-ukrepov-zdaj-se-zacenja-faza-skupnega-bivanja-z-virusom\/#breadcrumb\",\"itemListElement\":[{\"@type\":\"ListItem\",\"position\":1,\"name\":\"Home\",\"item\":\"https:\/\/hudo.com\/si\/\"},{\"@type\":\"ListItem\",\"position\":2,\"name\":\"V Italiji zarisali jasnej\u0161i na\u010drt rahljanja ukrepov: &#8220;Zdaj se za\u010denja faza skupnega bivanja z virusom&#8221;\"}]},{\"@type\":\"WebSite\",\"@id\":\"https:\/\/hudo.com\/si\/#website\",\"url\":\"https:\/\/hudo.com\/si\/\",\"name\":\"Hudo Slovenija\",\"description\":\"Vse novice iz Slovenije in sveta\",\"publisher\":{\"@id\":\"https:\/\/hudo.com\/si\/#organization\"},\"potentialAction\":[{\"@type\":\"SearchAction\",\"target\":{\"@type\":\"EntryPoint\",\"urlTemplate\":\"https:\/\/hudo.com\/si\/?s={search_term_string}\"},\"query-input\":\"required name=search_term_string\"}],\"inLanguage\":\"sl-SI\"},{\"@type\":\"Organization\",\"@id\":\"https:\/\/hudo.com\/si\/#organization\",\"name\":\"VSN Media\",\"url\":\"https:\/\/hudo.com\/si\/\",\"logo\":{\"@type\":\"ImageObject\",\"inLanguage\":\"sl-SI\",\"@id\":\"https:\/\/hudo.com\/si\/#\/schema\/logo\/image\/\",\"url\":\"https:\/\/hudo.com\/si\/wp-content\/uploads\/sites\/2\/2021\/03\/hudo-app-2.png\",\"contentUrl\":\"https:\/\/hudo.com\/si\/wp-content\/uploads\/sites\/2\/2021\/03\/hudo-app-2.png\",\"width\":2185,\"height\":2167,\"caption\":\"VSN Media\"},\"image\":{\"@id\":\"https:\/\/hudo.com\/si\/#\/schema\/logo\/image\/\"},\"sameAs\":[\"https:\/\/www.facebook.com\/hudo.si\",\"https:\/\/twitter.com\/hudo_si\"]},{\"@type\":\"Person\",\"@id\":\"https:\/\/hudo.com\/si\/#\/schema\/person\/c2f10ce65d2e6ede2aeda5be2a0611fa\",\"name\":\"M. N., STA\",\"image\":{\"@type\":\"ImageObject\",\"inLanguage\":\"sl-SI\",\"@id\":\"https:\/\/hudo.com\/si\/#\/schema\/person\/image\/\",\"url\":\"https:\/\/secure.gravatar.com\/avatar\/f370d38daa10467f755c5c766a4cac20?s=96&d=mm&r=g\",\"contentUrl\":\"https:\/\/secure.gravatar.com\/avatar\/f370d38daa10467f755c5c766a4cac20?s=96&d=mm&r=g\",\"caption\":\"M. N., STA\"},\"url\":\"https:\/\/hudo.com\/si\/author\/mana\/\"}]}<\/script>\n<!-- \/ Yoast SEO plugin. -->","yoast_head_json":{"title":"V Italiji zarisali jasnej\u0161i na\u010drt rahljanja ukrepov: \"Zdaj se za\u010denja faza skupnega bivanja z virusom\" - Hudo Slovenija","robots":{"index":"index","follow":"follow","max-snippet":"max-snippet:-1","max-image-preview":"max-image-preview:large","max-video-preview":"max-video-preview:-1"},"canonical":"https:\/\/hudo.com\/si\/aktualno\/v-italiji-zarisali-jasnejsi-nacrt-rahljanja-ukrepov-zdaj-se-zacenja-faza-skupnega-bivanja-z-virusom\/","og_locale":"sl_SI","og_type":"article","og_title":"V Italiji zarisali jasnej\u0161i na\u010drt rahljanja ukrepov: \"Zdaj se za\u010denja faza skupnega bivanja z virusom\" - Hudo Slovenija","og_description":"Italijanski premier Giuseppe Conte je po predhodnih napovedih v nedeljo zve\u010der zarisal jasnej\u0161i na\u010drt rahljanja ukrepov proti novemu koronavirusu v Italiji. Po 4. maju bodo tako za\u010deli znova obratovati gradbeni sektor, velik del proizvodne industrije ter trgovine na debelo. Ljudje se bodo lahko znova gibali znotraj svoje de\u017eele.","og_url":"https:\/\/hudo.com\/si\/aktualno\/v-italiji-zarisali-jasnejsi-nacrt-rahljanja-ukrepov-zdaj-se-zacenja-faza-skupnega-bivanja-z-virusom\/","og_site_name":"Hudo Slovenija","article_publisher":"https:\/\/www.facebook.com\/hudo.si","article_published_time":"2020-04-27T07:11:04+00:00","og_image":[{"width":1250,"height":832,"url":"https:\/\/hudo.com\/si\/wp-content\/uploads\/sites\/2\/2020\/03\/profimedia-0505448619.jpg","type":"image\/jpeg"}],"author":"M. N., STA","twitter_card":"summary_large_image","twitter_creator":"@hudo_si","twitter_site":"@hudo_si","twitter_misc":{"Written by":"M. N., STA","Est. reading time":"1 minuta"},"schema":{"@context":"https:\/\/schema.org","@graph":[{"@type":"Article","@id":"https:\/\/hudo.com\/si\/aktualno\/v-italiji-zarisali-jasnejsi-nacrt-rahljanja-ukrepov-zdaj-se-zacenja-faza-skupnega-bivanja-z-virusom\/#article","isPartOf":{"@id":"https:\/\/hudo.com\/si\/aktualno\/v-italiji-zarisali-jasnejsi-nacrt-rahljanja-ukrepov-zdaj-se-zacenja-faza-skupnega-bivanja-z-virusom\/"},"author":{"name":"M. N., STA","@id":"https:\/\/hudo.com\/si\/#\/schema\/person\/c2f10ce65d2e6ede2aeda5be2a0611fa"},"headline":"V Italiji zarisali jasnej\u0161i na\u010drt rahljanja ukrepov: &#8220;Zdaj se za\u010denja faza skupnega bivanja z virusom&#8221;","datePublished":"2020-04-27T07:11:04+00:00","dateModified":"2020-04-27T07:11:04+00:00","mainEntityOfPage":{"@id":"https:\/\/hudo.com\/si\/aktualno\/v-italiji-zarisali-jasnejsi-nacrt-rahljanja-ukrepov-zdaj-se-zacenja-faza-skupnega-bivanja-z-virusom\/"},"wordCount":285,"publisher":{"@id":"https:\/\/hudo.com\/si\/#organization"},"keywords":["Giuseppe Conte","italija","koronavirus"],"articleSection":["Aktualno"],"inLanguage":"sl-SI"},{"@type":"WebPage","@id":"https:\/\/hudo.com\/si\/aktualno\/v-italiji-zarisali-jasnejsi-nacrt-rahljanja-ukrepov-zdaj-se-zacenja-faza-skupnega-bivanja-z-virusom\/","url":"https:\/\/hudo.com\/si\/aktualno\/v-italiji-zarisali-jasnejsi-nacrt-rahljanja-ukrepov-zdaj-se-zacenja-faza-skupnega-bivanja-z-virusom\/","name":"V Italiji zarisali jasnej\u0161i na\u010drt rahljanja ukrepov: \"Zdaj se za\u010denja faza skupnega bivanja z virusom\" - Hudo Slovenija","isPartOf":{"@id":"https:\/\/hudo.com\/si\/#website"},"datePublished":"2020-04-27T07:11:04+00:00","dateModified":"2020-04-27T07:11:04+00:00","breadcrumb":{"@id":"https:\/\/hudo.com\/si\/aktualno\/v-italiji-zarisali-jasnejsi-nacrt-rahljanja-ukrepov-zdaj-se-zacenja-faza-skupnega-bivanja-z-virusom\/#breadcrumb"},"inLanguage":"sl-SI","potentialAction":[{"@type":"ReadAction","target":["https:\/\/hudo.com\/si\/aktualno\/v-italiji-zarisali-jasnejsi-nacrt-rahljanja-ukrepov-zdaj-se-zacenja-faza-skupnega-bivanja-z-virusom\/"]}]},{"@type":"BreadcrumbList","@id":"https:\/\/hudo.com\/si\/aktualno\/v-italiji-zarisali-jasnejsi-nacrt-rahljanja-ukrepov-zdaj-se-zacenja-faza-skupnega-bivanja-z-virusom\/#breadcrumb","itemListElement":[{"@type":"ListItem","position":1,"name":"Home","item":"https:\/\/hudo.com\/si\/"},{"@type":"ListItem","position":2,"name":"V Italiji zarisali jasnej\u0161i na\u010drt rahljanja ukrepov: &#8220;Zdaj se za\u010denja faza skupnega bivanja z virusom&#8221;"}]},{"@type":"WebSite","@id":"https:\/\/hudo.com\/si\/#website","url":"https:\/\/hudo.com\/si\/","name":"Hudo Slovenija","description":"Vse novice iz Slovenije in sveta","publisher":{"@id":"https:\/\/hudo.com\/si\/#organization"},"potentialAction":[{"@type":"SearchAction","target":{"@type":"EntryPoint","urlTemplate":"https:\/\/hudo.com\/si\/?s={search_term_string}"},"query-input":"required name=search_term_string"}],"inLanguage":"sl-SI"},{"@type":"Organization","@id":"https:\/\/hudo.com\/si\/#organization","name":"VSN Media","url":"https:\/\/hudo.com\/si\/","logo":{"@type":"ImageObject","inLanguage":"sl-SI","@id":"https:\/\/hudo.com\/si\/#\/schema\/logo\/image\/","url":"https:\/\/hudo.com\/si\/wp-content\/uploads\/sites\/2\/2021\/03\/hudo-app-2.png","contentUrl":"https:\/\/hudo.com\/si\/wp-content\/uploads\/sites\/2\/2021\/03\/hudo-app-2.png","width":2185,"height":2167,"caption":"VSN Media"},"image":{"@id":"https:\/\/hudo.com\/si\/#\/schema\/logo\/image\/"},"sameAs":["https:\/\/www.facebook.com\/hudo.si","https:\/\/twitter.com\/hudo_si"]},{"@type":"Person","@id":"https:\/\/hudo.com\/si\/#\/schema\/person\/c2f10ce65d2e6ede2aeda5be2a0611fa","name":"M. N., STA","image":{"@type":"ImageObject","inLanguage":"sl-SI","@id":"https:\/\/hudo.com\/si\/#\/schema\/person\/image\/","url":"https:\/\/secure.gravatar.com\/avatar\/f370d38daa10467f755c5c766a4cac20?s=96&d=mm&r=g","contentUrl":"https:\/\/secure.gravatar.com\/avatar\/f370d38daa10467f755c5c766a4cac20?s=96&d=mm&r=g","caption":"M. N., STA"},"url":"https:\/\/hudo.com\/si\/author\/mana\/"}]}},"amp_enabled":true,"_links":{"self":[{"href":"https:\/\/hudo.com\/si\/wp-json\/wp\/v2\/posts\/421882"}],"collection":[{"href":"https:\/\/hudo.com\/si\/wp-json\/wp\/v2\/posts"}],"about":[{"href":"https:\/\/hudo.com\/si\/wp-json\/wp\/v2\/types\/post"}],"author":[{"embeddable":true,"href":"https:\/\/hudo.com\/si\/wp-json\/wp\/v2\/users\/8"}],"replies":[{"embeddable":true,"href":"https:\/\/hudo.com\/si\/wp-json\/wp\/v2\/comments?post=421882"}],"version-history":[{"count":1,"href":"https:\/\/hudo.com\/si\/wp-json\/wp\/v2\/posts\/421882\/revisions"}],"predecessor-version":[{"id":421883,"href":"https:\/\/hudo.com\/si\/wp-json\/wp\/v2\/posts\/421882\/revisions\/421883"}],"wp:featuredmedia":[{"embeddable":true,"href":"https:\/\/hudo.com\/si\/wp-json\/wp\/v2\/media\/418091"}],"wp:attachment":[{"href":"https:\/\/hudo.com\/si\/wp-json\/wp\/v2\/media?parent=421882"}],"wp:term":[{"taxonomy":"category","embeddable":true,"href":"https:\/\/hudo.com\/si\/wp-json\/wp\/v2\/categories?post=421882"},{"taxonomy":"post_tag","embeddable":true,"href":"https:\/\/hudo.com\/si\/wp-json\/wp\/v2\/tags?post=421882"},{"taxonomy":"source","embeddable":true,"href":"https:\/\/hudo.com\/si\/wp-json\/wp\/v2\/source?post=421882"},{"taxonomy":"supertag","embeddable":true,"href":"https:\/\/hudo.com\/si\/wp-json\/wp\/v2\/supertag?post=421882"}],"curies":[{"name":"wp","href":"https:\/\/api.w.org\/{rel}","templated":true}]}}