{"id":421932,"date":"2020-04-28T06:30:58","date_gmt":"2020-04-28T04:30:58","guid":{"rendered":"https:\/\/hudo.com\/si\/2020\/04\/28\/koronavirus-je-se-posebej-nevaren-za-debele-ljudi\/"},"modified":"2020-04-28T06:30:58","modified_gmt":"2020-04-28T04:30:58","slug":"koronavirus-je-se-posebej-nevaren-za-debele-ljudi","status":"publish","type":"post","link":"https:\/\/hudo.com\/si\/zdrav-duh-telo\/koronavirus-je-se-posebej-nevaren-za-debele-ljudi\/","title":{"rendered":"Koronavirus je \u0161e posebej nevaren za debele ljudi"},"content":{"rendered":"<figure>\n\t\t\t\t\t<img loading=\"lazy\" decoding=\"async\" width=\"660\" height=\"320\" src=\"image\/gif;base64,R0lGODlhAQABAAAAACH5BAEKAAEALAAAAAABAAEAAAICTAEAOw==\" class=\"lazyload\" \/><figcaption>foto:Profimedia<\/figcaption><\/figure>\n<p>Medtem ko se koronavirus \u0161e naprej \u0161iri, znanstveniki postopoma odkrivajo vedno ve\u010d podrobnosti o zna\u010dilnostih oku\u017ebe ter poteku bolezni covid-19, ki jo povzro\u010da koronavirus. Tako je denimo \u017ee znano, da lahko virus poleg plju\u010d prizadene tudi srce in \u017eiv\u010dni sistem, ter da imajo pri resnosti obolenja pomembno vlogo sicer\u0161nje bolezni, starost in kajenje.<\/p>\n<h2>Koronavirus posebej nevaren za debele ljudi<\/h2>\n<p>Najnovej\u0161e raziskave pa ugotavljajo, da koronavirus tudi bolj ogro\u017ea ljudi s prekomerno telesno te\u017eo. Primerjava podatkov 124 bolnikov s covidom-19, ki so jih v \u010dasu med 27. februarjem in 5. aprilom zdravili na univerzitetni kliniki v francoskem Lillu, je denimo pokazala, da so tisti z vi\u0161jim indeksom telesne mase (ITM) bolj pogosto potrebovali umetno predihavanje s pomo\u010djo ventilatorja.<\/p>\n<p>Na ventilator so morali priklju\u010diti 85 od 124 bolnikov s covidom-19, med njimi pa je bilo veliko tak\u0161nih s prekomerno telesno te\u017eo. Pacientov z ITM nad 30 je bilo med priklju\u010denimi na ventilator 56 odstotkov, med tistimi z bla\u017ejim potekom bolezni pa le 28 odstotkov, so sporo\u010dili znanstveniki.<\/p>\n<p>Potreba po priklju\u010ditvi na ventilator se je z rastjo ITM postopoma pove\u010devala, pri ljudeh z ITM nad 35 je bila \u017ee pri 90 odstotkih, so ugotovili francoski znanstveniki. &#8220;Na\u0161i podatki tako ka\u017eejo jasno povezavo med debelostjo in resnostjo poteka bolezni covid-19,&#8221; so zapisali.<\/p>\n<p>Povezavo med debelostjo in novim koronavirusom so iskali tudi v ZDA, kjer je debelih 42,4 odstotka odraslih in imajo torej ITM 30 ali ve\u010d. V eni od raziskav so ugotovili, da imajo mlaj\u0161i od 60 let, katerih ITM je med 30 in 34, dvakrat ve\u010djo verjetnost, da jih bodo zaradi covida-19 sprejeli na intenzivno nego v bolni\u0161nico. Pri starej\u0161ih od 60 let te povezave ni opaziti, so po poro\u010danju nem\u0161ke tiskovne agencije dpa zapisali znanstveni reviji Clinical Infectious Diseases.<\/p>\n<p>Do podobnih ugotovitev so pri\u0161li na Kitajskem, kjer so preu\u010dili podatke 112 bolnikov s covidom-19, ki so bili sprejeti v bolni\u0161nico Union v Wuhanu med 20. januarjem in 15. februarjem.<\/p>\n<p>Izkazalo se je, da je imelo med umrlimi zaradi oku\u017ebe z novim koronavirusom kar 88,2 odstotka bolnikov ITM nad 25, kar \u017ee pomeni debelost. Po drugi strani je bilo med pre\u017eivelimi le 18,9 odstotka prete\u017ekih. Po mnenju avtorjev raziskave to ka\u017ee, da je pri ljudeh s prekomerno telesno te\u017eo tveganje za te\u017eji potek bolezni in smrt zaradi covida-19 ve\u010dje.<\/p>\n<p>\u010ceprav znanstveniki priznavajo, da je treba vlogo telesne ma\u0161\u010dobe pri oku\u017ebi s koronavirusom \u0161e raziskati, je njihovo priporo\u010dilo jasno: &#8220;Ljudje s prekomerno telesno te\u017eo bi morali v tej pandemiji sprejeti dodatne ukrepe, da se ne bi oku\u017eili.&#8221;<\/p>\n","protected":false},"excerpt":{"rendered":"<p>Prekomerna telesna te\u017ea o\u010ditno pove\u010duje tveganje za te\u017eji potek oku\u017ebe z novim koronavirusom, in to ne glede na spremljevalne dejavnike, kot so visok krvni tlak ali diabetes, ugotavljajo znanstveniki. To med drugim potrjuje ve\u010dji dele\u017e umrlih zaradi covida-19 med debelimi ljudmi na Kitajskem.<\/p>\n","protected":false},"author":1,"featured_media":421933,"comment_status":"closed","ping_status":"closed","sticky":false,"template":"","format":"standard","meta":{"footnotes":""},"categories":[1],"tags":[2383,15632,1645],"source":[1549,1518],"supertag":[],"acf":[],"yoast_head":"<!-- This site is optimized with the Yoast SEO plugin v21.3 - https:\/\/yoast.com\/wordpress\/plugins\/seo\/ -->\n<title>Koronavirus je \u0161e posebej nevaren za debele ljudi - Hudo Slovenija<\/title>\n<meta name=\"robots\" content=\"index, follow, max-snippet:-1, max-image-preview:large, max-video-preview:-1\" \/>\n<link rel=\"canonical\" href=\"https:\/\/hudo.com\/si\/zdrav-duh-telo\/koronavirus-je-se-posebej-nevaren-za-debele-ljudi\/\" \/>\n<meta property=\"og:locale\" content=\"sl_SI\" \/>\n<meta property=\"og:type\" content=\"article\" \/>\n<meta property=\"og:title\" content=\"Koronavirus je \u0161e posebej nevaren za debele ljudi - Hudo Slovenija\" \/>\n<meta property=\"og:description\" content=\"Prekomerna telesna te\u017ea o\u010ditno pove\u010duje tveganje za te\u017eji potek oku\u017ebe z novim koronavirusom, in to ne glede na spremljevalne dejavnike, kot so visok krvni tlak ali diabetes, ugotavljajo znanstveniki. To med drugim potrjuje ve\u010dji dele\u017e umrlih zaradi covida-19 med debelimi ljudmi na Kitajskem.\" \/>\n<meta property=\"og:url\" content=\"https:\/\/hudo.com\/si\/zdrav-duh-telo\/koronavirus-je-se-posebej-nevaren-za-debele-ljudi\/\" \/>\n<meta property=\"og:site_name\" content=\"Hudo Slovenija\" \/>\n<meta property=\"article:publisher\" content=\"https:\/\/www.facebook.com\/hudo.si\" \/>\n<meta property=\"article:published_time\" content=\"2020-04-28T04:30:58+00:00\" \/>\n<meta property=\"og:image\" content=\"https:\/\/hudo.com\/si\/wp-content\/uploads\/sites\/2\/2020\/04\/profimedia-0351168016.jpg\" \/>\n\t<meta property=\"og:image:width\" content=\"1250\" \/>\n\t<meta property=\"og:image:height\" content=\"830\" \/>\n\t<meta property=\"og:image:type\" content=\"image\/jpeg\" \/>\n<meta name=\"author\" content=\"hudo\" \/>\n<meta name=\"twitter:card\" content=\"summary_large_image\" \/>\n<meta name=\"twitter:creator\" content=\"@hudo_si\" \/>\n<meta name=\"twitter:site\" content=\"@hudo_si\" \/>\n<meta name=\"twitter:label1\" content=\"Written by\" \/>\n\t<meta name=\"twitter:data1\" content=\"hudo\" \/>\n\t<meta name=\"twitter:label2\" content=\"Est. reading time\" \/>\n\t<meta name=\"twitter:data2\" content=\"2 minuti\" \/>\n<script type=\"application\/ld+json\" class=\"yoast-schema-graph\">{\"@context\":\"https:\/\/schema.org\",\"@graph\":[{\"@type\":\"Article\",\"@id\":\"https:\/\/hudo.com\/si\/zdrav-duh-telo\/koronavirus-je-se-posebej-nevaren-za-debele-ljudi\/#article\",\"isPartOf\":{\"@id\":\"https:\/\/hudo.com\/si\/zdrav-duh-telo\/koronavirus-je-se-posebej-nevaren-za-debele-ljudi\/\"},\"author\":{\"name\":\"hudo\",\"@id\":\"https:\/\/hudo.com\/si\/#\/schema\/person\/601cf3379633985b20f7e50f2bb47707\"},\"headline\":\"Koronavirus je \u0161e posebej nevaren za debele ljudi\",\"datePublished\":\"2020-04-28T04:30:58+00:00\",\"dateModified\":\"2020-04-28T04:30:58+00:00\",\"mainEntityOfPage\":{\"@id\":\"https:\/\/hudo.com\/si\/zdrav-duh-telo\/koronavirus-je-se-posebej-nevaren-za-debele-ljudi\/\"},\"wordCount\":442,\"publisher\":{\"@id\":\"https:\/\/hudo.com\/si\/#organization\"},\"keywords\":[\"debelost\",\"koronavirus\",\"znanstvene zanimivosti\"],\"articleSection\":[\"Zdrav duh &amp; telo\"],\"inLanguage\":\"sl-SI\"},{\"@type\":\"WebPage\",\"@id\":\"https:\/\/hudo.com\/si\/zdrav-duh-telo\/koronavirus-je-se-posebej-nevaren-za-debele-ljudi\/\",\"url\":\"https:\/\/hudo.com\/si\/zdrav-duh-telo\/koronavirus-je-se-posebej-nevaren-za-debele-ljudi\/\",\"name\":\"Koronavirus je \u0161e posebej nevaren za debele ljudi - Hudo Slovenija\",\"isPartOf\":{\"@id\":\"https:\/\/hudo.com\/si\/#website\"},\"datePublished\":\"2020-04-28T04:30:58+00:00\",\"dateModified\":\"2020-04-28T04:30:58+00:00\",\"breadcrumb\":{\"@id\":\"https:\/\/hudo.com\/si\/zdrav-duh-telo\/koronavirus-je-se-posebej-nevaren-za-debele-ljudi\/#breadcrumb\"},\"inLanguage\":\"sl-SI\",\"potentialAction\":[{\"@type\":\"ReadAction\",\"target\":[\"https:\/\/hudo.com\/si\/zdrav-duh-telo\/koronavirus-je-se-posebej-nevaren-za-debele-ljudi\/\"]}]},{\"@type\":\"BreadcrumbList\",\"@id\":\"https:\/\/hudo.com\/si\/zdrav-duh-telo\/koronavirus-je-se-posebej-nevaren-za-debele-ljudi\/#breadcrumb\",\"itemListElement\":[{\"@type\":\"ListItem\",\"position\":1,\"name\":\"Home\",\"item\":\"https:\/\/hudo.com\/si\/\"},{\"@type\":\"ListItem\",\"position\":2,\"name\":\"Koronavirus je \u0161e posebej nevaren za debele ljudi\"}]},{\"@type\":\"WebSite\",\"@id\":\"https:\/\/hudo.com\/si\/#website\",\"url\":\"https:\/\/hudo.com\/si\/\",\"name\":\"Hudo Slovenija\",\"description\":\"Vse novice iz Slovenije in sveta\",\"publisher\":{\"@id\":\"https:\/\/hudo.com\/si\/#organization\"},\"potentialAction\":[{\"@type\":\"SearchAction\",\"target\":{\"@type\":\"EntryPoint\",\"urlTemplate\":\"https:\/\/hudo.com\/si\/?s={search_term_string}\"},\"query-input\":\"required name=search_term_string\"}],\"inLanguage\":\"sl-SI\"},{\"@type\":\"Organization\",\"@id\":\"https:\/\/hudo.com\/si\/#organization\",\"name\":\"VSN Media\",\"url\":\"https:\/\/hudo.com\/si\/\",\"logo\":{\"@type\":\"ImageObject\",\"inLanguage\":\"sl-SI\",\"@id\":\"https:\/\/hudo.com\/si\/#\/schema\/logo\/image\/\",\"url\":\"https:\/\/hudo.com\/si\/wp-content\/uploads\/sites\/2\/2021\/03\/hudo-app-2.png\",\"contentUrl\":\"https:\/\/hudo.com\/si\/wp-content\/uploads\/sites\/2\/2021\/03\/hudo-app-2.png\",\"width\":2185,\"height\":2167,\"caption\":\"VSN Media\"},\"image\":{\"@id\":\"https:\/\/hudo.com\/si\/#\/schema\/logo\/image\/\"},\"sameAs\":[\"https:\/\/www.facebook.com\/hudo.si\",\"https:\/\/twitter.com\/hudo_si\"]},{\"@type\":\"Person\",\"@id\":\"https:\/\/hudo.com\/si\/#\/schema\/person\/601cf3379633985b20f7e50f2bb47707\",\"name\":\"hudo\",\"image\":{\"@type\":\"ImageObject\",\"inLanguage\":\"sl-SI\",\"@id\":\"https:\/\/hudo.com\/si\/#\/schema\/person\/image\/\",\"url\":\"https:\/\/secure.gravatar.com\/avatar\/c4ca25fa72cace7a696b52ff5db9e095?s=96&d=mm&r=g\",\"contentUrl\":\"https:\/\/secure.gravatar.com\/avatar\/c4ca25fa72cace7a696b52ff5db9e095?s=96&d=mm&r=g\",\"caption\":\"hudo\"},\"url\":\"https:\/\/hudo.com\/si\/author\/hudo\/\"}]}<\/script>\n<!-- \/ Yoast SEO plugin. -->","yoast_head_json":{"title":"Koronavirus je \u0161e posebej nevaren za debele ljudi - Hudo Slovenija","robots":{"index":"index","follow":"follow","max-snippet":"max-snippet:-1","max-image-preview":"max-image-preview:large","max-video-preview":"max-video-preview:-1"},"canonical":"https:\/\/hudo.com\/si\/zdrav-duh-telo\/koronavirus-je-se-posebej-nevaren-za-debele-ljudi\/","og_locale":"sl_SI","og_type":"article","og_title":"Koronavirus je \u0161e posebej nevaren za debele ljudi - Hudo Slovenija","og_description":"Prekomerna telesna te\u017ea o\u010ditno pove\u010duje tveganje za te\u017eji potek oku\u017ebe z novim koronavirusom, in to ne glede na spremljevalne dejavnike, kot so visok krvni tlak ali diabetes, ugotavljajo znanstveniki. To med drugim potrjuje ve\u010dji dele\u017e umrlih zaradi covida-19 med debelimi ljudmi na Kitajskem.","og_url":"https:\/\/hudo.com\/si\/zdrav-duh-telo\/koronavirus-je-se-posebej-nevaren-za-debele-ljudi\/","og_site_name":"Hudo Slovenija","article_publisher":"https:\/\/www.facebook.com\/hudo.si","article_published_time":"2020-04-28T04:30:58+00:00","og_image":[{"width":1250,"height":830,"url":"https:\/\/hudo.com\/si\/wp-content\/uploads\/sites\/2\/2020\/04\/profimedia-0351168016.jpg","type":"image\/jpeg"}],"author":"hudo","twitter_card":"summary_large_image","twitter_creator":"@hudo_si","twitter_site":"@hudo_si","twitter_misc":{"Written by":"hudo","Est. reading time":"2 minuti"},"schema":{"@context":"https:\/\/schema.org","@graph":[{"@type":"Article","@id":"https:\/\/hudo.com\/si\/zdrav-duh-telo\/koronavirus-je-se-posebej-nevaren-za-debele-ljudi\/#article","isPartOf":{"@id":"https:\/\/hudo.com\/si\/zdrav-duh-telo\/koronavirus-je-se-posebej-nevaren-za-debele-ljudi\/"},"author":{"name":"hudo","@id":"https:\/\/hudo.com\/si\/#\/schema\/person\/601cf3379633985b20f7e50f2bb47707"},"headline":"Koronavirus je \u0161e posebej nevaren za debele ljudi","datePublished":"2020-04-28T04:30:58+00:00","dateModified":"2020-04-28T04:30:58+00:00","mainEntityOfPage":{"@id":"https:\/\/hudo.com\/si\/zdrav-duh-telo\/koronavirus-je-se-posebej-nevaren-za-debele-ljudi\/"},"wordCount":442,"publisher":{"@id":"https:\/\/hudo.com\/si\/#organization"},"keywords":["debelost","koronavirus","znanstvene zanimivosti"],"articleSection":["Zdrav duh &amp; telo"],"inLanguage":"sl-SI"},{"@type":"WebPage","@id":"https:\/\/hudo.com\/si\/zdrav-duh-telo\/koronavirus-je-se-posebej-nevaren-za-debele-ljudi\/","url":"https:\/\/hudo.com\/si\/zdrav-duh-telo\/koronavirus-je-se-posebej-nevaren-za-debele-ljudi\/","name":"Koronavirus je \u0161e posebej nevaren za debele ljudi - Hudo Slovenija","isPartOf":{"@id":"https:\/\/hudo.com\/si\/#website"},"datePublished":"2020-04-28T04:30:58+00:00","dateModified":"2020-04-28T04:30:58+00:00","breadcrumb":{"@id":"https:\/\/hudo.com\/si\/zdrav-duh-telo\/koronavirus-je-se-posebej-nevaren-za-debele-ljudi\/#breadcrumb"},"inLanguage":"sl-SI","potentialAction":[{"@type":"ReadAction","target":["https:\/\/hudo.com\/si\/zdrav-duh-telo\/koronavirus-je-se-posebej-nevaren-za-debele-ljudi\/"]}]},{"@type":"BreadcrumbList","@id":"https:\/\/hudo.com\/si\/zdrav-duh-telo\/koronavirus-je-se-posebej-nevaren-za-debele-ljudi\/#breadcrumb","itemListElement":[{"@type":"ListItem","position":1,"name":"Home","item":"https:\/\/hudo.com\/si\/"},{"@type":"ListItem","position":2,"name":"Koronavirus je \u0161e posebej nevaren za debele ljudi"}]},{"@type":"WebSite","@id":"https:\/\/hudo.com\/si\/#website","url":"https:\/\/hudo.com\/si\/","name":"Hudo Slovenija","description":"Vse novice iz Slovenije in sveta","publisher":{"@id":"https:\/\/hudo.com\/si\/#organization"},"potentialAction":[{"@type":"SearchAction","target":{"@type":"EntryPoint","urlTemplate":"https:\/\/hudo.com\/si\/?s={search_term_string}"},"query-input":"required name=search_term_string"}],"inLanguage":"sl-SI"},{"@type":"Organization","@id":"https:\/\/hudo.com\/si\/#organization","name":"VSN Media","url":"https:\/\/hudo.com\/si\/","logo":{"@type":"ImageObject","inLanguage":"sl-SI","@id":"https:\/\/hudo.com\/si\/#\/schema\/logo\/image\/","url":"https:\/\/hudo.com\/si\/wp-content\/uploads\/sites\/2\/2021\/03\/hudo-app-2.png","contentUrl":"https:\/\/hudo.com\/si\/wp-content\/uploads\/sites\/2\/2021\/03\/hudo-app-2.png","width":2185,"height":2167,"caption":"VSN Media"},"image":{"@id":"https:\/\/hudo.com\/si\/#\/schema\/logo\/image\/"},"sameAs":["https:\/\/www.facebook.com\/hudo.si","https:\/\/twitter.com\/hudo_si"]},{"@type":"Person","@id":"https:\/\/hudo.com\/si\/#\/schema\/person\/601cf3379633985b20f7e50f2bb47707","name":"hudo","image":{"@type":"ImageObject","inLanguage":"sl-SI","@id":"https:\/\/hudo.com\/si\/#\/schema\/person\/image\/","url":"https:\/\/secure.gravatar.com\/avatar\/c4ca25fa72cace7a696b52ff5db9e095?s=96&d=mm&r=g","contentUrl":"https:\/\/secure.gravatar.com\/avatar\/c4ca25fa72cace7a696b52ff5db9e095?s=96&d=mm&r=g","caption":"hudo"},"url":"https:\/\/hudo.com\/si\/author\/hudo\/"}]}},"amp_enabled":true,"_links":{"self":[{"href":"https:\/\/hudo.com\/si\/wp-json\/wp\/v2\/posts\/421932"}],"collection":[{"href":"https:\/\/hudo.com\/si\/wp-json\/wp\/v2\/posts"}],"about":[{"href":"https:\/\/hudo.com\/si\/wp-json\/wp\/v2\/types\/post"}],"author":[{"embeddable":true,"href":"https:\/\/hudo.com\/si\/wp-json\/wp\/v2\/users\/1"}],"replies":[{"embeddable":true,"href":"https:\/\/hudo.com\/si\/wp-json\/wp\/v2\/comments?post=421932"}],"version-history":[{"count":0,"href":"https:\/\/hudo.com\/si\/wp-json\/wp\/v2\/posts\/421932\/revisions"}],"wp:featuredmedia":[{"embeddable":true,"href":"https:\/\/hudo.com\/si\/wp-json\/wp\/v2\/media\/421933"}],"wp:attachment":[{"href":"https:\/\/hudo.com\/si\/wp-json\/wp\/v2\/media?parent=421932"}],"wp:term":[{"taxonomy":"category","embeddable":true,"href":"https:\/\/hudo.com\/si\/wp-json\/wp\/v2\/categories?post=421932"},{"taxonomy":"post_tag","embeddable":true,"href":"https:\/\/hudo.com\/si\/wp-json\/wp\/v2\/tags?post=421932"},{"taxonomy":"source","embeddable":true,"href":"https:\/\/hudo.com\/si\/wp-json\/wp\/v2\/source?post=421932"},{"taxonomy":"supertag","embeddable":true,"href":"https:\/\/hudo.com\/si\/wp-json\/wp\/v2\/supertag?post=421932"}],"curies":[{"name":"wp","href":"https:\/\/api.w.org\/{rel}","templated":true}]}}