{"id":421985,"date":"2020-04-28T16:12:47","date_gmt":"2020-04-28T14:12:47","guid":{"rendered":"http:\/\/hudo.com\/si\/?p=421985"},"modified":"2020-04-28T16:12:47","modified_gmt":"2020-04-28T14:12:47","slug":"slovenija-bo-sprejela-stiri-otroke-iz-sprejemnih-centrov-na-grskih-otokih","status":"publish","type":"post","link":"https:\/\/hudo.com\/si\/aktualno\/slovenija-bo-sprejela-stiri-otroke-iz-sprejemnih-centrov-na-grskih-otokih\/","title":{"rendered":"Slovenija bo sprejela \u0161tiri otroke iz sprejemnih centrov na gr\u0161kih otokih"},"content":{"rendered":"<p>Slovenija je na pro\u0161njo Gr\u010dije in Evropske komisije izrazila pripravljenost, da prevzame \u0161tiri mladoletnike brez spremstva, ker se ji zdi prav, da je solidarna z dr\u017eavo, ki je v prvih bojnih vrstah proti nezakonitim migrantom, je povedal Hojs po dana\u0161njem videokonferen\u010dnem zasedanju notranjih ministrov EU.<\/p>\n<p>Ob tem je pojasnil, da je pri pripravi vladnega dokumenta zahteval, da se strogo osredoto\u010dijo na mlaj\u0161e, da torej otroci morajo biti mlaj\u0161i od deset let. Postopek usklajevanja z ministrstvom za delo je po Hojsovih besedah v teku. Minister ocenjuje, da bi otroci v Slovenijo lahko pri\u0161li v drugi polovici maja.<\/p>\n<p>Pripravljenost na sprejem mladoletnikov brez spremstva iz begunskih centrov v Gr\u010diji so doslej izrazili Luksemburg, ki jih je tudi \u017ee sprejel, ter Belgija, Bolgarija, Francija, Nem\u010dija, Hrva\u0161ka, Finska, Irska, Portugalska, Litva in \u0160vica.<\/p>\n<p>Slovenski notranji minister je sicer danes tudi opozoril pred novim migracijskim valom. Izpostavil je, da je v BiH ve\u010d kot 6000 migrantov in da jih je nekaj manj tudi v Srbiji, ki bodo verjetno po\u010dakali na \u010das po epidemiji in takrat nadaljevali pot.<\/p>\n<p>\u010clanice EU bodo sprejele najmanj 1600 mladoletnikov brez spremstva iz sprejemnih centrov na gr\u0161kih otokih, je marca napovedala evropska komisarka za notranje zadeve Ylva Johansson.<\/p>\n<p>Na gr\u0161kih otokih, na katere so se marca zgrnili \u0161tevilni novi prebe\u017eniki, potem ko je Tur\u010dija prenehala zadr\u017eevati migrante in begunce, je veliko otrok brez star\u0161ev, sorodnikov ali skrbnikov. Gr\u010dija sicer od lani septembra poziva druge evropske dr\u017eave, naj jih sprejmejo.<\/p>\n<p>Po razpolo\u017eljivih ocenah je po besedah Johanssonove na gr\u0161kih otokih pribli\u017eno 5500 mladoletnikov brez spremstva, pri \u010demer pa komisarka izpostavlja, da bi lahko bila ta \u0161tevilka ob temeljiti oceni starosti druga\u010dna, saj so nekateri tam \u017ee ve\u010d let.<\/p>\n","protected":false},"excerpt":{"rendered":"<p>Slovenija bo sprejela \u0161tiri mladoletnike brez spremstva iz sprejemnih centrov na gr\u0161kih otokih, je danes sporo\u010dil notranji minister Ale\u0161 Hojs v telefonskem pogovoru s slovenskimi dopisniki v Bruslju. Pogoj bo, da so to otroci, mlaj\u0161i od deset let. Minister ocenjuje, da bi otroci v Slovenijo lahko pri\u0161li v drugi polovici maja.<\/p>\n","protected":false},"author":7,"featured_media":421986,"comment_status":"closed","ping_status":"closed","sticky":false,"template":"","format":"standard","meta":{"footnotes":""},"categories":[1179],"tags":[1606,3235,1595],"source":[4511],"supertag":[],"acf":[],"yoast_head":"<!-- This site is optimized with the Yoast SEO plugin v21.3 - https:\/\/yoast.com\/wordpress\/plugins\/seo\/ -->\n<title>Slovenija bo sprejela \u0161tiri otroke iz sprejemnih centrov na gr\u0161kih otokih - Hudo Slovenija<\/title>\n<meta name=\"robots\" content=\"index, follow, max-snippet:-1, max-image-preview:large, max-video-preview:-1\" \/>\n<link rel=\"canonical\" href=\"https:\/\/hudo.com\/si\/aktualno\/slovenija-bo-sprejela-stiri-otroke-iz-sprejemnih-centrov-na-grskih-otokih\/\" \/>\n<meta property=\"og:locale\" content=\"sl_SI\" \/>\n<meta property=\"og:type\" content=\"article\" \/>\n<meta property=\"og:title\" content=\"Slovenija bo sprejela \u0161tiri otroke iz sprejemnih centrov na gr\u0161kih otokih - Hudo Slovenija\" \/>\n<meta property=\"og:description\" content=\"Slovenija bo sprejela \u0161tiri mladoletnike brez spremstva iz sprejemnih centrov na gr\u0161kih otokih, je danes sporo\u010dil notranji minister Ale\u0161 Hojs v telefonskem pogovoru s slovenskimi dopisniki v Bruslju. Pogoj bo, da so to otroci, mlaj\u0161i od deset let. Minister ocenjuje, da bi otroci v Slovenijo lahko pri\u0161li v drugi polovici maja.\" \/>\n<meta property=\"og:url\" content=\"https:\/\/hudo.com\/si\/aktualno\/slovenija-bo-sprejela-stiri-otroke-iz-sprejemnih-centrov-na-grskih-otokih\/\" \/>\n<meta property=\"og:site_name\" content=\"Hudo Slovenija\" \/>\n<meta property=\"article:publisher\" content=\"https:\/\/www.facebook.com\/hudo.si\" \/>\n<meta property=\"article:published_time\" content=\"2020-04-28T14:12:47+00:00\" \/>\n<meta property=\"og:image\" content=\"https:\/\/hudo.com\/si\/wp-content\/uploads\/sites\/2\/2020\/04\/profimedia-0514232929.jpg\" \/>\n\t<meta property=\"og:image:width\" content=\"1250\" \/>\n\t<meta property=\"og:image:height\" content=\"833\" \/>\n\t<meta property=\"og:image:type\" content=\"image\/jpeg\" \/>\n<meta name=\"author\" content=\"A. P., STA\" \/>\n<meta name=\"twitter:card\" content=\"summary_large_image\" \/>\n<meta name=\"twitter:creator\" content=\"@hudo_si\" \/>\n<meta name=\"twitter:site\" content=\"@hudo_si\" \/>\n<meta name=\"twitter:label1\" content=\"Written by\" \/>\n\t<meta name=\"twitter:data1\" content=\"A. P., STA\" \/>\n\t<meta name=\"twitter:label2\" content=\"Est. reading time\" \/>\n\t<meta name=\"twitter:data2\" content=\"1 minuta\" \/>\n<script type=\"application\/ld+json\" class=\"yoast-schema-graph\">{\"@context\":\"https:\/\/schema.org\",\"@graph\":[{\"@type\":\"Article\",\"@id\":\"https:\/\/hudo.com\/si\/aktualno\/slovenija-bo-sprejela-stiri-otroke-iz-sprejemnih-centrov-na-grskih-otokih\/#article\",\"isPartOf\":{\"@id\":\"https:\/\/hudo.com\/si\/aktualno\/slovenija-bo-sprejela-stiri-otroke-iz-sprejemnih-centrov-na-grskih-otokih\/\"},\"author\":{\"name\":\"A. P., STA\",\"@id\":\"https:\/\/hudo.com\/si\/#\/schema\/person\/18f09c02475ba9e606e941a565b80cff\"},\"headline\":\"Slovenija bo sprejela \u0161tiri otroke iz sprejemnih centrov na gr\u0161kih otokih\",\"datePublished\":\"2020-04-28T14:12:47+00:00\",\"dateModified\":\"2020-04-28T14:12:47+00:00\",\"mainEntityOfPage\":{\"@id\":\"https:\/\/hudo.com\/si\/aktualno\/slovenija-bo-sprejela-stiri-otroke-iz-sprejemnih-centrov-na-grskih-otokih\/\"},\"wordCount\":310,\"publisher\":{\"@id\":\"https:\/\/hudo.com\/si\/#organization\"},\"keywords\":[\"begunci\",\"gr\u010dija\",\"Slovenija\"],\"articleSection\":[\"Aktualno\"],\"inLanguage\":\"sl-SI\"},{\"@type\":\"WebPage\",\"@id\":\"https:\/\/hudo.com\/si\/aktualno\/slovenija-bo-sprejela-stiri-otroke-iz-sprejemnih-centrov-na-grskih-otokih\/\",\"url\":\"https:\/\/hudo.com\/si\/aktualno\/slovenija-bo-sprejela-stiri-otroke-iz-sprejemnih-centrov-na-grskih-otokih\/\",\"name\":\"Slovenija bo sprejela \u0161tiri otroke iz sprejemnih centrov na gr\u0161kih otokih - Hudo Slovenija\",\"isPartOf\":{\"@id\":\"https:\/\/hudo.com\/si\/#website\"},\"datePublished\":\"2020-04-28T14:12:47+00:00\",\"dateModified\":\"2020-04-28T14:12:47+00:00\",\"breadcrumb\":{\"@id\":\"https:\/\/hudo.com\/si\/aktualno\/slovenija-bo-sprejela-stiri-otroke-iz-sprejemnih-centrov-na-grskih-otokih\/#breadcrumb\"},\"inLanguage\":\"sl-SI\",\"potentialAction\":[{\"@type\":\"ReadAction\",\"target\":[\"https:\/\/hudo.com\/si\/aktualno\/slovenija-bo-sprejela-stiri-otroke-iz-sprejemnih-centrov-na-grskih-otokih\/\"]}]},{\"@type\":\"BreadcrumbList\",\"@id\":\"https:\/\/hudo.com\/si\/aktualno\/slovenija-bo-sprejela-stiri-otroke-iz-sprejemnih-centrov-na-grskih-otokih\/#breadcrumb\",\"itemListElement\":[{\"@type\":\"ListItem\",\"position\":1,\"name\":\"Home\",\"item\":\"https:\/\/hudo.com\/si\/\"},{\"@type\":\"ListItem\",\"position\":2,\"name\":\"Slovenija bo sprejela \u0161tiri otroke iz sprejemnih centrov na gr\u0161kih otokih\"}]},{\"@type\":\"WebSite\",\"@id\":\"https:\/\/hudo.com\/si\/#website\",\"url\":\"https:\/\/hudo.com\/si\/\",\"name\":\"Hudo Slovenija\",\"description\":\"Vse novice iz Slovenije in sveta\",\"publisher\":{\"@id\":\"https:\/\/hudo.com\/si\/#organization\"},\"potentialAction\":[{\"@type\":\"SearchAction\",\"target\":{\"@type\":\"EntryPoint\",\"urlTemplate\":\"https:\/\/hudo.com\/si\/?s={search_term_string}\"},\"query-input\":\"required name=search_term_string\"}],\"inLanguage\":\"sl-SI\"},{\"@type\":\"Organization\",\"@id\":\"https:\/\/hudo.com\/si\/#organization\",\"name\":\"VSN Media\",\"url\":\"https:\/\/hudo.com\/si\/\",\"logo\":{\"@type\":\"ImageObject\",\"inLanguage\":\"sl-SI\",\"@id\":\"https:\/\/hudo.com\/si\/#\/schema\/logo\/image\/\",\"url\":\"https:\/\/hudo.com\/si\/wp-content\/uploads\/sites\/2\/2021\/03\/hudo-app-2.png\",\"contentUrl\":\"https:\/\/hudo.com\/si\/wp-content\/uploads\/sites\/2\/2021\/03\/hudo-app-2.png\",\"width\":2185,\"height\":2167,\"caption\":\"VSN Media\"},\"image\":{\"@id\":\"https:\/\/hudo.com\/si\/#\/schema\/logo\/image\/\"},\"sameAs\":[\"https:\/\/www.facebook.com\/hudo.si\",\"https:\/\/twitter.com\/hudo_si\"]},{\"@type\":\"Person\",\"@id\":\"https:\/\/hudo.com\/si\/#\/schema\/person\/18f09c02475ba9e606e941a565b80cff\",\"name\":\"A. P., STA\",\"image\":{\"@type\":\"ImageObject\",\"inLanguage\":\"sl-SI\",\"@id\":\"https:\/\/hudo.com\/si\/#\/schema\/person\/image\/\",\"url\":\"https:\/\/secure.gravatar.com\/avatar\/03eac8e609f5f04383125d80eaeaaf3e?s=96&d=mm&r=g\",\"contentUrl\":\"https:\/\/secure.gravatar.com\/avatar\/03eac8e609f5f04383125d80eaeaaf3e?s=96&d=mm&r=g\",\"caption\":\"A. P., STA\"},\"url\":\"https:\/\/hudo.com\/si\/author\/lubu\/\"}]}<\/script>\n<!-- \/ Yoast SEO plugin. -->","yoast_head_json":{"title":"Slovenija bo sprejela \u0161tiri otroke iz sprejemnih centrov na gr\u0161kih otokih - Hudo Slovenija","robots":{"index":"index","follow":"follow","max-snippet":"max-snippet:-1","max-image-preview":"max-image-preview:large","max-video-preview":"max-video-preview:-1"},"canonical":"https:\/\/hudo.com\/si\/aktualno\/slovenija-bo-sprejela-stiri-otroke-iz-sprejemnih-centrov-na-grskih-otokih\/","og_locale":"sl_SI","og_type":"article","og_title":"Slovenija bo sprejela \u0161tiri otroke iz sprejemnih centrov na gr\u0161kih otokih - Hudo Slovenija","og_description":"Slovenija bo sprejela \u0161tiri mladoletnike brez spremstva iz sprejemnih centrov na gr\u0161kih otokih, je danes sporo\u010dil notranji minister Ale\u0161 Hojs v telefonskem pogovoru s slovenskimi dopisniki v Bruslju. Pogoj bo, da so to otroci, mlaj\u0161i od deset let. Minister ocenjuje, da bi otroci v Slovenijo lahko pri\u0161li v drugi polovici maja.","og_url":"https:\/\/hudo.com\/si\/aktualno\/slovenija-bo-sprejela-stiri-otroke-iz-sprejemnih-centrov-na-grskih-otokih\/","og_site_name":"Hudo Slovenija","article_publisher":"https:\/\/www.facebook.com\/hudo.si","article_published_time":"2020-04-28T14:12:47+00:00","og_image":[{"width":1250,"height":833,"url":"https:\/\/hudo.com\/si\/wp-content\/uploads\/sites\/2\/2020\/04\/profimedia-0514232929.jpg","type":"image\/jpeg"}],"author":"A. P., STA","twitter_card":"summary_large_image","twitter_creator":"@hudo_si","twitter_site":"@hudo_si","twitter_misc":{"Written by":"A. P., STA","Est. reading time":"1 minuta"},"schema":{"@context":"https:\/\/schema.org","@graph":[{"@type":"Article","@id":"https:\/\/hudo.com\/si\/aktualno\/slovenija-bo-sprejela-stiri-otroke-iz-sprejemnih-centrov-na-grskih-otokih\/#article","isPartOf":{"@id":"https:\/\/hudo.com\/si\/aktualno\/slovenija-bo-sprejela-stiri-otroke-iz-sprejemnih-centrov-na-grskih-otokih\/"},"author":{"name":"A. P., STA","@id":"https:\/\/hudo.com\/si\/#\/schema\/person\/18f09c02475ba9e606e941a565b80cff"},"headline":"Slovenija bo sprejela \u0161tiri otroke iz sprejemnih centrov na gr\u0161kih otokih","datePublished":"2020-04-28T14:12:47+00:00","dateModified":"2020-04-28T14:12:47+00:00","mainEntityOfPage":{"@id":"https:\/\/hudo.com\/si\/aktualno\/slovenija-bo-sprejela-stiri-otroke-iz-sprejemnih-centrov-na-grskih-otokih\/"},"wordCount":310,"publisher":{"@id":"https:\/\/hudo.com\/si\/#organization"},"keywords":["begunci","gr\u010dija","Slovenija"],"articleSection":["Aktualno"],"inLanguage":"sl-SI"},{"@type":"WebPage","@id":"https:\/\/hudo.com\/si\/aktualno\/slovenija-bo-sprejela-stiri-otroke-iz-sprejemnih-centrov-na-grskih-otokih\/","url":"https:\/\/hudo.com\/si\/aktualno\/slovenija-bo-sprejela-stiri-otroke-iz-sprejemnih-centrov-na-grskih-otokih\/","name":"Slovenija bo sprejela \u0161tiri otroke iz sprejemnih centrov na gr\u0161kih otokih - Hudo Slovenija","isPartOf":{"@id":"https:\/\/hudo.com\/si\/#website"},"datePublished":"2020-04-28T14:12:47+00:00","dateModified":"2020-04-28T14:12:47+00:00","breadcrumb":{"@id":"https:\/\/hudo.com\/si\/aktualno\/slovenija-bo-sprejela-stiri-otroke-iz-sprejemnih-centrov-na-grskih-otokih\/#breadcrumb"},"inLanguage":"sl-SI","potentialAction":[{"@type":"ReadAction","target":["https:\/\/hudo.com\/si\/aktualno\/slovenija-bo-sprejela-stiri-otroke-iz-sprejemnih-centrov-na-grskih-otokih\/"]}]},{"@type":"BreadcrumbList","@id":"https:\/\/hudo.com\/si\/aktualno\/slovenija-bo-sprejela-stiri-otroke-iz-sprejemnih-centrov-na-grskih-otokih\/#breadcrumb","itemListElement":[{"@type":"ListItem","position":1,"name":"Home","item":"https:\/\/hudo.com\/si\/"},{"@type":"ListItem","position":2,"name":"Slovenija bo sprejela \u0161tiri otroke iz sprejemnih centrov na gr\u0161kih otokih"}]},{"@type":"WebSite","@id":"https:\/\/hudo.com\/si\/#website","url":"https:\/\/hudo.com\/si\/","name":"Hudo Slovenija","description":"Vse novice iz Slovenije in sveta","publisher":{"@id":"https:\/\/hudo.com\/si\/#organization"},"potentialAction":[{"@type":"SearchAction","target":{"@type":"EntryPoint","urlTemplate":"https:\/\/hudo.com\/si\/?s={search_term_string}"},"query-input":"required name=search_term_string"}],"inLanguage":"sl-SI"},{"@type":"Organization","@id":"https:\/\/hudo.com\/si\/#organization","name":"VSN Media","url":"https:\/\/hudo.com\/si\/","logo":{"@type":"ImageObject","inLanguage":"sl-SI","@id":"https:\/\/hudo.com\/si\/#\/schema\/logo\/image\/","url":"https:\/\/hudo.com\/si\/wp-content\/uploads\/sites\/2\/2021\/03\/hudo-app-2.png","contentUrl":"https:\/\/hudo.com\/si\/wp-content\/uploads\/sites\/2\/2021\/03\/hudo-app-2.png","width":2185,"height":2167,"caption":"VSN Media"},"image":{"@id":"https:\/\/hudo.com\/si\/#\/schema\/logo\/image\/"},"sameAs":["https:\/\/www.facebook.com\/hudo.si","https:\/\/twitter.com\/hudo_si"]},{"@type":"Person","@id":"https:\/\/hudo.com\/si\/#\/schema\/person\/18f09c02475ba9e606e941a565b80cff","name":"A. P., STA","image":{"@type":"ImageObject","inLanguage":"sl-SI","@id":"https:\/\/hudo.com\/si\/#\/schema\/person\/image\/","url":"https:\/\/secure.gravatar.com\/avatar\/03eac8e609f5f04383125d80eaeaaf3e?s=96&d=mm&r=g","contentUrl":"https:\/\/secure.gravatar.com\/avatar\/03eac8e609f5f04383125d80eaeaaf3e?s=96&d=mm&r=g","caption":"A. P., STA"},"url":"https:\/\/hudo.com\/si\/author\/lubu\/"}]}},"amp_enabled":true,"_links":{"self":[{"href":"https:\/\/hudo.com\/si\/wp-json\/wp\/v2\/posts\/421985"}],"collection":[{"href":"https:\/\/hudo.com\/si\/wp-json\/wp\/v2\/posts"}],"about":[{"href":"https:\/\/hudo.com\/si\/wp-json\/wp\/v2\/types\/post"}],"author":[{"embeddable":true,"href":"https:\/\/hudo.com\/si\/wp-json\/wp\/v2\/users\/7"}],"replies":[{"embeddable":true,"href":"https:\/\/hudo.com\/si\/wp-json\/wp\/v2\/comments?post=421985"}],"version-history":[{"count":1,"href":"https:\/\/hudo.com\/si\/wp-json\/wp\/v2\/posts\/421985\/revisions"}],"predecessor-version":[{"id":421987,"href":"https:\/\/hudo.com\/si\/wp-json\/wp\/v2\/posts\/421985\/revisions\/421987"}],"wp:featuredmedia":[{"embeddable":true,"href":"https:\/\/hudo.com\/si\/wp-json\/wp\/v2\/media\/421986"}],"wp:attachment":[{"href":"https:\/\/hudo.com\/si\/wp-json\/wp\/v2\/media?parent=421985"}],"wp:term":[{"taxonomy":"category","embeddable":true,"href":"https:\/\/hudo.com\/si\/wp-json\/wp\/v2\/categories?post=421985"},{"taxonomy":"post_tag","embeddable":true,"href":"https:\/\/hudo.com\/si\/wp-json\/wp\/v2\/tags?post=421985"},{"taxonomy":"source","embeddable":true,"href":"https:\/\/hudo.com\/si\/wp-json\/wp\/v2\/source?post=421985"},{"taxonomy":"supertag","embeddable":true,"href":"https:\/\/hudo.com\/si\/wp-json\/wp\/v2\/supertag?post=421985"}],"curies":[{"name":"wp","href":"https:\/\/api.w.org\/{rel}","templated":true}]}}