{"id":422003,"date":"2020-04-29T10:25:41","date_gmt":"2020-04-29T08:25:41","guid":{"rendered":"http:\/\/hudo.com\/si\/?p=422003"},"modified":"2020-04-29T10:34:02","modified_gmt":"2020-04-29T08:34:02","slug":"smrt-pretresla-kraljevi-dvor-harry-william-zavita-v-crnino","status":"publish","type":"post","link":"https:\/\/hudo.com\/si\/vip\/smrt-pretresla-kraljevi-dvor-harry-william-zavita-v-crnino\/","title":{"rendered":"Smrt pretresla kraljevi dvor: Harry in William zavita v \u010drnino"},"content":{"rendered":"<p>Naslovnice britanskih medijev je danes zjutraj preplavila novica, ki je gotovo pretresla nekatere \u010dlane kraljeve dru\u017eine. Vojak, ki je slu\u017eil v istem polku kot princ William in Harry, je umrl zaradi koronavirusa. Gre za 36-letnega Ryana Cartwrighta, ki je v \u010dasu svoje smrti delal kot voznik tovornjaka,\u00a0s Harryjem in Williamom pa se je dru\u017eil med slu\u017eenjem voja\u0161kega roka, pi\u0161e Mirror.<\/p>\n<figure id=\"attachment_422016\" aria-describedby=\"caption-attachment-422016\" style=\"width: 1000px\" class=\"wp-caption alignnone\"><a href=\"http:\/\/hudo.com\/si\/wp-content\/uploads\/sites\/2\/2020\/04\/profimedia-0355194787.jpg\"><img loading=\"lazy\" decoding=\"async\" class=\"size-large wp-image-422016\" src=\"http:\/\/hudo.com\/si\/wp-content\/uploads\/sites\/2\/2020\/04\/profimedia-0355194787-1024x931.jpg\" alt=\"\" width=\"1000\" height=\"909\" srcset=\"https:\/\/hudo.com\/si\/wp-content\/uploads\/sites\/2\/2020\/04\/profimedia-0355194787-1024x931.jpg 1024w, https:\/\/hudo.com\/si\/wp-content\/uploads\/sites\/2\/2020\/04\/profimedia-0355194787-300x273.jpg 300w, https:\/\/hudo.com\/si\/wp-content\/uploads\/sites\/2\/2020\/04\/profimedia-0355194787-768x698.jpg 768w, https:\/\/hudo.com\/si\/wp-content\/uploads\/sites\/2\/2020\/04\/profimedia-0355194787-600x545.jpg 600w, https:\/\/hudo.com\/si\/wp-content\/uploads\/sites\/2\/2020\/04\/profimedia-0355194787.jpg 1250w\" sizes=\"(max-width: 1000px) 100vw, 1000px\" \/><\/a><figcaption id=\"caption-attachment-422016\" class=\"wp-caption-text\">Foto: Profimedia<\/figcaption><\/figure>\n<p>Po\u00a0pisanju omenjenega tabloida je Ryan vojski prvi\u010d slu\u017eil leta 2002, medtem ko sta se mu leta 2006 v Afganistanu pridru\u017eila tudi princa. \u010ceprav je trenutno delal kot voznik, je na\u010drtoval vrnitev v vojsko, kar je potrdilo ve\u010d njegovih kolegov vojakov. &#8220;Ohranili smo stike. Dogovorili smo se celo, da se ponovno pridru\u017eimo vojski, preden se je zgodila ta velika izguba,&#8221; je zapisal Ryanov prijatelj Sam Hopes. Sicer pa je Ryan za seboj pustil o\u017ealo\u0161\u010deno \u017eeno Amy in njuno mlado h\u010der.<\/p>\n<figure id=\"attachment_422015\" aria-describedby=\"caption-attachment-422015\" style=\"width: 1000px\" class=\"wp-caption alignnone\"><a href=\"http:\/\/hudo.com\/si\/wp-content\/uploads\/sites\/2\/2020\/04\/profimedia-0414961149.jpg\"><img loading=\"lazy\" decoding=\"async\" class=\"size-large wp-image-422015\" src=\"http:\/\/hudo.com\/si\/wp-content\/uploads\/sites\/2\/2020\/04\/profimedia-0414961149-1024x682.jpg\" alt=\"\" width=\"1000\" height=\"666\" srcset=\"https:\/\/hudo.com\/si\/wp-content\/uploads\/sites\/2\/2020\/04\/profimedia-0414961149-1024x682.jpg 1024w, https:\/\/hudo.com\/si\/wp-content\/uploads\/sites\/2\/2020\/04\/profimedia-0414961149-300x200.jpg 300w, https:\/\/hudo.com\/si\/wp-content\/uploads\/sites\/2\/2020\/04\/profimedia-0414961149-768x511.jpg 768w, https:\/\/hudo.com\/si\/wp-content\/uploads\/sites\/2\/2020\/04\/profimedia-0414961149-600x399.jpg 600w, https:\/\/hudo.com\/si\/wp-content\/uploads\/sites\/2\/2020\/04\/profimedia-0414961149.jpg 1250w\" sizes=\"(max-width: 1000px) 100vw, 1000px\" \/><\/a><figcaption id=\"caption-attachment-422015\" class=\"wp-caption-text\">Foto: Profimedia<\/figcaption><\/figure>\n<p>Spomnimo, princ Harry je deset let slu\u017eil britanski vojski in se med turnejami po Afganistanu povzpel do \u010dina stotnika. Leta 2005 se je vpisal na Kraljevo voja\u0161ko akademijo Sandhurst, da bi za\u010del 44-tedensko usposabljanje kot \u010dastni\u0161ki kadet. Po kon\u010danem usposabljanju se je odlo\u010dil svoje voja\u0161ke sposobnosti nadgraditi in se je zato pridru\u017eil britanski armadi\u00a0Blues and Royals<em>.\u00a0<\/em>Septembra istega leta se mu je tam pridru\u017eil tudi princ William. Leta 2015 je Kensington\u0161ka pala\u010da podala uradno izjavo, da se princ umika iz voja\u0161kih voda.<\/p>\n","protected":false},"excerpt":{"rendered":"<p>Povsem nepri\u010dakovano.<\/p>\n","protected":false},"author":6,"featured_media":422013,"comment_status":"closed","ping_status":"closed","sticky":false,"template":"","format":"standard","meta":{"footnotes":""},"categories":[1093],"tags":[2290,15632,3240,2601,16270,2353],"source":[4511],"supertag":[],"acf":[],"yoast_head":"<!-- This site is optimized with the Yoast SEO plugin v21.3 - https:\/\/yoast.com\/wordpress\/plugins\/seo\/ -->\n<title>Smrt pretresla kraljevi dvor: Harry in William zavita v \u010drnino - Hudo Slovenija<\/title>\n<meta name=\"robots\" content=\"index, follow, max-snippet:-1, max-image-preview:large, max-video-preview:-1\" \/>\n<link rel=\"canonical\" href=\"https:\/\/hudo.com\/si\/vip\/smrt-pretresla-kraljevi-dvor-harry-william-zavita-v-crnino\/\" \/>\n<meta property=\"og:locale\" content=\"sl_SI\" \/>\n<meta property=\"og:type\" content=\"article\" \/>\n<meta property=\"og:title\" content=\"Smrt pretresla kraljevi dvor: Harry in William zavita v \u010drnino - Hudo Slovenija\" \/>\n<meta property=\"og:description\" content=\"Povsem nepri\u010dakovano.\" \/>\n<meta property=\"og:url\" content=\"https:\/\/hudo.com\/si\/vip\/smrt-pretresla-kraljevi-dvor-harry-william-zavita-v-crnino\/\" \/>\n<meta property=\"og:site_name\" content=\"Hudo Slovenija\" \/>\n<meta property=\"article:publisher\" content=\"https:\/\/www.facebook.com\/hudo.si\" \/>\n<meta property=\"article:published_time\" content=\"2020-04-29T08:25:41+00:00\" \/>\n<meta property=\"article:modified_time\" content=\"2020-04-29T08:34:02+00:00\" \/>\n<meta property=\"og:image\" content=\"https:\/\/hudo.com\/si\/wp-content\/uploads\/sites\/2\/2020\/04\/profimedia-0357917492.jpg\" \/>\n\t<meta property=\"og:image:width\" content=\"1250\" \/>\n\t<meta property=\"og:image:height\" content=\"936\" \/>\n\t<meta property=\"og:image:type\" content=\"image\/jpeg\" \/>\n<meta name=\"author\" content=\"A. G.\" \/>\n<meta name=\"twitter:card\" content=\"summary_large_image\" \/>\n<meta name=\"twitter:creator\" content=\"@hudo_si\" \/>\n<meta name=\"twitter:site\" content=\"@hudo_si\" \/>\n<meta name=\"twitter:label1\" content=\"Written by\" \/>\n\t<meta name=\"twitter:data1\" content=\"A. G.\" \/>\n\t<meta name=\"twitter:label2\" content=\"Est. reading time\" \/>\n\t<meta name=\"twitter:data2\" content=\"1 minuta\" \/>\n<script type=\"application\/ld+json\" class=\"yoast-schema-graph\">{\"@context\":\"https:\/\/schema.org\",\"@graph\":[{\"@type\":\"Article\",\"@id\":\"https:\/\/hudo.com\/si\/vip\/smrt-pretresla-kraljevi-dvor-harry-william-zavita-v-crnino\/#article\",\"isPartOf\":{\"@id\":\"https:\/\/hudo.com\/si\/vip\/smrt-pretresla-kraljevi-dvor-harry-william-zavita-v-crnino\/\"},\"author\":{\"name\":\"A. G.\",\"@id\":\"https:\/\/hudo.com\/si\/#\/schema\/person\/f95639a66e0dd2c682b0568634e85b8b\"},\"headline\":\"Smrt pretresla kraljevi dvor: Harry in William zavita v \u010drnino\",\"datePublished\":\"2020-04-29T08:25:41+00:00\",\"dateModified\":\"2020-04-29T08:34:02+00:00\",\"mainEntityOfPage\":{\"@id\":\"https:\/\/hudo.com\/si\/vip\/smrt-pretresla-kraljevi-dvor-harry-william-zavita-v-crnino\/\"},\"wordCount\":273,\"publisher\":{\"@id\":\"https:\/\/hudo.com\/si\/#organization\"},\"keywords\":[\"afganistan\",\"koronavirus\",\"princ Harry\",\"Princ William\",\"Ryan Cartwright\",\"vojska\"],\"articleSection\":[\"VIP\"],\"inLanguage\":\"sl-SI\"},{\"@type\":\"WebPage\",\"@id\":\"https:\/\/hudo.com\/si\/vip\/smrt-pretresla-kraljevi-dvor-harry-william-zavita-v-crnino\/\",\"url\":\"https:\/\/hudo.com\/si\/vip\/smrt-pretresla-kraljevi-dvor-harry-william-zavita-v-crnino\/\",\"name\":\"Smrt pretresla kraljevi dvor: Harry in William zavita v \u010drnino - Hudo Slovenija\",\"isPartOf\":{\"@id\":\"https:\/\/hudo.com\/si\/#website\"},\"datePublished\":\"2020-04-29T08:25:41+00:00\",\"dateModified\":\"2020-04-29T08:34:02+00:00\",\"breadcrumb\":{\"@id\":\"https:\/\/hudo.com\/si\/vip\/smrt-pretresla-kraljevi-dvor-harry-william-zavita-v-crnino\/#breadcrumb\"},\"inLanguage\":\"sl-SI\",\"potentialAction\":[{\"@type\":\"ReadAction\",\"target\":[\"https:\/\/hudo.com\/si\/vip\/smrt-pretresla-kraljevi-dvor-harry-william-zavita-v-crnino\/\"]}]},{\"@type\":\"BreadcrumbList\",\"@id\":\"https:\/\/hudo.com\/si\/vip\/smrt-pretresla-kraljevi-dvor-harry-william-zavita-v-crnino\/#breadcrumb\",\"itemListElement\":[{\"@type\":\"ListItem\",\"position\":1,\"name\":\"Home\",\"item\":\"https:\/\/hudo.com\/si\/\"},{\"@type\":\"ListItem\",\"position\":2,\"name\":\"Smrt pretresla kraljevi dvor: Harry in William zavita v \u010drnino\"}]},{\"@type\":\"WebSite\",\"@id\":\"https:\/\/hudo.com\/si\/#website\",\"url\":\"https:\/\/hudo.com\/si\/\",\"name\":\"Hudo Slovenija\",\"description\":\"Vse novice iz Slovenije in sveta\",\"publisher\":{\"@id\":\"https:\/\/hudo.com\/si\/#organization\"},\"potentialAction\":[{\"@type\":\"SearchAction\",\"target\":{\"@type\":\"EntryPoint\",\"urlTemplate\":\"https:\/\/hudo.com\/si\/?s={search_term_string}\"},\"query-input\":\"required name=search_term_string\"}],\"inLanguage\":\"sl-SI\"},{\"@type\":\"Organization\",\"@id\":\"https:\/\/hudo.com\/si\/#organization\",\"name\":\"VSN Media\",\"url\":\"https:\/\/hudo.com\/si\/\",\"logo\":{\"@type\":\"ImageObject\",\"inLanguage\":\"sl-SI\",\"@id\":\"https:\/\/hudo.com\/si\/#\/schema\/logo\/image\/\",\"url\":\"https:\/\/hudo.com\/si\/wp-content\/uploads\/sites\/2\/2021\/03\/hudo-app-2.png\",\"contentUrl\":\"https:\/\/hudo.com\/si\/wp-content\/uploads\/sites\/2\/2021\/03\/hudo-app-2.png\",\"width\":2185,\"height\":2167,\"caption\":\"VSN Media\"},\"image\":{\"@id\":\"https:\/\/hudo.com\/si\/#\/schema\/logo\/image\/\"},\"sameAs\":[\"https:\/\/www.facebook.com\/hudo.si\",\"https:\/\/twitter.com\/hudo_si\"]},{\"@type\":\"Person\",\"@id\":\"https:\/\/hudo.com\/si\/#\/schema\/person\/f95639a66e0dd2c682b0568634e85b8b\",\"name\":\"A. G.\",\"image\":{\"@type\":\"ImageObject\",\"inLanguage\":\"sl-SI\",\"@id\":\"https:\/\/hudo.com\/si\/#\/schema\/person\/image\/\",\"url\":\"https:\/\/secure.gravatar.com\/avatar\/9f44de561c70d5d80348d3ed0f4b142d?s=96&d=mm&r=g\",\"contentUrl\":\"https:\/\/secure.gravatar.com\/avatar\/9f44de561c70d5d80348d3ed0f4b142d?s=96&d=mm&r=g\",\"caption\":\"A. G.\"},\"url\":\"https:\/\/hudo.com\/si\/author\/alenkagrmek\/\"}]}<\/script>\n<!-- \/ Yoast SEO plugin. -->","yoast_head_json":{"title":"Smrt pretresla kraljevi dvor: Harry in William zavita v \u010drnino - Hudo Slovenija","robots":{"index":"index","follow":"follow","max-snippet":"max-snippet:-1","max-image-preview":"max-image-preview:large","max-video-preview":"max-video-preview:-1"},"canonical":"https:\/\/hudo.com\/si\/vip\/smrt-pretresla-kraljevi-dvor-harry-william-zavita-v-crnino\/","og_locale":"sl_SI","og_type":"article","og_title":"Smrt pretresla kraljevi dvor: Harry in William zavita v \u010drnino - Hudo Slovenija","og_description":"Povsem nepri\u010dakovano.","og_url":"https:\/\/hudo.com\/si\/vip\/smrt-pretresla-kraljevi-dvor-harry-william-zavita-v-crnino\/","og_site_name":"Hudo Slovenija","article_publisher":"https:\/\/www.facebook.com\/hudo.si","article_published_time":"2020-04-29T08:25:41+00:00","article_modified_time":"2020-04-29T08:34:02+00:00","og_image":[{"width":1250,"height":936,"url":"https:\/\/hudo.com\/si\/wp-content\/uploads\/sites\/2\/2020\/04\/profimedia-0357917492.jpg","type":"image\/jpeg"}],"author":"A. G.","twitter_card":"summary_large_image","twitter_creator":"@hudo_si","twitter_site":"@hudo_si","twitter_misc":{"Written by":"A. G.","Est. reading time":"1 minuta"},"schema":{"@context":"https:\/\/schema.org","@graph":[{"@type":"Article","@id":"https:\/\/hudo.com\/si\/vip\/smrt-pretresla-kraljevi-dvor-harry-william-zavita-v-crnino\/#article","isPartOf":{"@id":"https:\/\/hudo.com\/si\/vip\/smrt-pretresla-kraljevi-dvor-harry-william-zavita-v-crnino\/"},"author":{"name":"A. G.","@id":"https:\/\/hudo.com\/si\/#\/schema\/person\/f95639a66e0dd2c682b0568634e85b8b"},"headline":"Smrt pretresla kraljevi dvor: Harry in William zavita v \u010drnino","datePublished":"2020-04-29T08:25:41+00:00","dateModified":"2020-04-29T08:34:02+00:00","mainEntityOfPage":{"@id":"https:\/\/hudo.com\/si\/vip\/smrt-pretresla-kraljevi-dvor-harry-william-zavita-v-crnino\/"},"wordCount":273,"publisher":{"@id":"https:\/\/hudo.com\/si\/#organization"},"keywords":["afganistan","koronavirus","princ Harry","Princ William","Ryan Cartwright","vojska"],"articleSection":["VIP"],"inLanguage":"sl-SI"},{"@type":"WebPage","@id":"https:\/\/hudo.com\/si\/vip\/smrt-pretresla-kraljevi-dvor-harry-william-zavita-v-crnino\/","url":"https:\/\/hudo.com\/si\/vip\/smrt-pretresla-kraljevi-dvor-harry-william-zavita-v-crnino\/","name":"Smrt pretresla kraljevi dvor: Harry in William zavita v \u010drnino - Hudo Slovenija","isPartOf":{"@id":"https:\/\/hudo.com\/si\/#website"},"datePublished":"2020-04-29T08:25:41+00:00","dateModified":"2020-04-29T08:34:02+00:00","breadcrumb":{"@id":"https:\/\/hudo.com\/si\/vip\/smrt-pretresla-kraljevi-dvor-harry-william-zavita-v-crnino\/#breadcrumb"},"inLanguage":"sl-SI","potentialAction":[{"@type":"ReadAction","target":["https:\/\/hudo.com\/si\/vip\/smrt-pretresla-kraljevi-dvor-harry-william-zavita-v-crnino\/"]}]},{"@type":"BreadcrumbList","@id":"https:\/\/hudo.com\/si\/vip\/smrt-pretresla-kraljevi-dvor-harry-william-zavita-v-crnino\/#breadcrumb","itemListElement":[{"@type":"ListItem","position":1,"name":"Home","item":"https:\/\/hudo.com\/si\/"},{"@type":"ListItem","position":2,"name":"Smrt pretresla kraljevi dvor: Harry in William zavita v \u010drnino"}]},{"@type":"WebSite","@id":"https:\/\/hudo.com\/si\/#website","url":"https:\/\/hudo.com\/si\/","name":"Hudo Slovenija","description":"Vse novice iz Slovenije in sveta","publisher":{"@id":"https:\/\/hudo.com\/si\/#organization"},"potentialAction":[{"@type":"SearchAction","target":{"@type":"EntryPoint","urlTemplate":"https:\/\/hudo.com\/si\/?s={search_term_string}"},"query-input":"required name=search_term_string"}],"inLanguage":"sl-SI"},{"@type":"Organization","@id":"https:\/\/hudo.com\/si\/#organization","name":"VSN Media","url":"https:\/\/hudo.com\/si\/","logo":{"@type":"ImageObject","inLanguage":"sl-SI","@id":"https:\/\/hudo.com\/si\/#\/schema\/logo\/image\/","url":"https:\/\/hudo.com\/si\/wp-content\/uploads\/sites\/2\/2021\/03\/hudo-app-2.png","contentUrl":"https:\/\/hudo.com\/si\/wp-content\/uploads\/sites\/2\/2021\/03\/hudo-app-2.png","width":2185,"height":2167,"caption":"VSN Media"},"image":{"@id":"https:\/\/hudo.com\/si\/#\/schema\/logo\/image\/"},"sameAs":["https:\/\/www.facebook.com\/hudo.si","https:\/\/twitter.com\/hudo_si"]},{"@type":"Person","@id":"https:\/\/hudo.com\/si\/#\/schema\/person\/f95639a66e0dd2c682b0568634e85b8b","name":"A. G.","image":{"@type":"ImageObject","inLanguage":"sl-SI","@id":"https:\/\/hudo.com\/si\/#\/schema\/person\/image\/","url":"https:\/\/secure.gravatar.com\/avatar\/9f44de561c70d5d80348d3ed0f4b142d?s=96&d=mm&r=g","contentUrl":"https:\/\/secure.gravatar.com\/avatar\/9f44de561c70d5d80348d3ed0f4b142d?s=96&d=mm&r=g","caption":"A. G."},"url":"https:\/\/hudo.com\/si\/author\/alenkagrmek\/"}]}},"amp_enabled":true,"_links":{"self":[{"href":"https:\/\/hudo.com\/si\/wp-json\/wp\/v2\/posts\/422003"}],"collection":[{"href":"https:\/\/hudo.com\/si\/wp-json\/wp\/v2\/posts"}],"about":[{"href":"https:\/\/hudo.com\/si\/wp-json\/wp\/v2\/types\/post"}],"author":[{"embeddable":true,"href":"https:\/\/hudo.com\/si\/wp-json\/wp\/v2\/users\/6"}],"replies":[{"embeddable":true,"href":"https:\/\/hudo.com\/si\/wp-json\/wp\/v2\/comments?post=422003"}],"version-history":[{"count":5,"href":"https:\/\/hudo.com\/si\/wp-json\/wp\/v2\/posts\/422003\/revisions"}],"predecessor-version":[{"id":422019,"href":"https:\/\/hudo.com\/si\/wp-json\/wp\/v2\/posts\/422003\/revisions\/422019"}],"wp:featuredmedia":[{"embeddable":true,"href":"https:\/\/hudo.com\/si\/wp-json\/wp\/v2\/media\/422013"}],"wp:attachment":[{"href":"https:\/\/hudo.com\/si\/wp-json\/wp\/v2\/media?parent=422003"}],"wp:term":[{"taxonomy":"category","embeddable":true,"href":"https:\/\/hudo.com\/si\/wp-json\/wp\/v2\/categories?post=422003"},{"taxonomy":"post_tag","embeddable":true,"href":"https:\/\/hudo.com\/si\/wp-json\/wp\/v2\/tags?post=422003"},{"taxonomy":"source","embeddable":true,"href":"https:\/\/hudo.com\/si\/wp-json\/wp\/v2\/source?post=422003"},{"taxonomy":"supertag","embeddable":true,"href":"https:\/\/hudo.com\/si\/wp-json\/wp\/v2\/supertag?post=422003"}],"curies":[{"name":"wp","href":"https:\/\/api.w.org\/{rel}","templated":true}]}}