{"id":422187,"date":"2020-05-01T08:27:20","date_gmt":"2020-05-01T06:27:20","guid":{"rendered":"http:\/\/hudo.com\/si\/?p=422187"},"modified":"2020-05-01T08:27:20","modified_gmt":"2020-05-01T06:27:20","slug":"v-zagrebu-danes-znova-odpirajo-zivalski-vrt","status":"publish","type":"post","link":"https:\/\/hudo.com\/si\/aktualno\/v-zagrebu-danes-znova-odpirajo-zivalski-vrt\/","title":{"rendered":"V Zagrebu danes znova odpirajo \u017eivalski vrt"},"content":{"rendered":"<p>V zagreb\u0161kem \u017eivalskem vrtu so postavili posebno signalizacijo, ki bo spodbujala obiskovalce k spo\u0161tovanju medsebojne razdalje dveh metrov. Postavili so tudi dodatna obvestila in pojasnila za obiske med epidemijo. Obiskovalcem svetujejo, naj pri vhodu v \u017eivalski vrt uporabijo razku\u017eilo ter nosijo za\u0161\u010ditne maske, so zapisali na spletni strani \u017eivalskega vrta.<\/p>\n<p>Nobeden od paviljonov v zaprtih prostorih ne bo odprt za obiskovalce, razen v tropski hi\u0161i, v kateri bo mogo\u010de opazovati krokodile. Med drugim bodo za\u010dasno zaprta tudi otro\u0161ka igri\u0161\u010da ter obe restavraciji znotraj \u017eivalskega vrta.<\/p>\n<p>Zagreb\u0161ki \u017eivalski vrt bo odprt vsak dan med 9.in 20. uro. Zaradi la\u017ejega nadzora \u0161tevila obiskovalcev bo obratovala samo glavna blagajna, ki jo bodo zaprli ob 18.30.<\/p>\n","protected":false},"excerpt":{"rendered":"<p>Zagreb\u0161ki \u017eivalski vrt danes znova odpira svoja vrata obiskovalcem. Ogledi \u017eivali bodo prilagojeni priporo\u010dilom epidemiologov zaradi nevarnosti oku\u017ebe z novim koronavirusum. V \u017eivalskem vrtu bodo lahko sprejeli najve\u010d 400 obiskovalcev isto\u010dasno. V ve\u010dino paviljonov za \u017eivali v zaprtih poslopjih \u017eivalskega vrta vstop ne bo dovoljen.<\/p>\n","protected":false},"author":7,"featured_media":422188,"comment_status":"closed","ping_status":"closed","sticky":false,"template":"","format":"standard","meta":{"footnotes":""},"categories":[1179],"tags":[15619,4661,3552],"source":[4511],"supertag":[],"acf":[],"yoast_head":"<!-- This site is optimized with the Yoast SEO plugin v21.3 - https:\/\/yoast.com\/wordpress\/plugins\/seo\/ -->\n<title>V Zagrebu danes znova odpirajo \u017eivalski vrt - Hudo Slovenija<\/title>\n<meta name=\"robots\" content=\"index, follow, max-snippet:-1, max-image-preview:large, max-video-preview:-1\" \/>\n<link rel=\"canonical\" href=\"https:\/\/hudo.com\/si\/aktualno\/v-zagrebu-danes-znova-odpirajo-zivalski-vrt\/\" \/>\n<meta property=\"og:locale\" content=\"sl_SI\" \/>\n<meta property=\"og:type\" content=\"article\" \/>\n<meta property=\"og:title\" content=\"V Zagrebu danes znova odpirajo \u017eivalski vrt - Hudo Slovenija\" \/>\n<meta property=\"og:description\" content=\"Zagreb\u0161ki \u017eivalski vrt danes znova odpira svoja vrata obiskovalcem. Ogledi \u017eivali bodo prilagojeni priporo\u010dilom epidemiologov zaradi nevarnosti oku\u017ebe z novim koronavirusum. V \u017eivalskem vrtu bodo lahko sprejeli najve\u010d 400 obiskovalcev isto\u010dasno. V ve\u010dino paviljonov za \u017eivali v zaprtih poslopjih \u017eivalskega vrta vstop ne bo dovoljen.\" \/>\n<meta property=\"og:url\" content=\"https:\/\/hudo.com\/si\/aktualno\/v-zagrebu-danes-znova-odpirajo-zivalski-vrt\/\" \/>\n<meta property=\"og:site_name\" content=\"Hudo Slovenija\" \/>\n<meta property=\"article:publisher\" content=\"https:\/\/www.facebook.com\/hudo.si\" \/>\n<meta property=\"article:published_time\" content=\"2020-05-01T06:27:20+00:00\" \/>\n<meta property=\"og:image\" content=\"https:\/\/hudo.com\/si\/wp-content\/uploads\/sites\/2\/2020\/05\/profimedia-0095084048.jpg\" \/>\n\t<meta property=\"og:image:width\" content=\"1250\" \/>\n\t<meta property=\"og:image:height\" content=\"833\" \/>\n\t<meta property=\"og:image:type\" content=\"image\/jpeg\" \/>\n<meta name=\"author\" content=\"A. P., STA\" \/>\n<meta name=\"twitter:card\" content=\"summary_large_image\" \/>\n<meta name=\"twitter:creator\" content=\"@hudo_si\" \/>\n<meta name=\"twitter:site\" content=\"@hudo_si\" \/>\n<meta name=\"twitter:label1\" content=\"Written by\" \/>\n\t<meta name=\"twitter:data1\" content=\"A. P., STA\" \/>\n\t<meta name=\"twitter:label2\" content=\"Est. reading time\" \/>\n\t<meta name=\"twitter:data2\" content=\"1 minuta\" \/>\n<script type=\"application\/ld+json\" class=\"yoast-schema-graph\">{\"@context\":\"https:\/\/schema.org\",\"@graph\":[{\"@type\":\"Article\",\"@id\":\"https:\/\/hudo.com\/si\/aktualno\/v-zagrebu-danes-znova-odpirajo-zivalski-vrt\/#article\",\"isPartOf\":{\"@id\":\"https:\/\/hudo.com\/si\/aktualno\/v-zagrebu-danes-znova-odpirajo-zivalski-vrt\/\"},\"author\":{\"name\":\"A. P., STA\",\"@id\":\"https:\/\/hudo.com\/si\/#\/schema\/person\/18f09c02475ba9e606e941a565b80cff\"},\"headline\":\"V Zagrebu danes znova odpirajo \u017eivalski vrt\",\"datePublished\":\"2020-05-01T06:27:20+00:00\",\"dateModified\":\"2020-05-01T06:27:20+00:00\",\"mainEntityOfPage\":{\"@id\":\"https:\/\/hudo.com\/si\/aktualno\/v-zagrebu-danes-znova-odpirajo-zivalski-vrt\/\"},\"wordCount\":128,\"publisher\":{\"@id\":\"https:\/\/hudo.com\/si\/#organization\"},\"keywords\":[\"novi koronavirus\",\"Zagreb\",\"\u017eivalski vrt\"],\"articleSection\":[\"Aktualno\"],\"inLanguage\":\"sl-SI\"},{\"@type\":\"WebPage\",\"@id\":\"https:\/\/hudo.com\/si\/aktualno\/v-zagrebu-danes-znova-odpirajo-zivalski-vrt\/\",\"url\":\"https:\/\/hudo.com\/si\/aktualno\/v-zagrebu-danes-znova-odpirajo-zivalski-vrt\/\",\"name\":\"V Zagrebu danes znova odpirajo \u017eivalski vrt - Hudo Slovenija\",\"isPartOf\":{\"@id\":\"https:\/\/hudo.com\/si\/#website\"},\"datePublished\":\"2020-05-01T06:27:20+00:00\",\"dateModified\":\"2020-05-01T06:27:20+00:00\",\"breadcrumb\":{\"@id\":\"https:\/\/hudo.com\/si\/aktualno\/v-zagrebu-danes-znova-odpirajo-zivalski-vrt\/#breadcrumb\"},\"inLanguage\":\"sl-SI\",\"potentialAction\":[{\"@type\":\"ReadAction\",\"target\":[\"https:\/\/hudo.com\/si\/aktualno\/v-zagrebu-danes-znova-odpirajo-zivalski-vrt\/\"]}]},{\"@type\":\"BreadcrumbList\",\"@id\":\"https:\/\/hudo.com\/si\/aktualno\/v-zagrebu-danes-znova-odpirajo-zivalski-vrt\/#breadcrumb\",\"itemListElement\":[{\"@type\":\"ListItem\",\"position\":1,\"name\":\"Home\",\"item\":\"https:\/\/hudo.com\/si\/\"},{\"@type\":\"ListItem\",\"position\":2,\"name\":\"V Zagrebu danes znova odpirajo \u017eivalski vrt\"}]},{\"@type\":\"WebSite\",\"@id\":\"https:\/\/hudo.com\/si\/#website\",\"url\":\"https:\/\/hudo.com\/si\/\",\"name\":\"Hudo Slovenija\",\"description\":\"Vse novice iz Slovenije in sveta\",\"publisher\":{\"@id\":\"https:\/\/hudo.com\/si\/#organization\"},\"potentialAction\":[{\"@type\":\"SearchAction\",\"target\":{\"@type\":\"EntryPoint\",\"urlTemplate\":\"https:\/\/hudo.com\/si\/?s={search_term_string}\"},\"query-input\":\"required name=search_term_string\"}],\"inLanguage\":\"sl-SI\"},{\"@type\":\"Organization\",\"@id\":\"https:\/\/hudo.com\/si\/#organization\",\"name\":\"VSN Media\",\"url\":\"https:\/\/hudo.com\/si\/\",\"logo\":{\"@type\":\"ImageObject\",\"inLanguage\":\"sl-SI\",\"@id\":\"https:\/\/hudo.com\/si\/#\/schema\/logo\/image\/\",\"url\":\"https:\/\/hudo.com\/si\/wp-content\/uploads\/sites\/2\/2021\/03\/hudo-app-2.png\",\"contentUrl\":\"https:\/\/hudo.com\/si\/wp-content\/uploads\/sites\/2\/2021\/03\/hudo-app-2.png\",\"width\":2185,\"height\":2167,\"caption\":\"VSN Media\"},\"image\":{\"@id\":\"https:\/\/hudo.com\/si\/#\/schema\/logo\/image\/\"},\"sameAs\":[\"https:\/\/www.facebook.com\/hudo.si\",\"https:\/\/twitter.com\/hudo_si\"]},{\"@type\":\"Person\",\"@id\":\"https:\/\/hudo.com\/si\/#\/schema\/person\/18f09c02475ba9e606e941a565b80cff\",\"name\":\"A. P., STA\",\"image\":{\"@type\":\"ImageObject\",\"inLanguage\":\"sl-SI\",\"@id\":\"https:\/\/hudo.com\/si\/#\/schema\/person\/image\/\",\"url\":\"https:\/\/secure.gravatar.com\/avatar\/03eac8e609f5f04383125d80eaeaaf3e?s=96&d=mm&r=g\",\"contentUrl\":\"https:\/\/secure.gravatar.com\/avatar\/03eac8e609f5f04383125d80eaeaaf3e?s=96&d=mm&r=g\",\"caption\":\"A. P., STA\"},\"url\":\"https:\/\/hudo.com\/si\/author\/lubu\/\"}]}<\/script>\n<!-- \/ Yoast SEO plugin. -->","yoast_head_json":{"title":"V Zagrebu danes znova odpirajo \u017eivalski vrt - Hudo Slovenija","robots":{"index":"index","follow":"follow","max-snippet":"max-snippet:-1","max-image-preview":"max-image-preview:large","max-video-preview":"max-video-preview:-1"},"canonical":"https:\/\/hudo.com\/si\/aktualno\/v-zagrebu-danes-znova-odpirajo-zivalski-vrt\/","og_locale":"sl_SI","og_type":"article","og_title":"V Zagrebu danes znova odpirajo \u017eivalski vrt - Hudo Slovenija","og_description":"Zagreb\u0161ki \u017eivalski vrt danes znova odpira svoja vrata obiskovalcem. Ogledi \u017eivali bodo prilagojeni priporo\u010dilom epidemiologov zaradi nevarnosti oku\u017ebe z novim koronavirusum. V \u017eivalskem vrtu bodo lahko sprejeli najve\u010d 400 obiskovalcev isto\u010dasno. V ve\u010dino paviljonov za \u017eivali v zaprtih poslopjih \u017eivalskega vrta vstop ne bo dovoljen.","og_url":"https:\/\/hudo.com\/si\/aktualno\/v-zagrebu-danes-znova-odpirajo-zivalski-vrt\/","og_site_name":"Hudo Slovenija","article_publisher":"https:\/\/www.facebook.com\/hudo.si","article_published_time":"2020-05-01T06:27:20+00:00","og_image":[{"width":1250,"height":833,"url":"https:\/\/hudo.com\/si\/wp-content\/uploads\/sites\/2\/2020\/05\/profimedia-0095084048.jpg","type":"image\/jpeg"}],"author":"A. P., STA","twitter_card":"summary_large_image","twitter_creator":"@hudo_si","twitter_site":"@hudo_si","twitter_misc":{"Written by":"A. P., STA","Est. reading time":"1 minuta"},"schema":{"@context":"https:\/\/schema.org","@graph":[{"@type":"Article","@id":"https:\/\/hudo.com\/si\/aktualno\/v-zagrebu-danes-znova-odpirajo-zivalski-vrt\/#article","isPartOf":{"@id":"https:\/\/hudo.com\/si\/aktualno\/v-zagrebu-danes-znova-odpirajo-zivalski-vrt\/"},"author":{"name":"A. P., STA","@id":"https:\/\/hudo.com\/si\/#\/schema\/person\/18f09c02475ba9e606e941a565b80cff"},"headline":"V Zagrebu danes znova odpirajo \u017eivalski vrt","datePublished":"2020-05-01T06:27:20+00:00","dateModified":"2020-05-01T06:27:20+00:00","mainEntityOfPage":{"@id":"https:\/\/hudo.com\/si\/aktualno\/v-zagrebu-danes-znova-odpirajo-zivalski-vrt\/"},"wordCount":128,"publisher":{"@id":"https:\/\/hudo.com\/si\/#organization"},"keywords":["novi koronavirus","Zagreb","\u017eivalski vrt"],"articleSection":["Aktualno"],"inLanguage":"sl-SI"},{"@type":"WebPage","@id":"https:\/\/hudo.com\/si\/aktualno\/v-zagrebu-danes-znova-odpirajo-zivalski-vrt\/","url":"https:\/\/hudo.com\/si\/aktualno\/v-zagrebu-danes-znova-odpirajo-zivalski-vrt\/","name":"V Zagrebu danes znova odpirajo \u017eivalski vrt - Hudo Slovenija","isPartOf":{"@id":"https:\/\/hudo.com\/si\/#website"},"datePublished":"2020-05-01T06:27:20+00:00","dateModified":"2020-05-01T06:27:20+00:00","breadcrumb":{"@id":"https:\/\/hudo.com\/si\/aktualno\/v-zagrebu-danes-znova-odpirajo-zivalski-vrt\/#breadcrumb"},"inLanguage":"sl-SI","potentialAction":[{"@type":"ReadAction","target":["https:\/\/hudo.com\/si\/aktualno\/v-zagrebu-danes-znova-odpirajo-zivalski-vrt\/"]}]},{"@type":"BreadcrumbList","@id":"https:\/\/hudo.com\/si\/aktualno\/v-zagrebu-danes-znova-odpirajo-zivalski-vrt\/#breadcrumb","itemListElement":[{"@type":"ListItem","position":1,"name":"Home","item":"https:\/\/hudo.com\/si\/"},{"@type":"ListItem","position":2,"name":"V Zagrebu danes znova odpirajo \u017eivalski vrt"}]},{"@type":"WebSite","@id":"https:\/\/hudo.com\/si\/#website","url":"https:\/\/hudo.com\/si\/","name":"Hudo Slovenija","description":"Vse novice iz Slovenije in sveta","publisher":{"@id":"https:\/\/hudo.com\/si\/#organization"},"potentialAction":[{"@type":"SearchAction","target":{"@type":"EntryPoint","urlTemplate":"https:\/\/hudo.com\/si\/?s={search_term_string}"},"query-input":"required name=search_term_string"}],"inLanguage":"sl-SI"},{"@type":"Organization","@id":"https:\/\/hudo.com\/si\/#organization","name":"VSN Media","url":"https:\/\/hudo.com\/si\/","logo":{"@type":"ImageObject","inLanguage":"sl-SI","@id":"https:\/\/hudo.com\/si\/#\/schema\/logo\/image\/","url":"https:\/\/hudo.com\/si\/wp-content\/uploads\/sites\/2\/2021\/03\/hudo-app-2.png","contentUrl":"https:\/\/hudo.com\/si\/wp-content\/uploads\/sites\/2\/2021\/03\/hudo-app-2.png","width":2185,"height":2167,"caption":"VSN Media"},"image":{"@id":"https:\/\/hudo.com\/si\/#\/schema\/logo\/image\/"},"sameAs":["https:\/\/www.facebook.com\/hudo.si","https:\/\/twitter.com\/hudo_si"]},{"@type":"Person","@id":"https:\/\/hudo.com\/si\/#\/schema\/person\/18f09c02475ba9e606e941a565b80cff","name":"A. P., STA","image":{"@type":"ImageObject","inLanguage":"sl-SI","@id":"https:\/\/hudo.com\/si\/#\/schema\/person\/image\/","url":"https:\/\/secure.gravatar.com\/avatar\/03eac8e609f5f04383125d80eaeaaf3e?s=96&d=mm&r=g","contentUrl":"https:\/\/secure.gravatar.com\/avatar\/03eac8e609f5f04383125d80eaeaaf3e?s=96&d=mm&r=g","caption":"A. P., STA"},"url":"https:\/\/hudo.com\/si\/author\/lubu\/"}]}},"amp_enabled":true,"_links":{"self":[{"href":"https:\/\/hudo.com\/si\/wp-json\/wp\/v2\/posts\/422187"}],"collection":[{"href":"https:\/\/hudo.com\/si\/wp-json\/wp\/v2\/posts"}],"about":[{"href":"https:\/\/hudo.com\/si\/wp-json\/wp\/v2\/types\/post"}],"author":[{"embeddable":true,"href":"https:\/\/hudo.com\/si\/wp-json\/wp\/v2\/users\/7"}],"replies":[{"embeddable":true,"href":"https:\/\/hudo.com\/si\/wp-json\/wp\/v2\/comments?post=422187"}],"version-history":[{"count":1,"href":"https:\/\/hudo.com\/si\/wp-json\/wp\/v2\/posts\/422187\/revisions"}],"predecessor-version":[{"id":422189,"href":"https:\/\/hudo.com\/si\/wp-json\/wp\/v2\/posts\/422187\/revisions\/422189"}],"wp:featuredmedia":[{"embeddable":true,"href":"https:\/\/hudo.com\/si\/wp-json\/wp\/v2\/media\/422188"}],"wp:attachment":[{"href":"https:\/\/hudo.com\/si\/wp-json\/wp\/v2\/media?parent=422187"}],"wp:term":[{"taxonomy":"category","embeddable":true,"href":"https:\/\/hudo.com\/si\/wp-json\/wp\/v2\/categories?post=422187"},{"taxonomy":"post_tag","embeddable":true,"href":"https:\/\/hudo.com\/si\/wp-json\/wp\/v2\/tags?post=422187"},{"taxonomy":"source","embeddable":true,"href":"https:\/\/hudo.com\/si\/wp-json\/wp\/v2\/source?post=422187"},{"taxonomy":"supertag","embeddable":true,"href":"https:\/\/hudo.com\/si\/wp-json\/wp\/v2\/supertag?post=422187"}],"curies":[{"name":"wp","href":"https:\/\/api.w.org\/{rel}","templated":true}]}}