{"id":422190,"date":"2020-05-01T09:49:16","date_gmt":"2020-05-01T07:49:16","guid":{"rendered":"http:\/\/hudo.com\/si\/?p=422190"},"modified":"2020-05-01T09:49:16","modified_gmt":"2020-05-01T07:49:16","slug":"vreme-dez-bo-ponehal-cez-dan-posamezne-plohe-ali-nevihte","status":"publish","type":"post","link":"https:\/\/hudo.com\/si\/aktualno\/vreme-dez-bo-ponehal-cez-dan-posamezne-plohe-ali-nevihte\/","title":{"rendered":"Vreme: De\u017e bo ponehal, \u010dez dan posamezne plohe ali nevihte"},"content":{"rendered":"<p>V soboto bo delno jasno s spremenljivo obla\u010dnostjo, nastale bodo krajevne plohe ali nevihte. Najni\u017eje jutranje temperature bodo od 6 do 11, na Primorskem do okoli 13, najvi\u0161je dnevne od 16 do 21 stopinj Celzija.<\/p>\n<p>Obeti: V no\u010di na nedeljo bo ve\u010dji del dr\u017eave pre\u0161el pas padavin. Prehodno bo zapihal okrepljen severni veter, na Primorskem burja. V nedeljo in ponedeljek bo pove\u010dini son\u010dno, popoldanske plohe bodo malo verjetne.<\/p>\n<p>Vremenska slika: Nad Evropo je obse\u017eno, a plitvo obmo\u010dje nizkega zra\u010dnega tlaka s sredi\u0161\u010dem nad Severnim morjem. Po prehodu hladne fronte je naslednja vremenska motnja \u017ee dosegla Alpe. Od zahoda k nam doteka vla\u017een in v vi\u0161inah nekoliko hladnej\u0161i zrak.<\/p>\n<p>Napoved za sosednje pokrajine: Danes bo ob severnem Jadranu delno jasno in pove\u010dini suho, drugod bo spremenljivo do prete\u017eno obla\u010dno. Dopoldne bo na Hrva\u0161kem \u0161e de\u017eevalo, tudi zagrmelo, \u010dez dan pa bodo predvsem v krajih zahodno in severno od nas krajevne plohe in nevihte. V soboto bo delno jasno s spremenljivo obla\u010dnostjo. Predvsem sredi dneva in popoldne bodo nastale krajevne plohe in nevihte. Manj verjetne bodo ob morju.<\/p>\n<p>Biovreme: V petek bo vremenska obremenitev sprva zmerna, kazala se bo s pove\u010danim nemirom, razdra\u017eljivostjo in utrujenostjo. Popoldne se bo obremenitev pove\u010dala in spanje v no\u010di na soboto bo moteno. V soboto bo vpliv vremena na po\u010dutje ljudi zmerno obremenilen.<\/p>\n","protected":false},"excerpt":{"rendered":"<p>Danes bo de\u017e najprej ponehal na severu in zahodu, dopoldne pa tudi na jugu in jugovzhodu. \u010cez dan bo spremenljivo do prete\u017eno obla\u010dno, nastale bodo posamezne plohe ali nevihte. Ponekod bo pihal ju\u017eni ali jugozahodni veter. Najvi\u0161je dnevne temperature bodo od 14 do 20 stopinj Celzija, je zapisano na spletnih straneh Agencije RS za okolje.<\/p>\n","protected":false},"author":7,"featured_media":419600,"comment_status":"closed","ping_status":"closed","sticky":false,"template":"","format":"standard","meta":{"footnotes":""},"categories":[1179],"tags":[1595,2149,7416],"source":[4511],"supertag":[],"acf":[],"yoast_head":"<!-- This site is optimized with the Yoast SEO plugin v21.3 - https:\/\/yoast.com\/wordpress\/plugins\/seo\/ -->\n<title>Vreme: De\u017e bo ponehal, \u010dez dan posamezne plohe ali nevihte - Hudo Slovenija<\/title>\n<meta name=\"robots\" content=\"index, follow, max-snippet:-1, max-image-preview:large, max-video-preview:-1\" \/>\n<link rel=\"canonical\" href=\"https:\/\/hudo.com\/si\/aktualno\/vreme-dez-bo-ponehal-cez-dan-posamezne-plohe-ali-nevihte\/\" \/>\n<meta property=\"og:locale\" content=\"sl_SI\" \/>\n<meta property=\"og:type\" content=\"article\" \/>\n<meta property=\"og:title\" content=\"Vreme: De\u017e bo ponehal, \u010dez dan posamezne plohe ali nevihte - Hudo Slovenija\" \/>\n<meta property=\"og:description\" content=\"Danes bo de\u017e najprej ponehal na severu in zahodu, dopoldne pa tudi na jugu in jugovzhodu. \u010cez dan bo spremenljivo do prete\u017eno obla\u010dno, nastale bodo posamezne plohe ali nevihte. Ponekod bo pihal ju\u017eni ali jugozahodni veter. Najvi\u0161je dnevne temperature bodo od 14 do 20 stopinj Celzija, je zapisano na spletnih straneh Agencije RS za okolje.\" \/>\n<meta property=\"og:url\" content=\"https:\/\/hudo.com\/si\/aktualno\/vreme-dez-bo-ponehal-cez-dan-posamezne-plohe-ali-nevihte\/\" \/>\n<meta property=\"og:site_name\" content=\"Hudo Slovenija\" \/>\n<meta property=\"article:publisher\" content=\"https:\/\/www.facebook.com\/hudo.si\" \/>\n<meta property=\"article:published_time\" content=\"2020-05-01T07:49:16+00:00\" \/>\n<meta property=\"og:image\" content=\"https:\/\/hudo.com\/si\/wp-content\/uploads\/sites\/2\/2020\/03\/profimedia-0468423984.jpg\" \/>\n\t<meta property=\"og:image:width\" content=\"1800\" \/>\n\t<meta property=\"og:image:height\" content=\"1200\" \/>\n\t<meta property=\"og:image:type\" content=\"image\/jpeg\" \/>\n<meta name=\"author\" content=\"A. P., STA\" \/>\n<meta name=\"twitter:card\" content=\"summary_large_image\" \/>\n<meta name=\"twitter:creator\" content=\"@hudo_si\" \/>\n<meta name=\"twitter:site\" content=\"@hudo_si\" \/>\n<meta name=\"twitter:label1\" content=\"Written by\" \/>\n\t<meta name=\"twitter:data1\" content=\"A. P., STA\" \/>\n\t<meta name=\"twitter:label2\" content=\"Est. reading time\" \/>\n\t<meta name=\"twitter:data2\" content=\"1 minuta\" \/>\n<script type=\"application\/ld+json\" class=\"yoast-schema-graph\">{\"@context\":\"https:\/\/schema.org\",\"@graph\":[{\"@type\":\"Article\",\"@id\":\"https:\/\/hudo.com\/si\/aktualno\/vreme-dez-bo-ponehal-cez-dan-posamezne-plohe-ali-nevihte\/#article\",\"isPartOf\":{\"@id\":\"https:\/\/hudo.com\/si\/aktualno\/vreme-dez-bo-ponehal-cez-dan-posamezne-plohe-ali-nevihte\/\"},\"author\":{\"name\":\"A. P., STA\",\"@id\":\"https:\/\/hudo.com\/si\/#\/schema\/person\/18f09c02475ba9e606e941a565b80cff\"},\"headline\":\"Vreme: De\u017e bo ponehal, \u010dez dan posamezne plohe ali nevihte\",\"datePublished\":\"2020-05-01T07:49:16+00:00\",\"dateModified\":\"2020-05-01T07:49:16+00:00\",\"mainEntityOfPage\":{\"@id\":\"https:\/\/hudo.com\/si\/aktualno\/vreme-dez-bo-ponehal-cez-dan-posamezne-plohe-ali-nevihte\/\"},\"wordCount\":248,\"publisher\":{\"@id\":\"https:\/\/hudo.com\/si\/#organization\"},\"keywords\":[\"Slovenija\",\"vreme\",\"vremenska napoved\"],\"articleSection\":[\"Aktualno\"],\"inLanguage\":\"sl-SI\"},{\"@type\":\"WebPage\",\"@id\":\"https:\/\/hudo.com\/si\/aktualno\/vreme-dez-bo-ponehal-cez-dan-posamezne-plohe-ali-nevihte\/\",\"url\":\"https:\/\/hudo.com\/si\/aktualno\/vreme-dez-bo-ponehal-cez-dan-posamezne-plohe-ali-nevihte\/\",\"name\":\"Vreme: De\u017e bo ponehal, \u010dez dan posamezne plohe ali nevihte - Hudo Slovenija\",\"isPartOf\":{\"@id\":\"https:\/\/hudo.com\/si\/#website\"},\"datePublished\":\"2020-05-01T07:49:16+00:00\",\"dateModified\":\"2020-05-01T07:49:16+00:00\",\"breadcrumb\":{\"@id\":\"https:\/\/hudo.com\/si\/aktualno\/vreme-dez-bo-ponehal-cez-dan-posamezne-plohe-ali-nevihte\/#breadcrumb\"},\"inLanguage\":\"sl-SI\",\"potentialAction\":[{\"@type\":\"ReadAction\",\"target\":[\"https:\/\/hudo.com\/si\/aktualno\/vreme-dez-bo-ponehal-cez-dan-posamezne-plohe-ali-nevihte\/\"]}]},{\"@type\":\"BreadcrumbList\",\"@id\":\"https:\/\/hudo.com\/si\/aktualno\/vreme-dez-bo-ponehal-cez-dan-posamezne-plohe-ali-nevihte\/#breadcrumb\",\"itemListElement\":[{\"@type\":\"ListItem\",\"position\":1,\"name\":\"Home\",\"item\":\"https:\/\/hudo.com\/si\/\"},{\"@type\":\"ListItem\",\"position\":2,\"name\":\"Vreme: De\u017e bo ponehal, \u010dez dan posamezne plohe ali nevihte\"}]},{\"@type\":\"WebSite\",\"@id\":\"https:\/\/hudo.com\/si\/#website\",\"url\":\"https:\/\/hudo.com\/si\/\",\"name\":\"Hudo Slovenija\",\"description\":\"Vse novice iz Slovenije in sveta\",\"publisher\":{\"@id\":\"https:\/\/hudo.com\/si\/#organization\"},\"potentialAction\":[{\"@type\":\"SearchAction\",\"target\":{\"@type\":\"EntryPoint\",\"urlTemplate\":\"https:\/\/hudo.com\/si\/?s={search_term_string}\"},\"query-input\":\"required name=search_term_string\"}],\"inLanguage\":\"sl-SI\"},{\"@type\":\"Organization\",\"@id\":\"https:\/\/hudo.com\/si\/#organization\",\"name\":\"VSN Media\",\"url\":\"https:\/\/hudo.com\/si\/\",\"logo\":{\"@type\":\"ImageObject\",\"inLanguage\":\"sl-SI\",\"@id\":\"https:\/\/hudo.com\/si\/#\/schema\/logo\/image\/\",\"url\":\"https:\/\/hudo.com\/si\/wp-content\/uploads\/sites\/2\/2021\/03\/hudo-app-2.png\",\"contentUrl\":\"https:\/\/hudo.com\/si\/wp-content\/uploads\/sites\/2\/2021\/03\/hudo-app-2.png\",\"width\":2185,\"height\":2167,\"caption\":\"VSN Media\"},\"image\":{\"@id\":\"https:\/\/hudo.com\/si\/#\/schema\/logo\/image\/\"},\"sameAs\":[\"https:\/\/www.facebook.com\/hudo.si\",\"https:\/\/twitter.com\/hudo_si\"]},{\"@type\":\"Person\",\"@id\":\"https:\/\/hudo.com\/si\/#\/schema\/person\/18f09c02475ba9e606e941a565b80cff\",\"name\":\"A. P., STA\",\"image\":{\"@type\":\"ImageObject\",\"inLanguage\":\"sl-SI\",\"@id\":\"https:\/\/hudo.com\/si\/#\/schema\/person\/image\/\",\"url\":\"https:\/\/secure.gravatar.com\/avatar\/03eac8e609f5f04383125d80eaeaaf3e?s=96&d=mm&r=g\",\"contentUrl\":\"https:\/\/secure.gravatar.com\/avatar\/03eac8e609f5f04383125d80eaeaaf3e?s=96&d=mm&r=g\",\"caption\":\"A. P., STA\"},\"url\":\"https:\/\/hudo.com\/si\/author\/lubu\/\"}]}<\/script>\n<!-- \/ Yoast SEO plugin. -->","yoast_head_json":{"title":"Vreme: De\u017e bo ponehal, \u010dez dan posamezne plohe ali nevihte - Hudo Slovenija","robots":{"index":"index","follow":"follow","max-snippet":"max-snippet:-1","max-image-preview":"max-image-preview:large","max-video-preview":"max-video-preview:-1"},"canonical":"https:\/\/hudo.com\/si\/aktualno\/vreme-dez-bo-ponehal-cez-dan-posamezne-plohe-ali-nevihte\/","og_locale":"sl_SI","og_type":"article","og_title":"Vreme: De\u017e bo ponehal, \u010dez dan posamezne plohe ali nevihte - Hudo Slovenija","og_description":"Danes bo de\u017e najprej ponehal na severu in zahodu, dopoldne pa tudi na jugu in jugovzhodu. \u010cez dan bo spremenljivo do prete\u017eno obla\u010dno, nastale bodo posamezne plohe ali nevihte. Ponekod bo pihal ju\u017eni ali jugozahodni veter. Najvi\u0161je dnevne temperature bodo od 14 do 20 stopinj Celzija, je zapisano na spletnih straneh Agencije RS za okolje.","og_url":"https:\/\/hudo.com\/si\/aktualno\/vreme-dez-bo-ponehal-cez-dan-posamezne-plohe-ali-nevihte\/","og_site_name":"Hudo Slovenija","article_publisher":"https:\/\/www.facebook.com\/hudo.si","article_published_time":"2020-05-01T07:49:16+00:00","og_image":[{"width":1800,"height":1200,"url":"https:\/\/hudo.com\/si\/wp-content\/uploads\/sites\/2\/2020\/03\/profimedia-0468423984.jpg","type":"image\/jpeg"}],"author":"A. P., STA","twitter_card":"summary_large_image","twitter_creator":"@hudo_si","twitter_site":"@hudo_si","twitter_misc":{"Written by":"A. P., STA","Est. reading time":"1 minuta"},"schema":{"@context":"https:\/\/schema.org","@graph":[{"@type":"Article","@id":"https:\/\/hudo.com\/si\/aktualno\/vreme-dez-bo-ponehal-cez-dan-posamezne-plohe-ali-nevihte\/#article","isPartOf":{"@id":"https:\/\/hudo.com\/si\/aktualno\/vreme-dez-bo-ponehal-cez-dan-posamezne-plohe-ali-nevihte\/"},"author":{"name":"A. P., STA","@id":"https:\/\/hudo.com\/si\/#\/schema\/person\/18f09c02475ba9e606e941a565b80cff"},"headline":"Vreme: De\u017e bo ponehal, \u010dez dan posamezne plohe ali nevihte","datePublished":"2020-05-01T07:49:16+00:00","dateModified":"2020-05-01T07:49:16+00:00","mainEntityOfPage":{"@id":"https:\/\/hudo.com\/si\/aktualno\/vreme-dez-bo-ponehal-cez-dan-posamezne-plohe-ali-nevihte\/"},"wordCount":248,"publisher":{"@id":"https:\/\/hudo.com\/si\/#organization"},"keywords":["Slovenija","vreme","vremenska napoved"],"articleSection":["Aktualno"],"inLanguage":"sl-SI"},{"@type":"WebPage","@id":"https:\/\/hudo.com\/si\/aktualno\/vreme-dez-bo-ponehal-cez-dan-posamezne-plohe-ali-nevihte\/","url":"https:\/\/hudo.com\/si\/aktualno\/vreme-dez-bo-ponehal-cez-dan-posamezne-plohe-ali-nevihte\/","name":"Vreme: De\u017e bo ponehal, \u010dez dan posamezne plohe ali nevihte - Hudo Slovenija","isPartOf":{"@id":"https:\/\/hudo.com\/si\/#website"},"datePublished":"2020-05-01T07:49:16+00:00","dateModified":"2020-05-01T07:49:16+00:00","breadcrumb":{"@id":"https:\/\/hudo.com\/si\/aktualno\/vreme-dez-bo-ponehal-cez-dan-posamezne-plohe-ali-nevihte\/#breadcrumb"},"inLanguage":"sl-SI","potentialAction":[{"@type":"ReadAction","target":["https:\/\/hudo.com\/si\/aktualno\/vreme-dez-bo-ponehal-cez-dan-posamezne-plohe-ali-nevihte\/"]}]},{"@type":"BreadcrumbList","@id":"https:\/\/hudo.com\/si\/aktualno\/vreme-dez-bo-ponehal-cez-dan-posamezne-plohe-ali-nevihte\/#breadcrumb","itemListElement":[{"@type":"ListItem","position":1,"name":"Home","item":"https:\/\/hudo.com\/si\/"},{"@type":"ListItem","position":2,"name":"Vreme: De\u017e bo ponehal, \u010dez dan posamezne plohe ali nevihte"}]},{"@type":"WebSite","@id":"https:\/\/hudo.com\/si\/#website","url":"https:\/\/hudo.com\/si\/","name":"Hudo Slovenija","description":"Vse novice iz Slovenije in sveta","publisher":{"@id":"https:\/\/hudo.com\/si\/#organization"},"potentialAction":[{"@type":"SearchAction","target":{"@type":"EntryPoint","urlTemplate":"https:\/\/hudo.com\/si\/?s={search_term_string}"},"query-input":"required name=search_term_string"}],"inLanguage":"sl-SI"},{"@type":"Organization","@id":"https:\/\/hudo.com\/si\/#organization","name":"VSN Media","url":"https:\/\/hudo.com\/si\/","logo":{"@type":"ImageObject","inLanguage":"sl-SI","@id":"https:\/\/hudo.com\/si\/#\/schema\/logo\/image\/","url":"https:\/\/hudo.com\/si\/wp-content\/uploads\/sites\/2\/2021\/03\/hudo-app-2.png","contentUrl":"https:\/\/hudo.com\/si\/wp-content\/uploads\/sites\/2\/2021\/03\/hudo-app-2.png","width":2185,"height":2167,"caption":"VSN Media"},"image":{"@id":"https:\/\/hudo.com\/si\/#\/schema\/logo\/image\/"},"sameAs":["https:\/\/www.facebook.com\/hudo.si","https:\/\/twitter.com\/hudo_si"]},{"@type":"Person","@id":"https:\/\/hudo.com\/si\/#\/schema\/person\/18f09c02475ba9e606e941a565b80cff","name":"A. P., STA","image":{"@type":"ImageObject","inLanguage":"sl-SI","@id":"https:\/\/hudo.com\/si\/#\/schema\/person\/image\/","url":"https:\/\/secure.gravatar.com\/avatar\/03eac8e609f5f04383125d80eaeaaf3e?s=96&d=mm&r=g","contentUrl":"https:\/\/secure.gravatar.com\/avatar\/03eac8e609f5f04383125d80eaeaaf3e?s=96&d=mm&r=g","caption":"A. P., STA"},"url":"https:\/\/hudo.com\/si\/author\/lubu\/"}]}},"amp_enabled":true,"_links":{"self":[{"href":"https:\/\/hudo.com\/si\/wp-json\/wp\/v2\/posts\/422190"}],"collection":[{"href":"https:\/\/hudo.com\/si\/wp-json\/wp\/v2\/posts"}],"about":[{"href":"https:\/\/hudo.com\/si\/wp-json\/wp\/v2\/types\/post"}],"author":[{"embeddable":true,"href":"https:\/\/hudo.com\/si\/wp-json\/wp\/v2\/users\/7"}],"replies":[{"embeddable":true,"href":"https:\/\/hudo.com\/si\/wp-json\/wp\/v2\/comments?post=422190"}],"version-history":[{"count":1,"href":"https:\/\/hudo.com\/si\/wp-json\/wp\/v2\/posts\/422190\/revisions"}],"predecessor-version":[{"id":422191,"href":"https:\/\/hudo.com\/si\/wp-json\/wp\/v2\/posts\/422190\/revisions\/422191"}],"wp:featuredmedia":[{"embeddable":true,"href":"https:\/\/hudo.com\/si\/wp-json\/wp\/v2\/media\/419600"}],"wp:attachment":[{"href":"https:\/\/hudo.com\/si\/wp-json\/wp\/v2\/media?parent=422190"}],"wp:term":[{"taxonomy":"category","embeddable":true,"href":"https:\/\/hudo.com\/si\/wp-json\/wp\/v2\/categories?post=422190"},{"taxonomy":"post_tag","embeddable":true,"href":"https:\/\/hudo.com\/si\/wp-json\/wp\/v2\/tags?post=422190"},{"taxonomy":"source","embeddable":true,"href":"https:\/\/hudo.com\/si\/wp-json\/wp\/v2\/source?post=422190"},{"taxonomy":"supertag","embeddable":true,"href":"https:\/\/hudo.com\/si\/wp-json\/wp\/v2\/supertag?post=422190"}],"curies":[{"name":"wp","href":"https:\/\/api.w.org\/{rel}","templated":true}]}}