{"id":422320,"date":"2020-05-04T08:46:56","date_gmt":"2020-05-04T06:46:56","guid":{"rendered":"https:\/\/hudo.com\/si\/2020\/05\/04\/tako-je-ben-affleck-za-rojstni-dan-presenetil-svojo-novo-punco-foto\/"},"modified":"2020-05-04T08:46:56","modified_gmt":"2020-05-04T06:46:56","slug":"tako-je-ben-affleck-za-rojstni-dan-presenetil-svojo-novo-punco-foto","status":"publish","type":"post","link":"https:\/\/hudo.com\/si\/vip\/tako-je-ben-affleck-za-rojstni-dan-presenetil-svojo-novo-punco-foto\/","title":{"rendered":"Tako je Ben Affleck za rojstni dan presenetil svojo novo punco (foto)"},"content":{"rendered":"<h2 class=\"m-detail__top__headline\"><\/h2>\n<h2><\/h2>\n<figure>\n\t\t\t\t\t<img loading=\"lazy\" decoding=\"async\" width=\"660\" height=\"320\" src=\"image\/gif;base64,R0lGODlhAQABAAAAACH5BAEKAAEALAAAAAABAAEAAAICTAEAOw==\" class=\"lazyload\" \/><figcaption>Foto: Profimedia<\/figcaption><\/figure>\n<p class=\"mol-para-with-font\">V zadnjih tednim smo videvali vse ve\u010d paparaci fotografij Bena Afflecka in mlade igralke Ane de Armas, kako z roko v roki sprehajata skupaj svoja psa. A uradno nista potrdila, da sta par. Vse do sedaj, ko je Ana na svojem instagramu objavila nekaj utrikov praznovanja svojega 32. rojstnega dne minuli vikend. Par, ki se je spoznal jeseni med snemanjem filma Deep Water, si je privo\u0161\u010dil romanti\u010den oddih v pu\u0161\u010davi, kjer sta u\u017eivala v pohodih, romanti\u010dnih son\u010dnih zahodih in praznovala s \u010dokoladno torto.<\/p>\n<figure>\n\t\t\t\t\t<img loading=\"lazy\" decoding=\"async\" width=\"660\" height=\"320\" src=\"image\/gif;base64,R0lGODlhAQABAAAAACH5BAEKAAEALAAAAAABAAEAAAICTAEAOw==\" class=\"lazyload\" \/><figcaption>Foto: Profimedia<\/figcaption><\/figure>\n<p class=\"mol-para-with-font\">Par so sicer \u017ee v \u010dasu pred korono opazili skupaj v njeni rojstni Havani na Kubi, tik zatem pa sta skupaj odletela na po\u010ditnice na Costa Rico. Vse od takrat pa sta bila v skupni izolaciji v njegovi hi\u0161i v Los Angelesu. Vir je za revijo People o zaljubljencih povedal: &#8220;O\u010ditno se imata skupaj super. Naro\u010data dostavo hrane iz restavracij in \u017eivilskih trgovin, hi\u0161o zapustita le ko peljeta psa na sprehod. Ben je videti neizmerno sre\u010den. Ves \u010das se spogledujeta in uganjata nor\u010dije. Ana ima v njegovi dru\u017ebi vedno velik nasmeh na obrazu.&#8221;<\/p>\n<figure>\n\t\t\t\t\t<img loading=\"lazy\" decoding=\"async\" width=\"660\" height=\"320\" src=\"image\/gif;base64,R0lGODlhAQABAAAAACH5BAEKAAEALAAAAAABAAEAAAICTAEAOw==\" class=\"lazyload\" \/><figcaption>Foto: Profimedia<\/figcaption><\/figure>\n<figure>\n\t\t\t\t\t<img loading=\"lazy\" decoding=\"async\" width=\"660\" height=\"320\" src=\"image\/gif;base64,R0lGODlhAQABAAAAACH5BAEKAAEALAAAAAABAAEAAAICTAEAOw==\" class=\"lazyload\" \/><figcaption>Foto: Profimedia<\/figcaption><\/figure>\n<figure>\n\t\t\t\t\t<img loading=\"lazy\" decoding=\"async\" width=\"660\" height=\"320\" src=\"image\/gif;base64,R0lGODlhAQABAAAAACH5BAEKAAEALAAAAAABAAEAAAICTAEAOw==\" class=\"lazyload\" \/><figcaption>Foto: Profimedia<\/figcaption><\/figure>\n<figure>\n\t\t\t\t\t<img loading=\"lazy\" decoding=\"async\" width=\"660\" height=\"320\" src=\"image\/gif;base64,R0lGODlhAQABAAAAACH5BAEKAAEALAAAAAABAAEAAAICTAEAOw==\" class=\"lazyload\" \/><figcaption>Foto: Profimedia<\/figcaption><\/figure>\n<figure>\n\t\t\t\t\t<img loading=\"lazy\" decoding=\"async\" width=\"660\" height=\"320\" src=\"image\/gif;base64,R0lGODlhAQABAAAAACH5BAEKAAEALAAAAAABAAEAAAICTAEAOw==\" class=\"lazyload\" \/><figcaption>Foto: Profimedia<\/figcaption><\/figure>\n<figure>\n\t\t\t\t\t<img loading=\"lazy\" decoding=\"async\" width=\"660\" height=\"320\" src=\"image\/gif;base64,R0lGODlhAQABAAAAACH5BAEKAAEALAAAAAABAAEAAAICTAEAOw==\" class=\"lazyload\" \/><figcaption>Foto: Profimedia<\/figcaption><\/figure>\n","protected":false},"excerpt":{"rendered":"<p>Ben Affleck in njegovo novo dekle Ana de Armas sta si za njen 32. rojstni dan privo\u0161\u010dila romanti\u010den vikend v pu\u0161\u010davi. Fotografije je Ana objavila na svojem instagramu in tako tudi uradno potrdila, da sta par.\u00a0<\/p>\n","protected":false},"author":1,"featured_media":422321,"comment_status":"closed","ping_status":"closed","sticky":false,"template":"","format":"standard","meta":{"footnotes":""},"categories":[1093],"tags":[15568,16290,7612,15932],"source":[1346,1345,1334],"supertag":[],"acf":[],"yoast_head":"<!-- This site is optimized with the Yoast SEO plugin v21.3 - https:\/\/yoast.com\/wordpress\/plugins\/seo\/ -->\n<title>Tako je Ben Affleck za rojstni dan presenetil svojo novo punco (foto) - Hudo Slovenija<\/title>\n<meta name=\"robots\" content=\"index, follow, max-snippet:-1, max-image-preview:large, max-video-preview:-1\" \/>\n<link rel=\"canonical\" href=\"https:\/\/hudo.com\/si\/vip\/tako-je-ben-affleck-za-rojstni-dan-presenetil-svojo-novo-punco-foto\/\" \/>\n<meta property=\"og:locale\" content=\"sl_SI\" \/>\n<meta property=\"og:type\" content=\"article\" \/>\n<meta property=\"og:title\" content=\"Tako je Ben Affleck za rojstni dan presenetil svojo novo punco (foto) - Hudo Slovenija\" \/>\n<meta property=\"og:description\" content=\"Ben Affleck in njegovo novo dekle Ana de Armas sta si za njen 32. rojstni dan privo\u0161\u010dila romanti\u010den vikend v pu\u0161\u010davi. Fotografije je Ana objavila na svojem instagramu in tako tudi uradno potrdila, da sta par.\u00a0\" \/>\n<meta property=\"og:url\" content=\"https:\/\/hudo.com\/si\/vip\/tako-je-ben-affleck-za-rojstni-dan-presenetil-svojo-novo-punco-foto\/\" \/>\n<meta property=\"og:site_name\" content=\"Hudo Slovenija\" \/>\n<meta property=\"article:publisher\" content=\"https:\/\/www.facebook.com\/hudo.si\" \/>\n<meta property=\"article:published_time\" content=\"2020-05-04T06:46:56+00:00\" \/>\n<meta property=\"og:image\" content=\"https:\/\/hudo.com\/si\/wp-content\/uploads\/sites\/2\/2020\/05\/profimedia-0516349306.jpg\" \/>\n\t<meta property=\"og:image:width\" content=\"1237\" \/>\n\t<meta property=\"og:image:height\" content=\"1250\" \/>\n\t<meta property=\"og:image:type\" content=\"image\/jpeg\" \/>\n<meta name=\"author\" content=\"hudo\" \/>\n<meta name=\"twitter:card\" content=\"summary_large_image\" \/>\n<meta name=\"twitter:creator\" content=\"@hudo_si\" \/>\n<meta name=\"twitter:site\" content=\"@hudo_si\" \/>\n<meta name=\"twitter:label1\" content=\"Written by\" \/>\n\t<meta name=\"twitter:data1\" content=\"hudo\" \/>\n\t<meta name=\"twitter:label2\" content=\"Est. reading time\" \/>\n\t<meta name=\"twitter:data2\" content=\"1 minuta\" \/>\n<script type=\"application\/ld+json\" class=\"yoast-schema-graph\">{\"@context\":\"https:\/\/schema.org\",\"@graph\":[{\"@type\":\"Article\",\"@id\":\"https:\/\/hudo.com\/si\/vip\/tako-je-ben-affleck-za-rojstni-dan-presenetil-svojo-novo-punco-foto\/#article\",\"isPartOf\":{\"@id\":\"https:\/\/hudo.com\/si\/vip\/tako-je-ben-affleck-za-rojstni-dan-presenetil-svojo-novo-punco-foto\/\"},\"author\":{\"name\":\"hudo\",\"@id\":\"https:\/\/hudo.com\/si\/#\/schema\/person\/601cf3379633985b20f7e50f2bb47707\"},\"headline\":\"Tako je Ben Affleck za rojstni dan presenetil svojo novo punco (foto)\",\"datePublished\":\"2020-05-04T06:46:56+00:00\",\"dateModified\":\"2020-05-04T06:46:56+00:00\",\"mainEntityOfPage\":{\"@id\":\"https:\/\/hudo.com\/si\/vip\/tako-je-ben-affleck-za-rojstni-dan-presenetil-svojo-novo-punco-foto\/\"},\"wordCount\":217,\"publisher\":{\"@id\":\"https:\/\/hudo.com\/si\/#organization\"},\"keywords\":[\"Ana De Armas\",\"Ana de Armas rojstni dan\",\"Ben Affleck\",\"ben affleck in ana de armas\"],\"articleSection\":[\"VIP\"],\"inLanguage\":\"sl-SI\"},{\"@type\":\"WebPage\",\"@id\":\"https:\/\/hudo.com\/si\/vip\/tako-je-ben-affleck-za-rojstni-dan-presenetil-svojo-novo-punco-foto\/\",\"url\":\"https:\/\/hudo.com\/si\/vip\/tako-je-ben-affleck-za-rojstni-dan-presenetil-svojo-novo-punco-foto\/\",\"name\":\"Tako je Ben Affleck za rojstni dan presenetil svojo novo punco (foto) - Hudo Slovenija\",\"isPartOf\":{\"@id\":\"https:\/\/hudo.com\/si\/#website\"},\"datePublished\":\"2020-05-04T06:46:56+00:00\",\"dateModified\":\"2020-05-04T06:46:56+00:00\",\"breadcrumb\":{\"@id\":\"https:\/\/hudo.com\/si\/vip\/tako-je-ben-affleck-za-rojstni-dan-presenetil-svojo-novo-punco-foto\/#breadcrumb\"},\"inLanguage\":\"sl-SI\",\"potentialAction\":[{\"@type\":\"ReadAction\",\"target\":[\"https:\/\/hudo.com\/si\/vip\/tako-je-ben-affleck-za-rojstni-dan-presenetil-svojo-novo-punco-foto\/\"]}]},{\"@type\":\"BreadcrumbList\",\"@id\":\"https:\/\/hudo.com\/si\/vip\/tako-je-ben-affleck-za-rojstni-dan-presenetil-svojo-novo-punco-foto\/#breadcrumb\",\"itemListElement\":[{\"@type\":\"ListItem\",\"position\":1,\"name\":\"Home\",\"item\":\"https:\/\/hudo.com\/si\/\"},{\"@type\":\"ListItem\",\"position\":2,\"name\":\"Tako je Ben Affleck za rojstni dan presenetil svojo novo punco (foto)\"}]},{\"@type\":\"WebSite\",\"@id\":\"https:\/\/hudo.com\/si\/#website\",\"url\":\"https:\/\/hudo.com\/si\/\",\"name\":\"Hudo Slovenija\",\"description\":\"Vse novice iz Slovenije in sveta\",\"publisher\":{\"@id\":\"https:\/\/hudo.com\/si\/#organization\"},\"potentialAction\":[{\"@type\":\"SearchAction\",\"target\":{\"@type\":\"EntryPoint\",\"urlTemplate\":\"https:\/\/hudo.com\/si\/?s={search_term_string}\"},\"query-input\":\"required name=search_term_string\"}],\"inLanguage\":\"sl-SI\"},{\"@type\":\"Organization\",\"@id\":\"https:\/\/hudo.com\/si\/#organization\",\"name\":\"VSN Media\",\"url\":\"https:\/\/hudo.com\/si\/\",\"logo\":{\"@type\":\"ImageObject\",\"inLanguage\":\"sl-SI\",\"@id\":\"https:\/\/hudo.com\/si\/#\/schema\/logo\/image\/\",\"url\":\"https:\/\/hudo.com\/si\/wp-content\/uploads\/sites\/2\/2021\/03\/hudo-app-2.png\",\"contentUrl\":\"https:\/\/hudo.com\/si\/wp-content\/uploads\/sites\/2\/2021\/03\/hudo-app-2.png\",\"width\":2185,\"height\":2167,\"caption\":\"VSN Media\"},\"image\":{\"@id\":\"https:\/\/hudo.com\/si\/#\/schema\/logo\/image\/\"},\"sameAs\":[\"https:\/\/www.facebook.com\/hudo.si\",\"https:\/\/twitter.com\/hudo_si\"]},{\"@type\":\"Person\",\"@id\":\"https:\/\/hudo.com\/si\/#\/schema\/person\/601cf3379633985b20f7e50f2bb47707\",\"name\":\"hudo\",\"image\":{\"@type\":\"ImageObject\",\"inLanguage\":\"sl-SI\",\"@id\":\"https:\/\/hudo.com\/si\/#\/schema\/person\/image\/\",\"url\":\"https:\/\/secure.gravatar.com\/avatar\/c4ca25fa72cace7a696b52ff5db9e095?s=96&d=mm&r=g\",\"contentUrl\":\"https:\/\/secure.gravatar.com\/avatar\/c4ca25fa72cace7a696b52ff5db9e095?s=96&d=mm&r=g\",\"caption\":\"hudo\"},\"url\":\"https:\/\/hudo.com\/si\/author\/hudo\/\"}]}<\/script>\n<!-- \/ Yoast SEO plugin. -->","yoast_head_json":{"title":"Tako je Ben Affleck za rojstni dan presenetil svojo novo punco (foto) - Hudo Slovenija","robots":{"index":"index","follow":"follow","max-snippet":"max-snippet:-1","max-image-preview":"max-image-preview:large","max-video-preview":"max-video-preview:-1"},"canonical":"https:\/\/hudo.com\/si\/vip\/tako-je-ben-affleck-za-rojstni-dan-presenetil-svojo-novo-punco-foto\/","og_locale":"sl_SI","og_type":"article","og_title":"Tako je Ben Affleck za rojstni dan presenetil svojo novo punco (foto) - Hudo Slovenija","og_description":"Ben Affleck in njegovo novo dekle Ana de Armas sta si za njen 32. rojstni dan privo\u0161\u010dila romanti\u010den vikend v pu\u0161\u010davi. Fotografije je Ana objavila na svojem instagramu in tako tudi uradno potrdila, da sta par.\u00a0","og_url":"https:\/\/hudo.com\/si\/vip\/tako-je-ben-affleck-za-rojstni-dan-presenetil-svojo-novo-punco-foto\/","og_site_name":"Hudo Slovenija","article_publisher":"https:\/\/www.facebook.com\/hudo.si","article_published_time":"2020-05-04T06:46:56+00:00","og_image":[{"width":1237,"height":1250,"url":"https:\/\/hudo.com\/si\/wp-content\/uploads\/sites\/2\/2020\/05\/profimedia-0516349306.jpg","type":"image\/jpeg"}],"author":"hudo","twitter_card":"summary_large_image","twitter_creator":"@hudo_si","twitter_site":"@hudo_si","twitter_misc":{"Written by":"hudo","Est. reading time":"1 minuta"},"schema":{"@context":"https:\/\/schema.org","@graph":[{"@type":"Article","@id":"https:\/\/hudo.com\/si\/vip\/tako-je-ben-affleck-za-rojstni-dan-presenetil-svojo-novo-punco-foto\/#article","isPartOf":{"@id":"https:\/\/hudo.com\/si\/vip\/tako-je-ben-affleck-za-rojstni-dan-presenetil-svojo-novo-punco-foto\/"},"author":{"name":"hudo","@id":"https:\/\/hudo.com\/si\/#\/schema\/person\/601cf3379633985b20f7e50f2bb47707"},"headline":"Tako je Ben Affleck za rojstni dan presenetil svojo novo punco (foto)","datePublished":"2020-05-04T06:46:56+00:00","dateModified":"2020-05-04T06:46:56+00:00","mainEntityOfPage":{"@id":"https:\/\/hudo.com\/si\/vip\/tako-je-ben-affleck-za-rojstni-dan-presenetil-svojo-novo-punco-foto\/"},"wordCount":217,"publisher":{"@id":"https:\/\/hudo.com\/si\/#organization"},"keywords":["Ana De Armas","Ana de Armas rojstni dan","Ben Affleck","ben affleck in ana de armas"],"articleSection":["VIP"],"inLanguage":"sl-SI"},{"@type":"WebPage","@id":"https:\/\/hudo.com\/si\/vip\/tako-je-ben-affleck-za-rojstni-dan-presenetil-svojo-novo-punco-foto\/","url":"https:\/\/hudo.com\/si\/vip\/tako-je-ben-affleck-za-rojstni-dan-presenetil-svojo-novo-punco-foto\/","name":"Tako je Ben Affleck za rojstni dan presenetil svojo novo punco (foto) - Hudo Slovenija","isPartOf":{"@id":"https:\/\/hudo.com\/si\/#website"},"datePublished":"2020-05-04T06:46:56+00:00","dateModified":"2020-05-04T06:46:56+00:00","breadcrumb":{"@id":"https:\/\/hudo.com\/si\/vip\/tako-je-ben-affleck-za-rojstni-dan-presenetil-svojo-novo-punco-foto\/#breadcrumb"},"inLanguage":"sl-SI","potentialAction":[{"@type":"ReadAction","target":["https:\/\/hudo.com\/si\/vip\/tako-je-ben-affleck-za-rojstni-dan-presenetil-svojo-novo-punco-foto\/"]}]},{"@type":"BreadcrumbList","@id":"https:\/\/hudo.com\/si\/vip\/tako-je-ben-affleck-za-rojstni-dan-presenetil-svojo-novo-punco-foto\/#breadcrumb","itemListElement":[{"@type":"ListItem","position":1,"name":"Home","item":"https:\/\/hudo.com\/si\/"},{"@type":"ListItem","position":2,"name":"Tako je Ben Affleck za rojstni dan presenetil svojo novo punco (foto)"}]},{"@type":"WebSite","@id":"https:\/\/hudo.com\/si\/#website","url":"https:\/\/hudo.com\/si\/","name":"Hudo Slovenija","description":"Vse novice iz Slovenije in sveta","publisher":{"@id":"https:\/\/hudo.com\/si\/#organization"},"potentialAction":[{"@type":"SearchAction","target":{"@type":"EntryPoint","urlTemplate":"https:\/\/hudo.com\/si\/?s={search_term_string}"},"query-input":"required name=search_term_string"}],"inLanguage":"sl-SI"},{"@type":"Organization","@id":"https:\/\/hudo.com\/si\/#organization","name":"VSN Media","url":"https:\/\/hudo.com\/si\/","logo":{"@type":"ImageObject","inLanguage":"sl-SI","@id":"https:\/\/hudo.com\/si\/#\/schema\/logo\/image\/","url":"https:\/\/hudo.com\/si\/wp-content\/uploads\/sites\/2\/2021\/03\/hudo-app-2.png","contentUrl":"https:\/\/hudo.com\/si\/wp-content\/uploads\/sites\/2\/2021\/03\/hudo-app-2.png","width":2185,"height":2167,"caption":"VSN Media"},"image":{"@id":"https:\/\/hudo.com\/si\/#\/schema\/logo\/image\/"},"sameAs":["https:\/\/www.facebook.com\/hudo.si","https:\/\/twitter.com\/hudo_si"]},{"@type":"Person","@id":"https:\/\/hudo.com\/si\/#\/schema\/person\/601cf3379633985b20f7e50f2bb47707","name":"hudo","image":{"@type":"ImageObject","inLanguage":"sl-SI","@id":"https:\/\/hudo.com\/si\/#\/schema\/person\/image\/","url":"https:\/\/secure.gravatar.com\/avatar\/c4ca25fa72cace7a696b52ff5db9e095?s=96&d=mm&r=g","contentUrl":"https:\/\/secure.gravatar.com\/avatar\/c4ca25fa72cace7a696b52ff5db9e095?s=96&d=mm&r=g","caption":"hudo"},"url":"https:\/\/hudo.com\/si\/author\/hudo\/"}]}},"amp_enabled":true,"_links":{"self":[{"href":"https:\/\/hudo.com\/si\/wp-json\/wp\/v2\/posts\/422320"}],"collection":[{"href":"https:\/\/hudo.com\/si\/wp-json\/wp\/v2\/posts"}],"about":[{"href":"https:\/\/hudo.com\/si\/wp-json\/wp\/v2\/types\/post"}],"author":[{"embeddable":true,"href":"https:\/\/hudo.com\/si\/wp-json\/wp\/v2\/users\/1"}],"replies":[{"embeddable":true,"href":"https:\/\/hudo.com\/si\/wp-json\/wp\/v2\/comments?post=422320"}],"version-history":[{"count":0,"href":"https:\/\/hudo.com\/si\/wp-json\/wp\/v2\/posts\/422320\/revisions"}],"wp:featuredmedia":[{"embeddable":true,"href":"https:\/\/hudo.com\/si\/wp-json\/wp\/v2\/media\/422321"}],"wp:attachment":[{"href":"https:\/\/hudo.com\/si\/wp-json\/wp\/v2\/media?parent=422320"}],"wp:term":[{"taxonomy":"category","embeddable":true,"href":"https:\/\/hudo.com\/si\/wp-json\/wp\/v2\/categories?post=422320"},{"taxonomy":"post_tag","embeddable":true,"href":"https:\/\/hudo.com\/si\/wp-json\/wp\/v2\/tags?post=422320"},{"taxonomy":"source","embeddable":true,"href":"https:\/\/hudo.com\/si\/wp-json\/wp\/v2\/source?post=422320"},{"taxonomy":"supertag","embeddable":true,"href":"https:\/\/hudo.com\/si\/wp-json\/wp\/v2\/supertag?post=422320"}],"curies":[{"name":"wp","href":"https:\/\/api.w.org\/{rel}","templated":true}]}}