{"id":422381,"date":"2020-05-05T07:33:54","date_gmt":"2020-05-05T05:33:54","guid":{"rendered":"https:\/\/hudo.com\/si\/2020\/05\/05\/tim-gajser-pripravljen-na-dirke-pred-praznimi-tribunami\/"},"modified":"2020-05-05T07:33:54","modified_gmt":"2020-05-05T05:33:54","slug":"tim-gajser-pripravljen-na-dirke-pred-praznimi-tribunami","status":"publish","type":"post","link":"https:\/\/hudo.com\/si\/zdrav-duh-telo\/tim-gajser-pripravljen-na-dirke-pred-praznimi-tribunami\/","title":{"rendered":"Tim Gajser pripravljen na dirke pred praznimi tribunami"},"content":{"rendered":"<figure>\n\t\t\t\t\t<img loading=\"lazy\" decoding=\"async\" width=\"660\" height=\"320\" src=\"image\/gif;base64,R0lGODlhAQABAAAAACH5BAEKAAEALAAAAAABAAEAAAICTAEAOw==\" class=\"lazyload\" \/><figcaption>foto:Profimedia<\/figcaption><\/figure>\n<p>Trenutno je dirkanje prisilno postavljeno na stran, kar pa ne pomeni, da 23-letnik po\u010diva. V slabih dveh mesecih je skupaj z dekletom \u0160pelo Motaln urejal in vzdr\u017eeval hi\u0161o, ostajal doma ter v naravi in se posve\u010dal predvsem kondicijskim treningom. Malo za \u0161alo, malo zares pravi, da se ve\u010d z motorjem vozi njegovo dekle.<\/p>\n<p>&#8220;\u0160pela ima svoj motor, svojo Hondo, s katero se \u017ee kar dobro vozi. Vseeno pa mislim, da tekmovala ne bo,&#8221; je v smehu pogovor za STA za\u010del svetovni prvak v razredu MXGP, ki si zahtevnega obdobja ne more predstavljati brez svojega dekleta.<\/p>\n<p>&#8220;Dejansko ves \u010das skrbi zame in kuha. Tudi v karanteni je bilo tako. Sam nisem za kuhanje, \u010de pa pripravimo kaj na \u017earu, tudi jaz kaj pope\u010dem. Bolj ji pomagam pri opravilih doma, saj poleg treningov drugih obveznosti nimam,&#8221; na to temo dodaja 23-letni dirka\u010d, ki se \u0161e vedno ni povsem privadil na trenutne razmere.<\/p>\n<p>&#8220;Ob\u010dutek je \u010duden, saj sem v tem \u010dasu vsak vikend navajen biti v drugem delu Evrope ali sveta. Ampak privadil sem se in sku\u0161al to storiti \u010dim prej, vseeno pa upam, da bodo tekme kmalu nazaj. \u017delim si tekmovati in komaj \u010dakam, da se vrnem na stezo,&#8221; pravi Gajser.<\/p>\n<p>Treningi je prilagodil pogojem, a kljub vsemu presenetljivo malo \u010dasa pre\u017eivi na motorju. &#8220;Sam imam doma fitnes, tako da treningi tam potekajo normalno. Na motorju sem minimalno, enkrat na teden, ravno toliko, da ohranjam ob\u010dutek na njem oziroma da nisem bil mesec in pol brez. Ve\u010d delam v fitnesu, te\u010dem in kolesarim,&#8221; o druga\u010dnem vsakdanu razlaga trikratni svetovni prvak iz let 2015 (MX2), 2016 in 2019.<\/p>\n<p>Leto\u0161njo sezono je, kot eden redkih \u0161portnikov, ki jim je bilo to omogo\u010deno, lahko za\u010del, a so hitro sledile \u0161tevilne odpovedi. &#8220;Odpeljali smo sicer prvi dve veliki nagradi, ampak tega res nisem pri\u010dakoval. Niti sanjalo se mi ni, da bo premor tako dolg in najbr\u017e bo tako \u0161e nekaj mesecev,&#8221; pravi Gajser, ki upa, da se bo sezona nadaljevala 5. julija v Rusiji, \u010detudi so razmere zaradi novega koronavirusa tam vse slab\u0161e.<\/p>\n<p>Na nadaljevanje sezone Gajser upa predvsem zaradi dobrega uvoda v Veliki Britaniji in na Nizozemskem. &#8220;Zelo dobro sem bil pripravljen za uvodne tekme, hitrost je bila takoj prava. Nekaj malega je bilo napak, ampak sem zadovoljen, kako sta se prvi dve dirki razpletli. Zato nisem bil vesel, ker so prekinili sezono, saj sem ravno za\u010del prihajati v pravi ritem,&#8221; pravi na koncu drugi tako v Matterley Basinu kot Valkenswaardu. Obakrat je zaostal le za Nizozemcem Jeffreyjem Herlingsom in je v skupnem se\u0161tevku drugi s 85 to\u010dkami, devet za Herlingsom.<\/p>\n<p>Na vpra\u0161anje, ali se sli\u0161i s tekmeci, se je le nasmejal in dejal, da si vsi \u017eelijo skriti, kako trenirajo. &#8220;Zato nima smisla komunicirati o treningih. Nimamo kontaktov. Vsak se \u017eeli le po svojih najbolj\u0161ih mo\u010deh pripraviti na nadaljevanje sezone in biti kar najbolje pripravljen.&#8221;<\/p>\n<p>Po drugi strani je s svojim mo\u0161tvom v stiku ves \u010das, predvsem z mehaniki in fizioterapevtom. Glavna tema pogovorov so napotki za trening in skrb za predstavnike mo\u0161tva, saj jih ve\u010dina prihaja iz Italije. Pravi, da se je \u017eivljenje za vse zelo spremenilo.<\/p>\n<p>&#8220;Treba je gledati pozitivno, \u010detudi so nam na nek na\u010din vsi ti ukrepi prepre\u010devali svobo\u0161\u010dine. Ritem \u017eivljenja je bil neverjeten. Nikoli ni bilo \u010dasa. Imel si svoj ritual, naporen kot vedno, tempo pa je bil iz leta v leto ve\u010dji. Zdaj se je vse nekoliko umirilo, ljudje so za\u010deli u\u017eivati v drugih stvareh in druga\u010de gledajo na \u017eivljenje, kar je pozitiven izvle\u010dek iz vsega slabega.&#8221;<\/p>\n<p>Neprijeten del koronakrize je tudi finan\u010dni izpad prihodkov na vseh ravneh, ne le v \u0161portu. &#8220;Zasledil sem, kako je v vseh \u0161portih. Nogomet se ne igra, motokrosa ni, vse se je ustavilo, zato je normalno, da prihaja do teh odlo\u010ditev. Glede financ moram re\u010di, da je pri nas oziroma pri meni vse normalno in v redu,&#8221; je dodal Gajser, ki za zdaj ni bil seznanjen s kr\u010denjem pla\u010d.<\/p>\n<p>Kljub temu da v zadnjih mesecih ni bilo dirk in bo tako vsaj do julija, se zdi, da v sezoni ne bo odpadlo veliko preizku\u0161enj. Bo pa ritem posledi\u010dno neizprosen, saj si bodo dirke sledile iz nedelje v nedeljo. &#8220;Kaj drugega kot organizacija osmih zaporednih vikendov z dirkami jim niti ne preostane. \u010ce bo obstal koledar, ki so ga prilagodili nazadnje, \u010dasa za po\u010ditek pravzaprav ne bo, zato bom sku\u0161al biti kar najbolje pripravljen, da bom zdr\u017eal ta tempo,&#8221; je odlo\u010den Gajser, ki sicer velja za enega najbolj fizi\u010dno mo\u010dnih dirka\u010dev.<\/p>\n<p>\u0160tevilne zaporedne dirke bi tako lahko bile njegova prednost. &#8220;Ogromno \u010dasa posve\u010dam fizi\u010dni pripravi, ker mislim, da je eden pomembnej\u0161ih dejavnikov v \u0161portu. \u010ce si fizi\u010dno mo\u010dan, lahko iztisne\u0161 iz sebe \u0161e kan\u010dek ve\u010d od tistih, ki morda na koncu dirk niso tako sve\u017ei. Upam, da bo to moja prednost in da se bodo naporni treningi obrestovali.&#8221;<\/p>\n<p>\u010ce je kot \u0161portnik vajen garanja, pa kot pravi, ni vajen praznih tribun. &#8220;\u010cudno bo dirkati pred praznimi tribunami. Na vsaki veliki nagradi je bilo po 20, 30.000 gledalcev ali celo ve\u010d, ki so ustvarili izjemno vzdu\u0161je. Ta vse bo to nekaj novega. \u010ce ne bo druge re\u0161itve, da re\u0161imo sezono, je to pa\u010d nujen korak,&#8221; je dejal Gajser, ki bo posebej pogre\u0161al morje rumenih in rde\u010dih majic, ki jih nosijo njegovi prista\u0161i.<\/p>\n","protected":false},"excerpt":{"rendered":"<p>Slovenski motokrosist Tim Gajser je po lanskem naslovu svetovnega prvaka letos pri\u010dakoval ogor\u010den boj z najve\u010djimi imeni razreda MXGP, potem pa je novi koronavirus povsem ohromil \u0161port. Kot pravi v pogovoru za STA, si dirk brez svojih navija\u010dev ne predstavlja, a razume, da je to morda edina re\u0161itev za nadaljevanje sezone.<\/p>\n","protected":false},"author":1,"featured_media":422382,"comment_status":"closed","ping_status":"closed","sticky":false,"template":"","format":"standard","meta":{"footnotes":""},"categories":[1],"tags":[15632,1595,3466,7989],"source":[1518,1556],"supertag":[],"acf":[],"yoast_head":"<!-- This site is optimized with the Yoast SEO plugin v21.3 - https:\/\/yoast.com\/wordpress\/plugins\/seo\/ -->\n<title>Tim Gajser pripravljen na dirke pred praznimi tribunami - Hudo Slovenija<\/title>\n<meta name=\"robots\" content=\"index, follow, max-snippet:-1, max-image-preview:large, max-video-preview:-1\" \/>\n<link rel=\"canonical\" href=\"https:\/\/hudo.com\/si\/zdrav-duh-telo\/tim-gajser-pripravljen-na-dirke-pred-praznimi-tribunami\/\" \/>\n<meta property=\"og:locale\" content=\"sl_SI\" \/>\n<meta property=\"og:type\" content=\"article\" \/>\n<meta property=\"og:title\" content=\"Tim Gajser pripravljen na dirke pred praznimi tribunami - Hudo Slovenija\" \/>\n<meta property=\"og:description\" content=\"Slovenski motokrosist Tim Gajser je po lanskem naslovu svetovnega prvaka letos pri\u010dakoval ogor\u010den boj z najve\u010djimi imeni razreda MXGP, potem pa je novi koronavirus povsem ohromil \u0161port. Kot pravi v pogovoru za STA, si dirk brez svojih navija\u010dev ne predstavlja, a razume, da je to morda edina re\u0161itev za nadaljevanje sezone.\" \/>\n<meta property=\"og:url\" content=\"https:\/\/hudo.com\/si\/zdrav-duh-telo\/tim-gajser-pripravljen-na-dirke-pred-praznimi-tribunami\/\" \/>\n<meta property=\"og:site_name\" content=\"Hudo Slovenija\" \/>\n<meta property=\"article:publisher\" content=\"https:\/\/www.facebook.com\/hudo.si\" \/>\n<meta property=\"article:published_time\" content=\"2020-05-05T05:33:54+00:00\" \/>\n<meta property=\"og:image\" content=\"https:\/\/hudo.com\/si\/wp-content\/uploads\/sites\/2\/2020\/05\/profimedia-0514233552.jpg\" \/>\n\t<meta property=\"og:image:width\" content=\"1250\" \/>\n\t<meta property=\"og:image:height\" content=\"833\" \/>\n\t<meta property=\"og:image:type\" content=\"image\/jpeg\" \/>\n<meta name=\"author\" content=\"hudo\" \/>\n<meta name=\"twitter:card\" content=\"summary_large_image\" \/>\n<meta name=\"twitter:creator\" content=\"@hudo_si\" \/>\n<meta name=\"twitter:site\" content=\"@hudo_si\" \/>\n<meta name=\"twitter:label1\" content=\"Written by\" \/>\n\t<meta name=\"twitter:data1\" content=\"hudo\" \/>\n\t<meta name=\"twitter:label2\" content=\"Est. reading time\" \/>\n\t<meta name=\"twitter:data2\" content=\"5 minut\" \/>\n<script type=\"application\/ld+json\" class=\"yoast-schema-graph\">{\"@context\":\"https:\/\/schema.org\",\"@graph\":[{\"@type\":\"Article\",\"@id\":\"https:\/\/hudo.com\/si\/zdrav-duh-telo\/tim-gajser-pripravljen-na-dirke-pred-praznimi-tribunami\/#article\",\"isPartOf\":{\"@id\":\"https:\/\/hudo.com\/si\/zdrav-duh-telo\/tim-gajser-pripravljen-na-dirke-pred-praznimi-tribunami\/\"},\"author\":{\"name\":\"hudo\",\"@id\":\"https:\/\/hudo.com\/si\/#\/schema\/person\/601cf3379633985b20f7e50f2bb47707\"},\"headline\":\"Tim Gajser pripravljen na dirke pred praznimi tribunami\",\"datePublished\":\"2020-05-05T05:33:54+00:00\",\"dateModified\":\"2020-05-05T05:33:54+00:00\",\"mainEntityOfPage\":{\"@id\":\"https:\/\/hudo.com\/si\/zdrav-duh-telo\/tim-gajser-pripravljen-na-dirke-pred-praznimi-tribunami\/\"},\"wordCount\":932,\"publisher\":{\"@id\":\"https:\/\/hudo.com\/si\/#organization\"},\"keywords\":[\"koronavirus\",\"Slovenija\",\"\u0161portniki\",\"Tim Gajser\"],\"articleSection\":[\"Zdrav duh &amp; telo\"],\"inLanguage\":\"sl-SI\"},{\"@type\":\"WebPage\",\"@id\":\"https:\/\/hudo.com\/si\/zdrav-duh-telo\/tim-gajser-pripravljen-na-dirke-pred-praznimi-tribunami\/\",\"url\":\"https:\/\/hudo.com\/si\/zdrav-duh-telo\/tim-gajser-pripravljen-na-dirke-pred-praznimi-tribunami\/\",\"name\":\"Tim Gajser pripravljen na dirke pred praznimi tribunami - Hudo Slovenija\",\"isPartOf\":{\"@id\":\"https:\/\/hudo.com\/si\/#website\"},\"datePublished\":\"2020-05-05T05:33:54+00:00\",\"dateModified\":\"2020-05-05T05:33:54+00:00\",\"breadcrumb\":{\"@id\":\"https:\/\/hudo.com\/si\/zdrav-duh-telo\/tim-gajser-pripravljen-na-dirke-pred-praznimi-tribunami\/#breadcrumb\"},\"inLanguage\":\"sl-SI\",\"potentialAction\":[{\"@type\":\"ReadAction\",\"target\":[\"https:\/\/hudo.com\/si\/zdrav-duh-telo\/tim-gajser-pripravljen-na-dirke-pred-praznimi-tribunami\/\"]}]},{\"@type\":\"BreadcrumbList\",\"@id\":\"https:\/\/hudo.com\/si\/zdrav-duh-telo\/tim-gajser-pripravljen-na-dirke-pred-praznimi-tribunami\/#breadcrumb\",\"itemListElement\":[{\"@type\":\"ListItem\",\"position\":1,\"name\":\"Home\",\"item\":\"https:\/\/hudo.com\/si\/\"},{\"@type\":\"ListItem\",\"position\":2,\"name\":\"Tim Gajser pripravljen na dirke pred praznimi tribunami\"}]},{\"@type\":\"WebSite\",\"@id\":\"https:\/\/hudo.com\/si\/#website\",\"url\":\"https:\/\/hudo.com\/si\/\",\"name\":\"Hudo Slovenija\",\"description\":\"Vse novice iz Slovenije in sveta\",\"publisher\":{\"@id\":\"https:\/\/hudo.com\/si\/#organization\"},\"potentialAction\":[{\"@type\":\"SearchAction\",\"target\":{\"@type\":\"EntryPoint\",\"urlTemplate\":\"https:\/\/hudo.com\/si\/?s={search_term_string}\"},\"query-input\":\"required name=search_term_string\"}],\"inLanguage\":\"sl-SI\"},{\"@type\":\"Organization\",\"@id\":\"https:\/\/hudo.com\/si\/#organization\",\"name\":\"VSN Media\",\"url\":\"https:\/\/hudo.com\/si\/\",\"logo\":{\"@type\":\"ImageObject\",\"inLanguage\":\"sl-SI\",\"@id\":\"https:\/\/hudo.com\/si\/#\/schema\/logo\/image\/\",\"url\":\"https:\/\/hudo.com\/si\/wp-content\/uploads\/sites\/2\/2021\/03\/hudo-app-2.png\",\"contentUrl\":\"https:\/\/hudo.com\/si\/wp-content\/uploads\/sites\/2\/2021\/03\/hudo-app-2.png\",\"width\":2185,\"height\":2167,\"caption\":\"VSN Media\"},\"image\":{\"@id\":\"https:\/\/hudo.com\/si\/#\/schema\/logo\/image\/\"},\"sameAs\":[\"https:\/\/www.facebook.com\/hudo.si\",\"https:\/\/twitter.com\/hudo_si\"]},{\"@type\":\"Person\",\"@id\":\"https:\/\/hudo.com\/si\/#\/schema\/person\/601cf3379633985b20f7e50f2bb47707\",\"name\":\"hudo\",\"image\":{\"@type\":\"ImageObject\",\"inLanguage\":\"sl-SI\",\"@id\":\"https:\/\/hudo.com\/si\/#\/schema\/person\/image\/\",\"url\":\"https:\/\/secure.gravatar.com\/avatar\/c4ca25fa72cace7a696b52ff5db9e095?s=96&d=mm&r=g\",\"contentUrl\":\"https:\/\/secure.gravatar.com\/avatar\/c4ca25fa72cace7a696b52ff5db9e095?s=96&d=mm&r=g\",\"caption\":\"hudo\"},\"url\":\"https:\/\/hudo.com\/si\/author\/hudo\/\"}]}<\/script>\n<!-- \/ Yoast SEO plugin. -->","yoast_head_json":{"title":"Tim Gajser pripravljen na dirke pred praznimi tribunami - Hudo Slovenija","robots":{"index":"index","follow":"follow","max-snippet":"max-snippet:-1","max-image-preview":"max-image-preview:large","max-video-preview":"max-video-preview:-1"},"canonical":"https:\/\/hudo.com\/si\/zdrav-duh-telo\/tim-gajser-pripravljen-na-dirke-pred-praznimi-tribunami\/","og_locale":"sl_SI","og_type":"article","og_title":"Tim Gajser pripravljen na dirke pred praznimi tribunami - Hudo Slovenija","og_description":"Slovenski motokrosist Tim Gajser je po lanskem naslovu svetovnega prvaka letos pri\u010dakoval ogor\u010den boj z najve\u010djimi imeni razreda MXGP, potem pa je novi koronavirus povsem ohromil \u0161port. Kot pravi v pogovoru za STA, si dirk brez svojih navija\u010dev ne predstavlja, a razume, da je to morda edina re\u0161itev za nadaljevanje sezone.","og_url":"https:\/\/hudo.com\/si\/zdrav-duh-telo\/tim-gajser-pripravljen-na-dirke-pred-praznimi-tribunami\/","og_site_name":"Hudo Slovenija","article_publisher":"https:\/\/www.facebook.com\/hudo.si","article_published_time":"2020-05-05T05:33:54+00:00","og_image":[{"width":1250,"height":833,"url":"https:\/\/hudo.com\/si\/wp-content\/uploads\/sites\/2\/2020\/05\/profimedia-0514233552.jpg","type":"image\/jpeg"}],"author":"hudo","twitter_card":"summary_large_image","twitter_creator":"@hudo_si","twitter_site":"@hudo_si","twitter_misc":{"Written by":"hudo","Est. reading time":"5 minut"},"schema":{"@context":"https:\/\/schema.org","@graph":[{"@type":"Article","@id":"https:\/\/hudo.com\/si\/zdrav-duh-telo\/tim-gajser-pripravljen-na-dirke-pred-praznimi-tribunami\/#article","isPartOf":{"@id":"https:\/\/hudo.com\/si\/zdrav-duh-telo\/tim-gajser-pripravljen-na-dirke-pred-praznimi-tribunami\/"},"author":{"name":"hudo","@id":"https:\/\/hudo.com\/si\/#\/schema\/person\/601cf3379633985b20f7e50f2bb47707"},"headline":"Tim Gajser pripravljen na dirke pred praznimi tribunami","datePublished":"2020-05-05T05:33:54+00:00","dateModified":"2020-05-05T05:33:54+00:00","mainEntityOfPage":{"@id":"https:\/\/hudo.com\/si\/zdrav-duh-telo\/tim-gajser-pripravljen-na-dirke-pred-praznimi-tribunami\/"},"wordCount":932,"publisher":{"@id":"https:\/\/hudo.com\/si\/#organization"},"keywords":["koronavirus","Slovenija","\u0161portniki","Tim Gajser"],"articleSection":["Zdrav duh &amp; telo"],"inLanguage":"sl-SI"},{"@type":"WebPage","@id":"https:\/\/hudo.com\/si\/zdrav-duh-telo\/tim-gajser-pripravljen-na-dirke-pred-praznimi-tribunami\/","url":"https:\/\/hudo.com\/si\/zdrav-duh-telo\/tim-gajser-pripravljen-na-dirke-pred-praznimi-tribunami\/","name":"Tim Gajser pripravljen na dirke pred praznimi tribunami - Hudo Slovenija","isPartOf":{"@id":"https:\/\/hudo.com\/si\/#website"},"datePublished":"2020-05-05T05:33:54+00:00","dateModified":"2020-05-05T05:33:54+00:00","breadcrumb":{"@id":"https:\/\/hudo.com\/si\/zdrav-duh-telo\/tim-gajser-pripravljen-na-dirke-pred-praznimi-tribunami\/#breadcrumb"},"inLanguage":"sl-SI","potentialAction":[{"@type":"ReadAction","target":["https:\/\/hudo.com\/si\/zdrav-duh-telo\/tim-gajser-pripravljen-na-dirke-pred-praznimi-tribunami\/"]}]},{"@type":"BreadcrumbList","@id":"https:\/\/hudo.com\/si\/zdrav-duh-telo\/tim-gajser-pripravljen-na-dirke-pred-praznimi-tribunami\/#breadcrumb","itemListElement":[{"@type":"ListItem","position":1,"name":"Home","item":"https:\/\/hudo.com\/si\/"},{"@type":"ListItem","position":2,"name":"Tim Gajser pripravljen na dirke pred praznimi tribunami"}]},{"@type":"WebSite","@id":"https:\/\/hudo.com\/si\/#website","url":"https:\/\/hudo.com\/si\/","name":"Hudo Slovenija","description":"Vse novice iz Slovenije in sveta","publisher":{"@id":"https:\/\/hudo.com\/si\/#organization"},"potentialAction":[{"@type":"SearchAction","target":{"@type":"EntryPoint","urlTemplate":"https:\/\/hudo.com\/si\/?s={search_term_string}"},"query-input":"required name=search_term_string"}],"inLanguage":"sl-SI"},{"@type":"Organization","@id":"https:\/\/hudo.com\/si\/#organization","name":"VSN Media","url":"https:\/\/hudo.com\/si\/","logo":{"@type":"ImageObject","inLanguage":"sl-SI","@id":"https:\/\/hudo.com\/si\/#\/schema\/logo\/image\/","url":"https:\/\/hudo.com\/si\/wp-content\/uploads\/sites\/2\/2021\/03\/hudo-app-2.png","contentUrl":"https:\/\/hudo.com\/si\/wp-content\/uploads\/sites\/2\/2021\/03\/hudo-app-2.png","width":2185,"height":2167,"caption":"VSN Media"},"image":{"@id":"https:\/\/hudo.com\/si\/#\/schema\/logo\/image\/"},"sameAs":["https:\/\/www.facebook.com\/hudo.si","https:\/\/twitter.com\/hudo_si"]},{"@type":"Person","@id":"https:\/\/hudo.com\/si\/#\/schema\/person\/601cf3379633985b20f7e50f2bb47707","name":"hudo","image":{"@type":"ImageObject","inLanguage":"sl-SI","@id":"https:\/\/hudo.com\/si\/#\/schema\/person\/image\/","url":"https:\/\/secure.gravatar.com\/avatar\/c4ca25fa72cace7a696b52ff5db9e095?s=96&d=mm&r=g","contentUrl":"https:\/\/secure.gravatar.com\/avatar\/c4ca25fa72cace7a696b52ff5db9e095?s=96&d=mm&r=g","caption":"hudo"},"url":"https:\/\/hudo.com\/si\/author\/hudo\/"}]}},"amp_enabled":true,"_links":{"self":[{"href":"https:\/\/hudo.com\/si\/wp-json\/wp\/v2\/posts\/422381"}],"collection":[{"href":"https:\/\/hudo.com\/si\/wp-json\/wp\/v2\/posts"}],"about":[{"href":"https:\/\/hudo.com\/si\/wp-json\/wp\/v2\/types\/post"}],"author":[{"embeddable":true,"href":"https:\/\/hudo.com\/si\/wp-json\/wp\/v2\/users\/1"}],"replies":[{"embeddable":true,"href":"https:\/\/hudo.com\/si\/wp-json\/wp\/v2\/comments?post=422381"}],"version-history":[{"count":0,"href":"https:\/\/hudo.com\/si\/wp-json\/wp\/v2\/posts\/422381\/revisions"}],"wp:featuredmedia":[{"embeddable":true,"href":"https:\/\/hudo.com\/si\/wp-json\/wp\/v2\/media\/422382"}],"wp:attachment":[{"href":"https:\/\/hudo.com\/si\/wp-json\/wp\/v2\/media?parent=422381"}],"wp:term":[{"taxonomy":"category","embeddable":true,"href":"https:\/\/hudo.com\/si\/wp-json\/wp\/v2\/categories?post=422381"},{"taxonomy":"post_tag","embeddable":true,"href":"https:\/\/hudo.com\/si\/wp-json\/wp\/v2\/tags?post=422381"},{"taxonomy":"source","embeddable":true,"href":"https:\/\/hudo.com\/si\/wp-json\/wp\/v2\/source?post=422381"},{"taxonomy":"supertag","embeddable":true,"href":"https:\/\/hudo.com\/si\/wp-json\/wp\/v2\/supertag?post=422381"}],"curies":[{"name":"wp","href":"https:\/\/api.w.org\/{rel}","templated":true}]}}