{"id":422545,"date":"2020-05-07T07:52:15","date_gmt":"2020-05-07T05:52:15","guid":{"rendered":"https:\/\/hudo.com\/si\/2020\/05\/07\/bundesliga-se-naj-bi-nadaljevala-cez-dober-teden\/"},"modified":"2020-05-07T07:52:15","modified_gmt":"2020-05-07T05:52:15","slug":"bundesliga-se-naj-bi-nadaljevala-cez-dober-teden","status":"publish","type":"post","link":"https:\/\/hudo.com\/si\/zdrav-duh-telo\/bundesliga-se-naj-bi-nadaljevala-cez-dober-teden\/","title":{"rendered":"Bundesliga se naj bi nadaljevala \u010dez dober teden"},"content":{"rendered":"<figure>\n\t\t\t\t\t<img loading=\"lazy\" decoding=\"async\" width=\"660\" height=\"320\" src=\"image\/gif;base64,R0lGODlhAQABAAAAACH5BAEKAAEALAAAAAABAAEAAAICTAEAOw==\" class=\"lazyload\" \/><figcaption>foto:Profimedia<\/figcaption><\/figure>\n<p>Klubi bodo imeli danes \u0161e eno videokonferenco, na kateri naj bi dogovorili podrobnosti, po njej bodo tudi sporo\u010dili uradne datume za\u010detka. Nekateri klubi se zavzemajo, da bi se prvenstvo nadaljevalo 22. maja, a so v manj\u0161ini.<\/p>\n<p>&#8220;Ne vem, zakaj bi \u0161e \u010dakali. Pripravili smo stroga higienska pravila, igralci bodo morali tudi za sedem dni v karanteno. Zavedamo pa se, da nas \u010daka trdo delo, da prvenstvo speljemo do konca,&#8221; je dejal vodja lige Oliver Mintzlaff.<\/p>\n<p>Do konca prvenstva morajo odigrati \u0161e devet krogov, te naj bi odigrali do konca junija. Poleg elitne lige se naj bi nadaljevala tudi druga liga.<\/p>\n","protected":false},"excerpt":{"rendered":"<p>Nem\u0161ko nogometno prvenstvo bo, kot ka\u017ee, prvo izmed ve\u010djih, ki se bo po odmoru zaradi novega koronavirusa nadaljevalo. Potem ko je nem\u0161ka vlada v sredo pri\u017egala zeleno lu\u010d za nadaljevanje, se je vodstvo lige odlo\u010dilo, da se tekme brez gledalcev vrnejo 15. maja, poro\u010da dpa.<\/p>\n","protected":false},"author":1,"featured_media":422546,"comment_status":"closed","ping_status":"closed","sticky":false,"template":"","format":"standard","meta":{"footnotes":""},"categories":[1],"tags":[3628,3600],"source":[1518,4032,1556],"supertag":[],"acf":[],"yoast_head":"<!-- This site is optimized with the Yoast SEO plugin v21.3 - https:\/\/yoast.com\/wordpress\/plugins\/seo\/ -->\n<title>Bundesliga se naj bi nadaljevala \u010dez dober teden - Hudo Slovenija<\/title>\n<meta name=\"robots\" content=\"index, follow, max-snippet:-1, max-image-preview:large, max-video-preview:-1\" \/>\n<link rel=\"canonical\" href=\"https:\/\/hudo.com\/si\/zdrav-duh-telo\/bundesliga-se-naj-bi-nadaljevala-cez-dober-teden\/\" \/>\n<meta property=\"og:locale\" content=\"sl_SI\" \/>\n<meta property=\"og:type\" content=\"article\" \/>\n<meta property=\"og:title\" content=\"Bundesliga se naj bi nadaljevala \u010dez dober teden - Hudo Slovenija\" \/>\n<meta property=\"og:description\" content=\"Nem\u0161ko nogometno prvenstvo bo, kot ka\u017ee, prvo izmed ve\u010djih, ki se bo po odmoru zaradi novega koronavirusa nadaljevalo. Potem ko je nem\u0161ka vlada v sredo pri\u017egala zeleno lu\u010d za nadaljevanje, se je vodstvo lige odlo\u010dilo, da se tekme brez gledalcev vrnejo 15. maja, poro\u010da dpa.\" \/>\n<meta property=\"og:url\" content=\"https:\/\/hudo.com\/si\/zdrav-duh-telo\/bundesliga-se-naj-bi-nadaljevala-cez-dober-teden\/\" \/>\n<meta property=\"og:site_name\" content=\"Hudo Slovenija\" \/>\n<meta property=\"article:publisher\" content=\"https:\/\/www.facebook.com\/hudo.si\" \/>\n<meta property=\"article:published_time\" content=\"2020-05-07T05:52:15+00:00\" \/>\n<meta property=\"og:image\" content=\"https:\/\/hudo.com\/si\/wp-content\/uploads\/sites\/2\/2020\/05\/profimedia-0086827424.jpg\" \/>\n\t<meta property=\"og:image:width\" content=\"1250\" \/>\n\t<meta property=\"og:image:height\" content=\"1060\" \/>\n\t<meta property=\"og:image:type\" content=\"image\/jpeg\" \/>\n<meta name=\"author\" content=\"hudo\" \/>\n<meta name=\"twitter:card\" content=\"summary_large_image\" \/>\n<meta name=\"twitter:creator\" content=\"@hudo_si\" \/>\n<meta name=\"twitter:site\" content=\"@hudo_si\" \/>\n<meta name=\"twitter:label1\" content=\"Written by\" \/>\n\t<meta name=\"twitter:data1\" content=\"hudo\" \/>\n\t<meta name=\"twitter:label2\" content=\"Est. reading time\" \/>\n\t<meta name=\"twitter:data2\" content=\"1 minuta\" \/>\n<script type=\"application\/ld+json\" class=\"yoast-schema-graph\">{\"@context\":\"https:\/\/schema.org\",\"@graph\":[{\"@type\":\"Article\",\"@id\":\"https:\/\/hudo.com\/si\/zdrav-duh-telo\/bundesliga-se-naj-bi-nadaljevala-cez-dober-teden\/#article\",\"isPartOf\":{\"@id\":\"https:\/\/hudo.com\/si\/zdrav-duh-telo\/bundesliga-se-naj-bi-nadaljevala-cez-dober-teden\/\"},\"author\":{\"name\":\"hudo\",\"@id\":\"https:\/\/hudo.com\/si\/#\/schema\/person\/601cf3379633985b20f7e50f2bb47707\"},\"headline\":\"Bundesliga se naj bi nadaljevala \u010dez dober teden\",\"datePublished\":\"2020-05-07T05:52:15+00:00\",\"dateModified\":\"2020-05-07T05:52:15+00:00\",\"mainEntityOfPage\":{\"@id\":\"https:\/\/hudo.com\/si\/zdrav-duh-telo\/bundesliga-se-naj-bi-nadaljevala-cez-dober-teden\/\"},\"wordCount\":112,\"publisher\":{\"@id\":\"https:\/\/hudo.com\/si\/#organization\"},\"keywords\":[\"nem\u010dija\",\"nogomet\"],\"articleSection\":[\"Zdrav duh &amp; telo\"],\"inLanguage\":\"sl-SI\"},{\"@type\":\"WebPage\",\"@id\":\"https:\/\/hudo.com\/si\/zdrav-duh-telo\/bundesliga-se-naj-bi-nadaljevala-cez-dober-teden\/\",\"url\":\"https:\/\/hudo.com\/si\/zdrav-duh-telo\/bundesliga-se-naj-bi-nadaljevala-cez-dober-teden\/\",\"name\":\"Bundesliga se naj bi nadaljevala \u010dez dober teden - Hudo Slovenija\",\"isPartOf\":{\"@id\":\"https:\/\/hudo.com\/si\/#website\"},\"datePublished\":\"2020-05-07T05:52:15+00:00\",\"dateModified\":\"2020-05-07T05:52:15+00:00\",\"breadcrumb\":{\"@id\":\"https:\/\/hudo.com\/si\/zdrav-duh-telo\/bundesliga-se-naj-bi-nadaljevala-cez-dober-teden\/#breadcrumb\"},\"inLanguage\":\"sl-SI\",\"potentialAction\":[{\"@type\":\"ReadAction\",\"target\":[\"https:\/\/hudo.com\/si\/zdrav-duh-telo\/bundesliga-se-naj-bi-nadaljevala-cez-dober-teden\/\"]}]},{\"@type\":\"BreadcrumbList\",\"@id\":\"https:\/\/hudo.com\/si\/zdrav-duh-telo\/bundesliga-se-naj-bi-nadaljevala-cez-dober-teden\/#breadcrumb\",\"itemListElement\":[{\"@type\":\"ListItem\",\"position\":1,\"name\":\"Home\",\"item\":\"https:\/\/hudo.com\/si\/\"},{\"@type\":\"ListItem\",\"position\":2,\"name\":\"Bundesliga se naj bi nadaljevala \u010dez dober teden\"}]},{\"@type\":\"WebSite\",\"@id\":\"https:\/\/hudo.com\/si\/#website\",\"url\":\"https:\/\/hudo.com\/si\/\",\"name\":\"Hudo Slovenija\",\"description\":\"Vse novice iz Slovenije in sveta\",\"publisher\":{\"@id\":\"https:\/\/hudo.com\/si\/#organization\"},\"potentialAction\":[{\"@type\":\"SearchAction\",\"target\":{\"@type\":\"EntryPoint\",\"urlTemplate\":\"https:\/\/hudo.com\/si\/?s={search_term_string}\"},\"query-input\":\"required name=search_term_string\"}],\"inLanguage\":\"sl-SI\"},{\"@type\":\"Organization\",\"@id\":\"https:\/\/hudo.com\/si\/#organization\",\"name\":\"VSN Media\",\"url\":\"https:\/\/hudo.com\/si\/\",\"logo\":{\"@type\":\"ImageObject\",\"inLanguage\":\"sl-SI\",\"@id\":\"https:\/\/hudo.com\/si\/#\/schema\/logo\/image\/\",\"url\":\"https:\/\/hudo.com\/si\/wp-content\/uploads\/sites\/2\/2021\/03\/hudo-app-2.png\",\"contentUrl\":\"https:\/\/hudo.com\/si\/wp-content\/uploads\/sites\/2\/2021\/03\/hudo-app-2.png\",\"width\":2185,\"height\":2167,\"caption\":\"VSN Media\"},\"image\":{\"@id\":\"https:\/\/hudo.com\/si\/#\/schema\/logo\/image\/\"},\"sameAs\":[\"https:\/\/www.facebook.com\/hudo.si\",\"https:\/\/twitter.com\/hudo_si\"]},{\"@type\":\"Person\",\"@id\":\"https:\/\/hudo.com\/si\/#\/schema\/person\/601cf3379633985b20f7e50f2bb47707\",\"name\":\"hudo\",\"image\":{\"@type\":\"ImageObject\",\"inLanguage\":\"sl-SI\",\"@id\":\"https:\/\/hudo.com\/si\/#\/schema\/person\/image\/\",\"url\":\"https:\/\/secure.gravatar.com\/avatar\/c4ca25fa72cace7a696b52ff5db9e095?s=96&d=mm&r=g\",\"contentUrl\":\"https:\/\/secure.gravatar.com\/avatar\/c4ca25fa72cace7a696b52ff5db9e095?s=96&d=mm&r=g\",\"caption\":\"hudo\"},\"url\":\"https:\/\/hudo.com\/si\/author\/hudo\/\"}]}<\/script>\n<!-- \/ Yoast SEO plugin. -->","yoast_head_json":{"title":"Bundesliga se naj bi nadaljevala \u010dez dober teden - Hudo Slovenija","robots":{"index":"index","follow":"follow","max-snippet":"max-snippet:-1","max-image-preview":"max-image-preview:large","max-video-preview":"max-video-preview:-1"},"canonical":"https:\/\/hudo.com\/si\/zdrav-duh-telo\/bundesliga-se-naj-bi-nadaljevala-cez-dober-teden\/","og_locale":"sl_SI","og_type":"article","og_title":"Bundesliga se naj bi nadaljevala \u010dez dober teden - Hudo Slovenija","og_description":"Nem\u0161ko nogometno prvenstvo bo, kot ka\u017ee, prvo izmed ve\u010djih, ki se bo po odmoru zaradi novega koronavirusa nadaljevalo. Potem ko je nem\u0161ka vlada v sredo pri\u017egala zeleno lu\u010d za nadaljevanje, se je vodstvo lige odlo\u010dilo, da se tekme brez gledalcev vrnejo 15. maja, poro\u010da dpa.","og_url":"https:\/\/hudo.com\/si\/zdrav-duh-telo\/bundesliga-se-naj-bi-nadaljevala-cez-dober-teden\/","og_site_name":"Hudo Slovenija","article_publisher":"https:\/\/www.facebook.com\/hudo.si","article_published_time":"2020-05-07T05:52:15+00:00","og_image":[{"width":1250,"height":1060,"url":"https:\/\/hudo.com\/si\/wp-content\/uploads\/sites\/2\/2020\/05\/profimedia-0086827424.jpg","type":"image\/jpeg"}],"author":"hudo","twitter_card":"summary_large_image","twitter_creator":"@hudo_si","twitter_site":"@hudo_si","twitter_misc":{"Written by":"hudo","Est. reading time":"1 minuta"},"schema":{"@context":"https:\/\/schema.org","@graph":[{"@type":"Article","@id":"https:\/\/hudo.com\/si\/zdrav-duh-telo\/bundesliga-se-naj-bi-nadaljevala-cez-dober-teden\/#article","isPartOf":{"@id":"https:\/\/hudo.com\/si\/zdrav-duh-telo\/bundesliga-se-naj-bi-nadaljevala-cez-dober-teden\/"},"author":{"name":"hudo","@id":"https:\/\/hudo.com\/si\/#\/schema\/person\/601cf3379633985b20f7e50f2bb47707"},"headline":"Bundesliga se naj bi nadaljevala \u010dez dober teden","datePublished":"2020-05-07T05:52:15+00:00","dateModified":"2020-05-07T05:52:15+00:00","mainEntityOfPage":{"@id":"https:\/\/hudo.com\/si\/zdrav-duh-telo\/bundesliga-se-naj-bi-nadaljevala-cez-dober-teden\/"},"wordCount":112,"publisher":{"@id":"https:\/\/hudo.com\/si\/#organization"},"keywords":["nem\u010dija","nogomet"],"articleSection":["Zdrav duh &amp; telo"],"inLanguage":"sl-SI"},{"@type":"WebPage","@id":"https:\/\/hudo.com\/si\/zdrav-duh-telo\/bundesliga-se-naj-bi-nadaljevala-cez-dober-teden\/","url":"https:\/\/hudo.com\/si\/zdrav-duh-telo\/bundesliga-se-naj-bi-nadaljevala-cez-dober-teden\/","name":"Bundesliga se naj bi nadaljevala \u010dez dober teden - Hudo Slovenija","isPartOf":{"@id":"https:\/\/hudo.com\/si\/#website"},"datePublished":"2020-05-07T05:52:15+00:00","dateModified":"2020-05-07T05:52:15+00:00","breadcrumb":{"@id":"https:\/\/hudo.com\/si\/zdrav-duh-telo\/bundesliga-se-naj-bi-nadaljevala-cez-dober-teden\/#breadcrumb"},"inLanguage":"sl-SI","potentialAction":[{"@type":"ReadAction","target":["https:\/\/hudo.com\/si\/zdrav-duh-telo\/bundesliga-se-naj-bi-nadaljevala-cez-dober-teden\/"]}]},{"@type":"BreadcrumbList","@id":"https:\/\/hudo.com\/si\/zdrav-duh-telo\/bundesliga-se-naj-bi-nadaljevala-cez-dober-teden\/#breadcrumb","itemListElement":[{"@type":"ListItem","position":1,"name":"Home","item":"https:\/\/hudo.com\/si\/"},{"@type":"ListItem","position":2,"name":"Bundesliga se naj bi nadaljevala \u010dez dober teden"}]},{"@type":"WebSite","@id":"https:\/\/hudo.com\/si\/#website","url":"https:\/\/hudo.com\/si\/","name":"Hudo Slovenija","description":"Vse novice iz Slovenije in sveta","publisher":{"@id":"https:\/\/hudo.com\/si\/#organization"},"potentialAction":[{"@type":"SearchAction","target":{"@type":"EntryPoint","urlTemplate":"https:\/\/hudo.com\/si\/?s={search_term_string}"},"query-input":"required name=search_term_string"}],"inLanguage":"sl-SI"},{"@type":"Organization","@id":"https:\/\/hudo.com\/si\/#organization","name":"VSN Media","url":"https:\/\/hudo.com\/si\/","logo":{"@type":"ImageObject","inLanguage":"sl-SI","@id":"https:\/\/hudo.com\/si\/#\/schema\/logo\/image\/","url":"https:\/\/hudo.com\/si\/wp-content\/uploads\/sites\/2\/2021\/03\/hudo-app-2.png","contentUrl":"https:\/\/hudo.com\/si\/wp-content\/uploads\/sites\/2\/2021\/03\/hudo-app-2.png","width":2185,"height":2167,"caption":"VSN Media"},"image":{"@id":"https:\/\/hudo.com\/si\/#\/schema\/logo\/image\/"},"sameAs":["https:\/\/www.facebook.com\/hudo.si","https:\/\/twitter.com\/hudo_si"]},{"@type":"Person","@id":"https:\/\/hudo.com\/si\/#\/schema\/person\/601cf3379633985b20f7e50f2bb47707","name":"hudo","image":{"@type":"ImageObject","inLanguage":"sl-SI","@id":"https:\/\/hudo.com\/si\/#\/schema\/person\/image\/","url":"https:\/\/secure.gravatar.com\/avatar\/c4ca25fa72cace7a696b52ff5db9e095?s=96&d=mm&r=g","contentUrl":"https:\/\/secure.gravatar.com\/avatar\/c4ca25fa72cace7a696b52ff5db9e095?s=96&d=mm&r=g","caption":"hudo"},"url":"https:\/\/hudo.com\/si\/author\/hudo\/"}]}},"amp_enabled":true,"_links":{"self":[{"href":"https:\/\/hudo.com\/si\/wp-json\/wp\/v2\/posts\/422545"}],"collection":[{"href":"https:\/\/hudo.com\/si\/wp-json\/wp\/v2\/posts"}],"about":[{"href":"https:\/\/hudo.com\/si\/wp-json\/wp\/v2\/types\/post"}],"author":[{"embeddable":true,"href":"https:\/\/hudo.com\/si\/wp-json\/wp\/v2\/users\/1"}],"replies":[{"embeddable":true,"href":"https:\/\/hudo.com\/si\/wp-json\/wp\/v2\/comments?post=422545"}],"version-history":[{"count":0,"href":"https:\/\/hudo.com\/si\/wp-json\/wp\/v2\/posts\/422545\/revisions"}],"wp:featuredmedia":[{"embeddable":true,"href":"https:\/\/hudo.com\/si\/wp-json\/wp\/v2\/media\/422546"}],"wp:attachment":[{"href":"https:\/\/hudo.com\/si\/wp-json\/wp\/v2\/media?parent=422545"}],"wp:term":[{"taxonomy":"category","embeddable":true,"href":"https:\/\/hudo.com\/si\/wp-json\/wp\/v2\/categories?post=422545"},{"taxonomy":"post_tag","embeddable":true,"href":"https:\/\/hudo.com\/si\/wp-json\/wp\/v2\/tags?post=422545"},{"taxonomy":"source","embeddable":true,"href":"https:\/\/hudo.com\/si\/wp-json\/wp\/v2\/source?post=422545"},{"taxonomy":"supertag","embeddable":true,"href":"https:\/\/hudo.com\/si\/wp-json\/wp\/v2\/supertag?post=422545"}],"curies":[{"name":"wp","href":"https:\/\/api.w.org\/{rel}","templated":true}]}}