{"id":422636,"date":"2020-05-08T13:14:38","date_gmt":"2020-05-08T11:14:38","guid":{"rendered":"https:\/\/hudo.com\/si\/2020\/05\/08\/vasilij-zbogar-odlocen-nastopil-bom-na-oi-2024\/"},"modified":"2020-05-08T13:14:38","modified_gmt":"2020-05-08T11:14:38","slug":"vasilij-zbogar-odlocen-nastopil-bom-na-oi-2024","status":"publish","type":"post","link":"https:\/\/hudo.com\/si\/zdrav-duh-telo\/vasilij-zbogar-odlocen-nastopil-bom-na-oi-2024\/","title":{"rendered":"Vasilij \u017dbogar odlo\u010den: Nastopil bom na OI 2024!"},"content":{"rendered":"<figure>\n\t\t\t\t\t<img loading=\"lazy\" decoding=\"async\" width=\"660\" height=\"320\" src=\"image\/gif;base64,R0lGODlhAQABAAAAACH5BAEKAAEALAAAAAABAAEAAAICTAEAOw==\" class=\"lazyload\" \/><figcaption>Vasilij \u017dbogar \/ foto:Profimedia<\/figcaption><\/figure>\n<p>&#8220;Trenirava skupaj z Zelkom, \u017ee tretji teden po prvi sprostitvi ukrepov za \u0161portne dejavnosti, seveda pod pogoji, ki veljajo v dolo\u010denem obdobju. V tem \u010dasu tisti, ki smo v enojcih, nismo ob\u010dutili ukrepov tako kot drugi. Prihodnji teden bodo lahko za\u010deli trenirati tudi dvojci, med njimi Tina Mrak in Veronika Macarol v razredu 470,&#8221; je za STA pojasnil \u017dbogar, ki je tudi podpredsednik Jadralne zveze Slovenije (JZS) in predsednik Burje.<\/p>\n<p>Sedaj 44-letni \u017dbogar je edini slovenski jadralec s tremi olimpijskimi medaljami; srebrn je bil leta 2016 v Rio de Janeiru v razredu finn ter leta 2008 v Pekingu v razredu laser, v katerem je bil bronast leta 2004 v Atenah. Na\u010drte za nastope v zvezdi je opustil, na OI leta 2024 v Parizu pa naj bi uvedli nov razred, po nekaterih predlogih je bilo v preteklosti precej govora o plovilu s fiksno kobilico in me\u0161ano posadko jadralca in jadralke na njem.<\/p>\n<p>&#8220;\u010cas do OI v Parizu je \u0161e zelo oddaljen, bomo videli, kako se bo vse skupaj odvijalo in kateri razredi bodo tam. Najprej je treba izpeljati OI v Tokiu. Poleg tega je pandemija povsem spremenila tudi na\u0161a razmi\u0161ljanja. Za nami so leta letanj z ene na drugo veliko tekmo na razli\u010dnih koncih sveta. Pri tem smo kar malo pozabili, da imamo tudi doma izjemne pogoje. Tudi na svetovni zvezi so ugotovili, da je treba za\u010deti delati na doma\u010dih lokalnih \u0161portnih zvezdah, kar pomeni, da je ve\u010d pozornosti treba posvetiti tudi mladim,&#8221; je ocenil \u017dbogar, tudi predsednik strokovnega sveta JZS.<\/p>\n<p>Trenersko delo je opravljal na Irskem, kjer je skrbel za laserje. &#8220;Tega, jasno, ni \u017ee nekaj \u010dasa. Sedaj se posve\u010dam delu na Obali, v Burji nas vsak dan trenira okrog 15, tudi mladinci. Pripravili bomo tudi regate, prvo v zelo majhnem obsegu ter v okviru omejitev \u017ee konec tedna. Da vidimo, kaj potrebujemo, kako bomo to peljali naprej, seveda v sodelovanju z zdravstveno stroko, pristojnimi ministrstvi in Olimpijskim komitejem Slovenije. Z njimi smo dobro sodelovali \u017ee pri pripravi ukrepov za treninge,&#8221; je pojasnil \u017dbogar.<\/p>\n<p>Dejal je, da so \u017ee klicali iz tujine, Italije, Avstrije in Hrva\u0161ke, da bi v prihodnjem obdobju pri\u0161li na treninge v Slovenijo, ko bodo meje odprte in tovrstni treningi dovoljeni. Prave tekme v slovenskem merilu pa bi lahko v celoti za\u017eivele naslednji mesec.<\/p>\n","protected":false},"excerpt":{"rendered":"<p>Najbolj\u0161i slovenski jadralec vseh \u010dasov Vasilij \u017dbogar se je po sprostitvi ukrepov za treninge pridru\u017eil Maribor\u010danu \u017danu Luki Zelku, ki je za\u010del priprave na olimpijske igre v Tokiu prihodnje leto. Pripravljata se v klubu Burja v Izoli, Zelko za OI v japonski prestolnici, \u017dbogar pa ra\u010duna na nastop na OI v Parizu leta 2024.<\/p>\n","protected":false},"author":1,"featured_media":422637,"comment_status":"closed","ping_status":"closed","sticky":false,"template":"","format":"standard","meta":{"footnotes":""},"categories":[1],"tags":[6480,3748,1595,6019],"source":[1518,1556],"supertag":[],"acf":[],"yoast_head":"<!-- This site is optimized with the Yoast SEO plugin v21.3 - https:\/\/yoast.com\/wordpress\/plugins\/seo\/ -->\n<title>Vasilij \u017dbogar odlo\u010den: Nastopil bom na OI 2024! - Hudo Slovenija<\/title>\n<meta name=\"robots\" content=\"index, follow, max-snippet:-1, max-image-preview:large, max-video-preview:-1\" \/>\n<link rel=\"canonical\" href=\"https:\/\/hudo.com\/si\/zdrav-duh-telo\/vasilij-zbogar-odlocen-nastopil-bom-na-oi-2024\/\" \/>\n<meta property=\"og:locale\" content=\"sl_SI\" \/>\n<meta property=\"og:type\" content=\"article\" \/>\n<meta property=\"og:title\" content=\"Vasilij \u017dbogar odlo\u010den: Nastopil bom na OI 2024! - Hudo Slovenija\" \/>\n<meta property=\"og:description\" content=\"Najbolj\u0161i slovenski jadralec vseh \u010dasov Vasilij \u017dbogar se je po sprostitvi ukrepov za treninge pridru\u017eil Maribor\u010danu \u017danu Luki Zelku, ki je za\u010del priprave na olimpijske igre v Tokiu prihodnje leto. Pripravljata se v klubu Burja v Izoli, Zelko za OI v japonski prestolnici, \u017dbogar pa ra\u010duna na nastop na OI v Parizu leta 2024.\" \/>\n<meta property=\"og:url\" content=\"https:\/\/hudo.com\/si\/zdrav-duh-telo\/vasilij-zbogar-odlocen-nastopil-bom-na-oi-2024\/\" \/>\n<meta property=\"og:site_name\" content=\"Hudo Slovenija\" \/>\n<meta property=\"article:publisher\" content=\"https:\/\/www.facebook.com\/hudo.si\" \/>\n<meta property=\"article:published_time\" content=\"2020-05-08T11:14:38+00:00\" \/>\n<meta property=\"og:image\" content=\"https:\/\/hudo.com\/si\/wp-content\/uploads\/sites\/2\/2020\/05\/profimedia-0297684006.jpg\" \/>\n\t<meta property=\"og:image:width\" content=\"1250\" \/>\n\t<meta property=\"og:image:height\" content=\"833\" \/>\n\t<meta property=\"og:image:type\" content=\"image\/jpeg\" \/>\n<meta name=\"author\" content=\"hudo\" \/>\n<meta name=\"twitter:card\" content=\"summary_large_image\" \/>\n<meta name=\"twitter:creator\" content=\"@hudo_si\" \/>\n<meta name=\"twitter:site\" content=\"@hudo_si\" \/>\n<meta name=\"twitter:label1\" content=\"Written by\" \/>\n\t<meta name=\"twitter:data1\" content=\"hudo\" \/>\n\t<meta name=\"twitter:label2\" content=\"Est. reading time\" \/>\n\t<meta name=\"twitter:data2\" content=\"2 minuti\" \/>\n<script type=\"application\/ld+json\" class=\"yoast-schema-graph\">{\"@context\":\"https:\/\/schema.org\",\"@graph\":[{\"@type\":\"Article\",\"@id\":\"https:\/\/hudo.com\/si\/zdrav-duh-telo\/vasilij-zbogar-odlocen-nastopil-bom-na-oi-2024\/#article\",\"isPartOf\":{\"@id\":\"https:\/\/hudo.com\/si\/zdrav-duh-telo\/vasilij-zbogar-odlocen-nastopil-bom-na-oi-2024\/\"},\"author\":{\"name\":\"hudo\",\"@id\":\"https:\/\/hudo.com\/si\/#\/schema\/person\/601cf3379633985b20f7e50f2bb47707\"},\"headline\":\"Vasilij \u017dbogar odlo\u010den: Nastopil bom na OI 2024!\",\"datePublished\":\"2020-05-08T11:14:38+00:00\",\"dateModified\":\"2020-05-08T11:14:38+00:00\",\"mainEntityOfPage\":{\"@id\":\"https:\/\/hudo.com\/si\/zdrav-duh-telo\/vasilij-zbogar-odlocen-nastopil-bom-na-oi-2024\/\"},\"wordCount\":397,\"publisher\":{\"@id\":\"https:\/\/hudo.com\/si\/#organization\"},\"keywords\":[\"jadranje\",\"olimpijske igre\",\"Slovenija\",\"vasilij \u017ebogar\"],\"articleSection\":[\"Zdrav duh &amp; telo\"],\"inLanguage\":\"sl-SI\"},{\"@type\":\"WebPage\",\"@id\":\"https:\/\/hudo.com\/si\/zdrav-duh-telo\/vasilij-zbogar-odlocen-nastopil-bom-na-oi-2024\/\",\"url\":\"https:\/\/hudo.com\/si\/zdrav-duh-telo\/vasilij-zbogar-odlocen-nastopil-bom-na-oi-2024\/\",\"name\":\"Vasilij \u017dbogar odlo\u010den: Nastopil bom na OI 2024! - Hudo Slovenija\",\"isPartOf\":{\"@id\":\"https:\/\/hudo.com\/si\/#website\"},\"datePublished\":\"2020-05-08T11:14:38+00:00\",\"dateModified\":\"2020-05-08T11:14:38+00:00\",\"breadcrumb\":{\"@id\":\"https:\/\/hudo.com\/si\/zdrav-duh-telo\/vasilij-zbogar-odlocen-nastopil-bom-na-oi-2024\/#breadcrumb\"},\"inLanguage\":\"sl-SI\",\"potentialAction\":[{\"@type\":\"ReadAction\",\"target\":[\"https:\/\/hudo.com\/si\/zdrav-duh-telo\/vasilij-zbogar-odlocen-nastopil-bom-na-oi-2024\/\"]}]},{\"@type\":\"BreadcrumbList\",\"@id\":\"https:\/\/hudo.com\/si\/zdrav-duh-telo\/vasilij-zbogar-odlocen-nastopil-bom-na-oi-2024\/#breadcrumb\",\"itemListElement\":[{\"@type\":\"ListItem\",\"position\":1,\"name\":\"Home\",\"item\":\"https:\/\/hudo.com\/si\/\"},{\"@type\":\"ListItem\",\"position\":2,\"name\":\"Vasilij \u017dbogar odlo\u010den: Nastopil bom na OI 2024!\"}]},{\"@type\":\"WebSite\",\"@id\":\"https:\/\/hudo.com\/si\/#website\",\"url\":\"https:\/\/hudo.com\/si\/\",\"name\":\"Hudo Slovenija\",\"description\":\"Vse novice iz Slovenije in sveta\",\"publisher\":{\"@id\":\"https:\/\/hudo.com\/si\/#organization\"},\"potentialAction\":[{\"@type\":\"SearchAction\",\"target\":{\"@type\":\"EntryPoint\",\"urlTemplate\":\"https:\/\/hudo.com\/si\/?s={search_term_string}\"},\"query-input\":\"required name=search_term_string\"}],\"inLanguage\":\"sl-SI\"},{\"@type\":\"Organization\",\"@id\":\"https:\/\/hudo.com\/si\/#organization\",\"name\":\"VSN Media\",\"url\":\"https:\/\/hudo.com\/si\/\",\"logo\":{\"@type\":\"ImageObject\",\"inLanguage\":\"sl-SI\",\"@id\":\"https:\/\/hudo.com\/si\/#\/schema\/logo\/image\/\",\"url\":\"https:\/\/hudo.com\/si\/wp-content\/uploads\/sites\/2\/2021\/03\/hudo-app-2.png\",\"contentUrl\":\"https:\/\/hudo.com\/si\/wp-content\/uploads\/sites\/2\/2021\/03\/hudo-app-2.png\",\"width\":2185,\"height\":2167,\"caption\":\"VSN Media\"},\"image\":{\"@id\":\"https:\/\/hudo.com\/si\/#\/schema\/logo\/image\/\"},\"sameAs\":[\"https:\/\/www.facebook.com\/hudo.si\",\"https:\/\/twitter.com\/hudo_si\"]},{\"@type\":\"Person\",\"@id\":\"https:\/\/hudo.com\/si\/#\/schema\/person\/601cf3379633985b20f7e50f2bb47707\",\"name\":\"hudo\",\"image\":{\"@type\":\"ImageObject\",\"inLanguage\":\"sl-SI\",\"@id\":\"https:\/\/hudo.com\/si\/#\/schema\/person\/image\/\",\"url\":\"https:\/\/secure.gravatar.com\/avatar\/c4ca25fa72cace7a696b52ff5db9e095?s=96&d=mm&r=g\",\"contentUrl\":\"https:\/\/secure.gravatar.com\/avatar\/c4ca25fa72cace7a696b52ff5db9e095?s=96&d=mm&r=g\",\"caption\":\"hudo\"},\"url\":\"https:\/\/hudo.com\/si\/author\/hudo\/\"}]}<\/script>\n<!-- \/ Yoast SEO plugin. -->","yoast_head_json":{"title":"Vasilij \u017dbogar odlo\u010den: Nastopil bom na OI 2024! - Hudo Slovenija","robots":{"index":"index","follow":"follow","max-snippet":"max-snippet:-1","max-image-preview":"max-image-preview:large","max-video-preview":"max-video-preview:-1"},"canonical":"https:\/\/hudo.com\/si\/zdrav-duh-telo\/vasilij-zbogar-odlocen-nastopil-bom-na-oi-2024\/","og_locale":"sl_SI","og_type":"article","og_title":"Vasilij \u017dbogar odlo\u010den: Nastopil bom na OI 2024! - Hudo Slovenija","og_description":"Najbolj\u0161i slovenski jadralec vseh \u010dasov Vasilij \u017dbogar se je po sprostitvi ukrepov za treninge pridru\u017eil Maribor\u010danu \u017danu Luki Zelku, ki je za\u010del priprave na olimpijske igre v Tokiu prihodnje leto. Pripravljata se v klubu Burja v Izoli, Zelko za OI v japonski prestolnici, \u017dbogar pa ra\u010duna na nastop na OI v Parizu leta 2024.","og_url":"https:\/\/hudo.com\/si\/zdrav-duh-telo\/vasilij-zbogar-odlocen-nastopil-bom-na-oi-2024\/","og_site_name":"Hudo Slovenija","article_publisher":"https:\/\/www.facebook.com\/hudo.si","article_published_time":"2020-05-08T11:14:38+00:00","og_image":[{"width":1250,"height":833,"url":"https:\/\/hudo.com\/si\/wp-content\/uploads\/sites\/2\/2020\/05\/profimedia-0297684006.jpg","type":"image\/jpeg"}],"author":"hudo","twitter_card":"summary_large_image","twitter_creator":"@hudo_si","twitter_site":"@hudo_si","twitter_misc":{"Written by":"hudo","Est. reading time":"2 minuti"},"schema":{"@context":"https:\/\/schema.org","@graph":[{"@type":"Article","@id":"https:\/\/hudo.com\/si\/zdrav-duh-telo\/vasilij-zbogar-odlocen-nastopil-bom-na-oi-2024\/#article","isPartOf":{"@id":"https:\/\/hudo.com\/si\/zdrav-duh-telo\/vasilij-zbogar-odlocen-nastopil-bom-na-oi-2024\/"},"author":{"name":"hudo","@id":"https:\/\/hudo.com\/si\/#\/schema\/person\/601cf3379633985b20f7e50f2bb47707"},"headline":"Vasilij \u017dbogar odlo\u010den: Nastopil bom na OI 2024!","datePublished":"2020-05-08T11:14:38+00:00","dateModified":"2020-05-08T11:14:38+00:00","mainEntityOfPage":{"@id":"https:\/\/hudo.com\/si\/zdrav-duh-telo\/vasilij-zbogar-odlocen-nastopil-bom-na-oi-2024\/"},"wordCount":397,"publisher":{"@id":"https:\/\/hudo.com\/si\/#organization"},"keywords":["jadranje","olimpijske igre","Slovenija","vasilij \u017ebogar"],"articleSection":["Zdrav duh &amp; telo"],"inLanguage":"sl-SI"},{"@type":"WebPage","@id":"https:\/\/hudo.com\/si\/zdrav-duh-telo\/vasilij-zbogar-odlocen-nastopil-bom-na-oi-2024\/","url":"https:\/\/hudo.com\/si\/zdrav-duh-telo\/vasilij-zbogar-odlocen-nastopil-bom-na-oi-2024\/","name":"Vasilij \u017dbogar odlo\u010den: Nastopil bom na OI 2024! - Hudo Slovenija","isPartOf":{"@id":"https:\/\/hudo.com\/si\/#website"},"datePublished":"2020-05-08T11:14:38+00:00","dateModified":"2020-05-08T11:14:38+00:00","breadcrumb":{"@id":"https:\/\/hudo.com\/si\/zdrav-duh-telo\/vasilij-zbogar-odlocen-nastopil-bom-na-oi-2024\/#breadcrumb"},"inLanguage":"sl-SI","potentialAction":[{"@type":"ReadAction","target":["https:\/\/hudo.com\/si\/zdrav-duh-telo\/vasilij-zbogar-odlocen-nastopil-bom-na-oi-2024\/"]}]},{"@type":"BreadcrumbList","@id":"https:\/\/hudo.com\/si\/zdrav-duh-telo\/vasilij-zbogar-odlocen-nastopil-bom-na-oi-2024\/#breadcrumb","itemListElement":[{"@type":"ListItem","position":1,"name":"Home","item":"https:\/\/hudo.com\/si\/"},{"@type":"ListItem","position":2,"name":"Vasilij \u017dbogar odlo\u010den: Nastopil bom na OI 2024!"}]},{"@type":"WebSite","@id":"https:\/\/hudo.com\/si\/#website","url":"https:\/\/hudo.com\/si\/","name":"Hudo Slovenija","description":"Vse novice iz Slovenije in sveta","publisher":{"@id":"https:\/\/hudo.com\/si\/#organization"},"potentialAction":[{"@type":"SearchAction","target":{"@type":"EntryPoint","urlTemplate":"https:\/\/hudo.com\/si\/?s={search_term_string}"},"query-input":"required name=search_term_string"}],"inLanguage":"sl-SI"},{"@type":"Organization","@id":"https:\/\/hudo.com\/si\/#organization","name":"VSN Media","url":"https:\/\/hudo.com\/si\/","logo":{"@type":"ImageObject","inLanguage":"sl-SI","@id":"https:\/\/hudo.com\/si\/#\/schema\/logo\/image\/","url":"https:\/\/hudo.com\/si\/wp-content\/uploads\/sites\/2\/2021\/03\/hudo-app-2.png","contentUrl":"https:\/\/hudo.com\/si\/wp-content\/uploads\/sites\/2\/2021\/03\/hudo-app-2.png","width":2185,"height":2167,"caption":"VSN Media"},"image":{"@id":"https:\/\/hudo.com\/si\/#\/schema\/logo\/image\/"},"sameAs":["https:\/\/www.facebook.com\/hudo.si","https:\/\/twitter.com\/hudo_si"]},{"@type":"Person","@id":"https:\/\/hudo.com\/si\/#\/schema\/person\/601cf3379633985b20f7e50f2bb47707","name":"hudo","image":{"@type":"ImageObject","inLanguage":"sl-SI","@id":"https:\/\/hudo.com\/si\/#\/schema\/person\/image\/","url":"https:\/\/secure.gravatar.com\/avatar\/c4ca25fa72cace7a696b52ff5db9e095?s=96&d=mm&r=g","contentUrl":"https:\/\/secure.gravatar.com\/avatar\/c4ca25fa72cace7a696b52ff5db9e095?s=96&d=mm&r=g","caption":"hudo"},"url":"https:\/\/hudo.com\/si\/author\/hudo\/"}]}},"amp_enabled":true,"_links":{"self":[{"href":"https:\/\/hudo.com\/si\/wp-json\/wp\/v2\/posts\/422636"}],"collection":[{"href":"https:\/\/hudo.com\/si\/wp-json\/wp\/v2\/posts"}],"about":[{"href":"https:\/\/hudo.com\/si\/wp-json\/wp\/v2\/types\/post"}],"author":[{"embeddable":true,"href":"https:\/\/hudo.com\/si\/wp-json\/wp\/v2\/users\/1"}],"replies":[{"embeddable":true,"href":"https:\/\/hudo.com\/si\/wp-json\/wp\/v2\/comments?post=422636"}],"version-history":[{"count":0,"href":"https:\/\/hudo.com\/si\/wp-json\/wp\/v2\/posts\/422636\/revisions"}],"wp:featuredmedia":[{"embeddable":true,"href":"https:\/\/hudo.com\/si\/wp-json\/wp\/v2\/media\/422637"}],"wp:attachment":[{"href":"https:\/\/hudo.com\/si\/wp-json\/wp\/v2\/media?parent=422636"}],"wp:term":[{"taxonomy":"category","embeddable":true,"href":"https:\/\/hudo.com\/si\/wp-json\/wp\/v2\/categories?post=422636"},{"taxonomy":"post_tag","embeddable":true,"href":"https:\/\/hudo.com\/si\/wp-json\/wp\/v2\/tags?post=422636"},{"taxonomy":"source","embeddable":true,"href":"https:\/\/hudo.com\/si\/wp-json\/wp\/v2\/source?post=422636"},{"taxonomy":"supertag","embeddable":true,"href":"https:\/\/hudo.com\/si\/wp-json\/wp\/v2\/supertag?post=422636"}],"curies":[{"name":"wp","href":"https:\/\/api.w.org\/{rel}","templated":true}]}}