{"id":422667,"date":"2020-05-09T08:40:07","date_gmt":"2020-05-09T06:40:07","guid":{"rendered":"http:\/\/hudo.com\/si\/?p=422667"},"modified":"2020-05-09T08:40:07","modified_gmt":"2020-05-09T06:40:07","slug":"prve-briske-cesnje-ze-naprodaj","status":"publish","type":"post","link":"https:\/\/hudo.com\/si\/aktualno\/prve-briske-cesnje-ze-naprodaj\/","title":{"rendered":"Prve bri\u0161ke \u010de\u0161nje so \u017ee naprodaj"},"content":{"rendered":"<p>Sadjarji se bolj bojijo tega, da jih bodo te\u017eje prodali. Glavnina \u010de\u0161enj bo dozorela konec maja in v prvi polovici junija, v tem \u010dasu bodo tudi najbolj okusne.<\/p>\n<p>&#8220;Koli\u010dina \u010de\u0161enj bo odvisna od lege sadovnjakov, nekateri so bili v pozebi bolj prizadeti, nekateri skoraj ni\u010d. Predvsem so bile prizadete nekatere \u010de\u0161nje, ki rastejo na ni\u017ejih legah,&#8221; je za STA povedal Jelina.<\/p>\n<p>Kmetijski svetovalec Kmetijsko gozdarskega zavoda Nova Gorica in tudi sam sadjar Rajko \u010crv je povedal, da je pozeba v Vipavski dolini prizadela tiste sadovnjake, ki le\u017eijo pod 130 metri nadmorske vi\u0161ine, tam se je namre\u010d v \u010dasu nizkih jutranjih temperatur zadr\u017eeval hladen zrak.<\/p>\n<p>Tudi \u010de na \u010de\u0161nje v \u010dasu cvetenja pozeba ni imela ve\u010djega vpliva, pa bi lahko bil usoden dolgotrajen de\u017e, to\u010da in posledi\u010dno gnitje sadja. \u010crv zato pravi, da je potrebno po\u010dakati vse dotlej, dokler sadjarji ne bodo obrali leto\u0161njega sadja. &#8220;\u010ce\u0161nje na drevesih so, koliko pa se jih bo v resnici tudi pobralo pa je \u017ee drugo vpra\u0161anje,&#8221; je \u0161e dejal.<\/p>\n<p>Nekoliko bolj optimisti\u010den pa je Jelina. \u010ceprav so bri\u0161ki pridelovalci ve\u010dino svojega pridelka prodali na in ob samem Prazniku \u010de\u0161enj, slednjega pa zaradi znanih razmer letos ne bo, i\u0161\u010dejo sedaj druge mo\u017enosti za prodajo. &#8220;Kljub temu, da letos ne bo praznika, pri\u010dakujem da bo veliko turistov pri\u0161lo v Brda in tudi kupilo na\u0161e \u010de\u0161nje. \u017dal pa ne bo Italijanov, ki so pokupili precej na\u0161ega sadja, saj so vedeli, da je kvalitetno.&#8221;<\/p>\n<p>Precej \u010de\u0161enj prodajo Brici tudi na stojnicah ob cesti. Nekateri kupci se vra\u010dajo vedno k istim prodajalcem, drugi nekoliko raziskujejo.<\/p>\n<p>Zdru\u017eenje bri\u0161kih sadjarjev skupaj z Ob\u010dino Brda in Zavodom za kulturo, turizem, mladino in \u0161port Brda delajo na tem, da bi bri\u0161ko \u010de\u0161njo letos imeli v vsakem slovenskem domu.<\/p>\n<p>&#8220;Verjetno se bo veliko \u010de\u0161enj letos prodalo tudi na tr\u017enicah po vsej Sloveniji. Prikraj\u0161ani pa bomo za zaslu\u017eek tisti, ki \u010de\u0161nje prodamo javnim zavodom, v vrtce in \u0161ole, letos tega ne bo. Zato si bo moral vsak pridelovalec pomagati po svoje,&#8221;je \u0161e dejal Jelina.<\/p>\n<p>Bri\u0161ka ob\u010dina bo sicer tako kot v preteklih letih pomagala sadjarjem tako, da jih bo povezala z ve\u010djimi odkupovalci, \u010de bodo pri prodaji potrebovali pomo\u010d.<\/p>\n","protected":false},"excerpt":{"rendered":"<p>Sadjarji v Gori\u0161kih Brdih in Vipavski dolini so \u017ee obrali prve leto\u0161nje \u010de\u0161nje. Kljub nekoliko slabim napovedim leto\u0161nje letine zaradi pozebe, ki je v za\u010detku aprila prizadela nekatere sadovnjake na Primorskem, bo \u010de\u0161enj po besedah pridelovalca Radovana Jeline iz Gori\u0161kih Brd dovolj.<\/p>\n","protected":false},"author":7,"featured_media":422668,"comment_status":"closed","ping_status":"closed","sticky":false,"template":"","format":"standard","meta":{"footnotes":""},"categories":[1179],"tags":[5568,12793,2040,1595,10029],"source":[4511],"supertag":[5675],"acf":[],"yoast_head":"<!-- This site is optimized with the Yoast SEO plugin v21.3 - https:\/\/yoast.com\/wordpress\/plugins\/seo\/ -->\n<title>Prve bri\u0161ke \u010de\u0161nje so \u017ee naprodaj - Hudo Slovenija<\/title>\n<meta name=\"robots\" content=\"index, follow, max-snippet:-1, max-image-preview:large, max-video-preview:-1\" \/>\n<link rel=\"canonical\" href=\"https:\/\/hudo.com\/si\/aktualno\/prve-briske-cesnje-ze-naprodaj\/\" \/>\n<meta property=\"og:locale\" content=\"sl_SI\" \/>\n<meta property=\"og:type\" content=\"article\" \/>\n<meta property=\"og:title\" content=\"Prve bri\u0161ke \u010de\u0161nje so \u017ee naprodaj - Hudo Slovenija\" \/>\n<meta property=\"og:description\" content=\"Sadjarji v Gori\u0161kih Brdih in Vipavski dolini so \u017ee obrali prve leto\u0161nje \u010de\u0161nje. Kljub nekoliko slabim napovedim leto\u0161nje letine zaradi pozebe, ki je v za\u010detku aprila prizadela nekatere sadovnjake na Primorskem, bo \u010de\u0161enj po besedah pridelovalca Radovana Jeline iz Gori\u0161kih Brd dovolj.\" \/>\n<meta property=\"og:url\" content=\"https:\/\/hudo.com\/si\/aktualno\/prve-briske-cesnje-ze-naprodaj\/\" \/>\n<meta property=\"og:site_name\" content=\"Hudo Slovenija\" \/>\n<meta property=\"article:publisher\" content=\"https:\/\/www.facebook.com\/hudo.si\" \/>\n<meta property=\"article:published_time\" content=\"2020-05-09T06:40:07+00:00\" \/>\n<meta property=\"og:image\" content=\"https:\/\/hudo.com\/si\/wp-content\/uploads\/sites\/2\/2020\/05\/profimedia-0080127667.jpg\" \/>\n\t<meta property=\"og:image:width\" content=\"1250\" \/>\n\t<meta property=\"og:image:height\" content=\"813\" \/>\n\t<meta property=\"og:image:type\" content=\"image\/jpeg\" \/>\n<meta name=\"author\" content=\"A. P., STA\" \/>\n<meta name=\"twitter:card\" content=\"summary_large_image\" \/>\n<meta name=\"twitter:creator\" content=\"@hudo_si\" \/>\n<meta name=\"twitter:site\" content=\"@hudo_si\" \/>\n<meta name=\"twitter:label1\" content=\"Written by\" \/>\n\t<meta name=\"twitter:data1\" content=\"A. P., STA\" \/>\n\t<meta name=\"twitter:label2\" content=\"Est. reading time\" \/>\n\t<meta name=\"twitter:data2\" content=\"2 minuti\" \/>\n<script type=\"application\/ld+json\" class=\"yoast-schema-graph\">{\"@context\":\"https:\/\/schema.org\",\"@graph\":[{\"@type\":\"Article\",\"@id\":\"https:\/\/hudo.com\/si\/aktualno\/prve-briske-cesnje-ze-naprodaj\/#article\",\"isPartOf\":{\"@id\":\"https:\/\/hudo.com\/si\/aktualno\/prve-briske-cesnje-ze-naprodaj\/\"},\"author\":{\"name\":\"A. P., STA\",\"@id\":\"https:\/\/hudo.com\/si\/#\/schema\/person\/18f09c02475ba9e606e941a565b80cff\"},\"headline\":\"Prve bri\u0161ke \u010de\u0161nje so \u017ee naprodaj\",\"datePublished\":\"2020-05-09T06:40:07+00:00\",\"dateModified\":\"2020-05-09T06:40:07+00:00\",\"mainEntityOfPage\":{\"@id\":\"https:\/\/hudo.com\/si\/aktualno\/prve-briske-cesnje-ze-naprodaj\/\"},\"wordCount\":405,\"publisher\":{\"@id\":\"https:\/\/hudo.com\/si\/#organization\"},\"keywords\":[\"\u010de\u0161nje\",\"gori\u0161ka brda\",\"sadje\",\"Slovenija\",\"vipavska dolina\"],\"articleSection\":[\"Aktualno\"],\"inLanguage\":\"sl-SI\"},{\"@type\":\"WebPage\",\"@id\":\"https:\/\/hudo.com\/si\/aktualno\/prve-briske-cesnje-ze-naprodaj\/\",\"url\":\"https:\/\/hudo.com\/si\/aktualno\/prve-briske-cesnje-ze-naprodaj\/\",\"name\":\"Prve bri\u0161ke \u010de\u0161nje so \u017ee naprodaj - Hudo Slovenija\",\"isPartOf\":{\"@id\":\"https:\/\/hudo.com\/si\/#website\"},\"datePublished\":\"2020-05-09T06:40:07+00:00\",\"dateModified\":\"2020-05-09T06:40:07+00:00\",\"breadcrumb\":{\"@id\":\"https:\/\/hudo.com\/si\/aktualno\/prve-briske-cesnje-ze-naprodaj\/#breadcrumb\"},\"inLanguage\":\"sl-SI\",\"potentialAction\":[{\"@type\":\"ReadAction\",\"target\":[\"https:\/\/hudo.com\/si\/aktualno\/prve-briske-cesnje-ze-naprodaj\/\"]}]},{\"@type\":\"BreadcrumbList\",\"@id\":\"https:\/\/hudo.com\/si\/aktualno\/prve-briske-cesnje-ze-naprodaj\/#breadcrumb\",\"itemListElement\":[{\"@type\":\"ListItem\",\"position\":1,\"name\":\"Home\",\"item\":\"https:\/\/hudo.com\/si\/\"},{\"@type\":\"ListItem\",\"position\":2,\"name\":\"Prve bri\u0161ke \u010de\u0161nje so \u017ee naprodaj\"}]},{\"@type\":\"WebSite\",\"@id\":\"https:\/\/hudo.com\/si\/#website\",\"url\":\"https:\/\/hudo.com\/si\/\",\"name\":\"Hudo Slovenija\",\"description\":\"Vse novice iz Slovenije in sveta\",\"publisher\":{\"@id\":\"https:\/\/hudo.com\/si\/#organization\"},\"potentialAction\":[{\"@type\":\"SearchAction\",\"target\":{\"@type\":\"EntryPoint\",\"urlTemplate\":\"https:\/\/hudo.com\/si\/?s={search_term_string}\"},\"query-input\":\"required name=search_term_string\"}],\"inLanguage\":\"sl-SI\"},{\"@type\":\"Organization\",\"@id\":\"https:\/\/hudo.com\/si\/#organization\",\"name\":\"VSN Media\",\"url\":\"https:\/\/hudo.com\/si\/\",\"logo\":{\"@type\":\"ImageObject\",\"inLanguage\":\"sl-SI\",\"@id\":\"https:\/\/hudo.com\/si\/#\/schema\/logo\/image\/\",\"url\":\"https:\/\/hudo.com\/si\/wp-content\/uploads\/sites\/2\/2021\/03\/hudo-app-2.png\",\"contentUrl\":\"https:\/\/hudo.com\/si\/wp-content\/uploads\/sites\/2\/2021\/03\/hudo-app-2.png\",\"width\":2185,\"height\":2167,\"caption\":\"VSN Media\"},\"image\":{\"@id\":\"https:\/\/hudo.com\/si\/#\/schema\/logo\/image\/\"},\"sameAs\":[\"https:\/\/www.facebook.com\/hudo.si\",\"https:\/\/twitter.com\/hudo_si\"]},{\"@type\":\"Person\",\"@id\":\"https:\/\/hudo.com\/si\/#\/schema\/person\/18f09c02475ba9e606e941a565b80cff\",\"name\":\"A. P., STA\",\"image\":{\"@type\":\"ImageObject\",\"inLanguage\":\"sl-SI\",\"@id\":\"https:\/\/hudo.com\/si\/#\/schema\/person\/image\/\",\"url\":\"https:\/\/secure.gravatar.com\/avatar\/03eac8e609f5f04383125d80eaeaaf3e?s=96&d=mm&r=g\",\"contentUrl\":\"https:\/\/secure.gravatar.com\/avatar\/03eac8e609f5f04383125d80eaeaaf3e?s=96&d=mm&r=g\",\"caption\":\"A. P., STA\"},\"url\":\"https:\/\/hudo.com\/si\/author\/lubu\/\"}]}<\/script>\n<!-- \/ Yoast SEO plugin. -->","yoast_head_json":{"title":"Prve bri\u0161ke \u010de\u0161nje so \u017ee naprodaj - Hudo Slovenija","robots":{"index":"index","follow":"follow","max-snippet":"max-snippet:-1","max-image-preview":"max-image-preview:large","max-video-preview":"max-video-preview:-1"},"canonical":"https:\/\/hudo.com\/si\/aktualno\/prve-briske-cesnje-ze-naprodaj\/","og_locale":"sl_SI","og_type":"article","og_title":"Prve bri\u0161ke \u010de\u0161nje so \u017ee naprodaj - Hudo Slovenija","og_description":"Sadjarji v Gori\u0161kih Brdih in Vipavski dolini so \u017ee obrali prve leto\u0161nje \u010de\u0161nje. Kljub nekoliko slabim napovedim leto\u0161nje letine zaradi pozebe, ki je v za\u010detku aprila prizadela nekatere sadovnjake na Primorskem, bo \u010de\u0161enj po besedah pridelovalca Radovana Jeline iz Gori\u0161kih Brd dovolj.","og_url":"https:\/\/hudo.com\/si\/aktualno\/prve-briske-cesnje-ze-naprodaj\/","og_site_name":"Hudo Slovenija","article_publisher":"https:\/\/www.facebook.com\/hudo.si","article_published_time":"2020-05-09T06:40:07+00:00","og_image":[{"width":1250,"height":813,"url":"https:\/\/hudo.com\/si\/wp-content\/uploads\/sites\/2\/2020\/05\/profimedia-0080127667.jpg","type":"image\/jpeg"}],"author":"A. P., STA","twitter_card":"summary_large_image","twitter_creator":"@hudo_si","twitter_site":"@hudo_si","twitter_misc":{"Written by":"A. P., STA","Est. reading time":"2 minuti"},"schema":{"@context":"https:\/\/schema.org","@graph":[{"@type":"Article","@id":"https:\/\/hudo.com\/si\/aktualno\/prve-briske-cesnje-ze-naprodaj\/#article","isPartOf":{"@id":"https:\/\/hudo.com\/si\/aktualno\/prve-briske-cesnje-ze-naprodaj\/"},"author":{"name":"A. P., STA","@id":"https:\/\/hudo.com\/si\/#\/schema\/person\/18f09c02475ba9e606e941a565b80cff"},"headline":"Prve bri\u0161ke \u010de\u0161nje so \u017ee naprodaj","datePublished":"2020-05-09T06:40:07+00:00","dateModified":"2020-05-09T06:40:07+00:00","mainEntityOfPage":{"@id":"https:\/\/hudo.com\/si\/aktualno\/prve-briske-cesnje-ze-naprodaj\/"},"wordCount":405,"publisher":{"@id":"https:\/\/hudo.com\/si\/#organization"},"keywords":["\u010de\u0161nje","gori\u0161ka brda","sadje","Slovenija","vipavska dolina"],"articleSection":["Aktualno"],"inLanguage":"sl-SI"},{"@type":"WebPage","@id":"https:\/\/hudo.com\/si\/aktualno\/prve-briske-cesnje-ze-naprodaj\/","url":"https:\/\/hudo.com\/si\/aktualno\/prve-briske-cesnje-ze-naprodaj\/","name":"Prve bri\u0161ke \u010de\u0161nje so \u017ee naprodaj - Hudo Slovenija","isPartOf":{"@id":"https:\/\/hudo.com\/si\/#website"},"datePublished":"2020-05-09T06:40:07+00:00","dateModified":"2020-05-09T06:40:07+00:00","breadcrumb":{"@id":"https:\/\/hudo.com\/si\/aktualno\/prve-briske-cesnje-ze-naprodaj\/#breadcrumb"},"inLanguage":"sl-SI","potentialAction":[{"@type":"ReadAction","target":["https:\/\/hudo.com\/si\/aktualno\/prve-briske-cesnje-ze-naprodaj\/"]}]},{"@type":"BreadcrumbList","@id":"https:\/\/hudo.com\/si\/aktualno\/prve-briske-cesnje-ze-naprodaj\/#breadcrumb","itemListElement":[{"@type":"ListItem","position":1,"name":"Home","item":"https:\/\/hudo.com\/si\/"},{"@type":"ListItem","position":2,"name":"Prve bri\u0161ke \u010de\u0161nje so \u017ee naprodaj"}]},{"@type":"WebSite","@id":"https:\/\/hudo.com\/si\/#website","url":"https:\/\/hudo.com\/si\/","name":"Hudo Slovenija","description":"Vse novice iz Slovenije in sveta","publisher":{"@id":"https:\/\/hudo.com\/si\/#organization"},"potentialAction":[{"@type":"SearchAction","target":{"@type":"EntryPoint","urlTemplate":"https:\/\/hudo.com\/si\/?s={search_term_string}"},"query-input":"required name=search_term_string"}],"inLanguage":"sl-SI"},{"@type":"Organization","@id":"https:\/\/hudo.com\/si\/#organization","name":"VSN Media","url":"https:\/\/hudo.com\/si\/","logo":{"@type":"ImageObject","inLanguage":"sl-SI","@id":"https:\/\/hudo.com\/si\/#\/schema\/logo\/image\/","url":"https:\/\/hudo.com\/si\/wp-content\/uploads\/sites\/2\/2021\/03\/hudo-app-2.png","contentUrl":"https:\/\/hudo.com\/si\/wp-content\/uploads\/sites\/2\/2021\/03\/hudo-app-2.png","width":2185,"height":2167,"caption":"VSN Media"},"image":{"@id":"https:\/\/hudo.com\/si\/#\/schema\/logo\/image\/"},"sameAs":["https:\/\/www.facebook.com\/hudo.si","https:\/\/twitter.com\/hudo_si"]},{"@type":"Person","@id":"https:\/\/hudo.com\/si\/#\/schema\/person\/18f09c02475ba9e606e941a565b80cff","name":"A. P., STA","image":{"@type":"ImageObject","inLanguage":"sl-SI","@id":"https:\/\/hudo.com\/si\/#\/schema\/person\/image\/","url":"https:\/\/secure.gravatar.com\/avatar\/03eac8e609f5f04383125d80eaeaaf3e?s=96&d=mm&r=g","contentUrl":"https:\/\/secure.gravatar.com\/avatar\/03eac8e609f5f04383125d80eaeaaf3e?s=96&d=mm&r=g","caption":"A. P., STA"},"url":"https:\/\/hudo.com\/si\/author\/lubu\/"}]}},"amp_enabled":true,"_links":{"self":[{"href":"https:\/\/hudo.com\/si\/wp-json\/wp\/v2\/posts\/422667"}],"collection":[{"href":"https:\/\/hudo.com\/si\/wp-json\/wp\/v2\/posts"}],"about":[{"href":"https:\/\/hudo.com\/si\/wp-json\/wp\/v2\/types\/post"}],"author":[{"embeddable":true,"href":"https:\/\/hudo.com\/si\/wp-json\/wp\/v2\/users\/7"}],"replies":[{"embeddable":true,"href":"https:\/\/hudo.com\/si\/wp-json\/wp\/v2\/comments?post=422667"}],"version-history":[{"count":1,"href":"https:\/\/hudo.com\/si\/wp-json\/wp\/v2\/posts\/422667\/revisions"}],"predecessor-version":[{"id":422669,"href":"https:\/\/hudo.com\/si\/wp-json\/wp\/v2\/posts\/422667\/revisions\/422669"}],"wp:featuredmedia":[{"embeddable":true,"href":"https:\/\/hudo.com\/si\/wp-json\/wp\/v2\/media\/422668"}],"wp:attachment":[{"href":"https:\/\/hudo.com\/si\/wp-json\/wp\/v2\/media?parent=422667"}],"wp:term":[{"taxonomy":"category","embeddable":true,"href":"https:\/\/hudo.com\/si\/wp-json\/wp\/v2\/categories?post=422667"},{"taxonomy":"post_tag","embeddable":true,"href":"https:\/\/hudo.com\/si\/wp-json\/wp\/v2\/tags?post=422667"},{"taxonomy":"source","embeddable":true,"href":"https:\/\/hudo.com\/si\/wp-json\/wp\/v2\/source?post=422667"},{"taxonomy":"supertag","embeddable":true,"href":"https:\/\/hudo.com\/si\/wp-json\/wp\/v2\/supertag?post=422667"}],"curies":[{"name":"wp","href":"https:\/\/api.w.org\/{rel}","templated":true}]}}