{"id":422698,"date":"2020-05-09T20:20:58","date_gmt":"2020-05-09T18:20:58","guid":{"rendered":"http:\/\/hudo.com\/si\/?p=422698"},"modified":"2020-05-10T07:22:51","modified_gmt":"2020-05-10T05:22:51","slug":"v-reki-soci-iscejo-mlajsega-poljaka","status":"publish","type":"post","link":"https:\/\/hudo.com\/si\/aktualno\/v-reki-soci-iscejo-mlajsega-poljaka\/","title":{"rendered":"V reki So\u010di i\u0161\u010dejo mlaj\u0161ega Poljaka"},"content":{"rendered":"<p>Poljak je hodil s \u0161e petimi prijatelji ob reki So\u010di, pri tem mu je zdrsnilo in je padel v reko.<\/p>\n<p>Na kraj nesre\u010de so poleg policistov pri\u0161li tudi gasilci in pripadniki Gorske re\u0161evalne slu\u017ebe iz Bovca. \u010ce ga danes ne bodo na\u0161li, bodo iskanje nadaljevali v nedeljo zjutraj.<\/p>\n<p>O nesre\u010di so obvestili tudi preiskovalno sodnico in pristojno dr\u017eavno to\u017eilstvo.<\/p>\n","protected":false},"excerpt":{"rendered":"<p>Pri Velikih koritih v bli\u017eini vasi So\u010da je v reko So\u010do nekaj pred 17. uro padel mlaj\u0161i mo\u0161ki. Po neuradnih podatkih gre za poljskega dr\u017eavljana, ki ga \u0161e vedno i\u0161\u010dejo, je za STA povedal tiskovni predstavnik Policijske Nova Gorica Dean Bo\u017enik.<\/p>\n","protected":false},"author":7,"featured_media":375059,"comment_status":"closed","ping_status":"closed","sticky":false,"template":"","format":"standard","meta":{"footnotes":""},"categories":[1179],"tags":[4688,11847,1595],"source":[4511],"supertag":[7150],"acf":[],"yoast_head":"<!-- This site is optimized with the Yoast SEO plugin v21.3 - https:\/\/yoast.com\/wordpress\/plugins\/seo\/ -->\n<title>V reki So\u010di i\u0161\u010dejo mlaj\u0161ega Poljaka - Hudo Slovenija<\/title>\n<meta name=\"robots\" content=\"index, follow, max-snippet:-1, max-image-preview:large, max-video-preview:-1\" \/>\n<link rel=\"canonical\" href=\"https:\/\/hudo.com\/si\/aktualno\/v-reki-soci-iscejo-mlajsega-poljaka\/\" \/>\n<meta property=\"og:locale\" content=\"sl_SI\" \/>\n<meta property=\"og:type\" content=\"article\" \/>\n<meta property=\"og:title\" content=\"V reki So\u010di i\u0161\u010dejo mlaj\u0161ega Poljaka - Hudo Slovenija\" \/>\n<meta property=\"og:description\" content=\"Pri Velikih koritih v bli\u017eini vasi So\u010da je v reko So\u010do nekaj pred 17. uro padel mlaj\u0161i mo\u0161ki. Po neuradnih podatkih gre za poljskega dr\u017eavljana, ki ga \u0161e vedno i\u0161\u010dejo, je za STA povedal tiskovni predstavnik Policijske Nova Gorica Dean Bo\u017enik.\" \/>\n<meta property=\"og:url\" content=\"https:\/\/hudo.com\/si\/aktualno\/v-reki-soci-iscejo-mlajsega-poljaka\/\" \/>\n<meta property=\"og:site_name\" content=\"Hudo Slovenija\" \/>\n<meta property=\"article:publisher\" content=\"https:\/\/www.facebook.com\/hudo.si\" \/>\n<meta property=\"article:published_time\" content=\"2020-05-09T18:20:58+00:00\" \/>\n<meta property=\"article:modified_time\" content=\"2020-05-10T05:22:51+00:00\" \/>\n<meta property=\"og:image\" content=\"https:\/\/hudo.com\/si\/wp-content\/uploads\/sites\/2\/2018\/08\/profimedia-0010181475.jpg\" \/>\n\t<meta property=\"og:image:width\" content=\"1250\" \/>\n\t<meta property=\"og:image:height\" content=\"836\" \/>\n\t<meta property=\"og:image:type\" content=\"image\/jpeg\" \/>\n<meta name=\"author\" content=\"A. P., STA\" \/>\n<meta name=\"twitter:card\" content=\"summary_large_image\" \/>\n<meta name=\"twitter:creator\" content=\"@hudo_si\" \/>\n<meta name=\"twitter:site\" content=\"@hudo_si\" \/>\n<meta name=\"twitter:label1\" content=\"Written by\" \/>\n\t<meta name=\"twitter:data1\" content=\"A. P., STA\" \/>\n<script type=\"application\/ld+json\" class=\"yoast-schema-graph\">{\"@context\":\"https:\/\/schema.org\",\"@graph\":[{\"@type\":\"Article\",\"@id\":\"https:\/\/hudo.com\/si\/aktualno\/v-reki-soci-iscejo-mlajsega-poljaka\/#article\",\"isPartOf\":{\"@id\":\"https:\/\/hudo.com\/si\/aktualno\/v-reki-soci-iscejo-mlajsega-poljaka\/\"},\"author\":{\"name\":\"A. P., STA\",\"@id\":\"https:\/\/hudo.com\/si\/#\/schema\/person\/18f09c02475ba9e606e941a565b80cff\"},\"headline\":\"V reki So\u010di i\u0161\u010dejo mlaj\u0161ega Poljaka\",\"datePublished\":\"2020-05-09T18:20:58+00:00\",\"dateModified\":\"2020-05-10T05:22:51+00:00\",\"mainEntityOfPage\":{\"@id\":\"https:\/\/hudo.com\/si\/aktualno\/v-reki-soci-iscejo-mlajsega-poljaka\/\"},\"wordCount\":77,\"publisher\":{\"@id\":\"https:\/\/hudo.com\/si\/#organization\"},\"keywords\":[\"\u010drna kronika\",\"iskalna akcija\",\"Slovenija\"],\"articleSection\":[\"Aktualno\"],\"inLanguage\":\"sl-SI\"},{\"@type\":\"WebPage\",\"@id\":\"https:\/\/hudo.com\/si\/aktualno\/v-reki-soci-iscejo-mlajsega-poljaka\/\",\"url\":\"https:\/\/hudo.com\/si\/aktualno\/v-reki-soci-iscejo-mlajsega-poljaka\/\",\"name\":\"V reki So\u010di i\u0161\u010dejo mlaj\u0161ega Poljaka - Hudo Slovenija\",\"isPartOf\":{\"@id\":\"https:\/\/hudo.com\/si\/#website\"},\"datePublished\":\"2020-05-09T18:20:58+00:00\",\"dateModified\":\"2020-05-10T05:22:51+00:00\",\"breadcrumb\":{\"@id\":\"https:\/\/hudo.com\/si\/aktualno\/v-reki-soci-iscejo-mlajsega-poljaka\/#breadcrumb\"},\"inLanguage\":\"sl-SI\",\"potentialAction\":[{\"@type\":\"ReadAction\",\"target\":[\"https:\/\/hudo.com\/si\/aktualno\/v-reki-soci-iscejo-mlajsega-poljaka\/\"]}]},{\"@type\":\"BreadcrumbList\",\"@id\":\"https:\/\/hudo.com\/si\/aktualno\/v-reki-soci-iscejo-mlajsega-poljaka\/#breadcrumb\",\"itemListElement\":[{\"@type\":\"ListItem\",\"position\":1,\"name\":\"Home\",\"item\":\"https:\/\/hudo.com\/si\/\"},{\"@type\":\"ListItem\",\"position\":2,\"name\":\"V reki So\u010di i\u0161\u010dejo mlaj\u0161ega Poljaka\"}]},{\"@type\":\"WebSite\",\"@id\":\"https:\/\/hudo.com\/si\/#website\",\"url\":\"https:\/\/hudo.com\/si\/\",\"name\":\"Hudo Slovenija\",\"description\":\"Vse novice iz Slovenije in sveta\",\"publisher\":{\"@id\":\"https:\/\/hudo.com\/si\/#organization\"},\"potentialAction\":[{\"@type\":\"SearchAction\",\"target\":{\"@type\":\"EntryPoint\",\"urlTemplate\":\"https:\/\/hudo.com\/si\/?s={search_term_string}\"},\"query-input\":\"required name=search_term_string\"}],\"inLanguage\":\"sl-SI\"},{\"@type\":\"Organization\",\"@id\":\"https:\/\/hudo.com\/si\/#organization\",\"name\":\"VSN Media\",\"url\":\"https:\/\/hudo.com\/si\/\",\"logo\":{\"@type\":\"ImageObject\",\"inLanguage\":\"sl-SI\",\"@id\":\"https:\/\/hudo.com\/si\/#\/schema\/logo\/image\/\",\"url\":\"https:\/\/hudo.com\/si\/wp-content\/uploads\/sites\/2\/2021\/03\/hudo-app-2.png\",\"contentUrl\":\"https:\/\/hudo.com\/si\/wp-content\/uploads\/sites\/2\/2021\/03\/hudo-app-2.png\",\"width\":2185,\"height\":2167,\"caption\":\"VSN Media\"},\"image\":{\"@id\":\"https:\/\/hudo.com\/si\/#\/schema\/logo\/image\/\"},\"sameAs\":[\"https:\/\/www.facebook.com\/hudo.si\",\"https:\/\/twitter.com\/hudo_si\"]},{\"@type\":\"Person\",\"@id\":\"https:\/\/hudo.com\/si\/#\/schema\/person\/18f09c02475ba9e606e941a565b80cff\",\"name\":\"A. P., STA\",\"image\":{\"@type\":\"ImageObject\",\"inLanguage\":\"sl-SI\",\"@id\":\"https:\/\/hudo.com\/si\/#\/schema\/person\/image\/\",\"url\":\"https:\/\/secure.gravatar.com\/avatar\/03eac8e609f5f04383125d80eaeaaf3e?s=96&d=mm&r=g\",\"contentUrl\":\"https:\/\/secure.gravatar.com\/avatar\/03eac8e609f5f04383125d80eaeaaf3e?s=96&d=mm&r=g\",\"caption\":\"A. P., STA\"},\"url\":\"https:\/\/hudo.com\/si\/author\/lubu\/\"}]}<\/script>\n<!-- \/ Yoast SEO plugin. -->","yoast_head_json":{"title":"V reki So\u010di i\u0161\u010dejo mlaj\u0161ega Poljaka - Hudo Slovenija","robots":{"index":"index","follow":"follow","max-snippet":"max-snippet:-1","max-image-preview":"max-image-preview:large","max-video-preview":"max-video-preview:-1"},"canonical":"https:\/\/hudo.com\/si\/aktualno\/v-reki-soci-iscejo-mlajsega-poljaka\/","og_locale":"sl_SI","og_type":"article","og_title":"V reki So\u010di i\u0161\u010dejo mlaj\u0161ega Poljaka - Hudo Slovenija","og_description":"Pri Velikih koritih v bli\u017eini vasi So\u010da je v reko So\u010do nekaj pred 17. uro padel mlaj\u0161i mo\u0161ki. Po neuradnih podatkih gre za poljskega dr\u017eavljana, ki ga \u0161e vedno i\u0161\u010dejo, je za STA povedal tiskovni predstavnik Policijske Nova Gorica Dean Bo\u017enik.","og_url":"https:\/\/hudo.com\/si\/aktualno\/v-reki-soci-iscejo-mlajsega-poljaka\/","og_site_name":"Hudo Slovenija","article_publisher":"https:\/\/www.facebook.com\/hudo.si","article_published_time":"2020-05-09T18:20:58+00:00","article_modified_time":"2020-05-10T05:22:51+00:00","og_image":[{"width":1250,"height":836,"url":"https:\/\/hudo.com\/si\/wp-content\/uploads\/sites\/2\/2018\/08\/profimedia-0010181475.jpg","type":"image\/jpeg"}],"author":"A. P., STA","twitter_card":"summary_large_image","twitter_creator":"@hudo_si","twitter_site":"@hudo_si","twitter_misc":{"Written by":"A. P., STA"},"schema":{"@context":"https:\/\/schema.org","@graph":[{"@type":"Article","@id":"https:\/\/hudo.com\/si\/aktualno\/v-reki-soci-iscejo-mlajsega-poljaka\/#article","isPartOf":{"@id":"https:\/\/hudo.com\/si\/aktualno\/v-reki-soci-iscejo-mlajsega-poljaka\/"},"author":{"name":"A. P., STA","@id":"https:\/\/hudo.com\/si\/#\/schema\/person\/18f09c02475ba9e606e941a565b80cff"},"headline":"V reki So\u010di i\u0161\u010dejo mlaj\u0161ega Poljaka","datePublished":"2020-05-09T18:20:58+00:00","dateModified":"2020-05-10T05:22:51+00:00","mainEntityOfPage":{"@id":"https:\/\/hudo.com\/si\/aktualno\/v-reki-soci-iscejo-mlajsega-poljaka\/"},"wordCount":77,"publisher":{"@id":"https:\/\/hudo.com\/si\/#organization"},"keywords":["\u010drna kronika","iskalna akcija","Slovenija"],"articleSection":["Aktualno"],"inLanguage":"sl-SI"},{"@type":"WebPage","@id":"https:\/\/hudo.com\/si\/aktualno\/v-reki-soci-iscejo-mlajsega-poljaka\/","url":"https:\/\/hudo.com\/si\/aktualno\/v-reki-soci-iscejo-mlajsega-poljaka\/","name":"V reki So\u010di i\u0161\u010dejo mlaj\u0161ega Poljaka - Hudo Slovenija","isPartOf":{"@id":"https:\/\/hudo.com\/si\/#website"},"datePublished":"2020-05-09T18:20:58+00:00","dateModified":"2020-05-10T05:22:51+00:00","breadcrumb":{"@id":"https:\/\/hudo.com\/si\/aktualno\/v-reki-soci-iscejo-mlajsega-poljaka\/#breadcrumb"},"inLanguage":"sl-SI","potentialAction":[{"@type":"ReadAction","target":["https:\/\/hudo.com\/si\/aktualno\/v-reki-soci-iscejo-mlajsega-poljaka\/"]}]},{"@type":"BreadcrumbList","@id":"https:\/\/hudo.com\/si\/aktualno\/v-reki-soci-iscejo-mlajsega-poljaka\/#breadcrumb","itemListElement":[{"@type":"ListItem","position":1,"name":"Home","item":"https:\/\/hudo.com\/si\/"},{"@type":"ListItem","position":2,"name":"V reki So\u010di i\u0161\u010dejo mlaj\u0161ega Poljaka"}]},{"@type":"WebSite","@id":"https:\/\/hudo.com\/si\/#website","url":"https:\/\/hudo.com\/si\/","name":"Hudo Slovenija","description":"Vse novice iz Slovenije in sveta","publisher":{"@id":"https:\/\/hudo.com\/si\/#organization"},"potentialAction":[{"@type":"SearchAction","target":{"@type":"EntryPoint","urlTemplate":"https:\/\/hudo.com\/si\/?s={search_term_string}"},"query-input":"required name=search_term_string"}],"inLanguage":"sl-SI"},{"@type":"Organization","@id":"https:\/\/hudo.com\/si\/#organization","name":"VSN Media","url":"https:\/\/hudo.com\/si\/","logo":{"@type":"ImageObject","inLanguage":"sl-SI","@id":"https:\/\/hudo.com\/si\/#\/schema\/logo\/image\/","url":"https:\/\/hudo.com\/si\/wp-content\/uploads\/sites\/2\/2021\/03\/hudo-app-2.png","contentUrl":"https:\/\/hudo.com\/si\/wp-content\/uploads\/sites\/2\/2021\/03\/hudo-app-2.png","width":2185,"height":2167,"caption":"VSN Media"},"image":{"@id":"https:\/\/hudo.com\/si\/#\/schema\/logo\/image\/"},"sameAs":["https:\/\/www.facebook.com\/hudo.si","https:\/\/twitter.com\/hudo_si"]},{"@type":"Person","@id":"https:\/\/hudo.com\/si\/#\/schema\/person\/18f09c02475ba9e606e941a565b80cff","name":"A. P., STA","image":{"@type":"ImageObject","inLanguage":"sl-SI","@id":"https:\/\/hudo.com\/si\/#\/schema\/person\/image\/","url":"https:\/\/secure.gravatar.com\/avatar\/03eac8e609f5f04383125d80eaeaaf3e?s=96&d=mm&r=g","contentUrl":"https:\/\/secure.gravatar.com\/avatar\/03eac8e609f5f04383125d80eaeaaf3e?s=96&d=mm&r=g","caption":"A. P., STA"},"url":"https:\/\/hudo.com\/si\/author\/lubu\/"}]}},"amp_enabled":true,"_links":{"self":[{"href":"https:\/\/hudo.com\/si\/wp-json\/wp\/v2\/posts\/422698"}],"collection":[{"href":"https:\/\/hudo.com\/si\/wp-json\/wp\/v2\/posts"}],"about":[{"href":"https:\/\/hudo.com\/si\/wp-json\/wp\/v2\/types\/post"}],"author":[{"embeddable":true,"href":"https:\/\/hudo.com\/si\/wp-json\/wp\/v2\/users\/7"}],"replies":[{"embeddable":true,"href":"https:\/\/hudo.com\/si\/wp-json\/wp\/v2\/comments?post=422698"}],"version-history":[{"count":1,"href":"https:\/\/hudo.com\/si\/wp-json\/wp\/v2\/posts\/422698\/revisions"}],"predecessor-version":[{"id":422699,"href":"https:\/\/hudo.com\/si\/wp-json\/wp\/v2\/posts\/422698\/revisions\/422699"}],"wp:featuredmedia":[{"embeddable":true,"href":"https:\/\/hudo.com\/si\/wp-json\/wp\/v2\/media\/375059"}],"wp:attachment":[{"href":"https:\/\/hudo.com\/si\/wp-json\/wp\/v2\/media?parent=422698"}],"wp:term":[{"taxonomy":"category","embeddable":true,"href":"https:\/\/hudo.com\/si\/wp-json\/wp\/v2\/categories?post=422698"},{"taxonomy":"post_tag","embeddable":true,"href":"https:\/\/hudo.com\/si\/wp-json\/wp\/v2\/tags?post=422698"},{"taxonomy":"source","embeddable":true,"href":"https:\/\/hudo.com\/si\/wp-json\/wp\/v2\/source?post=422698"},{"taxonomy":"supertag","embeddable":true,"href":"https:\/\/hudo.com\/si\/wp-json\/wp\/v2\/supertag?post=422698"}],"curies":[{"name":"wp","href":"https:\/\/api.w.org\/{rel}","templated":true}]}}