{"id":422709,"date":"2020-05-10T09:21:08","date_gmt":"2020-05-10T07:21:08","guid":{"rendered":"http:\/\/hudo.com\/si\/?p=422709"},"modified":"2020-05-10T09:21:08","modified_gmt":"2020-05-10T07:21:08","slug":"vreme-dopoldne-oblacno-popoldne-delna-razjasnitev","status":"publish","type":"post","link":"https:\/\/hudo.com\/si\/aktualno\/vreme-dopoldne-oblacno-popoldne-delna-razjasnitev\/","title":{"rendered":"Vreme: Dopoldne obla\u010dno, popoldne delna razjasnitev"},"content":{"rendered":"<p>V ponedeljek se bo od zahoda spet poobla\u010dilo. Dopoldne se bodo v zahodni polovici Slovenije za\u010dele pojavljati padavine, deloma plohe, ki bodo sredi dneva in popoldne ob\u010dasno segle tudi nad osrednje kraje. Na vzhodu bodo vmes tudi son\u010dna obdobja. Pihal bo okrepljen jugozahodni veter, ob morju jugo. Najni\u017eje jutranje temperature bodo od 8 do 15, najvi\u0161je dnevne od 15 do 23 stopinj Celzija.<\/p>\n<p>Obeti: V no\u010di na torek se bo de\u017e na zahodu okrepil in do jutra zajel vso Slovenijo. V torek bo obla\u010dno in de\u017eevno, le na severovzhodu bo dan pove\u010dini brez padavin. Ohladilo se bo, zapihal bo severovzhodni veter, na Primorskem burja.<\/p>\n<p>V sredo bo prete\u017eno obla\u010dno, ob\u010dasno bo ponekod rahlo de\u017eevalo.<\/p>\n<p>Vremenska slika: Nad zahodnim delom Sredozemlja se poglablja ciklonsko obmo\u010dje. Od jugozahoda doteka k nam topel in ob\u010dasno bolj vla\u017een zrak.<\/p>\n<p>Napoved za sosednje pokrajine: Danes bo zmerno, ob\u010dasno ponekod prete\u017eno obla\u010dno. Pihal bo veter ju\u017enih smeri.<\/p>\n<p>V ponedeljek se bo od zahoda poobla\u010dilo. Dopoldne bodo v sosednjih krajih Italije in zahodne Hrva\u0161ke ob\u010dasno padavine, popoldne se bodo krajevne plohe pojavljale tudi nekoliko vzhodneje. Pihal bo okrepljen jugozahodni veter, ob Jadranu jugo.<\/p>\n<p>Biovreme: Vpliv vremena na po\u010dutje ljudi bo ugoden in spodbuden. V no\u010di na ponedeljek bo obremenitev nara\u0161\u010dala. V ponedeljek bo vremensko obremenitev ob\u010dutilo veliko ljudi. Pojavljala se bo v obliki slabega po\u010dutja, s pove\u010danim notranjim nemirom, razdra\u017eljivostjo, utrujenostjo in potrtostjo. Spanje v no\u010di na torek bo moteno.<\/p>\n","protected":false},"excerpt":{"rendered":"<p>Dopoldne bo zmerno do prete\u017eno obla\u010dno, na zahodu lahko pade kak\u0161na kaplja de\u017eja. Popoldne se bo delno razjasnilo. Pihal bo jugozahodni veter, ob morju jugo. Najvi\u0161je dnevne temperature bodo od 19 do 24 stopinj Celzija, je zapisano na spletnih straneh Agencije RS za okolje.<\/p>\n","protected":false},"author":7,"featured_media":422710,"comment_status":"closed","ping_status":"closed","sticky":false,"template":"","format":"standard","meta":{"footnotes":""},"categories":[1179],"tags":[1595,2149,7416],"source":[4511],"supertag":[12922],"acf":[],"yoast_head":"<!-- This site is optimized with the Yoast SEO plugin v21.3 - https:\/\/yoast.com\/wordpress\/plugins\/seo\/ -->\n<title>Vreme: Dopoldne obla\u010dno, popoldne delna razjasnitev - Hudo Slovenija<\/title>\n<meta name=\"robots\" content=\"index, follow, max-snippet:-1, max-image-preview:large, max-video-preview:-1\" \/>\n<link rel=\"canonical\" href=\"https:\/\/hudo.com\/si\/aktualno\/vreme-dopoldne-oblacno-popoldne-delna-razjasnitev\/\" \/>\n<meta property=\"og:locale\" content=\"sl_SI\" \/>\n<meta property=\"og:type\" content=\"article\" \/>\n<meta property=\"og:title\" content=\"Vreme: Dopoldne obla\u010dno, popoldne delna razjasnitev - Hudo Slovenija\" \/>\n<meta property=\"og:description\" content=\"Dopoldne bo zmerno do prete\u017eno obla\u010dno, na zahodu lahko pade kak\u0161na kaplja de\u017eja. Popoldne se bo delno razjasnilo. Pihal bo jugozahodni veter, ob morju jugo. Najvi\u0161je dnevne temperature bodo od 19 do 24 stopinj Celzija, je zapisano na spletnih straneh Agencije RS za okolje.\" \/>\n<meta property=\"og:url\" content=\"https:\/\/hudo.com\/si\/aktualno\/vreme-dopoldne-oblacno-popoldne-delna-razjasnitev\/\" \/>\n<meta property=\"og:site_name\" content=\"Hudo Slovenija\" \/>\n<meta property=\"article:publisher\" content=\"https:\/\/www.facebook.com\/hudo.si\" \/>\n<meta property=\"article:published_time\" content=\"2020-05-10T07:21:08+00:00\" \/>\n<meta property=\"og:image\" content=\"https:\/\/hudo.com\/si\/wp-content\/uploads\/sites\/2\/2020\/05\/profimedia-0179486881.jpg\" \/>\n\t<meta property=\"og:image:width\" content=\"1250\" \/>\n\t<meta property=\"og:image:height\" content=\"833\" \/>\n\t<meta property=\"og:image:type\" content=\"image\/jpeg\" \/>\n<meta name=\"author\" content=\"A. P., STA\" \/>\n<meta name=\"twitter:card\" content=\"summary_large_image\" \/>\n<meta name=\"twitter:creator\" content=\"@hudo_si\" \/>\n<meta name=\"twitter:site\" content=\"@hudo_si\" \/>\n<meta name=\"twitter:label1\" content=\"Written by\" \/>\n\t<meta name=\"twitter:data1\" content=\"A. P., STA\" \/>\n\t<meta name=\"twitter:label2\" content=\"Est. reading time\" \/>\n\t<meta name=\"twitter:data2\" content=\"1 minuta\" \/>\n<script type=\"application\/ld+json\" class=\"yoast-schema-graph\">{\"@context\":\"https:\/\/schema.org\",\"@graph\":[{\"@type\":\"Article\",\"@id\":\"https:\/\/hudo.com\/si\/aktualno\/vreme-dopoldne-oblacno-popoldne-delna-razjasnitev\/#article\",\"isPartOf\":{\"@id\":\"https:\/\/hudo.com\/si\/aktualno\/vreme-dopoldne-oblacno-popoldne-delna-razjasnitev\/\"},\"author\":{\"name\":\"A. P., STA\",\"@id\":\"https:\/\/hudo.com\/si\/#\/schema\/person\/18f09c02475ba9e606e941a565b80cff\"},\"headline\":\"Vreme: Dopoldne obla\u010dno, popoldne delna razjasnitev\",\"datePublished\":\"2020-05-10T07:21:08+00:00\",\"dateModified\":\"2020-05-10T07:21:08+00:00\",\"mainEntityOfPage\":{\"@id\":\"https:\/\/hudo.com\/si\/aktualno\/vreme-dopoldne-oblacno-popoldne-delna-razjasnitev\/\"},\"wordCount\":268,\"publisher\":{\"@id\":\"https:\/\/hudo.com\/si\/#organization\"},\"keywords\":[\"Slovenija\",\"vreme\",\"vremenska napoved\"],\"articleSection\":[\"Aktualno\"],\"inLanguage\":\"sl-SI\"},{\"@type\":\"WebPage\",\"@id\":\"https:\/\/hudo.com\/si\/aktualno\/vreme-dopoldne-oblacno-popoldne-delna-razjasnitev\/\",\"url\":\"https:\/\/hudo.com\/si\/aktualno\/vreme-dopoldne-oblacno-popoldne-delna-razjasnitev\/\",\"name\":\"Vreme: Dopoldne obla\u010dno, popoldne delna razjasnitev - Hudo Slovenija\",\"isPartOf\":{\"@id\":\"https:\/\/hudo.com\/si\/#website\"},\"datePublished\":\"2020-05-10T07:21:08+00:00\",\"dateModified\":\"2020-05-10T07:21:08+00:00\",\"breadcrumb\":{\"@id\":\"https:\/\/hudo.com\/si\/aktualno\/vreme-dopoldne-oblacno-popoldne-delna-razjasnitev\/#breadcrumb\"},\"inLanguage\":\"sl-SI\",\"potentialAction\":[{\"@type\":\"ReadAction\",\"target\":[\"https:\/\/hudo.com\/si\/aktualno\/vreme-dopoldne-oblacno-popoldne-delna-razjasnitev\/\"]}]},{\"@type\":\"BreadcrumbList\",\"@id\":\"https:\/\/hudo.com\/si\/aktualno\/vreme-dopoldne-oblacno-popoldne-delna-razjasnitev\/#breadcrumb\",\"itemListElement\":[{\"@type\":\"ListItem\",\"position\":1,\"name\":\"Home\",\"item\":\"https:\/\/hudo.com\/si\/\"},{\"@type\":\"ListItem\",\"position\":2,\"name\":\"Vreme: Dopoldne obla\u010dno, popoldne delna razjasnitev\"}]},{\"@type\":\"WebSite\",\"@id\":\"https:\/\/hudo.com\/si\/#website\",\"url\":\"https:\/\/hudo.com\/si\/\",\"name\":\"Hudo Slovenija\",\"description\":\"Vse novice iz Slovenije in sveta\",\"publisher\":{\"@id\":\"https:\/\/hudo.com\/si\/#organization\"},\"potentialAction\":[{\"@type\":\"SearchAction\",\"target\":{\"@type\":\"EntryPoint\",\"urlTemplate\":\"https:\/\/hudo.com\/si\/?s={search_term_string}\"},\"query-input\":\"required name=search_term_string\"}],\"inLanguage\":\"sl-SI\"},{\"@type\":\"Organization\",\"@id\":\"https:\/\/hudo.com\/si\/#organization\",\"name\":\"VSN Media\",\"url\":\"https:\/\/hudo.com\/si\/\",\"logo\":{\"@type\":\"ImageObject\",\"inLanguage\":\"sl-SI\",\"@id\":\"https:\/\/hudo.com\/si\/#\/schema\/logo\/image\/\",\"url\":\"https:\/\/hudo.com\/si\/wp-content\/uploads\/sites\/2\/2021\/03\/hudo-app-2.png\",\"contentUrl\":\"https:\/\/hudo.com\/si\/wp-content\/uploads\/sites\/2\/2021\/03\/hudo-app-2.png\",\"width\":2185,\"height\":2167,\"caption\":\"VSN Media\"},\"image\":{\"@id\":\"https:\/\/hudo.com\/si\/#\/schema\/logo\/image\/\"},\"sameAs\":[\"https:\/\/www.facebook.com\/hudo.si\",\"https:\/\/twitter.com\/hudo_si\"]},{\"@type\":\"Person\",\"@id\":\"https:\/\/hudo.com\/si\/#\/schema\/person\/18f09c02475ba9e606e941a565b80cff\",\"name\":\"A. P., STA\",\"image\":{\"@type\":\"ImageObject\",\"inLanguage\":\"sl-SI\",\"@id\":\"https:\/\/hudo.com\/si\/#\/schema\/person\/image\/\",\"url\":\"https:\/\/secure.gravatar.com\/avatar\/03eac8e609f5f04383125d80eaeaaf3e?s=96&d=mm&r=g\",\"contentUrl\":\"https:\/\/secure.gravatar.com\/avatar\/03eac8e609f5f04383125d80eaeaaf3e?s=96&d=mm&r=g\",\"caption\":\"A. P., STA\"},\"url\":\"https:\/\/hudo.com\/si\/author\/lubu\/\"}]}<\/script>\n<!-- \/ Yoast SEO plugin. -->","yoast_head_json":{"title":"Vreme: Dopoldne obla\u010dno, popoldne delna razjasnitev - Hudo Slovenija","robots":{"index":"index","follow":"follow","max-snippet":"max-snippet:-1","max-image-preview":"max-image-preview:large","max-video-preview":"max-video-preview:-1"},"canonical":"https:\/\/hudo.com\/si\/aktualno\/vreme-dopoldne-oblacno-popoldne-delna-razjasnitev\/","og_locale":"sl_SI","og_type":"article","og_title":"Vreme: Dopoldne obla\u010dno, popoldne delna razjasnitev - Hudo Slovenija","og_description":"Dopoldne bo zmerno do prete\u017eno obla\u010dno, na zahodu lahko pade kak\u0161na kaplja de\u017eja. Popoldne se bo delno razjasnilo. Pihal bo jugozahodni veter, ob morju jugo. Najvi\u0161je dnevne temperature bodo od 19 do 24 stopinj Celzija, je zapisano na spletnih straneh Agencije RS za okolje.","og_url":"https:\/\/hudo.com\/si\/aktualno\/vreme-dopoldne-oblacno-popoldne-delna-razjasnitev\/","og_site_name":"Hudo Slovenija","article_publisher":"https:\/\/www.facebook.com\/hudo.si","article_published_time":"2020-05-10T07:21:08+00:00","og_image":[{"width":1250,"height":833,"url":"https:\/\/hudo.com\/si\/wp-content\/uploads\/sites\/2\/2020\/05\/profimedia-0179486881.jpg","type":"image\/jpeg"}],"author":"A. P., STA","twitter_card":"summary_large_image","twitter_creator":"@hudo_si","twitter_site":"@hudo_si","twitter_misc":{"Written by":"A. P., STA","Est. reading time":"1 minuta"},"schema":{"@context":"https:\/\/schema.org","@graph":[{"@type":"Article","@id":"https:\/\/hudo.com\/si\/aktualno\/vreme-dopoldne-oblacno-popoldne-delna-razjasnitev\/#article","isPartOf":{"@id":"https:\/\/hudo.com\/si\/aktualno\/vreme-dopoldne-oblacno-popoldne-delna-razjasnitev\/"},"author":{"name":"A. P., STA","@id":"https:\/\/hudo.com\/si\/#\/schema\/person\/18f09c02475ba9e606e941a565b80cff"},"headline":"Vreme: Dopoldne obla\u010dno, popoldne delna razjasnitev","datePublished":"2020-05-10T07:21:08+00:00","dateModified":"2020-05-10T07:21:08+00:00","mainEntityOfPage":{"@id":"https:\/\/hudo.com\/si\/aktualno\/vreme-dopoldne-oblacno-popoldne-delna-razjasnitev\/"},"wordCount":268,"publisher":{"@id":"https:\/\/hudo.com\/si\/#organization"},"keywords":["Slovenija","vreme","vremenska napoved"],"articleSection":["Aktualno"],"inLanguage":"sl-SI"},{"@type":"WebPage","@id":"https:\/\/hudo.com\/si\/aktualno\/vreme-dopoldne-oblacno-popoldne-delna-razjasnitev\/","url":"https:\/\/hudo.com\/si\/aktualno\/vreme-dopoldne-oblacno-popoldne-delna-razjasnitev\/","name":"Vreme: Dopoldne obla\u010dno, popoldne delna razjasnitev - Hudo Slovenija","isPartOf":{"@id":"https:\/\/hudo.com\/si\/#website"},"datePublished":"2020-05-10T07:21:08+00:00","dateModified":"2020-05-10T07:21:08+00:00","breadcrumb":{"@id":"https:\/\/hudo.com\/si\/aktualno\/vreme-dopoldne-oblacno-popoldne-delna-razjasnitev\/#breadcrumb"},"inLanguage":"sl-SI","potentialAction":[{"@type":"ReadAction","target":["https:\/\/hudo.com\/si\/aktualno\/vreme-dopoldne-oblacno-popoldne-delna-razjasnitev\/"]}]},{"@type":"BreadcrumbList","@id":"https:\/\/hudo.com\/si\/aktualno\/vreme-dopoldne-oblacno-popoldne-delna-razjasnitev\/#breadcrumb","itemListElement":[{"@type":"ListItem","position":1,"name":"Home","item":"https:\/\/hudo.com\/si\/"},{"@type":"ListItem","position":2,"name":"Vreme: Dopoldne obla\u010dno, popoldne delna razjasnitev"}]},{"@type":"WebSite","@id":"https:\/\/hudo.com\/si\/#website","url":"https:\/\/hudo.com\/si\/","name":"Hudo Slovenija","description":"Vse novice iz Slovenije in sveta","publisher":{"@id":"https:\/\/hudo.com\/si\/#organization"},"potentialAction":[{"@type":"SearchAction","target":{"@type":"EntryPoint","urlTemplate":"https:\/\/hudo.com\/si\/?s={search_term_string}"},"query-input":"required name=search_term_string"}],"inLanguage":"sl-SI"},{"@type":"Organization","@id":"https:\/\/hudo.com\/si\/#organization","name":"VSN Media","url":"https:\/\/hudo.com\/si\/","logo":{"@type":"ImageObject","inLanguage":"sl-SI","@id":"https:\/\/hudo.com\/si\/#\/schema\/logo\/image\/","url":"https:\/\/hudo.com\/si\/wp-content\/uploads\/sites\/2\/2021\/03\/hudo-app-2.png","contentUrl":"https:\/\/hudo.com\/si\/wp-content\/uploads\/sites\/2\/2021\/03\/hudo-app-2.png","width":2185,"height":2167,"caption":"VSN Media"},"image":{"@id":"https:\/\/hudo.com\/si\/#\/schema\/logo\/image\/"},"sameAs":["https:\/\/www.facebook.com\/hudo.si","https:\/\/twitter.com\/hudo_si"]},{"@type":"Person","@id":"https:\/\/hudo.com\/si\/#\/schema\/person\/18f09c02475ba9e606e941a565b80cff","name":"A. P., STA","image":{"@type":"ImageObject","inLanguage":"sl-SI","@id":"https:\/\/hudo.com\/si\/#\/schema\/person\/image\/","url":"https:\/\/secure.gravatar.com\/avatar\/03eac8e609f5f04383125d80eaeaaf3e?s=96&d=mm&r=g","contentUrl":"https:\/\/secure.gravatar.com\/avatar\/03eac8e609f5f04383125d80eaeaaf3e?s=96&d=mm&r=g","caption":"A. P., STA"},"url":"https:\/\/hudo.com\/si\/author\/lubu\/"}]}},"amp_enabled":true,"_links":{"self":[{"href":"https:\/\/hudo.com\/si\/wp-json\/wp\/v2\/posts\/422709"}],"collection":[{"href":"https:\/\/hudo.com\/si\/wp-json\/wp\/v2\/posts"}],"about":[{"href":"https:\/\/hudo.com\/si\/wp-json\/wp\/v2\/types\/post"}],"author":[{"embeddable":true,"href":"https:\/\/hudo.com\/si\/wp-json\/wp\/v2\/users\/7"}],"replies":[{"embeddable":true,"href":"https:\/\/hudo.com\/si\/wp-json\/wp\/v2\/comments?post=422709"}],"version-history":[{"count":1,"href":"https:\/\/hudo.com\/si\/wp-json\/wp\/v2\/posts\/422709\/revisions"}],"predecessor-version":[{"id":422711,"href":"https:\/\/hudo.com\/si\/wp-json\/wp\/v2\/posts\/422709\/revisions\/422711"}],"wp:featuredmedia":[{"embeddable":true,"href":"https:\/\/hudo.com\/si\/wp-json\/wp\/v2\/media\/422710"}],"wp:attachment":[{"href":"https:\/\/hudo.com\/si\/wp-json\/wp\/v2\/media?parent=422709"}],"wp:term":[{"taxonomy":"category","embeddable":true,"href":"https:\/\/hudo.com\/si\/wp-json\/wp\/v2\/categories?post=422709"},{"taxonomy":"post_tag","embeddable":true,"href":"https:\/\/hudo.com\/si\/wp-json\/wp\/v2\/tags?post=422709"},{"taxonomy":"source","embeddable":true,"href":"https:\/\/hudo.com\/si\/wp-json\/wp\/v2\/source?post=422709"},{"taxonomy":"supertag","embeddable":true,"href":"https:\/\/hudo.com\/si\/wp-json\/wp\/v2\/supertag?post=422709"}],"curies":[{"name":"wp","href":"https:\/\/api.w.org\/{rel}","templated":true}]}}