{"id":423091,"date":"2020-05-14T16:05:41","date_gmt":"2020-05-14T14:05:41","guid":{"rendered":"http:\/\/hudo.com\/si\/?p=423091"},"modified":"2020-05-14T16:05:41","modified_gmt":"2020-05-14T14:05:41","slug":"projekt-ustanavljanja-pokrajin-se-tudi-po-menjavi-vlade-nadaljuje","status":"publish","type":"post","link":"https:\/\/hudo.com\/si\/aktualno\/projekt-ustanavljanja-pokrajin-se-tudi-po-menjavi-vlade-nadaljuje\/","title":{"rendered":"Projekt ustanavljanja pokrajin se tudi po menjavi vlade nadaljuje"},"content":{"rendered":"<p>&#8220;Pribli\u017eno 50 udele\u017eencev iz strokovnih krogov in tudi nekaj predstavnikov DS je danes pri\u0161lo do zaklju\u010dka, da je proces navkljub menjavi vlade potekal nemoteno, da se bli\u017eamo uspe\u0161nemu koncu tistega, kar nam je predsednik republike zastavil kot nalogo, to se pravi, da pripravljamo zakonski okvir, i\u0161\u010demo soglasja lokalnih skupnosti in pripravljamo klimo za politi\u010dno odlo\u010ditev ustanovitve pokrajin,&#8221; je po dana\u0161njem sestanku povzel predsednik DS Alojz Kov\u0161ca.<\/p>\n<p>Ugotavljal je, da projekt te\u010de v pravo in pozitivno smer. S terena ne zaznavajo nobenih nasprotovanj in \u010de bo vse potekalo, kot na\u010drtujejo, bi konec leta strokovna skupina in DS lahko uspe\u0161no kon\u010dala delo, &#8220;od tu naprej pa so na vrsti zakonodajalci&#8221;.<\/p>\n<p>Po besedah Bo\u0161tjana Brezovnika, ki vodi omenjeno strokovno skupino, so kon\u010dali drugo fazo, ki je vklju\u010devala pregled vseh pristojnosti in nalog, ki naj bi se do leta 2030 prenesle na pokrajine. Na tej podlagi so pripravili predlog sprememb in dopolnitev 157 zakonov. Pristopili so tudi \u017ee k tretji fazi, to je pripravi osnutka zakona o financiranju pokrajin in ocene finan\u010dnih posledic prenosa nalog v pristojnost pokrajin.<\/p>\n<p>Kot je pojasni Brezovnik, bo pri slednjem potrebno sodelovanje z vlado in ministrstvi, k \u010demur je vlado in ministrstva predsednik DS \u017ee pozval in, kot je Brezovniku znano, so se ministrstva tudi odzvala ter bodo sodelovala.<\/p>\n<p>Tako predvidevajo, da bodo tretjo fazo sklenili do 10. junija, zatem pripravili posvet, sledila pa bo javna razprava o osnutkih pokrajinske zakonodaje, ki se bo sklenila do konca oktobra. &#8220;Posebnih dilem in posebne razprave glede samih pristojnosti in nalog ta trenutek v strokovni skupini ni bilo, sta pa tako \u0161ir\u0161a javnost kot tudi strokovna pozvani, da lahko dodata \u0161e dodatne pripombe in predloge,&#8221; je pojasnil Brezovnik.<\/p>\n<p>Nekatere ob\u010dine so sicer imele pripombe glede teritorialne razdelitve dr\u017eave na pokrajine, kot ga je predlaga strokovna skupina. Ta po Brezovnikovih besedah ostaja na stali\u0161\u010du, da pokrajine ne bi imele manj kot 100.000 prebivalcev. Temu konceptu so sledili tudi pri pregledu nalog in pristojnosti, ki bi jih prenesli na pokrajine.<\/p>\n<p>Strokovna skupina je predlagala deset pokrajin ter poseben status Ljubljane in Maribora. A kot je dodal Brezovnik, je razprava \u0161e odprta. Z ob\u010dinami in ob\u010dinskimi zdru\u017eenji pa so se dogovorili, da po\u010dakajo na kon\u010dni predlog strokovne skupine. Celotno gradivo jim bodo dali v razpravo po 18. juniju, \u017eelja pa je, da bi ga v ob\u010dinah obravnavali na ob\u010dinskih svetih in jim pripombe posredovali do konca oktobra.<\/p>\n<p>Po dana\u0161njem sestanku so poudarili, da se je potreba po ustanavljanju pokrajin pokazala tudi v krizi ob epidemiji covida-19. Ta je po besedah Kov\u0161ce razgalila slabosti centraliziranega vodenja in upravljanja dr\u017eave. Strokovnjak za upravno pravo Gorazd Trpin pa meni, da je kriza pokazala, kako bi lahko bili mnogo bolj u\u010dinkoviti, \u010de bi imeli ustrezno strukturo upravljanja, &#8220;nekatere odlo\u010ditve, predvsem pa poznavanje terena, so za centralno upravljanje predale\u010d&#8221;.<\/p>\n<p>&#8220;Virus je pokazal na veliko pomanjkljivost: 212 ob\u010din je ustanovilo 212 \u0161tabov civilne za\u0161\u010dite, 212 \u017eupanj in \u017eupanov je izvajalo 212 razli\u010dnih ukrepov,&#8221; je poudaril tudi predsednik Skupnosti ob\u010din Slovenije Aleksander Jev\u0161ek. Pokrajine, \u010de bi jih \u017ee danes imeli, bi po njegovih besedah lahko re\u0161ile veliko vpra\u0161anj, tudi povezanih s prehransko samooskrbo, dobavo za\u0161\u010ditne opreme in \u0161e kak\u0161no.<\/p>\n<p>Ob tem je Jev\u0161ek izrazil zadovoljstvo, da se proces ustanavljanja pokrajin kljub virusu in menjavi vladi nadaljuje. Strokovni skupini in DS pa se je zahvalil, da &#8220;dr\u017ei tempo tega projekta&#8221;, ki je sedaj tako dale\u010d, da so pred klju\u010dnim vpra\u0161anjem: kako bo potekalo financiranje pokrajin.<\/p>\n","protected":false},"excerpt":{"rendered":"<p>Danes se je sestala strokovna skupina, ki pod okriljem dr\u017eavnega sveta pripravlja koncept in zakonske re\u0161itve za ustanovitev pokrajin. Celotno gradivo z osnutki pokrajinske zakonodaje naj bi pripravili do srede junija, sledila bi javna razprava, ki bi se iztekla konec oktobra.<\/p>\n","protected":false},"author":8,"featured_media":372779,"comment_status":"closed","ping_status":"closed","sticky":false,"template":"","format":"standard","meta":{"footnotes":""},"categories":[1179],"tags":[14497,1595],"source":[4511],"supertag":[5675],"acf":[],"yoast_head":"<!-- This site is optimized with the Yoast SEO plugin v21.3 - https:\/\/yoast.com\/wordpress\/plugins\/seo\/ -->\n<title>Projekt ustanavljanja pokrajin se tudi po menjavi vlade nadaljuje - Hudo Slovenija<\/title>\n<meta name=\"robots\" content=\"index, follow, max-snippet:-1, max-image-preview:large, max-video-preview:-1\" \/>\n<link rel=\"canonical\" href=\"https:\/\/hudo.com\/si\/aktualno\/projekt-ustanavljanja-pokrajin-se-tudi-po-menjavi-vlade-nadaljuje\/\" \/>\n<meta property=\"og:locale\" content=\"sl_SI\" \/>\n<meta property=\"og:type\" content=\"article\" \/>\n<meta property=\"og:title\" content=\"Projekt ustanavljanja pokrajin se tudi po menjavi vlade nadaljuje - Hudo Slovenija\" \/>\n<meta property=\"og:description\" content=\"Danes se je sestala strokovna skupina, ki pod okriljem dr\u017eavnega sveta pripravlja koncept in zakonske re\u0161itve za ustanovitev pokrajin. Celotno gradivo z osnutki pokrajinske zakonodaje naj bi pripravili do srede junija, sledila bi javna razprava, ki bi se iztekla konec oktobra.\" \/>\n<meta property=\"og:url\" content=\"https:\/\/hudo.com\/si\/aktualno\/projekt-ustanavljanja-pokrajin-se-tudi-po-menjavi-vlade-nadaljuje\/\" \/>\n<meta property=\"og:site_name\" content=\"Hudo Slovenija\" \/>\n<meta property=\"article:publisher\" content=\"https:\/\/www.facebook.com\/hudo.si\" \/>\n<meta property=\"article:published_time\" content=\"2020-05-14T14:05:41+00:00\" \/>\n<meta property=\"og:image\" content=\"https:\/\/hudo.com\/si\/wp-content\/uploads\/sites\/2\/2018\/06\/profimedia-0102728424.jpg\" \/>\n\t<meta property=\"og:image:width\" content=\"1250\" \/>\n\t<meta property=\"og:image:height\" content=\"830\" \/>\n\t<meta property=\"og:image:type\" content=\"image\/jpeg\" \/>\n<meta name=\"author\" content=\"M. N., STA\" \/>\n<meta name=\"twitter:card\" content=\"summary_large_image\" \/>\n<meta name=\"twitter:creator\" content=\"@hudo_si\" \/>\n<meta name=\"twitter:site\" content=\"@hudo_si\" \/>\n<meta name=\"twitter:label1\" content=\"Written by\" \/>\n\t<meta name=\"twitter:data1\" content=\"M. N., STA\" \/>\n\t<meta name=\"twitter:label2\" content=\"Est. reading time\" \/>\n\t<meta name=\"twitter:data2\" content=\"3 minute\" \/>\n<script type=\"application\/ld+json\" class=\"yoast-schema-graph\">{\"@context\":\"https:\/\/schema.org\",\"@graph\":[{\"@type\":\"Article\",\"@id\":\"https:\/\/hudo.com\/si\/aktualno\/projekt-ustanavljanja-pokrajin-se-tudi-po-menjavi-vlade-nadaljuje\/#article\",\"isPartOf\":{\"@id\":\"https:\/\/hudo.com\/si\/aktualno\/projekt-ustanavljanja-pokrajin-se-tudi-po-menjavi-vlade-nadaljuje\/\"},\"author\":{\"name\":\"M. N., STA\",\"@id\":\"https:\/\/hudo.com\/si\/#\/schema\/person\/c2f10ce65d2e6ede2aeda5be2a0611fa\"},\"headline\":\"Projekt ustanavljanja pokrajin se tudi po menjavi vlade nadaljuje\",\"datePublished\":\"2020-05-14T14:05:41+00:00\",\"dateModified\":\"2020-05-14T14:05:41+00:00\",\"mainEntityOfPage\":{\"@id\":\"https:\/\/hudo.com\/si\/aktualno\/projekt-ustanavljanja-pokrajin-se-tudi-po-menjavi-vlade-nadaljuje\/\"},\"wordCount\":609,\"publisher\":{\"@id\":\"https:\/\/hudo.com\/si\/#organization\"},\"keywords\":[\"pokrajine\",\"Slovenija\"],\"articleSection\":[\"Aktualno\"],\"inLanguage\":\"sl-SI\"},{\"@type\":\"WebPage\",\"@id\":\"https:\/\/hudo.com\/si\/aktualno\/projekt-ustanavljanja-pokrajin-se-tudi-po-menjavi-vlade-nadaljuje\/\",\"url\":\"https:\/\/hudo.com\/si\/aktualno\/projekt-ustanavljanja-pokrajin-se-tudi-po-menjavi-vlade-nadaljuje\/\",\"name\":\"Projekt ustanavljanja pokrajin se tudi po menjavi vlade nadaljuje - Hudo Slovenija\",\"isPartOf\":{\"@id\":\"https:\/\/hudo.com\/si\/#website\"},\"datePublished\":\"2020-05-14T14:05:41+00:00\",\"dateModified\":\"2020-05-14T14:05:41+00:00\",\"breadcrumb\":{\"@id\":\"https:\/\/hudo.com\/si\/aktualno\/projekt-ustanavljanja-pokrajin-se-tudi-po-menjavi-vlade-nadaljuje\/#breadcrumb\"},\"inLanguage\":\"sl-SI\",\"potentialAction\":[{\"@type\":\"ReadAction\",\"target\":[\"https:\/\/hudo.com\/si\/aktualno\/projekt-ustanavljanja-pokrajin-se-tudi-po-menjavi-vlade-nadaljuje\/\"]}]},{\"@type\":\"BreadcrumbList\",\"@id\":\"https:\/\/hudo.com\/si\/aktualno\/projekt-ustanavljanja-pokrajin-se-tudi-po-menjavi-vlade-nadaljuje\/#breadcrumb\",\"itemListElement\":[{\"@type\":\"ListItem\",\"position\":1,\"name\":\"Home\",\"item\":\"https:\/\/hudo.com\/si\/\"},{\"@type\":\"ListItem\",\"position\":2,\"name\":\"Projekt ustanavljanja pokrajin se tudi po menjavi vlade nadaljuje\"}]},{\"@type\":\"WebSite\",\"@id\":\"https:\/\/hudo.com\/si\/#website\",\"url\":\"https:\/\/hudo.com\/si\/\",\"name\":\"Hudo Slovenija\",\"description\":\"Vse novice iz Slovenije in sveta\",\"publisher\":{\"@id\":\"https:\/\/hudo.com\/si\/#organization\"},\"potentialAction\":[{\"@type\":\"SearchAction\",\"target\":{\"@type\":\"EntryPoint\",\"urlTemplate\":\"https:\/\/hudo.com\/si\/?s={search_term_string}\"},\"query-input\":\"required name=search_term_string\"}],\"inLanguage\":\"sl-SI\"},{\"@type\":\"Organization\",\"@id\":\"https:\/\/hudo.com\/si\/#organization\",\"name\":\"VSN Media\",\"url\":\"https:\/\/hudo.com\/si\/\",\"logo\":{\"@type\":\"ImageObject\",\"inLanguage\":\"sl-SI\",\"@id\":\"https:\/\/hudo.com\/si\/#\/schema\/logo\/image\/\",\"url\":\"https:\/\/hudo.com\/si\/wp-content\/uploads\/sites\/2\/2021\/03\/hudo-app-2.png\",\"contentUrl\":\"https:\/\/hudo.com\/si\/wp-content\/uploads\/sites\/2\/2021\/03\/hudo-app-2.png\",\"width\":2185,\"height\":2167,\"caption\":\"VSN Media\"},\"image\":{\"@id\":\"https:\/\/hudo.com\/si\/#\/schema\/logo\/image\/\"},\"sameAs\":[\"https:\/\/www.facebook.com\/hudo.si\",\"https:\/\/twitter.com\/hudo_si\"]},{\"@type\":\"Person\",\"@id\":\"https:\/\/hudo.com\/si\/#\/schema\/person\/c2f10ce65d2e6ede2aeda5be2a0611fa\",\"name\":\"M. N., STA\",\"image\":{\"@type\":\"ImageObject\",\"inLanguage\":\"sl-SI\",\"@id\":\"https:\/\/hudo.com\/si\/#\/schema\/person\/image\/\",\"url\":\"https:\/\/secure.gravatar.com\/avatar\/f370d38daa10467f755c5c766a4cac20?s=96&d=mm&r=g\",\"contentUrl\":\"https:\/\/secure.gravatar.com\/avatar\/f370d38daa10467f755c5c766a4cac20?s=96&d=mm&r=g\",\"caption\":\"M. N., STA\"},\"url\":\"https:\/\/hudo.com\/si\/author\/mana\/\"}]}<\/script>\n<!-- \/ Yoast SEO plugin. -->","yoast_head_json":{"title":"Projekt ustanavljanja pokrajin se tudi po menjavi vlade nadaljuje - Hudo Slovenija","robots":{"index":"index","follow":"follow","max-snippet":"max-snippet:-1","max-image-preview":"max-image-preview:large","max-video-preview":"max-video-preview:-1"},"canonical":"https:\/\/hudo.com\/si\/aktualno\/projekt-ustanavljanja-pokrajin-se-tudi-po-menjavi-vlade-nadaljuje\/","og_locale":"sl_SI","og_type":"article","og_title":"Projekt ustanavljanja pokrajin se tudi po menjavi vlade nadaljuje - Hudo Slovenija","og_description":"Danes se je sestala strokovna skupina, ki pod okriljem dr\u017eavnega sveta pripravlja koncept in zakonske re\u0161itve za ustanovitev pokrajin. Celotno gradivo z osnutki pokrajinske zakonodaje naj bi pripravili do srede junija, sledila bi javna razprava, ki bi se iztekla konec oktobra.","og_url":"https:\/\/hudo.com\/si\/aktualno\/projekt-ustanavljanja-pokrajin-se-tudi-po-menjavi-vlade-nadaljuje\/","og_site_name":"Hudo Slovenija","article_publisher":"https:\/\/www.facebook.com\/hudo.si","article_published_time":"2020-05-14T14:05:41+00:00","og_image":[{"width":1250,"height":830,"url":"https:\/\/hudo.com\/si\/wp-content\/uploads\/sites\/2\/2018\/06\/profimedia-0102728424.jpg","type":"image\/jpeg"}],"author":"M. N., STA","twitter_card":"summary_large_image","twitter_creator":"@hudo_si","twitter_site":"@hudo_si","twitter_misc":{"Written by":"M. N., STA","Est. reading time":"3 minute"},"schema":{"@context":"https:\/\/schema.org","@graph":[{"@type":"Article","@id":"https:\/\/hudo.com\/si\/aktualno\/projekt-ustanavljanja-pokrajin-se-tudi-po-menjavi-vlade-nadaljuje\/#article","isPartOf":{"@id":"https:\/\/hudo.com\/si\/aktualno\/projekt-ustanavljanja-pokrajin-se-tudi-po-menjavi-vlade-nadaljuje\/"},"author":{"name":"M. N., STA","@id":"https:\/\/hudo.com\/si\/#\/schema\/person\/c2f10ce65d2e6ede2aeda5be2a0611fa"},"headline":"Projekt ustanavljanja pokrajin se tudi po menjavi vlade nadaljuje","datePublished":"2020-05-14T14:05:41+00:00","dateModified":"2020-05-14T14:05:41+00:00","mainEntityOfPage":{"@id":"https:\/\/hudo.com\/si\/aktualno\/projekt-ustanavljanja-pokrajin-se-tudi-po-menjavi-vlade-nadaljuje\/"},"wordCount":609,"publisher":{"@id":"https:\/\/hudo.com\/si\/#organization"},"keywords":["pokrajine","Slovenija"],"articleSection":["Aktualno"],"inLanguage":"sl-SI"},{"@type":"WebPage","@id":"https:\/\/hudo.com\/si\/aktualno\/projekt-ustanavljanja-pokrajin-se-tudi-po-menjavi-vlade-nadaljuje\/","url":"https:\/\/hudo.com\/si\/aktualno\/projekt-ustanavljanja-pokrajin-se-tudi-po-menjavi-vlade-nadaljuje\/","name":"Projekt ustanavljanja pokrajin se tudi po menjavi vlade nadaljuje - Hudo Slovenija","isPartOf":{"@id":"https:\/\/hudo.com\/si\/#website"},"datePublished":"2020-05-14T14:05:41+00:00","dateModified":"2020-05-14T14:05:41+00:00","breadcrumb":{"@id":"https:\/\/hudo.com\/si\/aktualno\/projekt-ustanavljanja-pokrajin-se-tudi-po-menjavi-vlade-nadaljuje\/#breadcrumb"},"inLanguage":"sl-SI","potentialAction":[{"@type":"ReadAction","target":["https:\/\/hudo.com\/si\/aktualno\/projekt-ustanavljanja-pokrajin-se-tudi-po-menjavi-vlade-nadaljuje\/"]}]},{"@type":"BreadcrumbList","@id":"https:\/\/hudo.com\/si\/aktualno\/projekt-ustanavljanja-pokrajin-se-tudi-po-menjavi-vlade-nadaljuje\/#breadcrumb","itemListElement":[{"@type":"ListItem","position":1,"name":"Home","item":"https:\/\/hudo.com\/si\/"},{"@type":"ListItem","position":2,"name":"Projekt ustanavljanja pokrajin se tudi po menjavi vlade nadaljuje"}]},{"@type":"WebSite","@id":"https:\/\/hudo.com\/si\/#website","url":"https:\/\/hudo.com\/si\/","name":"Hudo Slovenija","description":"Vse novice iz Slovenije in sveta","publisher":{"@id":"https:\/\/hudo.com\/si\/#organization"},"potentialAction":[{"@type":"SearchAction","target":{"@type":"EntryPoint","urlTemplate":"https:\/\/hudo.com\/si\/?s={search_term_string}"},"query-input":"required name=search_term_string"}],"inLanguage":"sl-SI"},{"@type":"Organization","@id":"https:\/\/hudo.com\/si\/#organization","name":"VSN Media","url":"https:\/\/hudo.com\/si\/","logo":{"@type":"ImageObject","inLanguage":"sl-SI","@id":"https:\/\/hudo.com\/si\/#\/schema\/logo\/image\/","url":"https:\/\/hudo.com\/si\/wp-content\/uploads\/sites\/2\/2021\/03\/hudo-app-2.png","contentUrl":"https:\/\/hudo.com\/si\/wp-content\/uploads\/sites\/2\/2021\/03\/hudo-app-2.png","width":2185,"height":2167,"caption":"VSN Media"},"image":{"@id":"https:\/\/hudo.com\/si\/#\/schema\/logo\/image\/"},"sameAs":["https:\/\/www.facebook.com\/hudo.si","https:\/\/twitter.com\/hudo_si"]},{"@type":"Person","@id":"https:\/\/hudo.com\/si\/#\/schema\/person\/c2f10ce65d2e6ede2aeda5be2a0611fa","name":"M. N., STA","image":{"@type":"ImageObject","inLanguage":"sl-SI","@id":"https:\/\/hudo.com\/si\/#\/schema\/person\/image\/","url":"https:\/\/secure.gravatar.com\/avatar\/f370d38daa10467f755c5c766a4cac20?s=96&d=mm&r=g","contentUrl":"https:\/\/secure.gravatar.com\/avatar\/f370d38daa10467f755c5c766a4cac20?s=96&d=mm&r=g","caption":"M. N., STA"},"url":"https:\/\/hudo.com\/si\/author\/mana\/"}]}},"amp_enabled":true,"_links":{"self":[{"href":"https:\/\/hudo.com\/si\/wp-json\/wp\/v2\/posts\/423091"}],"collection":[{"href":"https:\/\/hudo.com\/si\/wp-json\/wp\/v2\/posts"}],"about":[{"href":"https:\/\/hudo.com\/si\/wp-json\/wp\/v2\/types\/post"}],"author":[{"embeddable":true,"href":"https:\/\/hudo.com\/si\/wp-json\/wp\/v2\/users\/8"}],"replies":[{"embeddable":true,"href":"https:\/\/hudo.com\/si\/wp-json\/wp\/v2\/comments?post=423091"}],"version-history":[{"count":1,"href":"https:\/\/hudo.com\/si\/wp-json\/wp\/v2\/posts\/423091\/revisions"}],"predecessor-version":[{"id":423092,"href":"https:\/\/hudo.com\/si\/wp-json\/wp\/v2\/posts\/423091\/revisions\/423092"}],"wp:featuredmedia":[{"embeddable":true,"href":"https:\/\/hudo.com\/si\/wp-json\/wp\/v2\/media\/372779"}],"wp:attachment":[{"href":"https:\/\/hudo.com\/si\/wp-json\/wp\/v2\/media?parent=423091"}],"wp:term":[{"taxonomy":"category","embeddable":true,"href":"https:\/\/hudo.com\/si\/wp-json\/wp\/v2\/categories?post=423091"},{"taxonomy":"post_tag","embeddable":true,"href":"https:\/\/hudo.com\/si\/wp-json\/wp\/v2\/tags?post=423091"},{"taxonomy":"source","embeddable":true,"href":"https:\/\/hudo.com\/si\/wp-json\/wp\/v2\/source?post=423091"},{"taxonomy":"supertag","embeddable":true,"href":"https:\/\/hudo.com\/si\/wp-json\/wp\/v2\/supertag?post=423091"}],"curies":[{"name":"wp","href":"https:\/\/api.w.org\/{rel}","templated":true}]}}