{"id":423098,"date":"2020-05-14T16:30:58","date_gmt":"2020-05-14T14:30:58","guid":{"rendered":"http:\/\/hudo.com\/si\/?p=423098"},"modified":"2020-05-14T16:30:58","modified_gmt":"2020-05-14T14:30:58","slug":"spanski-otoki-zahtevajo-odprtje-mej-za-turiste-sicer-bodo-ljudje-pahnjeni-v-revscino","status":"publish","type":"post","link":"https:\/\/hudo.com\/si\/aktualno\/spanski-otoki-zahtevajo-odprtje-mej-za-turiste-sicer-bodo-ljudje-pahnjeni-v-revscino\/","title":{"rendered":"\u0160panski otoki zahtevajo odprtje mej za turiste, sicer bodo ljudje pahnjeni v rev\u0161\u010dino"},"content":{"rendered":"<p>Oramasova se je zavzela za vzpostavitev varnih turisti\u010dnih koridorjev med Kanarskimi otroki in tistimi dr\u017eavami, ki nimajo ve\u010d veliko te\u017eav s koronavirusom. &#8220;Je precej bolj varno, \u010de na primer na Fuerteventuri pristane letalo z Norve\u017eani, Islandci ali Avstrijci, kot pa \u010de pridejo k nam ljudje iz Madrida ali Barcelone,&#8221; je dejala.<\/p>\n<p>Turizem predstavlja na Kanarskih in Balearskih otokih okoli 35 odstotkov gospodarstva. Karantena za pri\u0161leke iz tujine je za turizem pogubna. Balearski minister za turizem Iago Negueruela je zato zahteval, naj bo karantena za\u010dasna in tako kratka, kot je to le mo\u017eno, poro\u010da nem\u0161ka tiskovna agencija dpa.<\/p>\n<p>Madrid je s petkom uvaja 14-dnevno karanteno za pri\u0161leke iz tujine, ki bo pa v veljavi tako dolgo, kot bodo v dr\u017eavi izredne razmere. Trenutno se te izte\u010dejo 23. maja, jih bo pa vlada verjetno podalj\u0161ala do konca junija. Toliko \u010dasa \u0160panci tudi ne bodo smeli potovati v drugo regijo. Madrid sicer poudarja, da ne bo izjem za tujce.<\/p>\n<p>Regionalna predsednica Balearov Francina Armengol je \u017ee priznala, da bo imeli letos te\u017eave s turizmom pri svoji glavni ciljni publiki &#8211; Britancih in Nemcih. Da bi vsaj deloma pokrili izgubo, so Madrid prosili za pomo\u010d glede subvencioniranja doma\u010dega turizma.<\/p>\n<p>Turisti\u010dna agencija Tui sicer obljublja, da bodo poleti obnovili potovanja na najbolj priljubljene turisti\u010dne cilje. &#8220;\u0160e to poletje bomo leteli,&#8221; je dejal vodja nem\u0161ke Tui Marek Andryszak za televizijo RTL.<\/p>\n<p>Po njegovem prepri\u010danju bodo 1. junija spet za\u010deli leteti v Gr\u010dijo, najkasneje mesec kasneje pa na Balearske otoke.<\/p>\n","protected":false},"excerpt":{"rendered":"<p>Med turisti priljubljeni Kanarski in Balearski otoki so pozvali Madrid, naj kmalu odpre meje za turisti\u010dna potovanja. \u010ce ne bodo zagnali turizma, bodo ljudje pahnjeni v rev\u0161\u010dino, je danes opozorila poslanka Kanarske koalicije Ana Oramas.<\/p>\n","protected":false},"author":8,"featured_media":423099,"comment_status":"closed","ping_status":"closed","sticky":false,"template":"","format":"standard","meta":{"footnotes":""},"categories":[1179],"tags":[15978,15632,1917],"source":[4511],"supertag":[7541,6103],"acf":[],"yoast_head":"<!-- This site is optimized with the Yoast SEO plugin v21.3 - https:\/\/yoast.com\/wordpress\/plugins\/seo\/ -->\n<title>\u0160panski otoki zahtevajo odprtje mej za turiste, sicer bodo ljudje pahnjeni v rev\u0161\u010dino - Hudo Slovenija<\/title>\n<meta name=\"robots\" content=\"index, follow, max-snippet:-1, max-image-preview:large, max-video-preview:-1\" \/>\n<link rel=\"canonical\" href=\"https:\/\/hudo.com\/si\/aktualno\/spanski-otoki-zahtevajo-odprtje-mej-za-turiste-sicer-bodo-ljudje-pahnjeni-v-revscino\/\" \/>\n<meta property=\"og:locale\" content=\"sl_SI\" \/>\n<meta property=\"og:type\" content=\"article\" \/>\n<meta property=\"og:title\" content=\"\u0160panski otoki zahtevajo odprtje mej za turiste, sicer bodo ljudje pahnjeni v rev\u0161\u010dino - Hudo Slovenija\" \/>\n<meta property=\"og:description\" content=\"Med turisti priljubljeni Kanarski in Balearski otoki so pozvali Madrid, naj kmalu odpre meje za turisti\u010dna potovanja. \u010ce ne bodo zagnali turizma, bodo ljudje pahnjeni v rev\u0161\u010dino, je danes opozorila poslanka Kanarske koalicije Ana Oramas.\" \/>\n<meta property=\"og:url\" content=\"https:\/\/hudo.com\/si\/aktualno\/spanski-otoki-zahtevajo-odprtje-mej-za-turiste-sicer-bodo-ljudje-pahnjeni-v-revscino\/\" \/>\n<meta property=\"og:site_name\" content=\"Hudo Slovenija\" \/>\n<meta property=\"article:publisher\" content=\"https:\/\/www.facebook.com\/hudo.si\" \/>\n<meta property=\"article:published_time\" content=\"2020-05-14T14:30:58+00:00\" \/>\n<meta property=\"og:image\" content=\"https:\/\/hudo.com\/si\/wp-content\/uploads\/sites\/2\/2020\/05\/profimedia-0347522671.jpg\" \/>\n\t<meta property=\"og:image:width\" content=\"1250\" \/>\n\t<meta property=\"og:image:height\" content=\"833\" \/>\n\t<meta property=\"og:image:type\" content=\"image\/jpeg\" \/>\n<meta name=\"author\" content=\"M. N., STA\" \/>\n<meta name=\"twitter:card\" content=\"summary_large_image\" \/>\n<meta name=\"twitter:creator\" content=\"@hudo_si\" \/>\n<meta name=\"twitter:site\" content=\"@hudo_si\" \/>\n<meta name=\"twitter:label1\" content=\"Written by\" \/>\n\t<meta name=\"twitter:data1\" content=\"M. N., STA\" \/>\n\t<meta name=\"twitter:label2\" content=\"Est. reading time\" \/>\n\t<meta name=\"twitter:data2\" content=\"1 minuta\" \/>\n<script type=\"application\/ld+json\" class=\"yoast-schema-graph\">{\"@context\":\"https:\/\/schema.org\",\"@graph\":[{\"@type\":\"Article\",\"@id\":\"https:\/\/hudo.com\/si\/aktualno\/spanski-otoki-zahtevajo-odprtje-mej-za-turiste-sicer-bodo-ljudje-pahnjeni-v-revscino\/#article\",\"isPartOf\":{\"@id\":\"https:\/\/hudo.com\/si\/aktualno\/spanski-otoki-zahtevajo-odprtje-mej-za-turiste-sicer-bodo-ljudje-pahnjeni-v-revscino\/\"},\"author\":{\"name\":\"M. N., STA\",\"@id\":\"https:\/\/hudo.com\/si\/#\/schema\/person\/c2f10ce65d2e6ede2aeda5be2a0611fa\"},\"headline\":\"\u0160panski otoki zahtevajo odprtje mej za turiste, sicer bodo ljudje pahnjeni v rev\u0161\u010dino\",\"datePublished\":\"2020-05-14T14:30:58+00:00\",\"dateModified\":\"2020-05-14T14:30:58+00:00\",\"mainEntityOfPage\":{\"@id\":\"https:\/\/hudo.com\/si\/aktualno\/spanski-otoki-zahtevajo-odprtje-mej-za-turiste-sicer-bodo-ljudje-pahnjeni-v-revscino\/\"},\"wordCount\":275,\"publisher\":{\"@id\":\"https:\/\/hudo.com\/si\/#organization\"},\"keywords\":[\"kanarski otoki\",\"koronavirus\",\"turizem\"],\"articleSection\":[\"Aktualno\"],\"inLanguage\":\"sl-SI\"},{\"@type\":\"WebPage\",\"@id\":\"https:\/\/hudo.com\/si\/aktualno\/spanski-otoki-zahtevajo-odprtje-mej-za-turiste-sicer-bodo-ljudje-pahnjeni-v-revscino\/\",\"url\":\"https:\/\/hudo.com\/si\/aktualno\/spanski-otoki-zahtevajo-odprtje-mej-za-turiste-sicer-bodo-ljudje-pahnjeni-v-revscino\/\",\"name\":\"\u0160panski otoki zahtevajo odprtje mej za turiste, sicer bodo ljudje pahnjeni v rev\u0161\u010dino - Hudo Slovenija\",\"isPartOf\":{\"@id\":\"https:\/\/hudo.com\/si\/#website\"},\"datePublished\":\"2020-05-14T14:30:58+00:00\",\"dateModified\":\"2020-05-14T14:30:58+00:00\",\"breadcrumb\":{\"@id\":\"https:\/\/hudo.com\/si\/aktualno\/spanski-otoki-zahtevajo-odprtje-mej-za-turiste-sicer-bodo-ljudje-pahnjeni-v-revscino\/#breadcrumb\"},\"inLanguage\":\"sl-SI\",\"potentialAction\":[{\"@type\":\"ReadAction\",\"target\":[\"https:\/\/hudo.com\/si\/aktualno\/spanski-otoki-zahtevajo-odprtje-mej-za-turiste-sicer-bodo-ljudje-pahnjeni-v-revscino\/\"]}]},{\"@type\":\"BreadcrumbList\",\"@id\":\"https:\/\/hudo.com\/si\/aktualno\/spanski-otoki-zahtevajo-odprtje-mej-za-turiste-sicer-bodo-ljudje-pahnjeni-v-revscino\/#breadcrumb\",\"itemListElement\":[{\"@type\":\"ListItem\",\"position\":1,\"name\":\"Home\",\"item\":\"https:\/\/hudo.com\/si\/\"},{\"@type\":\"ListItem\",\"position\":2,\"name\":\"\u0160panski otoki zahtevajo odprtje mej za turiste, sicer bodo ljudje pahnjeni v rev\u0161\u010dino\"}]},{\"@type\":\"WebSite\",\"@id\":\"https:\/\/hudo.com\/si\/#website\",\"url\":\"https:\/\/hudo.com\/si\/\",\"name\":\"Hudo Slovenija\",\"description\":\"Vse novice iz Slovenije in sveta\",\"publisher\":{\"@id\":\"https:\/\/hudo.com\/si\/#organization\"},\"potentialAction\":[{\"@type\":\"SearchAction\",\"target\":{\"@type\":\"EntryPoint\",\"urlTemplate\":\"https:\/\/hudo.com\/si\/?s={search_term_string}\"},\"query-input\":\"required name=search_term_string\"}],\"inLanguage\":\"sl-SI\"},{\"@type\":\"Organization\",\"@id\":\"https:\/\/hudo.com\/si\/#organization\",\"name\":\"VSN Media\",\"url\":\"https:\/\/hudo.com\/si\/\",\"logo\":{\"@type\":\"ImageObject\",\"inLanguage\":\"sl-SI\",\"@id\":\"https:\/\/hudo.com\/si\/#\/schema\/logo\/image\/\",\"url\":\"https:\/\/hudo.com\/si\/wp-content\/uploads\/sites\/2\/2021\/03\/hudo-app-2.png\",\"contentUrl\":\"https:\/\/hudo.com\/si\/wp-content\/uploads\/sites\/2\/2021\/03\/hudo-app-2.png\",\"width\":2185,\"height\":2167,\"caption\":\"VSN Media\"},\"image\":{\"@id\":\"https:\/\/hudo.com\/si\/#\/schema\/logo\/image\/\"},\"sameAs\":[\"https:\/\/www.facebook.com\/hudo.si\",\"https:\/\/twitter.com\/hudo_si\"]},{\"@type\":\"Person\",\"@id\":\"https:\/\/hudo.com\/si\/#\/schema\/person\/c2f10ce65d2e6ede2aeda5be2a0611fa\",\"name\":\"M. N., STA\",\"image\":{\"@type\":\"ImageObject\",\"inLanguage\":\"sl-SI\",\"@id\":\"https:\/\/hudo.com\/si\/#\/schema\/person\/image\/\",\"url\":\"https:\/\/secure.gravatar.com\/avatar\/f370d38daa10467f755c5c766a4cac20?s=96&d=mm&r=g\",\"contentUrl\":\"https:\/\/secure.gravatar.com\/avatar\/f370d38daa10467f755c5c766a4cac20?s=96&d=mm&r=g\",\"caption\":\"M. N., STA\"},\"url\":\"https:\/\/hudo.com\/si\/author\/mana\/\"}]}<\/script>\n<!-- \/ Yoast SEO plugin. -->","yoast_head_json":{"title":"\u0160panski otoki zahtevajo odprtje mej za turiste, sicer bodo ljudje pahnjeni v rev\u0161\u010dino - Hudo Slovenija","robots":{"index":"index","follow":"follow","max-snippet":"max-snippet:-1","max-image-preview":"max-image-preview:large","max-video-preview":"max-video-preview:-1"},"canonical":"https:\/\/hudo.com\/si\/aktualno\/spanski-otoki-zahtevajo-odprtje-mej-za-turiste-sicer-bodo-ljudje-pahnjeni-v-revscino\/","og_locale":"sl_SI","og_type":"article","og_title":"\u0160panski otoki zahtevajo odprtje mej za turiste, sicer bodo ljudje pahnjeni v rev\u0161\u010dino - Hudo Slovenija","og_description":"Med turisti priljubljeni Kanarski in Balearski otoki so pozvali Madrid, naj kmalu odpre meje za turisti\u010dna potovanja. \u010ce ne bodo zagnali turizma, bodo ljudje pahnjeni v rev\u0161\u010dino, je danes opozorila poslanka Kanarske koalicije Ana Oramas.","og_url":"https:\/\/hudo.com\/si\/aktualno\/spanski-otoki-zahtevajo-odprtje-mej-za-turiste-sicer-bodo-ljudje-pahnjeni-v-revscino\/","og_site_name":"Hudo Slovenija","article_publisher":"https:\/\/www.facebook.com\/hudo.si","article_published_time":"2020-05-14T14:30:58+00:00","og_image":[{"width":1250,"height":833,"url":"https:\/\/hudo.com\/si\/wp-content\/uploads\/sites\/2\/2020\/05\/profimedia-0347522671.jpg","type":"image\/jpeg"}],"author":"M. N., STA","twitter_card":"summary_large_image","twitter_creator":"@hudo_si","twitter_site":"@hudo_si","twitter_misc":{"Written by":"M. N., STA","Est. reading time":"1 minuta"},"schema":{"@context":"https:\/\/schema.org","@graph":[{"@type":"Article","@id":"https:\/\/hudo.com\/si\/aktualno\/spanski-otoki-zahtevajo-odprtje-mej-za-turiste-sicer-bodo-ljudje-pahnjeni-v-revscino\/#article","isPartOf":{"@id":"https:\/\/hudo.com\/si\/aktualno\/spanski-otoki-zahtevajo-odprtje-mej-za-turiste-sicer-bodo-ljudje-pahnjeni-v-revscino\/"},"author":{"name":"M. N., STA","@id":"https:\/\/hudo.com\/si\/#\/schema\/person\/c2f10ce65d2e6ede2aeda5be2a0611fa"},"headline":"\u0160panski otoki zahtevajo odprtje mej za turiste, sicer bodo ljudje pahnjeni v rev\u0161\u010dino","datePublished":"2020-05-14T14:30:58+00:00","dateModified":"2020-05-14T14:30:58+00:00","mainEntityOfPage":{"@id":"https:\/\/hudo.com\/si\/aktualno\/spanski-otoki-zahtevajo-odprtje-mej-za-turiste-sicer-bodo-ljudje-pahnjeni-v-revscino\/"},"wordCount":275,"publisher":{"@id":"https:\/\/hudo.com\/si\/#organization"},"keywords":["kanarski otoki","koronavirus","turizem"],"articleSection":["Aktualno"],"inLanguage":"sl-SI"},{"@type":"WebPage","@id":"https:\/\/hudo.com\/si\/aktualno\/spanski-otoki-zahtevajo-odprtje-mej-za-turiste-sicer-bodo-ljudje-pahnjeni-v-revscino\/","url":"https:\/\/hudo.com\/si\/aktualno\/spanski-otoki-zahtevajo-odprtje-mej-za-turiste-sicer-bodo-ljudje-pahnjeni-v-revscino\/","name":"\u0160panski otoki zahtevajo odprtje mej za turiste, sicer bodo ljudje pahnjeni v rev\u0161\u010dino - Hudo Slovenija","isPartOf":{"@id":"https:\/\/hudo.com\/si\/#website"},"datePublished":"2020-05-14T14:30:58+00:00","dateModified":"2020-05-14T14:30:58+00:00","breadcrumb":{"@id":"https:\/\/hudo.com\/si\/aktualno\/spanski-otoki-zahtevajo-odprtje-mej-za-turiste-sicer-bodo-ljudje-pahnjeni-v-revscino\/#breadcrumb"},"inLanguage":"sl-SI","potentialAction":[{"@type":"ReadAction","target":["https:\/\/hudo.com\/si\/aktualno\/spanski-otoki-zahtevajo-odprtje-mej-za-turiste-sicer-bodo-ljudje-pahnjeni-v-revscino\/"]}]},{"@type":"BreadcrumbList","@id":"https:\/\/hudo.com\/si\/aktualno\/spanski-otoki-zahtevajo-odprtje-mej-za-turiste-sicer-bodo-ljudje-pahnjeni-v-revscino\/#breadcrumb","itemListElement":[{"@type":"ListItem","position":1,"name":"Home","item":"https:\/\/hudo.com\/si\/"},{"@type":"ListItem","position":2,"name":"\u0160panski otoki zahtevajo odprtje mej za turiste, sicer bodo ljudje pahnjeni v rev\u0161\u010dino"}]},{"@type":"WebSite","@id":"https:\/\/hudo.com\/si\/#website","url":"https:\/\/hudo.com\/si\/","name":"Hudo Slovenija","description":"Vse novice iz Slovenije in sveta","publisher":{"@id":"https:\/\/hudo.com\/si\/#organization"},"potentialAction":[{"@type":"SearchAction","target":{"@type":"EntryPoint","urlTemplate":"https:\/\/hudo.com\/si\/?s={search_term_string}"},"query-input":"required name=search_term_string"}],"inLanguage":"sl-SI"},{"@type":"Organization","@id":"https:\/\/hudo.com\/si\/#organization","name":"VSN Media","url":"https:\/\/hudo.com\/si\/","logo":{"@type":"ImageObject","inLanguage":"sl-SI","@id":"https:\/\/hudo.com\/si\/#\/schema\/logo\/image\/","url":"https:\/\/hudo.com\/si\/wp-content\/uploads\/sites\/2\/2021\/03\/hudo-app-2.png","contentUrl":"https:\/\/hudo.com\/si\/wp-content\/uploads\/sites\/2\/2021\/03\/hudo-app-2.png","width":2185,"height":2167,"caption":"VSN Media"},"image":{"@id":"https:\/\/hudo.com\/si\/#\/schema\/logo\/image\/"},"sameAs":["https:\/\/www.facebook.com\/hudo.si","https:\/\/twitter.com\/hudo_si"]},{"@type":"Person","@id":"https:\/\/hudo.com\/si\/#\/schema\/person\/c2f10ce65d2e6ede2aeda5be2a0611fa","name":"M. N., STA","image":{"@type":"ImageObject","inLanguage":"sl-SI","@id":"https:\/\/hudo.com\/si\/#\/schema\/person\/image\/","url":"https:\/\/secure.gravatar.com\/avatar\/f370d38daa10467f755c5c766a4cac20?s=96&d=mm&r=g","contentUrl":"https:\/\/secure.gravatar.com\/avatar\/f370d38daa10467f755c5c766a4cac20?s=96&d=mm&r=g","caption":"M. N., STA"},"url":"https:\/\/hudo.com\/si\/author\/mana\/"}]}},"amp_enabled":true,"_links":{"self":[{"href":"https:\/\/hudo.com\/si\/wp-json\/wp\/v2\/posts\/423098"}],"collection":[{"href":"https:\/\/hudo.com\/si\/wp-json\/wp\/v2\/posts"}],"about":[{"href":"https:\/\/hudo.com\/si\/wp-json\/wp\/v2\/types\/post"}],"author":[{"embeddable":true,"href":"https:\/\/hudo.com\/si\/wp-json\/wp\/v2\/users\/8"}],"replies":[{"embeddable":true,"href":"https:\/\/hudo.com\/si\/wp-json\/wp\/v2\/comments?post=423098"}],"version-history":[{"count":1,"href":"https:\/\/hudo.com\/si\/wp-json\/wp\/v2\/posts\/423098\/revisions"}],"predecessor-version":[{"id":423100,"href":"https:\/\/hudo.com\/si\/wp-json\/wp\/v2\/posts\/423098\/revisions\/423100"}],"wp:featuredmedia":[{"embeddable":true,"href":"https:\/\/hudo.com\/si\/wp-json\/wp\/v2\/media\/423099"}],"wp:attachment":[{"href":"https:\/\/hudo.com\/si\/wp-json\/wp\/v2\/media?parent=423098"}],"wp:term":[{"taxonomy":"category","embeddable":true,"href":"https:\/\/hudo.com\/si\/wp-json\/wp\/v2\/categories?post=423098"},{"taxonomy":"post_tag","embeddable":true,"href":"https:\/\/hudo.com\/si\/wp-json\/wp\/v2\/tags?post=423098"},{"taxonomy":"source","embeddable":true,"href":"https:\/\/hudo.com\/si\/wp-json\/wp\/v2\/source?post=423098"},{"taxonomy":"supertag","embeddable":true,"href":"https:\/\/hudo.com\/si\/wp-json\/wp\/v2\/supertag?post=423098"}],"curies":[{"name":"wp","href":"https:\/\/api.w.org\/{rel}","templated":true}]}}