{"id":423126,"date":"2020-05-15T08:57:19","date_gmt":"2020-05-15T06:57:19","guid":{"rendered":"http:\/\/hudo.com\/si\/?p=423126"},"modified":"2020-05-15T09:52:15","modified_gmt":"2020-05-15T07:52:15","slug":"zda-opozarjajo-na-bolezen-pri-otrocih-domnevno-povezano-s-covidom-19","status":"publish","type":"post","link":"https:\/\/hudo.com\/si\/aktualno\/zda-opozarjajo-na-bolezen-pri-otrocih-domnevno-povezano-s-covidom-19\/","title":{"rendered":"ZDA opozarjajo na bolezen pri otrocih, domnevno povezano s covidom-19"},"content":{"rendered":"<p>Ameri\u0161ki center za nadzor in prepre\u010devanje bolezni (CDC) je pozval zdravstvene delavce, naj javijo, \u010de obravnavajo bolnike, mlaj\u0161e od 21 let, ki imajo simptome, zna\u010dilne za otro\u0161ko multisistemsko vnetno bolezen.<\/p>\n<p>Med kriterije za prijavo sodijo vro\u010dina, vnetje organov, kar lahko vodi tudi v hospitalizacijo, ter potrditev oku\u017ebe s koronavirusom, poro\u010da francoska tiskovna agencija AFP.<\/p>\n<p>Bolezen so med drugim potrdili v New Yorku, kjer so obravnavali ve\u010d kot sto otrok z vnetno boleznijo, najmanj trije bolniki so umrli. Zdravniki so poro\u010dali, da imajo bolniki simptome, podobne redkemu kawasakijevemu sindromu. To je izjemno redka otro\u0161ka bolezen, ki jo spremljata vro\u010dina in vnetje krvnih \u017eil, kar vodi v hude bole\u010dine.<\/p>\n<p>\u010ceprav so redko bolezen opazili le pri otrocih, zaenkrat ni potrjeno, da se pojavlja le pri njih.<\/p>\n<p>Glede na dosedanje primere v pediatri\u010dnem centru v New Yorku je okoli polovica otrok z vnetno boleznijo morala na zdravljenje na intenzivno nego zaradi vnetja srca, je dejal pediater Sunil Sood za AFP.<\/p>\n<p>V okviru zdravljenja so bolnikom vbrizgali protitelesa ter steroide in aspirin, \u010de so bolniki trpeli zaradi izjemno nizkega pritiska oz. \u0161oka. Vnetja so se pri bolnikih ve\u010dinoma pojavila po \u0161tirih ali \u0161estih tednih od oku\u017ebe s koronavirusom in so \u017ee imeli razvita protitelesa. &#8220;Imeli so virus, zgodaj so ga premagali. Sedaj pa se je pojavil ta zapozneli pretirani imunski odgovor,&#8221; je dodal Sood.<\/p>\n<p>Primere so pred tem potrdili ponekod v Evropi, v Aziji, kjer se je virus pojavil najprej, pa ne. Med drugim so \u0161vicarski zdravniki opozorili, da bi te simptome lahko povzro\u010dila oku\u017eba z novim koronavirusom, saj ta povzro\u010da prekomeren odziv imunskega sistema.<\/p>\n<p>Na otro\u0161ko bolezen so pozorni tudi v Svetovni zdravstveni organizaciji, kjer so pozvali k sistemati\u010dnemu zbiranju podatkov o teh primerih.<\/p>\n","protected":false},"excerpt":{"rendered":"<p>Ameri\u0161ke zdravstvene oblasti so v \u010detrtek izdale opozorilo pred redko, a v\u010dasih tudi smrtno avtoimuno boleznijo pri otrocih, ki naj bi bila povezana s covidom-19. O podobnih vnetjih pri otrocih so pred tem \u017ee poro\u010dali zdravniki po Evropi.<\/p>\n","protected":false},"author":5,"featured_media":420406,"comment_status":"closed","ping_status":"closed","sticky":false,"template":"","format":"standard","meta":{"footnotes":""},"categories":[1179],"tags":[15632,1652,5159,1682],"source":[4511],"supertag":[],"acf":[],"yoast_head":"<!-- This site is optimized with the Yoast SEO plugin v21.3 - https:\/\/yoast.com\/wordpress\/plugins\/seo\/ -->\n<title>ZDA opozarjajo na bolezen pri otrocih, domnevno povezano s covidom-19<\/title>\n<meta name=\"robots\" content=\"index, follow, max-snippet:-1, max-image-preview:large, max-video-preview:-1\" \/>\n<link rel=\"canonical\" href=\"https:\/\/hudo.com\/si\/aktualno\/zda-opozarjajo-na-bolezen-pri-otrocih-domnevno-povezano-s-covidom-19\/\" \/>\n<meta property=\"og:locale\" content=\"sl_SI\" \/>\n<meta property=\"og:type\" content=\"article\" \/>\n<meta property=\"og:title\" content=\"ZDA opozarjajo na bolezen pri otrocih, domnevno povezano s covidom-19\" \/>\n<meta property=\"og:description\" content=\"Ameri\u0161ke zdravstvene oblasti so v \u010detrtek izdale opozorilo pred redko, a v\u010dasih tudi smrtno avtoimuno boleznijo pri otrocih, ki naj bi bila povezana s covidom-19. O podobnih vnetjih pri otrocih so pred tem \u017ee poro\u010dali zdravniki po Evropi.\" \/>\n<meta property=\"og:url\" content=\"https:\/\/hudo.com\/si\/aktualno\/zda-opozarjajo-na-bolezen-pri-otrocih-domnevno-povezano-s-covidom-19\/\" \/>\n<meta property=\"og:site_name\" content=\"Hudo Slovenija\" \/>\n<meta property=\"article:publisher\" content=\"https:\/\/www.facebook.com\/hudo.si\" \/>\n<meta property=\"article:published_time\" content=\"2020-05-15T06:57:19+00:00\" \/>\n<meta property=\"article:modified_time\" content=\"2020-05-15T07:52:15+00:00\" \/>\n<meta property=\"og:image\" content=\"https:\/\/hudo.com\/si\/wp-content\/uploads\/sites\/2\/2020\/04\/profimedia-0512305889.jpg\" \/>\n\t<meta property=\"og:image:width\" content=\"1250\" \/>\n\t<meta property=\"og:image:height\" content=\"833\" \/>\n\t<meta property=\"og:image:type\" content=\"image\/jpeg\" \/>\n<meta name=\"author\" content=\"A. G., STA\" \/>\n<meta name=\"twitter:card\" content=\"summary_large_image\" \/>\n<meta name=\"twitter:creator\" content=\"@hudo_si\" \/>\n<meta name=\"twitter:site\" content=\"@hudo_si\" \/>\n<meta name=\"twitter:label1\" content=\"Written by\" \/>\n\t<meta name=\"twitter:data1\" content=\"A. G., STA\" \/>\n\t<meta name=\"twitter:label2\" content=\"Est. reading time\" \/>\n\t<meta name=\"twitter:data2\" content=\"2 minuti\" \/>\n<script type=\"application\/ld+json\" class=\"yoast-schema-graph\">{\"@context\":\"https:\/\/schema.org\",\"@graph\":[{\"@type\":\"Article\",\"@id\":\"https:\/\/hudo.com\/si\/aktualno\/zda-opozarjajo-na-bolezen-pri-otrocih-domnevno-povezano-s-covidom-19\/#article\",\"isPartOf\":{\"@id\":\"https:\/\/hudo.com\/si\/aktualno\/zda-opozarjajo-na-bolezen-pri-otrocih-domnevno-povezano-s-covidom-19\/\"},\"author\":{\"name\":\"A. G., STA\",\"@id\":\"https:\/\/hudo.com\/si\/#\/schema\/person\/2391667a63ea075ba94f2f2dc6b77537\"},\"headline\":\"ZDA opozarjajo na bolezen pri otrocih, domnevno povezano s covidom-19\",\"datePublished\":\"2020-05-15T06:57:19+00:00\",\"dateModified\":\"2020-05-15T07:52:15+00:00\",\"mainEntityOfPage\":{\"@id\":\"https:\/\/hudo.com\/si\/aktualno\/zda-opozarjajo-na-bolezen-pri-otrocih-domnevno-povezano-s-covidom-19\/\"},\"wordCount\":310,\"publisher\":{\"@id\":\"https:\/\/hudo.com\/si\/#organization\"},\"keywords\":[\"koronavirus\",\"otroci\",\"WHO\",\"ZDA\"],\"articleSection\":[\"Aktualno\"],\"inLanguage\":\"sl-SI\"},{\"@type\":\"WebPage\",\"@id\":\"https:\/\/hudo.com\/si\/aktualno\/zda-opozarjajo-na-bolezen-pri-otrocih-domnevno-povezano-s-covidom-19\/\",\"url\":\"https:\/\/hudo.com\/si\/aktualno\/zda-opozarjajo-na-bolezen-pri-otrocih-domnevno-povezano-s-covidom-19\/\",\"name\":\"ZDA opozarjajo na bolezen pri otrocih, domnevno povezano s covidom-19\",\"isPartOf\":{\"@id\":\"https:\/\/hudo.com\/si\/#website\"},\"datePublished\":\"2020-05-15T06:57:19+00:00\",\"dateModified\":\"2020-05-15T07:52:15+00:00\",\"breadcrumb\":{\"@id\":\"https:\/\/hudo.com\/si\/aktualno\/zda-opozarjajo-na-bolezen-pri-otrocih-domnevno-povezano-s-covidom-19\/#breadcrumb\"},\"inLanguage\":\"sl-SI\",\"potentialAction\":[{\"@type\":\"ReadAction\",\"target\":[\"https:\/\/hudo.com\/si\/aktualno\/zda-opozarjajo-na-bolezen-pri-otrocih-domnevno-povezano-s-covidom-19\/\"]}]},{\"@type\":\"BreadcrumbList\",\"@id\":\"https:\/\/hudo.com\/si\/aktualno\/zda-opozarjajo-na-bolezen-pri-otrocih-domnevno-povezano-s-covidom-19\/#breadcrumb\",\"itemListElement\":[{\"@type\":\"ListItem\",\"position\":1,\"name\":\"Home\",\"item\":\"https:\/\/hudo.com\/si\/\"},{\"@type\":\"ListItem\",\"position\":2,\"name\":\"ZDA opozarjajo na bolezen pri otrocih, domnevno povezano s covidom-19\"}]},{\"@type\":\"WebSite\",\"@id\":\"https:\/\/hudo.com\/si\/#website\",\"url\":\"https:\/\/hudo.com\/si\/\",\"name\":\"Hudo Slovenija\",\"description\":\"Vse novice iz Slovenije in sveta\",\"publisher\":{\"@id\":\"https:\/\/hudo.com\/si\/#organization\"},\"potentialAction\":[{\"@type\":\"SearchAction\",\"target\":{\"@type\":\"EntryPoint\",\"urlTemplate\":\"https:\/\/hudo.com\/si\/?s={search_term_string}\"},\"query-input\":\"required name=search_term_string\"}],\"inLanguage\":\"sl-SI\"},{\"@type\":\"Organization\",\"@id\":\"https:\/\/hudo.com\/si\/#organization\",\"name\":\"VSN Media\",\"url\":\"https:\/\/hudo.com\/si\/\",\"logo\":{\"@type\":\"ImageObject\",\"inLanguage\":\"sl-SI\",\"@id\":\"https:\/\/hudo.com\/si\/#\/schema\/logo\/image\/\",\"url\":\"https:\/\/hudo.com\/si\/wp-content\/uploads\/sites\/2\/2021\/03\/hudo-app-2.png\",\"contentUrl\":\"https:\/\/hudo.com\/si\/wp-content\/uploads\/sites\/2\/2021\/03\/hudo-app-2.png\",\"width\":2185,\"height\":2167,\"caption\":\"VSN Media\"},\"image\":{\"@id\":\"https:\/\/hudo.com\/si\/#\/schema\/logo\/image\/\"},\"sameAs\":[\"https:\/\/www.facebook.com\/hudo.si\",\"https:\/\/twitter.com\/hudo_si\"]},{\"@type\":\"Person\",\"@id\":\"https:\/\/hudo.com\/si\/#\/schema\/person\/2391667a63ea075ba94f2f2dc6b77537\",\"name\":\"A. G., STA\",\"image\":{\"@type\":\"ImageObject\",\"inLanguage\":\"sl-SI\",\"@id\":\"https:\/\/hudo.com\/si\/#\/schema\/person\/image\/\",\"url\":\"https:\/\/secure.gravatar.com\/avatar\/e13d22ac3e442658d5025fbbe6238a79?s=96&d=mm&r=g\",\"contentUrl\":\"https:\/\/secure.gravatar.com\/avatar\/e13d22ac3e442658d5025fbbe6238a79?s=96&d=mm&r=g\",\"caption\":\"A. G., STA\"},\"url\":\"https:\/\/hudo.com\/si\/author\/alenka\/\"}]}<\/script>\n<!-- \/ Yoast SEO plugin. -->","yoast_head_json":{"title":"ZDA opozarjajo na bolezen pri otrocih, domnevno povezano s covidom-19","robots":{"index":"index","follow":"follow","max-snippet":"max-snippet:-1","max-image-preview":"max-image-preview:large","max-video-preview":"max-video-preview:-1"},"canonical":"https:\/\/hudo.com\/si\/aktualno\/zda-opozarjajo-na-bolezen-pri-otrocih-domnevno-povezano-s-covidom-19\/","og_locale":"sl_SI","og_type":"article","og_title":"ZDA opozarjajo na bolezen pri otrocih, domnevno povezano s covidom-19","og_description":"Ameri\u0161ke zdravstvene oblasti so v \u010detrtek izdale opozorilo pred redko, a v\u010dasih tudi smrtno avtoimuno boleznijo pri otrocih, ki naj bi bila povezana s covidom-19. O podobnih vnetjih pri otrocih so pred tem \u017ee poro\u010dali zdravniki po Evropi.","og_url":"https:\/\/hudo.com\/si\/aktualno\/zda-opozarjajo-na-bolezen-pri-otrocih-domnevno-povezano-s-covidom-19\/","og_site_name":"Hudo Slovenija","article_publisher":"https:\/\/www.facebook.com\/hudo.si","article_published_time":"2020-05-15T06:57:19+00:00","article_modified_time":"2020-05-15T07:52:15+00:00","og_image":[{"width":1250,"height":833,"url":"https:\/\/hudo.com\/si\/wp-content\/uploads\/sites\/2\/2020\/04\/profimedia-0512305889.jpg","type":"image\/jpeg"}],"author":"A. G., STA","twitter_card":"summary_large_image","twitter_creator":"@hudo_si","twitter_site":"@hudo_si","twitter_misc":{"Written by":"A. G., STA","Est. reading time":"2 minuti"},"schema":{"@context":"https:\/\/schema.org","@graph":[{"@type":"Article","@id":"https:\/\/hudo.com\/si\/aktualno\/zda-opozarjajo-na-bolezen-pri-otrocih-domnevno-povezano-s-covidom-19\/#article","isPartOf":{"@id":"https:\/\/hudo.com\/si\/aktualno\/zda-opozarjajo-na-bolezen-pri-otrocih-domnevno-povezano-s-covidom-19\/"},"author":{"name":"A. G., STA","@id":"https:\/\/hudo.com\/si\/#\/schema\/person\/2391667a63ea075ba94f2f2dc6b77537"},"headline":"ZDA opozarjajo na bolezen pri otrocih, domnevno povezano s covidom-19","datePublished":"2020-05-15T06:57:19+00:00","dateModified":"2020-05-15T07:52:15+00:00","mainEntityOfPage":{"@id":"https:\/\/hudo.com\/si\/aktualno\/zda-opozarjajo-na-bolezen-pri-otrocih-domnevno-povezano-s-covidom-19\/"},"wordCount":310,"publisher":{"@id":"https:\/\/hudo.com\/si\/#organization"},"keywords":["koronavirus","otroci","WHO","ZDA"],"articleSection":["Aktualno"],"inLanguage":"sl-SI"},{"@type":"WebPage","@id":"https:\/\/hudo.com\/si\/aktualno\/zda-opozarjajo-na-bolezen-pri-otrocih-domnevno-povezano-s-covidom-19\/","url":"https:\/\/hudo.com\/si\/aktualno\/zda-opozarjajo-na-bolezen-pri-otrocih-domnevno-povezano-s-covidom-19\/","name":"ZDA opozarjajo na bolezen pri otrocih, domnevno povezano s covidom-19","isPartOf":{"@id":"https:\/\/hudo.com\/si\/#website"},"datePublished":"2020-05-15T06:57:19+00:00","dateModified":"2020-05-15T07:52:15+00:00","breadcrumb":{"@id":"https:\/\/hudo.com\/si\/aktualno\/zda-opozarjajo-na-bolezen-pri-otrocih-domnevno-povezano-s-covidom-19\/#breadcrumb"},"inLanguage":"sl-SI","potentialAction":[{"@type":"ReadAction","target":["https:\/\/hudo.com\/si\/aktualno\/zda-opozarjajo-na-bolezen-pri-otrocih-domnevno-povezano-s-covidom-19\/"]}]},{"@type":"BreadcrumbList","@id":"https:\/\/hudo.com\/si\/aktualno\/zda-opozarjajo-na-bolezen-pri-otrocih-domnevno-povezano-s-covidom-19\/#breadcrumb","itemListElement":[{"@type":"ListItem","position":1,"name":"Home","item":"https:\/\/hudo.com\/si\/"},{"@type":"ListItem","position":2,"name":"ZDA opozarjajo na bolezen pri otrocih, domnevno povezano s covidom-19"}]},{"@type":"WebSite","@id":"https:\/\/hudo.com\/si\/#website","url":"https:\/\/hudo.com\/si\/","name":"Hudo Slovenija","description":"Vse novice iz Slovenije in sveta","publisher":{"@id":"https:\/\/hudo.com\/si\/#organization"},"potentialAction":[{"@type":"SearchAction","target":{"@type":"EntryPoint","urlTemplate":"https:\/\/hudo.com\/si\/?s={search_term_string}"},"query-input":"required name=search_term_string"}],"inLanguage":"sl-SI"},{"@type":"Organization","@id":"https:\/\/hudo.com\/si\/#organization","name":"VSN Media","url":"https:\/\/hudo.com\/si\/","logo":{"@type":"ImageObject","inLanguage":"sl-SI","@id":"https:\/\/hudo.com\/si\/#\/schema\/logo\/image\/","url":"https:\/\/hudo.com\/si\/wp-content\/uploads\/sites\/2\/2021\/03\/hudo-app-2.png","contentUrl":"https:\/\/hudo.com\/si\/wp-content\/uploads\/sites\/2\/2021\/03\/hudo-app-2.png","width":2185,"height":2167,"caption":"VSN Media"},"image":{"@id":"https:\/\/hudo.com\/si\/#\/schema\/logo\/image\/"},"sameAs":["https:\/\/www.facebook.com\/hudo.si","https:\/\/twitter.com\/hudo_si"]},{"@type":"Person","@id":"https:\/\/hudo.com\/si\/#\/schema\/person\/2391667a63ea075ba94f2f2dc6b77537","name":"A. G., STA","image":{"@type":"ImageObject","inLanguage":"sl-SI","@id":"https:\/\/hudo.com\/si\/#\/schema\/person\/image\/","url":"https:\/\/secure.gravatar.com\/avatar\/e13d22ac3e442658d5025fbbe6238a79?s=96&d=mm&r=g","contentUrl":"https:\/\/secure.gravatar.com\/avatar\/e13d22ac3e442658d5025fbbe6238a79?s=96&d=mm&r=g","caption":"A. G., STA"},"url":"https:\/\/hudo.com\/si\/author\/alenka\/"}]}},"amp_enabled":true,"_links":{"self":[{"href":"https:\/\/hudo.com\/si\/wp-json\/wp\/v2\/posts\/423126"}],"collection":[{"href":"https:\/\/hudo.com\/si\/wp-json\/wp\/v2\/posts"}],"about":[{"href":"https:\/\/hudo.com\/si\/wp-json\/wp\/v2\/types\/post"}],"author":[{"embeddable":true,"href":"https:\/\/hudo.com\/si\/wp-json\/wp\/v2\/users\/5"}],"replies":[{"embeddable":true,"href":"https:\/\/hudo.com\/si\/wp-json\/wp\/v2\/comments?post=423126"}],"version-history":[{"count":1,"href":"https:\/\/hudo.com\/si\/wp-json\/wp\/v2\/posts\/423126\/revisions"}],"predecessor-version":[{"id":423127,"href":"https:\/\/hudo.com\/si\/wp-json\/wp\/v2\/posts\/423126\/revisions\/423127"}],"wp:featuredmedia":[{"embeddable":true,"href":"https:\/\/hudo.com\/si\/wp-json\/wp\/v2\/media\/420406"}],"wp:attachment":[{"href":"https:\/\/hudo.com\/si\/wp-json\/wp\/v2\/media?parent=423126"}],"wp:term":[{"taxonomy":"category","embeddable":true,"href":"https:\/\/hudo.com\/si\/wp-json\/wp\/v2\/categories?post=423126"},{"taxonomy":"post_tag","embeddable":true,"href":"https:\/\/hudo.com\/si\/wp-json\/wp\/v2\/tags?post=423126"},{"taxonomy":"source","embeddable":true,"href":"https:\/\/hudo.com\/si\/wp-json\/wp\/v2\/source?post=423126"},{"taxonomy":"supertag","embeddable":true,"href":"https:\/\/hudo.com\/si\/wp-json\/wp\/v2\/supertag?post=423126"}],"curies":[{"name":"wp","href":"https:\/\/api.w.org\/{rel}","templated":true}]}}