{"id":423162,"date":"2020-05-15T08:37:02","date_gmt":"2020-05-15T06:37:02","guid":{"rendered":"https:\/\/hudo.com\/si\/2020\/05\/15\/mineva-eno-leto-od-smrti-legendarnega-nikija-laude\/"},"modified":"2020-05-15T08:37:02","modified_gmt":"2020-05-15T06:37:02","slug":"mineva-eno-leto-od-smrti-legendarnega-nikija-laude","status":"publish","type":"post","link":"https:\/\/hudo.com\/si\/zdrav-duh-telo\/mineva-eno-leto-od-smrti-legendarnega-nikija-laude\/","title":{"rendered":"Mineva eno leto od smrti legendarnega Nikija Laude"},"content":{"rendered":"<figure>\n\t\t\t\t\t<img loading=\"lazy\" decoding=\"async\" width=\"660\" height=\"320\" src=\"image\/gif;base64,R0lGODlhAQABAAAAACH5BAEKAAEALAAAAAABAAEAAAICTAEAOw==\" class=\"lazyload\" \/><figcaption>Niki Lauda \/ Profimedia<\/figcaption><\/figure>\n<p>V mo\u010dnem de\u017eju na Veliki nagradi Nem\u010dije 1976 je bil po hudi nesre\u010di ujet v gore\u010d dirkalnik. Kljub zelo pesimisti\u010dnim napovedim zdravnikov je bil pripravljen za dirkanje \u017ee \u0161est tednov pozneje, kot posledice nesre\u010de pa je imel od takrat brazgotine po obrazu.<\/p>\n<p>Na zadnji dirki iste sezone pa je v podobno slabem vremenu na Veliki nagradi Japonske v drugem krogu zapeljal v boks in tako kon\u010dal dirko, na kateri bi imel vse mo\u017enosti za osvojitev naslova prvaka. Tako je ne samo prepustil naslov Jamesu Huntu, ampak so se tudi skrhali njegovi odnosi z Enzom Ferrarijem, vodjo in ustanoviteljem mo\u0161tva Ferrari, za katerega je dirkal.<\/p>\n<p>Po njegovem rivalstvu s Huntom v tej sezoni je bil posnet film Dirka \u017eivljenja iz leta 2013.<\/p>\n<p>\u017divljenje junaka formule 1 je na svetlo dal avtor, ki je spremljal Avstrijca, ki je osvojil tri naslove svetovnega prvaka v formuli 1 (1975, 1977, 1984), ve\u010d kot 40 let.<\/p>\n<p>Izvirno je poglobljeni portret, s podnaslovom Ni lahko biti popoln, napisan v angle\u0161\u010dini, za avstrijske ljubitelje in obo\u017eevalce Laude pa je preveden v nem\u0161\u010dino, je objavila avstrijska tiskovna agencija APA.<\/p>\n<p>Vsebina knjige sega od &#8220;Norosti zgodnjih dni&#8221; do &#8220;Zadnjega kroga&#8221; in &#8220;Zbogom&#8221;. Vmes so komentarji \u0161tevilnih tekmovalcev, pa tudi njegovih rojakov Gerharda Bergerja in Tota Wolffa, pa tudi poglavje o sinovih Lukasu in Mathiasu. Lukas v knjigi podrobno pripoveduje o svojem odnosu z o\u010detom.<\/p>\n<p>Avtor Hamilton se je udele\u017eil ve\u010d kot 500 dirk za veliko nagrado in bil udele\u017een tudi v nesre\u010di Laude na N\u00fcrburgringu leta 1976.<\/p>\n<p>Lukas Lauda je bil v bolni\u0161nici skupaj z o\u010detom zadnjih devet mesecev. V nekem trenutku je spoznal, da je zelo malo verjetno, da se bo njegov o\u010de zaradi zapletov in starosti spet pobral, je povedal Lauda mlaj\u0161i.<\/p>\n<p>Wolff je opisal mo\u0161ki ve\u010der poleti pred naslednjim povratnim letom z Ibize na Dunaj, med katerim se je Lauda \u017ee zelo slabo po\u010dutil. &#8220;Zdelo se je, da sumi, kaj se mu bo zgodilo,&#8221; je dejal \u0161ef ekipe Mercedes.<\/p>\n","protected":false},"excerpt":{"rendered":"<p>Pred prvo obletnico smrti enega najbolj znanih predstavnikov avtomobilisti\u010dnega \u0161porta, Avstrijca Nikija Laude, je ugledala lu\u010d sveta njegova biografija v knji\u017eni obliki, ki jo je spisal avtor in novinar Maurice Hamilton. Predgovor k knjigi z naslovom Niki Lauda: The Biography je spisal nekdanji nem\u0161ki dirka\u010d formule 1 Nico Rosberg.<\/p>\n","protected":false},"author":1,"featured_media":423163,"comment_status":"closed","ping_status":"closed","sticky":false,"template":"","format":"standard","meta":{"footnotes":""},"categories":[1],"tags":[4622,11672],"source":[1518,1556],"supertag":[],"acf":[],"yoast_head":"<!-- This site is optimized with the Yoast SEO plugin v21.3 - https:\/\/yoast.com\/wordpress\/plugins\/seo\/ -->\n<title>Mineva eno leto od smrti legendarnega Nikija Laude - Hudo Slovenija<\/title>\n<meta name=\"robots\" content=\"index, follow, max-snippet:-1, max-image-preview:large, max-video-preview:-1\" \/>\n<link rel=\"canonical\" href=\"https:\/\/hudo.com\/si\/zdrav-duh-telo\/mineva-eno-leto-od-smrti-legendarnega-nikija-laude\/\" \/>\n<meta property=\"og:locale\" content=\"sl_SI\" \/>\n<meta property=\"og:type\" content=\"article\" \/>\n<meta property=\"og:title\" content=\"Mineva eno leto od smrti legendarnega Nikija Laude - Hudo Slovenija\" \/>\n<meta property=\"og:description\" content=\"Pred prvo obletnico smrti enega najbolj znanih predstavnikov avtomobilisti\u010dnega \u0161porta, Avstrijca Nikija Laude, je ugledala lu\u010d sveta njegova biografija v knji\u017eni obliki, ki jo je spisal avtor in novinar Maurice Hamilton. Predgovor k knjigi z naslovom Niki Lauda: The Biography je spisal nekdanji nem\u0161ki dirka\u010d formule 1 Nico Rosberg.\" \/>\n<meta property=\"og:url\" content=\"https:\/\/hudo.com\/si\/zdrav-duh-telo\/mineva-eno-leto-od-smrti-legendarnega-nikija-laude\/\" \/>\n<meta property=\"og:site_name\" content=\"Hudo Slovenija\" \/>\n<meta property=\"article:publisher\" content=\"https:\/\/www.facebook.com\/hudo.si\" \/>\n<meta property=\"article:published_time\" content=\"2020-05-15T06:37:02+00:00\" \/>\n<meta property=\"og:image\" content=\"https:\/\/hudo.com\/si\/wp-content\/uploads\/sites\/2\/2020\/05\/profimedia-0146813801.jpg\" \/>\n\t<meta property=\"og:image:width\" content=\"1249\" \/>\n\t<meta property=\"og:image:height\" content=\"831\" \/>\n\t<meta property=\"og:image:type\" content=\"image\/jpeg\" \/>\n<meta name=\"author\" content=\"hudo\" \/>\n<meta name=\"twitter:card\" content=\"summary_large_image\" \/>\n<meta name=\"twitter:creator\" content=\"@hudo_si\" \/>\n<meta name=\"twitter:site\" content=\"@hudo_si\" \/>\n<meta name=\"twitter:label1\" content=\"Written by\" \/>\n\t<meta name=\"twitter:data1\" content=\"hudo\" \/>\n\t<meta name=\"twitter:label2\" content=\"Est. reading time\" \/>\n\t<meta name=\"twitter:data2\" content=\"2 minuti\" \/>\n<script type=\"application\/ld+json\" class=\"yoast-schema-graph\">{\"@context\":\"https:\/\/schema.org\",\"@graph\":[{\"@type\":\"Article\",\"@id\":\"https:\/\/hudo.com\/si\/zdrav-duh-telo\/mineva-eno-leto-od-smrti-legendarnega-nikija-laude\/#article\",\"isPartOf\":{\"@id\":\"https:\/\/hudo.com\/si\/zdrav-duh-telo\/mineva-eno-leto-od-smrti-legendarnega-nikija-laude\/\"},\"author\":{\"name\":\"hudo\",\"@id\":\"https:\/\/hudo.com\/si\/#\/schema\/person\/601cf3379633985b20f7e50f2bb47707\"},\"headline\":\"Mineva eno leto od smrti legendarnega Nikija Laude\",\"datePublished\":\"2020-05-15T06:37:02+00:00\",\"dateModified\":\"2020-05-15T06:37:02+00:00\",\"mainEntityOfPage\":{\"@id\":\"https:\/\/hudo.com\/si\/zdrav-duh-telo\/mineva-eno-leto-od-smrti-legendarnega-nikija-laude\/\"},\"wordCount\":348,\"publisher\":{\"@id\":\"https:\/\/hudo.com\/si\/#organization\"},\"keywords\":[\"formula 1\",\"Niki Lauda\"],\"articleSection\":[\"Zdrav duh &amp; telo\"],\"inLanguage\":\"sl-SI\"},{\"@type\":\"WebPage\",\"@id\":\"https:\/\/hudo.com\/si\/zdrav-duh-telo\/mineva-eno-leto-od-smrti-legendarnega-nikija-laude\/\",\"url\":\"https:\/\/hudo.com\/si\/zdrav-duh-telo\/mineva-eno-leto-od-smrti-legendarnega-nikija-laude\/\",\"name\":\"Mineva eno leto od smrti legendarnega Nikija Laude - Hudo Slovenija\",\"isPartOf\":{\"@id\":\"https:\/\/hudo.com\/si\/#website\"},\"datePublished\":\"2020-05-15T06:37:02+00:00\",\"dateModified\":\"2020-05-15T06:37:02+00:00\",\"breadcrumb\":{\"@id\":\"https:\/\/hudo.com\/si\/zdrav-duh-telo\/mineva-eno-leto-od-smrti-legendarnega-nikija-laude\/#breadcrumb\"},\"inLanguage\":\"sl-SI\",\"potentialAction\":[{\"@type\":\"ReadAction\",\"target\":[\"https:\/\/hudo.com\/si\/zdrav-duh-telo\/mineva-eno-leto-od-smrti-legendarnega-nikija-laude\/\"]}]},{\"@type\":\"BreadcrumbList\",\"@id\":\"https:\/\/hudo.com\/si\/zdrav-duh-telo\/mineva-eno-leto-od-smrti-legendarnega-nikija-laude\/#breadcrumb\",\"itemListElement\":[{\"@type\":\"ListItem\",\"position\":1,\"name\":\"Home\",\"item\":\"https:\/\/hudo.com\/si\/\"},{\"@type\":\"ListItem\",\"position\":2,\"name\":\"Mineva eno leto od smrti legendarnega Nikija Laude\"}]},{\"@type\":\"WebSite\",\"@id\":\"https:\/\/hudo.com\/si\/#website\",\"url\":\"https:\/\/hudo.com\/si\/\",\"name\":\"Hudo Slovenija\",\"description\":\"Vse novice iz Slovenije in sveta\",\"publisher\":{\"@id\":\"https:\/\/hudo.com\/si\/#organization\"},\"potentialAction\":[{\"@type\":\"SearchAction\",\"target\":{\"@type\":\"EntryPoint\",\"urlTemplate\":\"https:\/\/hudo.com\/si\/?s={search_term_string}\"},\"query-input\":\"required name=search_term_string\"}],\"inLanguage\":\"sl-SI\"},{\"@type\":\"Organization\",\"@id\":\"https:\/\/hudo.com\/si\/#organization\",\"name\":\"VSN Media\",\"url\":\"https:\/\/hudo.com\/si\/\",\"logo\":{\"@type\":\"ImageObject\",\"inLanguage\":\"sl-SI\",\"@id\":\"https:\/\/hudo.com\/si\/#\/schema\/logo\/image\/\",\"url\":\"https:\/\/hudo.com\/si\/wp-content\/uploads\/sites\/2\/2021\/03\/hudo-app-2.png\",\"contentUrl\":\"https:\/\/hudo.com\/si\/wp-content\/uploads\/sites\/2\/2021\/03\/hudo-app-2.png\",\"width\":2185,\"height\":2167,\"caption\":\"VSN Media\"},\"image\":{\"@id\":\"https:\/\/hudo.com\/si\/#\/schema\/logo\/image\/\"},\"sameAs\":[\"https:\/\/www.facebook.com\/hudo.si\",\"https:\/\/twitter.com\/hudo_si\"]},{\"@type\":\"Person\",\"@id\":\"https:\/\/hudo.com\/si\/#\/schema\/person\/601cf3379633985b20f7e50f2bb47707\",\"name\":\"hudo\",\"image\":{\"@type\":\"ImageObject\",\"inLanguage\":\"sl-SI\",\"@id\":\"https:\/\/hudo.com\/si\/#\/schema\/person\/image\/\",\"url\":\"https:\/\/secure.gravatar.com\/avatar\/c4ca25fa72cace7a696b52ff5db9e095?s=96&d=mm&r=g\",\"contentUrl\":\"https:\/\/secure.gravatar.com\/avatar\/c4ca25fa72cace7a696b52ff5db9e095?s=96&d=mm&r=g\",\"caption\":\"hudo\"},\"url\":\"https:\/\/hudo.com\/si\/author\/hudo\/\"}]}<\/script>\n<!-- \/ Yoast SEO plugin. -->","yoast_head_json":{"title":"Mineva eno leto od smrti legendarnega Nikija Laude - Hudo Slovenija","robots":{"index":"index","follow":"follow","max-snippet":"max-snippet:-1","max-image-preview":"max-image-preview:large","max-video-preview":"max-video-preview:-1"},"canonical":"https:\/\/hudo.com\/si\/zdrav-duh-telo\/mineva-eno-leto-od-smrti-legendarnega-nikija-laude\/","og_locale":"sl_SI","og_type":"article","og_title":"Mineva eno leto od smrti legendarnega Nikija Laude - Hudo Slovenija","og_description":"Pred prvo obletnico smrti enega najbolj znanih predstavnikov avtomobilisti\u010dnega \u0161porta, Avstrijca Nikija Laude, je ugledala lu\u010d sveta njegova biografija v knji\u017eni obliki, ki jo je spisal avtor in novinar Maurice Hamilton. Predgovor k knjigi z naslovom Niki Lauda: The Biography je spisal nekdanji nem\u0161ki dirka\u010d formule 1 Nico Rosberg.","og_url":"https:\/\/hudo.com\/si\/zdrav-duh-telo\/mineva-eno-leto-od-smrti-legendarnega-nikija-laude\/","og_site_name":"Hudo Slovenija","article_publisher":"https:\/\/www.facebook.com\/hudo.si","article_published_time":"2020-05-15T06:37:02+00:00","og_image":[{"width":1249,"height":831,"url":"https:\/\/hudo.com\/si\/wp-content\/uploads\/sites\/2\/2020\/05\/profimedia-0146813801.jpg","type":"image\/jpeg"}],"author":"hudo","twitter_card":"summary_large_image","twitter_creator":"@hudo_si","twitter_site":"@hudo_si","twitter_misc":{"Written by":"hudo","Est. reading time":"2 minuti"},"schema":{"@context":"https:\/\/schema.org","@graph":[{"@type":"Article","@id":"https:\/\/hudo.com\/si\/zdrav-duh-telo\/mineva-eno-leto-od-smrti-legendarnega-nikija-laude\/#article","isPartOf":{"@id":"https:\/\/hudo.com\/si\/zdrav-duh-telo\/mineva-eno-leto-od-smrti-legendarnega-nikija-laude\/"},"author":{"name":"hudo","@id":"https:\/\/hudo.com\/si\/#\/schema\/person\/601cf3379633985b20f7e50f2bb47707"},"headline":"Mineva eno leto od smrti legendarnega Nikija Laude","datePublished":"2020-05-15T06:37:02+00:00","dateModified":"2020-05-15T06:37:02+00:00","mainEntityOfPage":{"@id":"https:\/\/hudo.com\/si\/zdrav-duh-telo\/mineva-eno-leto-od-smrti-legendarnega-nikija-laude\/"},"wordCount":348,"publisher":{"@id":"https:\/\/hudo.com\/si\/#organization"},"keywords":["formula 1","Niki Lauda"],"articleSection":["Zdrav duh &amp; telo"],"inLanguage":"sl-SI"},{"@type":"WebPage","@id":"https:\/\/hudo.com\/si\/zdrav-duh-telo\/mineva-eno-leto-od-smrti-legendarnega-nikija-laude\/","url":"https:\/\/hudo.com\/si\/zdrav-duh-telo\/mineva-eno-leto-od-smrti-legendarnega-nikija-laude\/","name":"Mineva eno leto od smrti legendarnega Nikija Laude - Hudo Slovenija","isPartOf":{"@id":"https:\/\/hudo.com\/si\/#website"},"datePublished":"2020-05-15T06:37:02+00:00","dateModified":"2020-05-15T06:37:02+00:00","breadcrumb":{"@id":"https:\/\/hudo.com\/si\/zdrav-duh-telo\/mineva-eno-leto-od-smrti-legendarnega-nikija-laude\/#breadcrumb"},"inLanguage":"sl-SI","potentialAction":[{"@type":"ReadAction","target":["https:\/\/hudo.com\/si\/zdrav-duh-telo\/mineva-eno-leto-od-smrti-legendarnega-nikija-laude\/"]}]},{"@type":"BreadcrumbList","@id":"https:\/\/hudo.com\/si\/zdrav-duh-telo\/mineva-eno-leto-od-smrti-legendarnega-nikija-laude\/#breadcrumb","itemListElement":[{"@type":"ListItem","position":1,"name":"Home","item":"https:\/\/hudo.com\/si\/"},{"@type":"ListItem","position":2,"name":"Mineva eno leto od smrti legendarnega Nikija Laude"}]},{"@type":"WebSite","@id":"https:\/\/hudo.com\/si\/#website","url":"https:\/\/hudo.com\/si\/","name":"Hudo Slovenija","description":"Vse novice iz Slovenije in sveta","publisher":{"@id":"https:\/\/hudo.com\/si\/#organization"},"potentialAction":[{"@type":"SearchAction","target":{"@type":"EntryPoint","urlTemplate":"https:\/\/hudo.com\/si\/?s={search_term_string}"},"query-input":"required name=search_term_string"}],"inLanguage":"sl-SI"},{"@type":"Organization","@id":"https:\/\/hudo.com\/si\/#organization","name":"VSN Media","url":"https:\/\/hudo.com\/si\/","logo":{"@type":"ImageObject","inLanguage":"sl-SI","@id":"https:\/\/hudo.com\/si\/#\/schema\/logo\/image\/","url":"https:\/\/hudo.com\/si\/wp-content\/uploads\/sites\/2\/2021\/03\/hudo-app-2.png","contentUrl":"https:\/\/hudo.com\/si\/wp-content\/uploads\/sites\/2\/2021\/03\/hudo-app-2.png","width":2185,"height":2167,"caption":"VSN Media"},"image":{"@id":"https:\/\/hudo.com\/si\/#\/schema\/logo\/image\/"},"sameAs":["https:\/\/www.facebook.com\/hudo.si","https:\/\/twitter.com\/hudo_si"]},{"@type":"Person","@id":"https:\/\/hudo.com\/si\/#\/schema\/person\/601cf3379633985b20f7e50f2bb47707","name":"hudo","image":{"@type":"ImageObject","inLanguage":"sl-SI","@id":"https:\/\/hudo.com\/si\/#\/schema\/person\/image\/","url":"https:\/\/secure.gravatar.com\/avatar\/c4ca25fa72cace7a696b52ff5db9e095?s=96&d=mm&r=g","contentUrl":"https:\/\/secure.gravatar.com\/avatar\/c4ca25fa72cace7a696b52ff5db9e095?s=96&d=mm&r=g","caption":"hudo"},"url":"https:\/\/hudo.com\/si\/author\/hudo\/"}]}},"amp_enabled":true,"_links":{"self":[{"href":"https:\/\/hudo.com\/si\/wp-json\/wp\/v2\/posts\/423162"}],"collection":[{"href":"https:\/\/hudo.com\/si\/wp-json\/wp\/v2\/posts"}],"about":[{"href":"https:\/\/hudo.com\/si\/wp-json\/wp\/v2\/types\/post"}],"author":[{"embeddable":true,"href":"https:\/\/hudo.com\/si\/wp-json\/wp\/v2\/users\/1"}],"replies":[{"embeddable":true,"href":"https:\/\/hudo.com\/si\/wp-json\/wp\/v2\/comments?post=423162"}],"version-history":[{"count":0,"href":"https:\/\/hudo.com\/si\/wp-json\/wp\/v2\/posts\/423162\/revisions"}],"wp:featuredmedia":[{"embeddable":true,"href":"https:\/\/hudo.com\/si\/wp-json\/wp\/v2\/media\/423163"}],"wp:attachment":[{"href":"https:\/\/hudo.com\/si\/wp-json\/wp\/v2\/media?parent=423162"}],"wp:term":[{"taxonomy":"category","embeddable":true,"href":"https:\/\/hudo.com\/si\/wp-json\/wp\/v2\/categories?post=423162"},{"taxonomy":"post_tag","embeddable":true,"href":"https:\/\/hudo.com\/si\/wp-json\/wp\/v2\/tags?post=423162"},{"taxonomy":"source","embeddable":true,"href":"https:\/\/hudo.com\/si\/wp-json\/wp\/v2\/source?post=423162"},{"taxonomy":"supertag","embeddable":true,"href":"https:\/\/hudo.com\/si\/wp-json\/wp\/v2\/supertag?post=423162"}],"curies":[{"name":"wp","href":"https:\/\/api.w.org\/{rel}","templated":true}]}}