{"id":423393,"date":"2020-05-19T08:35:37","date_gmt":"2020-05-19T06:35:37","guid":{"rendered":"https:\/\/hudo.com\/si\/2020\/05\/19\/zaskrbljujoci-podatki-dusevno-zdravje-mladostnikov-v-evropi-se-poslabsuje-vsaj-eden-od-stirih-mladosntikov-ima-tezave\/"},"modified":"2020-05-19T08:35:37","modified_gmt":"2020-05-19T06:35:37","slug":"zaskrbljujoci-podatki-dusevno-zdravje-mladostnikov-v-evropi-se-poslabsuje-vsaj-eden-od-stirih-mladosntikov-ima-tezave","status":"publish","type":"post","link":"https:\/\/hudo.com\/si\/zdrav-duh-telo\/zaskrbljujoci-podatki-dusevno-zdravje-mladostnikov-v-evropi-se-poslabsuje-vsaj-eden-od-stirih-mladosntikov-ima-tezave\/","title":{"rendered":"Zaskrbljujo\u010di podatki: Du\u0161evno zdravje mladostnikov v Evropi se poslab\u0161uje, vsaj eden od \u0161tirih mladosntikov ima te\u017eave"},"content":{"rendered":"<figure>\n\t\t\t\t\t<img loading=\"lazy\" decoding=\"async\" width=\"660\" height=\"320\" src=\"image\/gif;base64,R0lGODlhAQABAAAAACH5BAEKAAEALAAAAAABAAEAAAICTAEAOw==\" class=\"lazyload\" \/><figcaption>Foto: Profimedia<\/figcaption><\/figure>\n<p>&#8220;Eden od \u0161tirih mladostnikov je poro\u010dal, da je vsaj enkrat na teden \u017eiv\u010den, razdra\u017een ali da ima te\u017eave s spanjem,&#8221; pi\u0161e v poro\u010dilu. Dodaja, da se du\u0161evno zdravje poslab\u0161uje s starostjo.<\/p>\n<p>Dekleta so bolj izpostavljena tveganju za te\u017eave z du\u0161evnim zdravjem. Da je njihovo du\u0161evno zdravje dobro, je namre\u010d povedalo 33 odstotkov sodelujo\u010dih deklet, starih 11, 13 in 15 let. Pri fantih pa ta dele\u017e zna\u0161a 41 odstotkov.<\/p>\n<p>V ve\u010d kot tretjini dr\u017eav je verjetneje, da bodo mladostniki poro\u010dali o ve\u010d zdravstvenih te\u017eavah hkrati, \u0161e pi\u0161e v poro\u010dilu.<\/p>\n<p>&#8220;Pove\u010devanje \u0161tevila fantov in deklet v evropski regiji, ki poro\u010dajo o slabem du\u0161evnem zdravju, kot so slabo po\u010dutje, \u017eiv\u010dnost ali razdra\u017eljivost, je skrb zbujajo\u010de za vse nas,&#8221; je povedal direktor WHO za Evropo Hans Kluge.<\/p>\n<p>&#8220;Na\u0161 odgovor na ta nara\u0161\u010dajo\u010d problem bo odmeval \u0161e generacije,&#8221; je poudaril. Po njegovih besedah se bo vlaganje v mlade, na primer z zagotavljanjem, da imajo dostop do zdravstvenih storitev na podro\u010dju du\u0161evnega zdravja, trikratno popla\u010dalo. Prineslo bo zdravstvene, socialne in ekonomske koristi dana\u0161njim mladostnikom, jutri\u0161njim odraslim in prihodnjim generacijam, je pojasnil, so sporo\u010dili iz WHO.<\/p>\n<p>V \u0161tudiji z naslovom Zdravstveno vedenje \u0161olskih otrok je sodelovalo ve\u010d kot 227.000 mladostnikov, starih 11, 13 in 15 let iz 45 dr\u017eav, tudi Slovenije. Izvedli so jo v letih 2017 in 2018.<\/p>\n<p>Pokazala je, da je upadel dele\u017e mladih, ki kadijo. Med 13-letniki za \u0161tiri odstotne to\u010dke, med 15-letniki pa za sedem. Zmanj\u0161alo se je tudi u\u017eivanje alkohola med mladimi, in sicer z 38 na 35 odstotkov.<\/p>\n<p>Kot \u0161e navajajo na WHO, so skrb zbujajo\u010di tudi tvegani spolni odnosi med mladimi. \u010cetrtina vpra\u0161anih pri zadnjem spolnem odnosu ni uporabila za\u0161\u010dite. Med 15-letniki je sicer \u017ee imelo spolni odnos 24 odstotkov fantov in 14 odstotkov deklet.<\/p>\n<p>Ob tem je ve\u010d kot desetina vpra\u0161anih dejala, da je bila v dveh mesecih pred \u0161tudijo \u017ertev spletnega nadlegovanja.<\/p>\n","protected":false},"excerpt":{"rendered":"<p>Du\u0161evno zdravje mladostnikov, starih od 11 do 15 let, v Evropi in Kanadi se je med letoma 2014 in 2018 poslab\u0161alo, ka\u017ee danes objavljeno poro\u010dilo evropskega urada Svetovne zdravstvene organizacije (WHO). \u0160tudija je ob tem pokazala \u0161e, da je upadel dele\u017e mladih, ki kadijo in pijejo alkohol.<\/p>\n","protected":false},"author":1,"featured_media":423394,"comment_status":"closed","ping_status":"closed","sticky":false,"template":"","format":"standard","meta":{"footnotes":""},"categories":[1],"tags":[6643,16388],"source":[1367,1335,1334],"supertag":[],"acf":[],"yoast_head":"<!-- This site is optimized with the Yoast SEO plugin v21.3 - https:\/\/yoast.com\/wordpress\/plugins\/seo\/ -->\n<title>Zaskrbljujo\u010di podatki: Du\u0161evno zdravje mladostnikov v Evropi se poslab\u0161uje, vsaj eden od \u0161tirih mladosntikov ima te\u017eave - Hudo Slovenija<\/title>\n<meta name=\"robots\" content=\"index, follow, max-snippet:-1, max-image-preview:large, max-video-preview:-1\" \/>\n<link rel=\"canonical\" href=\"https:\/\/hudo.com\/si\/zdrav-duh-telo\/zaskrbljujoci-podatki-dusevno-zdravje-mladostnikov-v-evropi-se-poslabsuje-vsaj-eden-od-stirih-mladosntikov-ima-tezave\/\" \/>\n<meta property=\"og:locale\" content=\"sl_SI\" \/>\n<meta property=\"og:type\" content=\"article\" \/>\n<meta property=\"og:title\" content=\"Zaskrbljujo\u010di podatki: Du\u0161evno zdravje mladostnikov v Evropi se poslab\u0161uje, vsaj eden od \u0161tirih mladosntikov ima te\u017eave - Hudo Slovenija\" \/>\n<meta property=\"og:description\" content=\"Du\u0161evno zdravje mladostnikov, starih od 11 do 15 let, v Evropi in Kanadi se je med letoma 2014 in 2018 poslab\u0161alo, ka\u017ee danes objavljeno poro\u010dilo evropskega urada Svetovne zdravstvene organizacije (WHO). \u0160tudija je ob tem pokazala \u0161e, da je upadel dele\u017e mladih, ki kadijo in pijejo alkohol.\" \/>\n<meta property=\"og:url\" content=\"https:\/\/hudo.com\/si\/zdrav-duh-telo\/zaskrbljujoci-podatki-dusevno-zdravje-mladostnikov-v-evropi-se-poslabsuje-vsaj-eden-od-stirih-mladosntikov-ima-tezave\/\" \/>\n<meta property=\"og:site_name\" content=\"Hudo Slovenija\" \/>\n<meta property=\"article:publisher\" content=\"https:\/\/www.facebook.com\/hudo.si\" \/>\n<meta property=\"article:published_time\" content=\"2020-05-19T06:35:37+00:00\" \/>\n<meta property=\"og:image\" content=\"https:\/\/hudo.com\/si\/wp-content\/uploads\/sites\/2\/2020\/05\/profimedia-0070055885.jpg\" \/>\n\t<meta property=\"og:image:width\" content=\"1250\" \/>\n\t<meta property=\"og:image:height\" content=\"883\" \/>\n\t<meta property=\"og:image:type\" content=\"image\/jpeg\" \/>\n<meta name=\"author\" content=\"hudo\" \/>\n<meta name=\"twitter:card\" content=\"summary_large_image\" \/>\n<meta name=\"twitter:creator\" content=\"@hudo_si\" \/>\n<meta name=\"twitter:site\" content=\"@hudo_si\" \/>\n<meta name=\"twitter:label1\" content=\"Written by\" \/>\n\t<meta name=\"twitter:data1\" content=\"hudo\" \/>\n\t<meta name=\"twitter:label2\" content=\"Est. reading time\" \/>\n\t<meta name=\"twitter:data2\" content=\"2 minuti\" \/>\n<script type=\"application\/ld+json\" class=\"yoast-schema-graph\">{\"@context\":\"https:\/\/schema.org\",\"@graph\":[{\"@type\":\"Article\",\"@id\":\"https:\/\/hudo.com\/si\/zdrav-duh-telo\/zaskrbljujoci-podatki-dusevno-zdravje-mladostnikov-v-evropi-se-poslabsuje-vsaj-eden-od-stirih-mladosntikov-ima-tezave\/#article\",\"isPartOf\":{\"@id\":\"https:\/\/hudo.com\/si\/zdrav-duh-telo\/zaskrbljujoci-podatki-dusevno-zdravje-mladostnikov-v-evropi-se-poslabsuje-vsaj-eden-od-stirih-mladosntikov-ima-tezave\/\"},\"author\":{\"name\":\"hudo\",\"@id\":\"https:\/\/hudo.com\/si\/#\/schema\/person\/601cf3379633985b20f7e50f2bb47707\"},\"headline\":\"Zaskrbljujo\u010di podatki: Du\u0161evno zdravje mladostnikov v Evropi se poslab\u0161uje, vsaj eden od \u0161tirih mladosntikov ima te\u017eave\",\"datePublished\":\"2020-05-19T06:35:37+00:00\",\"dateModified\":\"2020-05-19T06:35:37+00:00\",\"mainEntityOfPage\":{\"@id\":\"https:\/\/hudo.com\/si\/zdrav-duh-telo\/zaskrbljujoci-podatki-dusevno-zdravje-mladostnikov-v-evropi-se-poslabsuje-vsaj-eden-od-stirih-mladosntikov-ima-tezave\/\"},\"wordCount\":350,\"publisher\":{\"@id\":\"https:\/\/hudo.com\/si\/#organization\"},\"keywords\":[\"du\u0161evno zdravje\",\"du\u0161evno zdravje mladostnikov\"],\"articleSection\":[\"Zdrav duh &amp; telo\"],\"inLanguage\":\"sl-SI\"},{\"@type\":\"WebPage\",\"@id\":\"https:\/\/hudo.com\/si\/zdrav-duh-telo\/zaskrbljujoci-podatki-dusevno-zdravje-mladostnikov-v-evropi-se-poslabsuje-vsaj-eden-od-stirih-mladosntikov-ima-tezave\/\",\"url\":\"https:\/\/hudo.com\/si\/zdrav-duh-telo\/zaskrbljujoci-podatki-dusevno-zdravje-mladostnikov-v-evropi-se-poslabsuje-vsaj-eden-od-stirih-mladosntikov-ima-tezave\/\",\"name\":\"Zaskrbljujo\u010di podatki: Du\u0161evno zdravje mladostnikov v Evropi se poslab\u0161uje, vsaj eden od \u0161tirih mladosntikov ima te\u017eave - Hudo Slovenija\",\"isPartOf\":{\"@id\":\"https:\/\/hudo.com\/si\/#website\"},\"datePublished\":\"2020-05-19T06:35:37+00:00\",\"dateModified\":\"2020-05-19T06:35:37+00:00\",\"breadcrumb\":{\"@id\":\"https:\/\/hudo.com\/si\/zdrav-duh-telo\/zaskrbljujoci-podatki-dusevno-zdravje-mladostnikov-v-evropi-se-poslabsuje-vsaj-eden-od-stirih-mladosntikov-ima-tezave\/#breadcrumb\"},\"inLanguage\":\"sl-SI\",\"potentialAction\":[{\"@type\":\"ReadAction\",\"target\":[\"https:\/\/hudo.com\/si\/zdrav-duh-telo\/zaskrbljujoci-podatki-dusevno-zdravje-mladostnikov-v-evropi-se-poslabsuje-vsaj-eden-od-stirih-mladosntikov-ima-tezave\/\"]}]},{\"@type\":\"BreadcrumbList\",\"@id\":\"https:\/\/hudo.com\/si\/zdrav-duh-telo\/zaskrbljujoci-podatki-dusevno-zdravje-mladostnikov-v-evropi-se-poslabsuje-vsaj-eden-od-stirih-mladosntikov-ima-tezave\/#breadcrumb\",\"itemListElement\":[{\"@type\":\"ListItem\",\"position\":1,\"name\":\"Home\",\"item\":\"https:\/\/hudo.com\/si\/\"},{\"@type\":\"ListItem\",\"position\":2,\"name\":\"Zaskrbljujo\u010di podatki: Du\u0161evno zdravje mladostnikov v Evropi se poslab\u0161uje, vsaj eden od \u0161tirih mladosntikov ima te\u017eave\"}]},{\"@type\":\"WebSite\",\"@id\":\"https:\/\/hudo.com\/si\/#website\",\"url\":\"https:\/\/hudo.com\/si\/\",\"name\":\"Hudo Slovenija\",\"description\":\"Vse novice iz Slovenije in sveta\",\"publisher\":{\"@id\":\"https:\/\/hudo.com\/si\/#organization\"},\"potentialAction\":[{\"@type\":\"SearchAction\",\"target\":{\"@type\":\"EntryPoint\",\"urlTemplate\":\"https:\/\/hudo.com\/si\/?s={search_term_string}\"},\"query-input\":\"required name=search_term_string\"}],\"inLanguage\":\"sl-SI\"},{\"@type\":\"Organization\",\"@id\":\"https:\/\/hudo.com\/si\/#organization\",\"name\":\"VSN Media\",\"url\":\"https:\/\/hudo.com\/si\/\",\"logo\":{\"@type\":\"ImageObject\",\"inLanguage\":\"sl-SI\",\"@id\":\"https:\/\/hudo.com\/si\/#\/schema\/logo\/image\/\",\"url\":\"https:\/\/hudo.com\/si\/wp-content\/uploads\/sites\/2\/2021\/03\/hudo-app-2.png\",\"contentUrl\":\"https:\/\/hudo.com\/si\/wp-content\/uploads\/sites\/2\/2021\/03\/hudo-app-2.png\",\"width\":2185,\"height\":2167,\"caption\":\"VSN Media\"},\"image\":{\"@id\":\"https:\/\/hudo.com\/si\/#\/schema\/logo\/image\/\"},\"sameAs\":[\"https:\/\/www.facebook.com\/hudo.si\",\"https:\/\/twitter.com\/hudo_si\"]},{\"@type\":\"Person\",\"@id\":\"https:\/\/hudo.com\/si\/#\/schema\/person\/601cf3379633985b20f7e50f2bb47707\",\"name\":\"hudo\",\"image\":{\"@type\":\"ImageObject\",\"inLanguage\":\"sl-SI\",\"@id\":\"https:\/\/hudo.com\/si\/#\/schema\/person\/image\/\",\"url\":\"https:\/\/secure.gravatar.com\/avatar\/c4ca25fa72cace7a696b52ff5db9e095?s=96&d=mm&r=g\",\"contentUrl\":\"https:\/\/secure.gravatar.com\/avatar\/c4ca25fa72cace7a696b52ff5db9e095?s=96&d=mm&r=g\",\"caption\":\"hudo\"},\"url\":\"https:\/\/hudo.com\/si\/author\/hudo\/\"}]}<\/script>\n<!-- \/ Yoast SEO plugin. -->","yoast_head_json":{"title":"Zaskrbljujo\u010di podatki: Du\u0161evno zdravje mladostnikov v Evropi se poslab\u0161uje, vsaj eden od \u0161tirih mladosntikov ima te\u017eave - Hudo Slovenija","robots":{"index":"index","follow":"follow","max-snippet":"max-snippet:-1","max-image-preview":"max-image-preview:large","max-video-preview":"max-video-preview:-1"},"canonical":"https:\/\/hudo.com\/si\/zdrav-duh-telo\/zaskrbljujoci-podatki-dusevno-zdravje-mladostnikov-v-evropi-se-poslabsuje-vsaj-eden-od-stirih-mladosntikov-ima-tezave\/","og_locale":"sl_SI","og_type":"article","og_title":"Zaskrbljujo\u010di podatki: Du\u0161evno zdravje mladostnikov v Evropi se poslab\u0161uje, vsaj eden od \u0161tirih mladosntikov ima te\u017eave - Hudo Slovenija","og_description":"Du\u0161evno zdravje mladostnikov, starih od 11 do 15 let, v Evropi in Kanadi se je med letoma 2014 in 2018 poslab\u0161alo, ka\u017ee danes objavljeno poro\u010dilo evropskega urada Svetovne zdravstvene organizacije (WHO). \u0160tudija je ob tem pokazala \u0161e, da je upadel dele\u017e mladih, ki kadijo in pijejo alkohol.","og_url":"https:\/\/hudo.com\/si\/zdrav-duh-telo\/zaskrbljujoci-podatki-dusevno-zdravje-mladostnikov-v-evropi-se-poslabsuje-vsaj-eden-od-stirih-mladosntikov-ima-tezave\/","og_site_name":"Hudo Slovenija","article_publisher":"https:\/\/www.facebook.com\/hudo.si","article_published_time":"2020-05-19T06:35:37+00:00","og_image":[{"width":1250,"height":883,"url":"https:\/\/hudo.com\/si\/wp-content\/uploads\/sites\/2\/2020\/05\/profimedia-0070055885.jpg","type":"image\/jpeg"}],"author":"hudo","twitter_card":"summary_large_image","twitter_creator":"@hudo_si","twitter_site":"@hudo_si","twitter_misc":{"Written by":"hudo","Est. reading time":"2 minuti"},"schema":{"@context":"https:\/\/schema.org","@graph":[{"@type":"Article","@id":"https:\/\/hudo.com\/si\/zdrav-duh-telo\/zaskrbljujoci-podatki-dusevno-zdravje-mladostnikov-v-evropi-se-poslabsuje-vsaj-eden-od-stirih-mladosntikov-ima-tezave\/#article","isPartOf":{"@id":"https:\/\/hudo.com\/si\/zdrav-duh-telo\/zaskrbljujoci-podatki-dusevno-zdravje-mladostnikov-v-evropi-se-poslabsuje-vsaj-eden-od-stirih-mladosntikov-ima-tezave\/"},"author":{"name":"hudo","@id":"https:\/\/hudo.com\/si\/#\/schema\/person\/601cf3379633985b20f7e50f2bb47707"},"headline":"Zaskrbljujo\u010di podatki: Du\u0161evno zdravje mladostnikov v Evropi se poslab\u0161uje, vsaj eden od \u0161tirih mladosntikov ima te\u017eave","datePublished":"2020-05-19T06:35:37+00:00","dateModified":"2020-05-19T06:35:37+00:00","mainEntityOfPage":{"@id":"https:\/\/hudo.com\/si\/zdrav-duh-telo\/zaskrbljujoci-podatki-dusevno-zdravje-mladostnikov-v-evropi-se-poslabsuje-vsaj-eden-od-stirih-mladosntikov-ima-tezave\/"},"wordCount":350,"publisher":{"@id":"https:\/\/hudo.com\/si\/#organization"},"keywords":["du\u0161evno zdravje","du\u0161evno zdravje mladostnikov"],"articleSection":["Zdrav duh &amp; telo"],"inLanguage":"sl-SI"},{"@type":"WebPage","@id":"https:\/\/hudo.com\/si\/zdrav-duh-telo\/zaskrbljujoci-podatki-dusevno-zdravje-mladostnikov-v-evropi-se-poslabsuje-vsaj-eden-od-stirih-mladosntikov-ima-tezave\/","url":"https:\/\/hudo.com\/si\/zdrav-duh-telo\/zaskrbljujoci-podatki-dusevno-zdravje-mladostnikov-v-evropi-se-poslabsuje-vsaj-eden-od-stirih-mladosntikov-ima-tezave\/","name":"Zaskrbljujo\u010di podatki: Du\u0161evno zdravje mladostnikov v Evropi se poslab\u0161uje, vsaj eden od \u0161tirih mladosntikov ima te\u017eave - Hudo Slovenija","isPartOf":{"@id":"https:\/\/hudo.com\/si\/#website"},"datePublished":"2020-05-19T06:35:37+00:00","dateModified":"2020-05-19T06:35:37+00:00","breadcrumb":{"@id":"https:\/\/hudo.com\/si\/zdrav-duh-telo\/zaskrbljujoci-podatki-dusevno-zdravje-mladostnikov-v-evropi-se-poslabsuje-vsaj-eden-od-stirih-mladosntikov-ima-tezave\/#breadcrumb"},"inLanguage":"sl-SI","potentialAction":[{"@type":"ReadAction","target":["https:\/\/hudo.com\/si\/zdrav-duh-telo\/zaskrbljujoci-podatki-dusevno-zdravje-mladostnikov-v-evropi-se-poslabsuje-vsaj-eden-od-stirih-mladosntikov-ima-tezave\/"]}]},{"@type":"BreadcrumbList","@id":"https:\/\/hudo.com\/si\/zdrav-duh-telo\/zaskrbljujoci-podatki-dusevno-zdravje-mladostnikov-v-evropi-se-poslabsuje-vsaj-eden-od-stirih-mladosntikov-ima-tezave\/#breadcrumb","itemListElement":[{"@type":"ListItem","position":1,"name":"Home","item":"https:\/\/hudo.com\/si\/"},{"@type":"ListItem","position":2,"name":"Zaskrbljujo\u010di podatki: Du\u0161evno zdravje mladostnikov v Evropi se poslab\u0161uje, vsaj eden od \u0161tirih mladosntikov ima te\u017eave"}]},{"@type":"WebSite","@id":"https:\/\/hudo.com\/si\/#website","url":"https:\/\/hudo.com\/si\/","name":"Hudo Slovenija","description":"Vse novice iz Slovenije in sveta","publisher":{"@id":"https:\/\/hudo.com\/si\/#organization"},"potentialAction":[{"@type":"SearchAction","target":{"@type":"EntryPoint","urlTemplate":"https:\/\/hudo.com\/si\/?s={search_term_string}"},"query-input":"required name=search_term_string"}],"inLanguage":"sl-SI"},{"@type":"Organization","@id":"https:\/\/hudo.com\/si\/#organization","name":"VSN Media","url":"https:\/\/hudo.com\/si\/","logo":{"@type":"ImageObject","inLanguage":"sl-SI","@id":"https:\/\/hudo.com\/si\/#\/schema\/logo\/image\/","url":"https:\/\/hudo.com\/si\/wp-content\/uploads\/sites\/2\/2021\/03\/hudo-app-2.png","contentUrl":"https:\/\/hudo.com\/si\/wp-content\/uploads\/sites\/2\/2021\/03\/hudo-app-2.png","width":2185,"height":2167,"caption":"VSN Media"},"image":{"@id":"https:\/\/hudo.com\/si\/#\/schema\/logo\/image\/"},"sameAs":["https:\/\/www.facebook.com\/hudo.si","https:\/\/twitter.com\/hudo_si"]},{"@type":"Person","@id":"https:\/\/hudo.com\/si\/#\/schema\/person\/601cf3379633985b20f7e50f2bb47707","name":"hudo","image":{"@type":"ImageObject","inLanguage":"sl-SI","@id":"https:\/\/hudo.com\/si\/#\/schema\/person\/image\/","url":"https:\/\/secure.gravatar.com\/avatar\/c4ca25fa72cace7a696b52ff5db9e095?s=96&d=mm&r=g","contentUrl":"https:\/\/secure.gravatar.com\/avatar\/c4ca25fa72cace7a696b52ff5db9e095?s=96&d=mm&r=g","caption":"hudo"},"url":"https:\/\/hudo.com\/si\/author\/hudo\/"}]}},"amp_enabled":true,"_links":{"self":[{"href":"https:\/\/hudo.com\/si\/wp-json\/wp\/v2\/posts\/423393"}],"collection":[{"href":"https:\/\/hudo.com\/si\/wp-json\/wp\/v2\/posts"}],"about":[{"href":"https:\/\/hudo.com\/si\/wp-json\/wp\/v2\/types\/post"}],"author":[{"embeddable":true,"href":"https:\/\/hudo.com\/si\/wp-json\/wp\/v2\/users\/1"}],"replies":[{"embeddable":true,"href":"https:\/\/hudo.com\/si\/wp-json\/wp\/v2\/comments?post=423393"}],"version-history":[{"count":0,"href":"https:\/\/hudo.com\/si\/wp-json\/wp\/v2\/posts\/423393\/revisions"}],"wp:featuredmedia":[{"embeddable":true,"href":"https:\/\/hudo.com\/si\/wp-json\/wp\/v2\/media\/423394"}],"wp:attachment":[{"href":"https:\/\/hudo.com\/si\/wp-json\/wp\/v2\/media?parent=423393"}],"wp:term":[{"taxonomy":"category","embeddable":true,"href":"https:\/\/hudo.com\/si\/wp-json\/wp\/v2\/categories?post=423393"},{"taxonomy":"post_tag","embeddable":true,"href":"https:\/\/hudo.com\/si\/wp-json\/wp\/v2\/tags?post=423393"},{"taxonomy":"source","embeddable":true,"href":"https:\/\/hudo.com\/si\/wp-json\/wp\/v2\/source?post=423393"},{"taxonomy":"supertag","embeddable":true,"href":"https:\/\/hudo.com\/si\/wp-json\/wp\/v2\/supertag?post=423393"}],"curies":[{"name":"wp","href":"https:\/\/api.w.org\/{rel}","templated":true}]}}