{"id":423881,"date":"2020-05-25T13:09:29","date_gmt":"2020-05-25T11:09:29","guid":{"rendered":"http:\/\/hudo.com\/si\/?p=423881"},"modified":"2020-05-25T13:09:29","modified_gmt":"2020-05-25T11:09:29","slug":"nemsko-vrhovno-sodisce-volkswagen-bo-moral-placati-odskodnino-kupcem-ki-bili-prizadeti-v-aferi-dieselgate","status":"publish","type":"post","link":"https:\/\/hudo.com\/si\/aktualno\/nemsko-vrhovno-sodisce-volkswagen-bo-moral-placati-odskodnino-kupcem-ki-bili-prizadeti-v-aferi-dieselgate\/","title":{"rendered":"Nem\u0161ko vrhovno sodi\u0161\u010de: Volkswagen bo moral pla\u010dati od\u0161kodnino kupcem, ki so bili prizadeti v aferi dieselgate"},"content":{"rendered":"<p>Nem\u0161ko vrhovno sodi\u0161\u010de je odlo\u010dalo o to\u017ebi Herberta Gilberta iz de\u017eele Porenje-Pfal\u0161ko, ki je sku\u0161al dose\u010di povra\u010dilo od Volkswagna za rabljen avtomobil, ki ga je za 31.500 evrov kupil leta 2014.<\/p>\n<p>Leto kasneje je pri\u0161lo na dan, da so pri Volkswagnu &#8211; pa tudi pri drugih avtomobilskih podjetjih &#8211; s posebnimi napravami in programsko opremo goljufali pri testiranju izpu\u0161nih plinov, da bi tako zadostili strogim okoljskim standardom. Skupaj naj bi tovrstno programsko opremo imelo okoli 11 milijonov Volkswagnovih vozil.<\/p>\n<p>Po razkritju \u0161kandala se je Volkswagen soo\u010dil s \u0161tevilnimi to\u017ebami in zahtevki za izpla\u010dilo od\u0161kodnin in vra\u010dilo kupnin za avtomobile. Samo v ZDA je Volkswagen za kazni, od\u0161kodnine in stro\u0161ke popravil po izbruhu afere doslej pla\u010dal \u017ee ve\u010d kot 30 milijard evrov.<\/p>\n<p>Za to\u017ebo proti Volkswagnu so se odlo\u010dili tudi nekateri slovenski kupci njihovih dizelskih vozil. K skupinski to\u017ebi, ki jo je leta 2018 prek nem\u0161ke dru\u017ebe Financialright vlo\u017eila Zveza potro\u0161nikov Slovenije, je pristopilo 6024 slovenskih potro\u0161nikov. S to\u017ebo zahtevajo povrnitev kupnine za vozilo v zameno za njegovo vra\u010dilo.<\/p>\n<p>Zdaj je Volkswagen prvi dokon\u010den pravni poraz utrpel tudi v doma\u010di Nem\u010diji. Nem\u0161ko vrhovno sodi\u0161\u010de je potrdilo sodbo de\u017eelnega sodi\u0161\u010da iz Koblenza in potrdilo odgovornost proizvajalca za od\u0161kodnino kupcem.<\/p>\n<p>Razsodba bo verjetno vplivala na ve\u010d deset tiso\u010d kupcev Volkswagnovih dizelskih avtomobilov. V postopku je \u0161e okoli 68.000 zasebnih to\u017eb, ki so jih vlo\u017eili kupci dizelskih volkswagnov.<\/p>\n<p>Sodnik Stephan Seiters, ki je vodil sodni senat, je v obrazlo\u017eitvi sodbe izpostavil, da je Volkswagen &#8220;dolga leta sistemati\u010dno na trg dajal vozila, ki so imela take programe, da so omejitve glede izpustov dosegala le pod testnimi pogoji&#8221;.<\/p>\n<p>In prodaja tak\u0161nega vozila to\u017eniku mu je povzro\u010dila \u0161kodo, kljub temu, da so pri Volkswagnu trdili, da so bili avtomobili uporabni za njihov namen, je utemeljilo sodi\u0161\u010de.<\/p>\n<p>A ker bo pri oceni vi\u0161ine \u0161kode treba upo\u0161tevati tudi amortizacijo glede na prevo\u017eene kilometre, bo to nekoliko zni\u017ealo stro\u0161ke podjetja in finan\u010dni udarec za koncern. V Volkswagnu so v prvem odzivu na sodbo vrhovnega sodi\u0161\u010da \u017ee napovedali, da bodo prizadetim kupcem ponudili primerne od\u0161kodnine. Zagotovili so, da si \u017eelijo zadevo \u010dim prej zaklju\u010diti v dogovoru s to\u017eniki, \u0161e poro\u010da dpa.<\/p>\n<p>Od\u0161kodnine nameravajo izpla\u010dati v enkratnih zneskih kot &#8220;pragmati\u010dno in enostavno re\u0161itev&#8221;. &#8220;Kako visoki bodo ti zneski, pa bo odvisno od posameznih primerov,&#8221; so pojasnili v koncernu.<\/p>\n<p>&#8220;Ta sodba pomeni pravno gotovost za milijone potro\u0161nikov in \u0161e enkrat ve\u010d dokazuje, da tudi velike korporacije niso nad zakonom,&#8221; pa je sodbo komentiral odvetnik Claus Goldenstein, ki je zastopal to\u017enika Gilberta.<\/p>\n<p>Gilbert je sicer Volkswagen to\u017eil, ker je \u017eelel dobiti povrnjeno polno ceno za sicer rabljenega dizelskega sharana, za katerega je od\u0161tel 31.500 evrov. Kot je zatrdil, se je za ta avtomobil odlo\u010dil prav zaradi okolju prijaznega motorja.<\/p>\n<p>Pri Volkswagnu so njegovo zahtevo zavra\u010dali. Poudarili so, da zaradi sporne programske opreme ni utrpel nobene finan\u010dne \u0161kode, vozilo pa da lahko \u0161e vedno vozi. Sporno programsko opremo so poleg tega tudi \u017ee odstranili, so utemeljevali.<\/p>\n<p>De\u017eelno sodi\u0161\u010de je v trem sporu pritrdilo to\u017eniku in mu prisodilo pravico do vra\u010dila kupnine, a zmanj\u0161ane za amortizacijo. Prisodilo mu je 25.600 evrov.<\/p>\n<p>Tako Gilbert kot Volkswagen sta se na to sodbo prito\u017eila na vrhovno sodi\u0161\u010de. Gilbert je hotel dose\u010di vra\u010dilo polne kupnine, Volkswagen pa je vztrajal pri svojem. Vrhovno sodi\u0161\u010de je zdaj potrdilo sodbo de\u017eelnega sodi\u0161\u010da in postavilo pomemben presedan tudi za ostale podobne primere.<\/p>\n<p>Volkswagen je sicer konec aprila dosegel poravnavo z zvezo nem\u0161kih potro\u0161ni\u0161kih organizacij VZBV. Okoli 260.000 kupcem njegovih dizelskih vozil bo pla\u010dal med 1350 in 6527 evrov, kar ga naj bi skupaj stalo okoli 830 milijonov evrov. Posameznikom sicer \u0161e vedno ostane mo\u017enost zasebne to\u017ebe.<\/p>\n","protected":false},"excerpt":{"rendered":"<p>\u010ce pa bodo kupci \u017eeleli vrnitev kupnine, bodo morali upo\u0161tevati tudi amortizacijo avtomobila glede na prevo\u017eene kilometre, je po poro\u010danju nem\u0161ke tiskovne agencije dpa odlo\u010dilo sodi\u0161\u010de s sede\u017eem v Karlsruheju.<\/p>\n","protected":false},"author":8,"featured_media":216408,"comment_status":"closed","ping_status":"closed","sticky":false,"template":"","format":"standard","meta":{"footnotes":""},"categories":[1179],"tags":[3628,1668],"source":[4511],"supertag":[6103],"acf":[],"yoast_head":"<!-- This site is optimized with the Yoast SEO plugin v21.3 - https:\/\/yoast.com\/wordpress\/plugins\/seo\/ -->\n<title>Nem\u0161ko vrhovno sodi\u0161\u010de: Volkswagen bo moral pla\u010dati od\u0161kodnino kupcem, ki so bili prizadeti v aferi dieselgate - Hudo Slovenija<\/title>\n<meta name=\"robots\" content=\"index, follow, max-snippet:-1, max-image-preview:large, max-video-preview:-1\" \/>\n<link rel=\"canonical\" href=\"https:\/\/hudo.com\/si\/aktualno\/nemsko-vrhovno-sodisce-volkswagen-bo-moral-placati-odskodnino-kupcem-ki-bili-prizadeti-v-aferi-dieselgate\/\" \/>\n<meta property=\"og:locale\" content=\"sl_SI\" \/>\n<meta property=\"og:type\" content=\"article\" \/>\n<meta property=\"og:title\" content=\"Nem\u0161ko vrhovno sodi\u0161\u010de: Volkswagen bo moral pla\u010dati od\u0161kodnino kupcem, ki so bili prizadeti v aferi dieselgate - Hudo Slovenija\" \/>\n<meta property=\"og:description\" content=\"\u010ce pa bodo kupci \u017eeleli vrnitev kupnine, bodo morali upo\u0161tevati tudi amortizacijo avtomobila glede na prevo\u017eene kilometre, je po poro\u010danju nem\u0161ke tiskovne agencije dpa odlo\u010dilo sodi\u0161\u010de s sede\u017eem v Karlsruheju.\" \/>\n<meta property=\"og:url\" content=\"https:\/\/hudo.com\/si\/aktualno\/nemsko-vrhovno-sodisce-volkswagen-bo-moral-placati-odskodnino-kupcem-ki-bili-prizadeti-v-aferi-dieselgate\/\" \/>\n<meta property=\"og:site_name\" content=\"Hudo Slovenija\" \/>\n<meta property=\"article:publisher\" content=\"https:\/\/www.facebook.com\/hudo.si\" \/>\n<meta property=\"article:published_time\" content=\"2020-05-25T11:09:29+00:00\" \/>\n<meta property=\"og:image\" content=\"https:\/\/hudo.com\/si\/wp-content\/uploads\/sites\/2\/2017\/02\/profimedia-0292685624.jpg\" \/>\n\t<meta property=\"og:image:width\" content=\"1250\" \/>\n\t<meta property=\"og:image:height\" content=\"1033\" \/>\n\t<meta property=\"og:image:type\" content=\"image\/jpeg\" \/>\n<meta name=\"author\" content=\"M. N., STA\" \/>\n<meta name=\"twitter:card\" content=\"summary_large_image\" \/>\n<meta name=\"twitter:creator\" content=\"@hudo_si\" \/>\n<meta name=\"twitter:site\" content=\"@hudo_si\" \/>\n<meta name=\"twitter:label1\" content=\"Written by\" \/>\n\t<meta name=\"twitter:data1\" content=\"M. N., STA\" \/>\n\t<meta name=\"twitter:label2\" content=\"Est. reading time\" \/>\n\t<meta name=\"twitter:data2\" content=\"3 minute\" \/>\n<script type=\"application\/ld+json\" class=\"yoast-schema-graph\">{\"@context\":\"https:\/\/schema.org\",\"@graph\":[{\"@type\":\"Article\",\"@id\":\"https:\/\/hudo.com\/si\/aktualno\/nemsko-vrhovno-sodisce-volkswagen-bo-moral-placati-odskodnino-kupcem-ki-bili-prizadeti-v-aferi-dieselgate\/#article\",\"isPartOf\":{\"@id\":\"https:\/\/hudo.com\/si\/aktualno\/nemsko-vrhovno-sodisce-volkswagen-bo-moral-placati-odskodnino-kupcem-ki-bili-prizadeti-v-aferi-dieselgate\/\"},\"author\":{\"name\":\"M. N., STA\",\"@id\":\"https:\/\/hudo.com\/si\/#\/schema\/person\/c2f10ce65d2e6ede2aeda5be2a0611fa\"},\"headline\":\"Nem\u0161ko vrhovno sodi\u0161\u010de: Volkswagen bo moral pla\u010dati od\u0161kodnino kupcem, ki so bili prizadeti v aferi dieselgate\",\"datePublished\":\"2020-05-25T11:09:29+00:00\",\"dateModified\":\"2020-05-25T11:09:29+00:00\",\"mainEntityOfPage\":{\"@id\":\"https:\/\/hudo.com\/si\/aktualno\/nemsko-vrhovno-sodisce-volkswagen-bo-moral-placati-odskodnino-kupcem-ki-bili-prizadeti-v-aferi-dieselgate\/\"},\"wordCount\":684,\"publisher\":{\"@id\":\"https:\/\/hudo.com\/si\/#organization\"},\"keywords\":[\"nem\u010dija\",\"Volkswagen\"],\"articleSection\":[\"Aktualno\"],\"inLanguage\":\"sl-SI\"},{\"@type\":\"WebPage\",\"@id\":\"https:\/\/hudo.com\/si\/aktualno\/nemsko-vrhovno-sodisce-volkswagen-bo-moral-placati-odskodnino-kupcem-ki-bili-prizadeti-v-aferi-dieselgate\/\",\"url\":\"https:\/\/hudo.com\/si\/aktualno\/nemsko-vrhovno-sodisce-volkswagen-bo-moral-placati-odskodnino-kupcem-ki-bili-prizadeti-v-aferi-dieselgate\/\",\"name\":\"Nem\u0161ko vrhovno sodi\u0161\u010de: Volkswagen bo moral pla\u010dati od\u0161kodnino kupcem, ki so bili prizadeti v aferi dieselgate - Hudo Slovenija\",\"isPartOf\":{\"@id\":\"https:\/\/hudo.com\/si\/#website\"},\"datePublished\":\"2020-05-25T11:09:29+00:00\",\"dateModified\":\"2020-05-25T11:09:29+00:00\",\"breadcrumb\":{\"@id\":\"https:\/\/hudo.com\/si\/aktualno\/nemsko-vrhovno-sodisce-volkswagen-bo-moral-placati-odskodnino-kupcem-ki-bili-prizadeti-v-aferi-dieselgate\/#breadcrumb\"},\"inLanguage\":\"sl-SI\",\"potentialAction\":[{\"@type\":\"ReadAction\",\"target\":[\"https:\/\/hudo.com\/si\/aktualno\/nemsko-vrhovno-sodisce-volkswagen-bo-moral-placati-odskodnino-kupcem-ki-bili-prizadeti-v-aferi-dieselgate\/\"]}]},{\"@type\":\"BreadcrumbList\",\"@id\":\"https:\/\/hudo.com\/si\/aktualno\/nemsko-vrhovno-sodisce-volkswagen-bo-moral-placati-odskodnino-kupcem-ki-bili-prizadeti-v-aferi-dieselgate\/#breadcrumb\",\"itemListElement\":[{\"@type\":\"ListItem\",\"position\":1,\"name\":\"Home\",\"item\":\"https:\/\/hudo.com\/si\/\"},{\"@type\":\"ListItem\",\"position\":2,\"name\":\"Nem\u0161ko vrhovno sodi\u0161\u010de: Volkswagen bo moral pla\u010dati od\u0161kodnino kupcem, ki so bili prizadeti v aferi dieselgate\"}]},{\"@type\":\"WebSite\",\"@id\":\"https:\/\/hudo.com\/si\/#website\",\"url\":\"https:\/\/hudo.com\/si\/\",\"name\":\"Hudo Slovenija\",\"description\":\"Vse novice iz Slovenije in sveta\",\"publisher\":{\"@id\":\"https:\/\/hudo.com\/si\/#organization\"},\"potentialAction\":[{\"@type\":\"SearchAction\",\"target\":{\"@type\":\"EntryPoint\",\"urlTemplate\":\"https:\/\/hudo.com\/si\/?s={search_term_string}\"},\"query-input\":\"required name=search_term_string\"}],\"inLanguage\":\"sl-SI\"},{\"@type\":\"Organization\",\"@id\":\"https:\/\/hudo.com\/si\/#organization\",\"name\":\"VSN Media\",\"url\":\"https:\/\/hudo.com\/si\/\",\"logo\":{\"@type\":\"ImageObject\",\"inLanguage\":\"sl-SI\",\"@id\":\"https:\/\/hudo.com\/si\/#\/schema\/logo\/image\/\",\"url\":\"https:\/\/hudo.com\/si\/wp-content\/uploads\/sites\/2\/2021\/03\/hudo-app-2.png\",\"contentUrl\":\"https:\/\/hudo.com\/si\/wp-content\/uploads\/sites\/2\/2021\/03\/hudo-app-2.png\",\"width\":2185,\"height\":2167,\"caption\":\"VSN Media\"},\"image\":{\"@id\":\"https:\/\/hudo.com\/si\/#\/schema\/logo\/image\/\"},\"sameAs\":[\"https:\/\/www.facebook.com\/hudo.si\",\"https:\/\/twitter.com\/hudo_si\"]},{\"@type\":\"Person\",\"@id\":\"https:\/\/hudo.com\/si\/#\/schema\/person\/c2f10ce65d2e6ede2aeda5be2a0611fa\",\"name\":\"M. N., STA\",\"image\":{\"@type\":\"ImageObject\",\"inLanguage\":\"sl-SI\",\"@id\":\"https:\/\/hudo.com\/si\/#\/schema\/person\/image\/\",\"url\":\"https:\/\/secure.gravatar.com\/avatar\/f370d38daa10467f755c5c766a4cac20?s=96&d=mm&r=g\",\"contentUrl\":\"https:\/\/secure.gravatar.com\/avatar\/f370d38daa10467f755c5c766a4cac20?s=96&d=mm&r=g\",\"caption\":\"M. N., STA\"},\"url\":\"https:\/\/hudo.com\/si\/author\/mana\/\"}]}<\/script>\n<!-- \/ Yoast SEO plugin. -->","yoast_head_json":{"title":"Nem\u0161ko vrhovno sodi\u0161\u010de: Volkswagen bo moral pla\u010dati od\u0161kodnino kupcem, ki so bili prizadeti v aferi dieselgate - Hudo Slovenija","robots":{"index":"index","follow":"follow","max-snippet":"max-snippet:-1","max-image-preview":"max-image-preview:large","max-video-preview":"max-video-preview:-1"},"canonical":"https:\/\/hudo.com\/si\/aktualno\/nemsko-vrhovno-sodisce-volkswagen-bo-moral-placati-odskodnino-kupcem-ki-bili-prizadeti-v-aferi-dieselgate\/","og_locale":"sl_SI","og_type":"article","og_title":"Nem\u0161ko vrhovno sodi\u0161\u010de: Volkswagen bo moral pla\u010dati od\u0161kodnino kupcem, ki so bili prizadeti v aferi dieselgate - Hudo Slovenija","og_description":"\u010ce pa bodo kupci \u017eeleli vrnitev kupnine, bodo morali upo\u0161tevati tudi amortizacijo avtomobila glede na prevo\u017eene kilometre, je po poro\u010danju nem\u0161ke tiskovne agencije dpa odlo\u010dilo sodi\u0161\u010de s sede\u017eem v Karlsruheju.","og_url":"https:\/\/hudo.com\/si\/aktualno\/nemsko-vrhovno-sodisce-volkswagen-bo-moral-placati-odskodnino-kupcem-ki-bili-prizadeti-v-aferi-dieselgate\/","og_site_name":"Hudo Slovenija","article_publisher":"https:\/\/www.facebook.com\/hudo.si","article_published_time":"2020-05-25T11:09:29+00:00","og_image":[{"width":1250,"height":1033,"url":"https:\/\/hudo.com\/si\/wp-content\/uploads\/sites\/2\/2017\/02\/profimedia-0292685624.jpg","type":"image\/jpeg"}],"author":"M. N., STA","twitter_card":"summary_large_image","twitter_creator":"@hudo_si","twitter_site":"@hudo_si","twitter_misc":{"Written by":"M. N., STA","Est. reading time":"3 minute"},"schema":{"@context":"https:\/\/schema.org","@graph":[{"@type":"Article","@id":"https:\/\/hudo.com\/si\/aktualno\/nemsko-vrhovno-sodisce-volkswagen-bo-moral-placati-odskodnino-kupcem-ki-bili-prizadeti-v-aferi-dieselgate\/#article","isPartOf":{"@id":"https:\/\/hudo.com\/si\/aktualno\/nemsko-vrhovno-sodisce-volkswagen-bo-moral-placati-odskodnino-kupcem-ki-bili-prizadeti-v-aferi-dieselgate\/"},"author":{"name":"M. N., STA","@id":"https:\/\/hudo.com\/si\/#\/schema\/person\/c2f10ce65d2e6ede2aeda5be2a0611fa"},"headline":"Nem\u0161ko vrhovno sodi\u0161\u010de: Volkswagen bo moral pla\u010dati od\u0161kodnino kupcem, ki so bili prizadeti v aferi dieselgate","datePublished":"2020-05-25T11:09:29+00:00","dateModified":"2020-05-25T11:09:29+00:00","mainEntityOfPage":{"@id":"https:\/\/hudo.com\/si\/aktualno\/nemsko-vrhovno-sodisce-volkswagen-bo-moral-placati-odskodnino-kupcem-ki-bili-prizadeti-v-aferi-dieselgate\/"},"wordCount":684,"publisher":{"@id":"https:\/\/hudo.com\/si\/#organization"},"keywords":["nem\u010dija","Volkswagen"],"articleSection":["Aktualno"],"inLanguage":"sl-SI"},{"@type":"WebPage","@id":"https:\/\/hudo.com\/si\/aktualno\/nemsko-vrhovno-sodisce-volkswagen-bo-moral-placati-odskodnino-kupcem-ki-bili-prizadeti-v-aferi-dieselgate\/","url":"https:\/\/hudo.com\/si\/aktualno\/nemsko-vrhovno-sodisce-volkswagen-bo-moral-placati-odskodnino-kupcem-ki-bili-prizadeti-v-aferi-dieselgate\/","name":"Nem\u0161ko vrhovno sodi\u0161\u010de: Volkswagen bo moral pla\u010dati od\u0161kodnino kupcem, ki so bili prizadeti v aferi dieselgate - Hudo Slovenija","isPartOf":{"@id":"https:\/\/hudo.com\/si\/#website"},"datePublished":"2020-05-25T11:09:29+00:00","dateModified":"2020-05-25T11:09:29+00:00","breadcrumb":{"@id":"https:\/\/hudo.com\/si\/aktualno\/nemsko-vrhovno-sodisce-volkswagen-bo-moral-placati-odskodnino-kupcem-ki-bili-prizadeti-v-aferi-dieselgate\/#breadcrumb"},"inLanguage":"sl-SI","potentialAction":[{"@type":"ReadAction","target":["https:\/\/hudo.com\/si\/aktualno\/nemsko-vrhovno-sodisce-volkswagen-bo-moral-placati-odskodnino-kupcem-ki-bili-prizadeti-v-aferi-dieselgate\/"]}]},{"@type":"BreadcrumbList","@id":"https:\/\/hudo.com\/si\/aktualno\/nemsko-vrhovno-sodisce-volkswagen-bo-moral-placati-odskodnino-kupcem-ki-bili-prizadeti-v-aferi-dieselgate\/#breadcrumb","itemListElement":[{"@type":"ListItem","position":1,"name":"Home","item":"https:\/\/hudo.com\/si\/"},{"@type":"ListItem","position":2,"name":"Nem\u0161ko vrhovno sodi\u0161\u010de: Volkswagen bo moral pla\u010dati od\u0161kodnino kupcem, ki so bili prizadeti v aferi dieselgate"}]},{"@type":"WebSite","@id":"https:\/\/hudo.com\/si\/#website","url":"https:\/\/hudo.com\/si\/","name":"Hudo Slovenija","description":"Vse novice iz Slovenije in sveta","publisher":{"@id":"https:\/\/hudo.com\/si\/#organization"},"potentialAction":[{"@type":"SearchAction","target":{"@type":"EntryPoint","urlTemplate":"https:\/\/hudo.com\/si\/?s={search_term_string}"},"query-input":"required name=search_term_string"}],"inLanguage":"sl-SI"},{"@type":"Organization","@id":"https:\/\/hudo.com\/si\/#organization","name":"VSN Media","url":"https:\/\/hudo.com\/si\/","logo":{"@type":"ImageObject","inLanguage":"sl-SI","@id":"https:\/\/hudo.com\/si\/#\/schema\/logo\/image\/","url":"https:\/\/hudo.com\/si\/wp-content\/uploads\/sites\/2\/2021\/03\/hudo-app-2.png","contentUrl":"https:\/\/hudo.com\/si\/wp-content\/uploads\/sites\/2\/2021\/03\/hudo-app-2.png","width":2185,"height":2167,"caption":"VSN Media"},"image":{"@id":"https:\/\/hudo.com\/si\/#\/schema\/logo\/image\/"},"sameAs":["https:\/\/www.facebook.com\/hudo.si","https:\/\/twitter.com\/hudo_si"]},{"@type":"Person","@id":"https:\/\/hudo.com\/si\/#\/schema\/person\/c2f10ce65d2e6ede2aeda5be2a0611fa","name":"M. N., STA","image":{"@type":"ImageObject","inLanguage":"sl-SI","@id":"https:\/\/hudo.com\/si\/#\/schema\/person\/image\/","url":"https:\/\/secure.gravatar.com\/avatar\/f370d38daa10467f755c5c766a4cac20?s=96&d=mm&r=g","contentUrl":"https:\/\/secure.gravatar.com\/avatar\/f370d38daa10467f755c5c766a4cac20?s=96&d=mm&r=g","caption":"M. N., STA"},"url":"https:\/\/hudo.com\/si\/author\/mana\/"}]}},"amp_enabled":true,"_links":{"self":[{"href":"https:\/\/hudo.com\/si\/wp-json\/wp\/v2\/posts\/423881"}],"collection":[{"href":"https:\/\/hudo.com\/si\/wp-json\/wp\/v2\/posts"}],"about":[{"href":"https:\/\/hudo.com\/si\/wp-json\/wp\/v2\/types\/post"}],"author":[{"embeddable":true,"href":"https:\/\/hudo.com\/si\/wp-json\/wp\/v2\/users\/8"}],"replies":[{"embeddable":true,"href":"https:\/\/hudo.com\/si\/wp-json\/wp\/v2\/comments?post=423881"}],"version-history":[{"count":1,"href":"https:\/\/hudo.com\/si\/wp-json\/wp\/v2\/posts\/423881\/revisions"}],"predecessor-version":[{"id":423882,"href":"https:\/\/hudo.com\/si\/wp-json\/wp\/v2\/posts\/423881\/revisions\/423882"}],"wp:featuredmedia":[{"embeddable":true,"href":"https:\/\/hudo.com\/si\/wp-json\/wp\/v2\/media\/216408"}],"wp:attachment":[{"href":"https:\/\/hudo.com\/si\/wp-json\/wp\/v2\/media?parent=423881"}],"wp:term":[{"taxonomy":"category","embeddable":true,"href":"https:\/\/hudo.com\/si\/wp-json\/wp\/v2\/categories?post=423881"},{"taxonomy":"post_tag","embeddable":true,"href":"https:\/\/hudo.com\/si\/wp-json\/wp\/v2\/tags?post=423881"},{"taxonomy":"source","embeddable":true,"href":"https:\/\/hudo.com\/si\/wp-json\/wp\/v2\/source?post=423881"},{"taxonomy":"supertag","embeddable":true,"href":"https:\/\/hudo.com\/si\/wp-json\/wp\/v2\/supertag?post=423881"}],"curies":[{"name":"wp","href":"https:\/\/api.w.org\/{rel}","templated":true}]}}